
{"id":15927,"date":"2011-09-24T00:35:03","date_gmt":"2011-09-24T03:35:03","guid":{"rendered":"http:\/\/www.oarcanjo.net\/site\/?p=15927"},"modified":"2011-09-23T00:37:24","modified_gmt":"2011-09-23T03:37:24","slug":"dois-fortes-aliados","status":"publish","type":"post","link":"https:\/\/www.oarcanjo.net\/site\/dois-fortes-aliados\/","title":{"rendered":"Dois fortes aliados"},"content":{"rendered":"<p>Pe. Geovane Saraiva<\/p>\n<p>Neste artigo falamos de dois pastores que edificaram casa de Deus, isto \u00e9, a Igreja, tendo como alicerce s\u00f3lido o bem e a justi\u00e7a, n\u00e3o cedendo \u00e0s ciladas dos injustos e poderosos. Neles a profecia de Jeremias se realiza: \u201cEu vos darei pastores segundo o meu cora\u00e7\u00e3o, que vos conduzam com sabedoria e intelig\u00eancia\u201d (Jr 3, 15).<\/p>\n<p>Trata-se de Dom Helder Pessoa C\u00e2mara e Dom Alo\u00edsio Cardeal Lorscheider, que anunciaram a boa nova da Salva\u00e7\u00e3o em toda sua plenitude, a partir da dor e do sofrimento de uma multid\u00e3o de irm\u00e3os e irm\u00e3s. O entusiasmo e a m\u00edstica desses grandes sacerdotes causaram e continuam a causar profundas marcas de generosidade, sempre crescente, nas pessoas que exerceram e exercem suas fun\u00e7\u00f5es nos mais diversificados setores de nossa sociedade.<\/p>\n<p>Guardemos no \u00edntimo do cora\u00e7\u00e3o a mensagem de otimismo e esperan\u00e7a, deixada por Dom Helder C\u00e2mara, o artes\u00e3o da paz e cidad\u00e3o do mundo, o bispo brasileiro mais influente no Conc\u00edlio Vaticano II, ao abrir o caminho para a renova\u00e7\u00e3o, na sua mais profunda e aut\u00eantica coer\u00eancia em favor dos pobres: \u201cSe n\u00e3o engano, n\u00f3s, os homens da Igreja, dever\u00edamos realizar dentro da Igreja as mudan\u00e7as que exigimos da sociedade\u201d.<\/p>\n<p>Falou tamb\u00e9m com extraordin\u00e1ria paix\u00e3o que Deus \u00e9 amor, em tom de poesia: \u201cFomos n\u00f3s, as tuas criaturas que inventamos teu nome!? O nome n\u00e3o \u00e9, n\u00e3o deve ser um r\u00f3tulo colado sobre as pessoas e sobre as coisas&#8230; O nome vem de dentro das coisas e pessoas, e n\u00e3o deve ser falso&#8230; Tem que exprimir o mais \u00edntimo do \u00edntimo, a pr\u00f3pria raz\u00e3o de ser e existir da coisa ou da pessoa nomeada&#8230; Teu nome \u00e9 e s\u00f3 podia ser amor\u201d<\/p>\n<p>Ao assumir a Arquidiocese de Olinda e Recife, em abril de 1964, afirmou: \u201cNingu\u00e9m se escandalize quando me vir ao lado de criaturas humanas tidas como indignas e pecadoras (&#8230;). \u201cQuem estiver sofrendo, no corpo ou na alma; quem, pobre ou rico, estiver desesperado, ter\u00e1 lugar especial no cora\u00e7\u00e3o do bispo\u201d.<\/p>\n<p>Dom Helder deixou uma gigantesca obra escrita, soube aliar, numa \u201cs\u00edntese rar\u00edssima e feliz o m\u00edstico e o homem da a\u00e7\u00e3o, que contemplava e escrevia durante as madrugadas e agia pela manh\u00e3, tarde e noite\u201d. \u201cFoi um articulador da melhor qualidade\u201d; dotado de uma f\u00e9 clamorosa, de uma enorme capacidade de comunica\u00e7\u00e3o, for\u00e7a e convic\u00e7\u00e3o inabal\u00e1veis, que saia de dentro peito magro, daquele homem baixo e franzino na estatura, que parecia o retirante de Portinari.<\/p>\n<p>Profeta dos pobres, artes\u00e3o da paz, cidad\u00e3o do mundo, o homem dos grandes sonhos e das grandes utopias ele o foi, a sinalizar uma verdadeira convers\u00e3o, nas mudan\u00e7as dos costumes, no sentido de uma melhor compreens\u00e3o da Igreja, na busca de sua renova\u00e7\u00e3o, do seu rejuvenescimento \u2013 ao verdadeiro \u201caggiornamento\u201d, ao mesmo tempo, em que devia anunciar a pessoa de Jesus Cristo, diante do clamor dos empobrecidos, dos \u201csem voz e sem vez\u201d.<\/p>\n<p>O grande ardor e entusiasmo desse homem, em todo seu trabalho articulado, no amor pela Igreja pobre e servidora, nunca podemos negar e esquecer. \u201cSou daqueles que tem a convic\u00e7\u00e3o de que os escritos de Dom Helder ainda ser\u00e3o fonte de inspira\u00e7\u00e3o na Am\u00e9rica Latina, daqui a mil anos\u201d (Jos\u00e9 Comblin).<\/p>\n<p>J\u00e1 Dom Alo\u00edsio Lorscheider, que no seu amor \u00e0 verdade e no apego ao Evangelho, como crit\u00e9rio de vida e de pastoreio, tamb\u00e9m na sua capacidade de dialogar com as classes sociais e no seu amor para com os empobrecidos, permaneceu humilde, servi\u00e7al, sendo um irm\u00e3o entre irm\u00e3os.<\/p>\n<p>Do\u00e7ura e ternura em pessoa, alegria constante, posi\u00e7\u00f5es corajosas e determinadas, ao mesmo tempo, pregava e anunciava o Evangelho com coragem prof\u00e9tica e grande sabedoria.  Ele carregou sempre no seu grande cora\u00e7\u00e3o, as alegrias, as esperan\u00e7as, as tristezas, as ang\u00fastias e os sofrimentos de sua querida gente (cf. GS 200). Al\u00e9m de travar, sem jamais se cansar, uma luta pela redemocratiza\u00e7\u00e3o, pela liberdade de express\u00e3o, pela dignidade da pessoa humana e pelo fim da tortura em nosso querido Brasil.<\/p>\n<p>Dom Alo\u00edsio, ao se tornar Arcebispo de Fortaleza (1973-1995), logo de in\u00edcio afirmou: \u201cA comunidade eclesial n\u00e3o \u00e9 feudo do bispo, mas ele \u00e9 o servidor de uma Igreja que se entende a si mesma como sacramento do Reino, isto \u00e9,  da presen\u00e7a da verdade e do amor infinito de Deus para com cada criatura humana\u201d.<\/p>\n<p>Da\u00ed ele n\u00e3o compreender como algo natural e normal se conviver com a mis\u00e9ria e o acentuado empobrecimento do povo, que tinha como conseq\u00fc\u00eancia o \u00eaxodo, o flagelo e a morte de muitos irm\u00e3os, levantando sua voz de profeta para dizer que n\u00e3o era vontade de Deus a realidade aqui encontrada e, ao mesmo tempo, usou de todos os meios, com uma enorme vontade de transformar essa mesma realidade, marcando profundamente a hist\u00f3ria do nosso Cear\u00e1.<\/p>\n<p>Dom Alo\u00edsio foi o grande te\u00f3logo que sabia compreender a realidade na sua conjuntura e, com suas posi\u00e7\u00f5es bem claras e definidas, nas an\u00e1lises e nas conclus\u00f5es teol\u00f3gicas pastorais, passando para o povo um clima que favorecia e gerava uma confian\u00e7a generalizada. Da\u00ed ser o Cardeal que mais se destacou em todos os Conclaves e S\u00ednodos de que participou, gerando para o mundo inteiro e, especialmente, para a imprensa uma grande expectativa. Sua palavra corajosa e prof\u00e9tica era acolhida por todos como uma boa not\u00edcia.<\/p>\n<p>\u201cEm pleno regime de exce\u00e7\u00e3o, a sociedade cearense logo sentiu os efeitos dessa guinada. As camadas desfavorecidas ou marginalizadas, os sem-terra, os sem-teto, os presos pol\u00edticos, os presidi\u00e1rios comuns, os trabalhadores em greve \u2013 ganharam aliado de peso\u201d (Desembargador Fernando Ximenes).<\/p>\n<p>\u201c[&#8230;] sua voz, naturalmente doce, alternava-se quando era preciso confrontar os vendilh\u00f5es da justi\u00e7a, quando todos os jardins da democracia corriam o risco de ser alvo de bombas atiradas pelos olhares fixos da repress\u00e3o. Sua voz ecoou pelos corredores das pris\u00f5es [&#8230;]\u201d (Senador Pedro Simon).<\/p>\n<p>Quando ele se tornou bispo em\u00e9rito de Aparecida, veio a pergunta: O que o senhor vai fazer? Respondeu: \u201cSou um simples frade menor e vou fazer o que o meu provincial mandar, porque a obedi\u00eancia me torna livre\u201d.<\/p>\n<p>Tamb\u00e9m nunca esquecemos sua palavra l\u00facida e segura, advertindo \u201coportuna e inoportunamente\u201d (2Tm 4, 2), bem como sua voz mansa e corajosa em denunciar as injusti\u00e7as e, sobretudo, sua ternura franciscana, nos leva a afirmar que Dom Alo\u00edsio, verdadeiramente, mora em nossos cora\u00e7\u00f5es.<\/p>\n<p>Por isso mesmo pe\u00e7amos a Deus, que na sua infinita e inesgot\u00e1vel bondade, chamou Dom Helder e Dom Alo\u00edsio \u00e0 miss\u00e3o de profetizar, que sempre os tenhamos como refer\u00eancia, nos iluminando e fazendo sempre mais compreender a indispens\u00e1vel for\u00e7a de sua gra\u00e7a, que quer nos tornar capacitados a fermentar este mundo em que vivemos, na sua realidade cultural e social, que tanto desafia a humanidade.<\/p>\n<div id=\"themify_builder_content-15927\" data-postid=\"15927\" class=\"themify_builder_content themify_builder_content-15927 themify_builder themify_builder_front\">\n\t<\/div>\n<!-- \/themify_builder_content -->","protected":false},"excerpt":{"rendered":"<p>Pe. Geovane Saraiva Neste artigo falamos de dois pastores que edificaram casa de Deus, isto \u00e9, a Igreja, tendo como alicerce s\u00f3lido o bem e a justi\u00e7a, n\u00e3o cedendo \u00e0s ciladas dos injustos e poderosos. Neles a profecia de Jeremias se realiza: \u201cEu vos darei pastores segundo o meu cora\u00e7\u00e3o, que vos conduzam com sabedoria [&hellip;]<\/p>\n","protected":false},"author":5,"featured_media":0,"comment_status":"open","ping_status":"open","sticky":false,"template":"","format":"standard","meta":{"ngg_post_thumbnail":0,"footnotes":""},"categories":[474,192,186],"tags":[],"yoast_head":"<!-- This site is optimized with the Yoast SEO plugin v23.5 - https:\/\/yoast.com\/wordpress\/plugins\/seo\/ -->\n<title>Dois fortes aliados - O Arcanjo no ar<\/title>\n<meta name=\"robots\" content=\"index, follow, max-snippet:-1, max-image-preview:large, max-video-preview:-1\" \/>\n<link rel=\"canonical\" href=\"https:\/\/www.oarcanjo.net\/site\/dois-fortes-aliados\/\" \/>\n<meta property=\"og:locale\" content=\"pt_BR\" \/>\n<meta property=\"og:type\" content=\"article\" \/>\n<meta property=\"og:title\" content=\"Dois fortes aliados - O Arcanjo no ar\" \/>\n<meta property=\"og:description\" content=\"Pe. Geovane Saraiva Neste artigo falamos de dois pastores que edificaram casa de Deus, isto \u00e9, a Igreja, tendo como alicerce s\u00f3lido o bem e a justi\u00e7a, n\u00e3o cedendo \u00e0s ciladas dos injustos e poderosos. Neles a profecia de Jeremias se realiza: \u201cEu vos darei pastores segundo o meu cora\u00e7\u00e3o, que vos conduzam com sabedoria [&hellip;]\" \/>\n<meta property=\"og:url\" content=\"https:\/\/www.oarcanjo.net\/site\/dois-fortes-aliados\/\" \/>\n<meta property=\"og:site_name\" content=\"O Arcanjo no ar\" \/>\n<meta property=\"article:publisher\" content=\"https:\/\/www.facebook.com\/OArcanjoNoAr\/\" \/>\n<meta property=\"article:published_time\" content=\"2011-09-24T03:35:03+00:00\" \/>\n<meta property=\"article:modified_time\" content=\"2011-09-23T03:37:24+00:00\" \/>\n<meta property=\"og:image\" content=\"https:\/\/www.oarcanjo.net\/site\/wp-content\/uploads\/logo-o-arcanjo-no-ar-facebook.png\" \/>\n\t<meta property=\"og:image:width\" content=\"300\" \/>\n\t<meta property=\"og:image:height\" content=\"300\" \/>\n\t<meta property=\"og:image:type\" content=\"image\/png\" \/>\n<meta name=\"author\" content=\"editor\" \/>\n<meta name=\"twitter:card\" content=\"summary_large_image\" \/>\n<meta name=\"twitter:label1\" content=\"Escrito por\" \/>\n\t<meta name=\"twitter:data1\" content=\"editor\" \/>\n\t<meta name=\"twitter:label2\" content=\"Est. tempo de leitura\" \/>\n\t<meta name=\"twitter:data2\" content=\"6 minutos\" \/>\n<script type=\"application\/ld+json\" class=\"yoast-schema-graph\">{\"@context\":\"https:\/\/schema.org\",\"@graph\":[{\"@type\":\"Article\",\"@id\":\"https:\/\/www.oarcanjo.net\/site\/dois-fortes-aliados\/#article\",\"isPartOf\":{\"@id\":\"https:\/\/www.oarcanjo.net\/site\/dois-fortes-aliados\/\"},\"author\":{\"name\":\"editor\",\"@id\":\"https:\/\/www.oarcanjo.net\/site\/#\/schema\/person\/f7024d007863202483a31326673a0838\"},\"headline\":\"Dois fortes aliados\",\"datePublished\":\"2011-09-24T03:35:03+00:00\",\"dateModified\":\"2011-09-23T03:37:24+00:00\",\"mainEntityOfPage\":{\"@id\":\"https:\/\/www.oarcanjo.net\/site\/dois-fortes-aliados\/\"},\"wordCount\":1204,\"commentCount\":0,\"publisher\":{\"@id\":\"https:\/\/www.oarcanjo.net\/site\/#organization\"},\"articleSection\":[\"D. Aloisio Lorscheider\",\"D. Helder C\u00e2mara\",\"Testemunhos\"],\"inLanguage\":\"pt-BR\",\"potentialAction\":[{\"@type\":\"CommentAction\",\"name\":\"Comment\",\"target\":[\"https:\/\/www.oarcanjo.net\/site\/dois-fortes-aliados\/#respond\"]}]},{\"@type\":\"WebPage\",\"@id\":\"https:\/\/www.oarcanjo.net\/site\/dois-fortes-aliados\/\",\"url\":\"https:\/\/www.oarcanjo.net\/site\/dois-fortes-aliados\/\",\"name\":\"Dois fortes aliados - O Arcanjo no ar\",\"isPartOf\":{\"@id\":\"https:\/\/www.oarcanjo.net\/site\/#website\"},\"datePublished\":\"2011-09-24T03:35:03+00:00\",\"dateModified\":\"2011-09-23T03:37:24+00:00\",\"breadcrumb\":{\"@id\":\"https:\/\/www.oarcanjo.net\/site\/dois-fortes-aliados\/#breadcrumb\"},\"inLanguage\":\"pt-BR\",\"potentialAction\":[{\"@type\":\"ReadAction\",\"target\":[\"https:\/\/www.oarcanjo.net\/site\/dois-fortes-aliados\/\"]}]},{\"@type\":\"BreadcrumbList\",\"@id\":\"https:\/\/www.oarcanjo.net\/site\/dois-fortes-aliados\/#breadcrumb\",\"itemListElement\":[{\"@type\":\"ListItem\",\"position\":1,\"name\":\"In\u00edcio\",\"item\":\"https:\/\/www.oarcanjo.net\/site\/\"},{\"@type\":\"ListItem\",\"position\":2,\"name\":\"Dois fortes aliados\"}]},{\"@type\":\"WebSite\",\"@id\":\"https:\/\/www.oarcanjo.net\/site\/#website\",\"url\":\"https:\/\/www.oarcanjo.net\/site\/\",\"name\":\"O Arcanjo no ar\",\"description\":\"Site da Par\u00f3quia S\u00e3o Miguel Arcanjo (Arquidiocese de SP)\",\"publisher\":{\"@id\":\"https:\/\/www.oarcanjo.net\/site\/#organization\"},\"potentialAction\":[{\"@type\":\"SearchAction\",\"target\":{\"@type\":\"EntryPoint\",\"urlTemplate\":\"https:\/\/www.oarcanjo.net\/site\/?s={search_term_string}\"},\"query-input\":{\"@type\":\"PropertyValueSpecification\",\"valueRequired\":true,\"valueName\":\"search_term_string\"}}],\"inLanguage\":\"pt-BR\"},{\"@type\":\"Organization\",\"@id\":\"https:\/\/www.oarcanjo.net\/site\/#organization\",\"name\":\"Par\u00f3quia S\u00e3o Miguel Arcanjo\",\"url\":\"https:\/\/www.oarcanjo.net\/site\/\",\"logo\":{\"@type\":\"ImageObject\",\"inLanguage\":\"pt-BR\",\"@id\":\"https:\/\/www.oarcanjo.net\/site\/#\/schema\/logo\/image\/\",\"url\":\"https:\/\/www.oarcanjo.net\/site\/wp-content\/uploads\/LogoOArcanjo.png\",\"contentUrl\":\"https:\/\/www.oarcanjo.net\/site\/wp-content\/uploads\/LogoOArcanjo.png\",\"width\":319,\"height\":99,\"caption\":\"Par\u00f3quia S\u00e3o Miguel Arcanjo\"},\"image\":{\"@id\":\"https:\/\/www.oarcanjo.net\/site\/#\/schema\/logo\/image\/\"},\"sameAs\":[\"https:\/\/www.facebook.com\/OArcanjoNoAr\/\"]},{\"@type\":\"Person\",\"@id\":\"https:\/\/www.oarcanjo.net\/site\/#\/schema\/person\/f7024d007863202483a31326673a0838\",\"name\":\"editor\",\"sameAs\":[\"http:\/\/www.oarcanjo.net\"]}]}<\/script>\n<!-- \/ Yoast SEO plugin. -->","yoast_head_json":{"title":"Dois fortes aliados - O Arcanjo no ar","robots":{"index":"index","follow":"follow","max-snippet":"max-snippet:-1","max-image-preview":"max-image-preview:large","max-video-preview":"max-video-preview:-1"},"canonical":"https:\/\/www.oarcanjo.net\/site\/dois-fortes-aliados\/","og_locale":"pt_BR","og_type":"article","og_title":"Dois fortes aliados - O Arcanjo no ar","og_description":"Pe. Geovane Saraiva Neste artigo falamos de dois pastores que edificaram casa de Deus, isto \u00e9, a Igreja, tendo como alicerce s\u00f3lido o bem e a justi\u00e7a, n\u00e3o cedendo \u00e0s ciladas dos injustos e poderosos. Neles a profecia de Jeremias se realiza: \u201cEu vos darei pastores segundo o meu cora\u00e7\u00e3o, que vos conduzam com sabedoria [&hellip;]","og_url":"https:\/\/www.oarcanjo.net\/site\/dois-fortes-aliados\/","og_site_name":"O Arcanjo no ar","article_publisher":"https:\/\/www.facebook.com\/OArcanjoNoAr\/","article_published_time":"2011-09-24T03:35:03+00:00","article_modified_time":"2011-09-23T03:37:24+00:00","og_image":[{"width":300,"height":300,"url":"https:\/\/www.oarcanjo.net\/site\/wp-content\/uploads\/logo-o-arcanjo-no-ar-facebook.png","type":"image\/png"}],"author":"editor","twitter_card":"summary_large_image","twitter_misc":{"Escrito por":"editor","Est. tempo de leitura":"6 minutos"},"schema":{"@context":"https:\/\/schema.org","@graph":[{"@type":"Article","@id":"https:\/\/www.oarcanjo.net\/site\/dois-fortes-aliados\/#article","isPartOf":{"@id":"https:\/\/www.oarcanjo.net\/site\/dois-fortes-aliados\/"},"author":{"name":"editor","@id":"https:\/\/www.oarcanjo.net\/site\/#\/schema\/person\/f7024d007863202483a31326673a0838"},"headline":"Dois fortes aliados","datePublished":"2011-09-24T03:35:03+00:00","dateModified":"2011-09-23T03:37:24+00:00","mainEntityOfPage":{"@id":"https:\/\/www.oarcanjo.net\/site\/dois-fortes-aliados\/"},"wordCount":1204,"commentCount":0,"publisher":{"@id":"https:\/\/www.oarcanjo.net\/site\/#organization"},"articleSection":["D. Aloisio Lorscheider","D. Helder C\u00e2mara","Testemunhos"],"inLanguage":"pt-BR","potentialAction":[{"@type":"CommentAction","name":"Comment","target":["https:\/\/www.oarcanjo.net\/site\/dois-fortes-aliados\/#respond"]}]},{"@type":"WebPage","@id":"https:\/\/www.oarcanjo.net\/site\/dois-fortes-aliados\/","url":"https:\/\/www.oarcanjo.net\/site\/dois-fortes-aliados\/","name":"Dois fortes aliados - O Arcanjo no ar","isPartOf":{"@id":"https:\/\/www.oarcanjo.net\/site\/#website"},"datePublished":"2011-09-24T03:35:03+00:00","dateModified":"2011-09-23T03:37:24+00:00","breadcrumb":{"@id":"https:\/\/www.oarcanjo.net\/site\/dois-fortes-aliados\/#breadcrumb"},"inLanguage":"pt-BR","potentialAction":[{"@type":"ReadAction","target":["https:\/\/www.oarcanjo.net\/site\/dois-fortes-aliados\/"]}]},{"@type":"BreadcrumbList","@id":"https:\/\/www.oarcanjo.net\/site\/dois-fortes-aliados\/#breadcrumb","itemListElement":[{"@type":"ListItem","position":1,"name":"In\u00edcio","item":"https:\/\/www.oarcanjo.net\/site\/"},{"@type":"ListItem","position":2,"name":"Dois fortes aliados"}]},{"@type":"WebSite","@id":"https:\/\/www.oarcanjo.net\/site\/#website","url":"https:\/\/www.oarcanjo.net\/site\/","name":"O Arcanjo no ar","description":"Site da Par\u00f3quia S\u00e3o Miguel Arcanjo (Arquidiocese de SP)","publisher":{"@id":"https:\/\/www.oarcanjo.net\/site\/#organization"},"potentialAction":[{"@type":"SearchAction","target":{"@type":"EntryPoint","urlTemplate":"https:\/\/www.oarcanjo.net\/site\/?s={search_term_string}"},"query-input":{"@type":"PropertyValueSpecification","valueRequired":true,"valueName":"search_term_string"}}],"inLanguage":"pt-BR"},{"@type":"Organization","@id":"https:\/\/www.oarcanjo.net\/site\/#organization","name":"Par\u00f3quia S\u00e3o Miguel Arcanjo","url":"https:\/\/www.oarcanjo.net\/site\/","logo":{"@type":"ImageObject","inLanguage":"pt-BR","@id":"https:\/\/www.oarcanjo.net\/site\/#\/schema\/logo\/image\/","url":"https:\/\/www.oarcanjo.net\/site\/wp-content\/uploads\/LogoOArcanjo.png","contentUrl":"https:\/\/www.oarcanjo.net\/site\/wp-content\/uploads\/LogoOArcanjo.png","width":319,"height":99,"caption":"Par\u00f3quia S\u00e3o Miguel Arcanjo"},"image":{"@id":"https:\/\/www.oarcanjo.net\/site\/#\/schema\/logo\/image\/"},"sameAs":["https:\/\/www.facebook.com\/OArcanjoNoAr\/"]},{"@type":"Person","@id":"https:\/\/www.oarcanjo.net\/site\/#\/schema\/person\/f7024d007863202483a31326673a0838","name":"editor","sameAs":["http:\/\/www.oarcanjo.net"]}]}},"publishpress_future_action":{"enabled":false,"date":"2026-05-06 18:07:47","action":"category","newStatus":"draft","terms":[],"taxonomy":"category"},"publishpress_future_workflow_manual_trigger":{"enabledWorkflows":[]},"_links":{"self":[{"href":"https:\/\/www.oarcanjo.net\/site\/wp-json\/wp\/v2\/posts\/15927"}],"collection":[{"href":"https:\/\/www.oarcanjo.net\/site\/wp-json\/wp\/v2\/posts"}],"about":[{"href":"https:\/\/www.oarcanjo.net\/site\/wp-json\/wp\/v2\/types\/post"}],"author":[{"embeddable":true,"href":"https:\/\/www.oarcanjo.net\/site\/wp-json\/wp\/v2\/users\/5"}],"replies":[{"embeddable":true,"href":"https:\/\/www.oarcanjo.net\/site\/wp-json\/wp\/v2\/comments?post=15927"}],"version-history":[{"count":0,"href":"https:\/\/www.oarcanjo.net\/site\/wp-json\/wp\/v2\/posts\/15927\/revisions"}],"wp:attachment":[{"href":"https:\/\/www.oarcanjo.net\/site\/wp-json\/wp\/v2\/media?parent=15927"}],"wp:term":[{"taxonomy":"category","embeddable":true,"href":"https:\/\/www.oarcanjo.net\/site\/wp-json\/wp\/v2\/categories?post=15927"},{"taxonomy":"post_tag","embeddable":true,"href":"https:\/\/www.oarcanjo.net\/site\/wp-json\/wp\/v2\/tags?post=15927"}],"curies":[{"name":"wp","href":"https:\/\/api.w.org\/{rel}","templated":true}]}}