
{"id":15971,"date":"2011-10-02T02:39:57","date_gmt":"2011-10-02T05:39:57","guid":{"rendered":"http:\/\/www.oarcanjo.net\/site\/?p=15971"},"modified":"2011-10-03T07:40:19","modified_gmt":"2011-10-03T10:40:19","slug":"dia-da-secretaria-nosso-carinho-a-tereza","status":"publish","type":"post","link":"https:\/\/www.oarcanjo.net\/site\/dia-da-secretaria-nosso-carinho-a-tereza\/","title":{"rendered":"Dia da Secret\u00e1ria, nosso carinho \u00e0 Tereza"},"content":{"rendered":"<p><a href=\"http:\/\/www.oarcanjo.net\/site\/wp-content\/uploads\/Tereza.jpg\"><img loading=\"lazy\" decoding=\"async\" class=\"alignright size-medium wp-image-15972\" title=\"Tereza\" src=\"http:\/\/www.oarcanjo.net\/site\/wp-content\/uploads\/Tereza-300x224.jpg\" alt=\"\" width=\"300\" height=\"224\" srcset=\"https:\/\/www.oarcanjo.net\/site\/wp-content\/uploads\/Tereza-300x224.jpg 300w, https:\/\/www.oarcanjo.net\/site\/wp-content\/uploads\/Tereza.jpg 575w\" sizes=\"(max-width: 300px) 100vw, 300px\" \/><\/a>No dia 30\/09 comemora-se o dia da Secret\u00e1ria. Na nossa Comunidade S\u00e3o Miguel Arcanjo esse servi\u00e7o \u00e9 realizado pela nossa amiga Tereza. Telefonemas, agendamentos, informa\u00e7\u00f5es, registros, fax, c\u00f3pias, pagar as contas, passar as batinas, cuidar dos objetos lit\u00fargicos. Atender \u00e0s pessoas para os batizados, casamentos, missas, e muit\u00edssimo mais.<\/p>\n<p>Tereza, nosso carinho e gratid\u00e3o pela sua disponibilidade.<\/p>\n<div id=\"themify_builder_content-15971\" data-postid=\"15971\" class=\"themify_builder_content themify_builder_content-15971 themify_builder themify_builder_front\">\n\t<\/div>\n<!-- \/themify_builder_content -->","protected":false},"excerpt":{"rendered":"<p>No dia 30\/09 comemora-se o dia da Secret\u00e1ria. Na nossa Comunidade S\u00e3o Miguel Arcanjo esse servi\u00e7o \u00e9 realizado pela nossa amiga Tereza. Telefonemas, agendamentos, informa\u00e7\u00f5es, registros, fax, c\u00f3pias, pagar as contas, passar as batinas, cuidar dos objetos lit\u00fargicos. Atender \u00e0s pessoas para os batizados, casamentos, missas, e muit\u00edssimo mais. Tereza, nosso carinho e gratid\u00e3o pela [&hellip;]<\/p>\n","protected":false},"author":10,"featured_media":0,"comment_status":"open","ping_status":"open","sticky":false,"template":"","format":"standard","meta":{"ngg_post_thumbnail":0,"footnotes":""},"categories":[7],"tags":[],"yoast_head":"<!-- This site is optimized with the Yoast SEO plugin v23.5 - https:\/\/yoast.com\/wordpress\/plugins\/seo\/ -->\n<title>Dia da Secret\u00e1ria, nosso carinho \u00e0 Tereza - O Arcanjo no ar<\/title>\n<meta name=\"robots\" content=\"index, follow, max-snippet:-1, max-image-preview:large, max-video-preview:-1\" \/>\n<link rel=\"canonical\" href=\"https:\/\/www.oarcanjo.net\/site\/dia-da-secretaria-nosso-carinho-a-tereza\/\" \/>\n<meta property=\"og:locale\" content=\"pt_BR\" \/>\n<meta property=\"og:type\" content=\"article\" \/>\n<meta property=\"og:title\" content=\"Dia da Secret\u00e1ria, nosso carinho \u00e0 Tereza - O Arcanjo no ar\" \/>\n<meta property=\"og:description\" content=\"No dia 30\/09 comemora-se o dia da Secret\u00e1ria. Na nossa Comunidade S\u00e3o Miguel Arcanjo esse servi\u00e7o \u00e9 realizado pela nossa amiga Tereza. Telefonemas, agendamentos, informa\u00e7\u00f5es, registros, fax, c\u00f3pias, pagar as contas, passar as batinas, cuidar dos objetos lit\u00fargicos. Atender \u00e0s pessoas para os batizados, casamentos, missas, e muit\u00edssimo mais. Tereza, nosso carinho e gratid\u00e3o pela [&hellip;]\" \/>\n<meta property=\"og:url\" content=\"https:\/\/www.oarcanjo.net\/site\/dia-da-secretaria-nosso-carinho-a-tereza\/\" \/>\n<meta property=\"og:site_name\" content=\"O Arcanjo no ar\" \/>\n<meta property=\"article:publisher\" content=\"https:\/\/www.facebook.com\/OArcanjoNoAr\/\" \/>\n<meta property=\"article:published_time\" content=\"2011-10-02T05:39:57+00:00\" \/>\n<meta property=\"article:modified_time\" content=\"2011-10-03T10:40:19+00:00\" \/>\n<meta property=\"og:image\" content=\"http:\/\/www.oarcanjo.net\/site\/wp-content\/uploads\/Tereza-300x224.jpg\" \/>\n<meta name=\"author\" content=\"carlos\" \/>\n<meta name=\"twitter:card\" content=\"summary_large_image\" \/>\n<meta name=\"twitter:label1\" content=\"Escrito por\" \/>\n\t<meta name=\"twitter:data1\" content=\"carlos\" \/>\n<script type=\"application\/ld+json\" class=\"yoast-schema-graph\">{\"@context\":\"https:\/\/schema.org\",\"@graph\":[{\"@type\":\"Article\",\"@id\":\"https:\/\/www.oarcanjo.net\/site\/dia-da-secretaria-nosso-carinho-a-tereza\/#article\",\"isPartOf\":{\"@id\":\"https:\/\/www.oarcanjo.net\/site\/dia-da-secretaria-nosso-carinho-a-tereza\/\"},\"author\":{\"name\":\"carlos\",\"@id\":\"https:\/\/www.oarcanjo.net\/site\/#\/schema\/person\/f7870e710d8c8c30673de3a0ac2e451d\"},\"headline\":\"Dia da Secret\u00e1ria, nosso carinho \u00e0 Tereza\",\"datePublished\":\"2011-10-02T05:39:57+00:00\",\"dateModified\":\"2011-10-03T10:40:19+00:00\",\"mainEntityOfPage\":{\"@id\":\"https:\/\/www.oarcanjo.net\/site\/dia-da-secretaria-nosso-carinho-a-tereza\/\"},\"wordCount\":70,\"commentCount\":3,\"publisher\":{\"@id\":\"https:\/\/www.oarcanjo.net\/site\/#organization\"},\"image\":{\"@id\":\"https:\/\/www.oarcanjo.net\/site\/dia-da-secretaria-nosso-carinho-a-tereza\/#primaryimage\"},\"thumbnailUrl\":\"http:\/\/www.oarcanjo.net\/site\/wp-content\/uploads\/Tereza-300x224.jpg\",\"articleSection\":[\"Rosto da comunidade\"],\"inLanguage\":\"pt-BR\",\"potentialAction\":[{\"@type\":\"CommentAction\",\"name\":\"Comment\",\"target\":[\"https:\/\/www.oarcanjo.net\/site\/dia-da-secretaria-nosso-carinho-a-tereza\/#respond\"]}]},{\"@type\":\"WebPage\",\"@id\":\"https:\/\/www.oarcanjo.net\/site\/dia-da-secretaria-nosso-carinho-a-tereza\/\",\"url\":\"https:\/\/www.oarcanjo.net\/site\/dia-da-secretaria-nosso-carinho-a-tereza\/\",\"name\":\"Dia da Secret\u00e1ria, nosso carinho \u00e0 Tereza - O Arcanjo no ar\",\"isPartOf\":{\"@id\":\"https:\/\/www.oarcanjo.net\/site\/#website\"},\"primaryImageOfPage\":{\"@id\":\"https:\/\/www.oarcanjo.net\/site\/dia-da-secretaria-nosso-carinho-a-tereza\/#primaryimage\"},\"image\":{\"@id\":\"https:\/\/www.oarcanjo.net\/site\/dia-da-secretaria-nosso-carinho-a-tereza\/#primaryimage\"},\"thumbnailUrl\":\"http:\/\/www.oarcanjo.net\/site\/wp-content\/uploads\/Tereza-300x224.jpg\",\"datePublished\":\"2011-10-02T05:39:57+00:00\",\"dateModified\":\"2011-10-03T10:40:19+00:00\",\"breadcrumb\":{\"@id\":\"https:\/\/www.oarcanjo.net\/site\/dia-da-secretaria-nosso-carinho-a-tereza\/#breadcrumb\"},\"inLanguage\":\"pt-BR\",\"potentialAction\":[{\"@type\":\"ReadAction\",\"target\":[\"https:\/\/www.oarcanjo.net\/site\/dia-da-secretaria-nosso-carinho-a-tereza\/\"]}]},{\"@type\":\"ImageObject\",\"inLanguage\":\"pt-BR\",\"@id\":\"https:\/\/www.oarcanjo.net\/site\/dia-da-secretaria-nosso-carinho-a-tereza\/#primaryimage\",\"url\":\"https:\/\/www.oarcanjo.net\/site\/wp-content\/uploads\/Tereza.jpg\",\"contentUrl\":\"https:\/\/www.oarcanjo.net\/site\/wp-content\/uploads\/Tereza.jpg\",\"width\":\"575\",\"height\":\"431\"},{\"@type\":\"BreadcrumbList\",\"@id\":\"https:\/\/www.oarcanjo.net\/site\/dia-da-secretaria-nosso-carinho-a-tereza\/#breadcrumb\",\"itemListElement\":[{\"@type\":\"ListItem\",\"position\":1,\"name\":\"In\u00edcio\",\"item\":\"https:\/\/www.oarcanjo.net\/site\/\"},{\"@type\":\"ListItem\",\"position\":2,\"name\":\"Dia da Secret\u00e1ria, nosso carinho \u00e0 Tereza\"}]},{\"@type\":\"WebSite\",\"@id\":\"https:\/\/www.oarcanjo.net\/site\/#website\",\"url\":\"https:\/\/www.oarcanjo.net\/site\/\",\"name\":\"O Arcanjo no ar\",\"description\":\"Site da Par\u00f3quia S\u00e3o Miguel Arcanjo (Arquidiocese de SP)\",\"publisher\":{\"@id\":\"https:\/\/www.oarcanjo.net\/site\/#organization\"},\"potentialAction\":[{\"@type\":\"SearchAction\",\"target\":{\"@type\":\"EntryPoint\",\"urlTemplate\":\"https:\/\/www.oarcanjo.net\/site\/?s={search_term_string}\"},\"query-input\":{\"@type\":\"PropertyValueSpecification\",\"valueRequired\":true,\"valueName\":\"search_term_string\"}}],\"inLanguage\":\"pt-BR\"},{\"@type\":\"Organization\",\"@id\":\"https:\/\/www.oarcanjo.net\/site\/#organization\",\"name\":\"Par\u00f3quia S\u00e3o Miguel Arcanjo\",\"url\":\"https:\/\/www.oarcanjo.net\/site\/\",\"logo\":{\"@type\":\"ImageObject\",\"inLanguage\":\"pt-BR\",\"@id\":\"https:\/\/www.oarcanjo.net\/site\/#\/schema\/logo\/image\/\",\"url\":\"https:\/\/www.oarcanjo.net\/site\/wp-content\/uploads\/LogoOArcanjo.png\",\"contentUrl\":\"https:\/\/www.oarcanjo.net\/site\/wp-content\/uploads\/LogoOArcanjo.png\",\"width\":319,\"height\":99,\"caption\":\"Par\u00f3quia S\u00e3o Miguel Arcanjo\"},\"image\":{\"@id\":\"https:\/\/www.oarcanjo.net\/site\/#\/schema\/logo\/image\/\"},\"sameAs\":[\"https:\/\/www.facebook.com\/OArcanjoNoAr\/\"]},{\"@type\":\"Person\",\"@id\":\"https:\/\/www.oarcanjo.net\/site\/#\/schema\/person\/f7870e710d8c8c30673de3a0ac2e451d\",\"name\":\"carlos\"}]}<\/script>\n<!-- \/ Yoast SEO plugin. -->","yoast_head_json":{"title":"Dia da Secret\u00e1ria, nosso carinho \u00e0 Tereza - O Arcanjo no ar","robots":{"index":"index","follow":"follow","max-snippet":"max-snippet:-1","max-image-preview":"max-image-preview:large","max-video-preview":"max-video-preview:-1"},"canonical":"https:\/\/www.oarcanjo.net\/site\/dia-da-secretaria-nosso-carinho-a-tereza\/","og_locale":"pt_BR","og_type":"article","og_title":"Dia da Secret\u00e1ria, nosso carinho \u00e0 Tereza - O Arcanjo no ar","og_description":"No dia 30\/09 comemora-se o dia da Secret\u00e1ria. Na nossa Comunidade S\u00e3o Miguel Arcanjo esse servi\u00e7o \u00e9 realizado pela nossa amiga Tereza. Telefonemas, agendamentos, informa\u00e7\u00f5es, registros, fax, c\u00f3pias, pagar as contas, passar as batinas, cuidar dos objetos lit\u00fargicos. Atender \u00e0s pessoas para os batizados, casamentos, missas, e muit\u00edssimo mais. Tereza, nosso carinho e gratid\u00e3o pela [&hellip;]","og_url":"https:\/\/www.oarcanjo.net\/site\/dia-da-secretaria-nosso-carinho-a-tereza\/","og_site_name":"O Arcanjo no ar","article_publisher":"https:\/\/www.facebook.com\/OArcanjoNoAr\/","article_published_time":"2011-10-02T05:39:57+00:00","article_modified_time":"2011-10-03T10:40:19+00:00","og_image":[{"url":"http:\/\/www.oarcanjo.net\/site\/wp-content\/uploads\/Tereza-300x224.jpg"}],"author":"carlos","twitter_card":"summary_large_image","twitter_misc":{"Escrito por":"carlos"},"schema":{"@context":"https:\/\/schema.org","@graph":[{"@type":"Article","@id":"https:\/\/www.oarcanjo.net\/site\/dia-da-secretaria-nosso-carinho-a-tereza\/#article","isPartOf":{"@id":"https:\/\/www.oarcanjo.net\/site\/dia-da-secretaria-nosso-carinho-a-tereza\/"},"author":{"name":"carlos","@id":"https:\/\/www.oarcanjo.net\/site\/#\/schema\/person\/f7870e710d8c8c30673de3a0ac2e451d"},"headline":"Dia da Secret\u00e1ria, nosso carinho \u00e0 Tereza","datePublished":"2011-10-02T05:39:57+00:00","dateModified":"2011-10-03T10:40:19+00:00","mainEntityOfPage":{"@id":"https:\/\/www.oarcanjo.net\/site\/dia-da-secretaria-nosso-carinho-a-tereza\/"},"wordCount":70,"commentCount":3,"publisher":{"@id":"https:\/\/www.oarcanjo.net\/site\/#organization"},"image":{"@id":"https:\/\/www.oarcanjo.net\/site\/dia-da-secretaria-nosso-carinho-a-tereza\/#primaryimage"},"thumbnailUrl":"http:\/\/www.oarcanjo.net\/site\/wp-content\/uploads\/Tereza-300x224.jpg","articleSection":["Rosto da comunidade"],"inLanguage":"pt-BR","potentialAction":[{"@type":"CommentAction","name":"Comment","target":["https:\/\/www.oarcanjo.net\/site\/dia-da-secretaria-nosso-carinho-a-tereza\/#respond"]}]},{"@type":"WebPage","@id":"https:\/\/www.oarcanjo.net\/site\/dia-da-secretaria-nosso-carinho-a-tereza\/","url":"https:\/\/www.oarcanjo.net\/site\/dia-da-secretaria-nosso-carinho-a-tereza\/","name":"Dia da Secret\u00e1ria, nosso carinho \u00e0 Tereza - O Arcanjo no ar","isPartOf":{"@id":"https:\/\/www.oarcanjo.net\/site\/#website"},"primaryImageOfPage":{"@id":"https:\/\/www.oarcanjo.net\/site\/dia-da-secretaria-nosso-carinho-a-tereza\/#primaryimage"},"image":{"@id":"https:\/\/www.oarcanjo.net\/site\/dia-da-secretaria-nosso-carinho-a-tereza\/#primaryimage"},"thumbnailUrl":"http:\/\/www.oarcanjo.net\/site\/wp-content\/uploads\/Tereza-300x224.jpg","datePublished":"2011-10-02T05:39:57+00:00","dateModified":"2011-10-03T10:40:19+00:00","breadcrumb":{"@id":"https:\/\/www.oarcanjo.net\/site\/dia-da-secretaria-nosso-carinho-a-tereza\/#breadcrumb"},"inLanguage":"pt-BR","potentialAction":[{"@type":"ReadAction","target":["https:\/\/www.oarcanjo.net\/site\/dia-da-secretaria-nosso-carinho-a-tereza\/"]}]},{"@type":"ImageObject","inLanguage":"pt-BR","@id":"https:\/\/www.oarcanjo.net\/site\/dia-da-secretaria-nosso-carinho-a-tereza\/#primaryimage","url":"https:\/\/www.oarcanjo.net\/site\/wp-content\/uploads\/Tereza.jpg","contentUrl":"https:\/\/www.oarcanjo.net\/site\/wp-content\/uploads\/Tereza.jpg","width":"575","height":"431"},{"@type":"BreadcrumbList","@id":"https:\/\/www.oarcanjo.net\/site\/dia-da-secretaria-nosso-carinho-a-tereza\/#breadcrumb","itemListElement":[{"@type":"ListItem","position":1,"name":"In\u00edcio","item":"https:\/\/www.oarcanjo.net\/site\/"},{"@type":"ListItem","position":2,"name":"Dia da Secret\u00e1ria, nosso carinho \u00e0 Tereza"}]},{"@type":"WebSite","@id":"https:\/\/www.oarcanjo.net\/site\/#website","url":"https:\/\/www.oarcanjo.net\/site\/","name":"O Arcanjo no ar","description":"Site da Par\u00f3quia S\u00e3o Miguel Arcanjo (Arquidiocese de SP)","publisher":{"@id":"https:\/\/www.oarcanjo.net\/site\/#organization"},"potentialAction":[{"@type":"SearchAction","target":{"@type":"EntryPoint","urlTemplate":"https:\/\/www.oarcanjo.net\/site\/?s={search_term_string}"},"query-input":{"@type":"PropertyValueSpecification","valueRequired":true,"valueName":"search_term_string"}}],"inLanguage":"pt-BR"},{"@type":"Organization","@id":"https:\/\/www.oarcanjo.net\/site\/#organization","name":"Par\u00f3quia S\u00e3o Miguel Arcanjo","url":"https:\/\/www.oarcanjo.net\/site\/","logo":{"@type":"ImageObject","inLanguage":"pt-BR","@id":"https:\/\/www.oarcanjo.net\/site\/#\/schema\/logo\/image\/","url":"https:\/\/www.oarcanjo.net\/site\/wp-content\/uploads\/LogoOArcanjo.png","contentUrl":"https:\/\/www.oarcanjo.net\/site\/wp-content\/uploads\/LogoOArcanjo.png","width":319,"height":99,"caption":"Par\u00f3quia S\u00e3o Miguel Arcanjo"},"image":{"@id":"https:\/\/www.oarcanjo.net\/site\/#\/schema\/logo\/image\/"},"sameAs":["https:\/\/www.facebook.com\/OArcanjoNoAr\/"]},{"@type":"Person","@id":"https:\/\/www.oarcanjo.net\/site\/#\/schema\/person\/f7870e710d8c8c30673de3a0ac2e451d","name":"carlos"}]}},"publishpress_future_action":{"enabled":false,"date":"2026-05-07 11:37:46","action":"category","newStatus":"draft","terms":[],"taxonomy":"category"},"publishpress_future_workflow_manual_trigger":{"enabledWorkflows":[]},"_links":{"self":[{"href":"https:\/\/www.oarcanjo.net\/site\/wp-json\/wp\/v2\/posts\/15971"}],"collection":[{"href":"https:\/\/www.oarcanjo.net\/site\/wp-json\/wp\/v2\/posts"}],"about":[{"href":"https:\/\/www.oarcanjo.net\/site\/wp-json\/wp\/v2\/types\/post"}],"author":[{"embeddable":true,"href":"https:\/\/www.oarcanjo.net\/site\/wp-json\/wp\/v2\/users\/10"}],"replies":[{"embeddable":true,"href":"https:\/\/www.oarcanjo.net\/site\/wp-json\/wp\/v2\/comments?post=15971"}],"version-history":[{"count":0,"href":"https:\/\/www.oarcanjo.net\/site\/wp-json\/wp\/v2\/posts\/15971\/revisions"}],"wp:attachment":[{"href":"https:\/\/www.oarcanjo.net\/site\/wp-json\/wp\/v2\/media?parent=15971"}],"wp:term":[{"taxonomy":"category","embeddable":true,"href":"https:\/\/www.oarcanjo.net\/site\/wp-json\/wp\/v2\/categories?post=15971"},{"taxonomy":"post_tag","embeddable":true,"href":"https:\/\/www.oarcanjo.net\/site\/wp-json\/wp\/v2\/tags?post=15971"}],"curies":[{"name":"wp","href":"https:\/\/api.w.org\/{rel}","templated":true}]}}