
{"id":15979,"date":"2011-10-03T07:25:41","date_gmt":"2011-10-03T10:25:41","guid":{"rendered":"http:\/\/www.oarcanjo.net\/site\/?p=15979"},"modified":"2011-10-04T01:38:40","modified_gmt":"2011-10-04T04:38:40","slug":"eleicao-dos-conselheiros-tutelares-em-sao-paulo-acontece-dia-16","status":"publish","type":"post","link":"https:\/\/www.oarcanjo.net\/site\/eleicao-dos-conselheiros-tutelares-em-sao-paulo-acontece-dia-16\/","title":{"rendered":"Elei\u00e7\u00e3o dos Conselheiros Tutelares em S\u00e3o Paulo acontece dia 16"},"content":{"rendered":"<p>No pr\u00f3ximo dia 16, ser\u00e3o eleitos pelo voto direto os Conselheiros Tutelares de S\u00e3o Paulo, respons\u00e1veis por zelar pelos direitos das crian\u00e7as e adolescentes. A cidade ter\u00e1 44 Conselhos este ano, cada um com cinco integrantes.<\/p>\n<p>Todo cidad\u00e3o com t\u00edtulo de eleitor pode votar num \u00fanico candidato na sua regi\u00e3o &#8211; veja mais informa\u00e7\u00f5es nos avisos da semana:<\/p>\n<p>httpv:\/\/www.youtube.com\/watch?v=gNjoLIo_LEI<\/p>\n<div id=\"themify_builder_content-15979\" data-postid=\"15979\" class=\"themify_builder_content themify_builder_content-15979 themify_builder themify_builder_front\">\n\t<\/div>\n<!-- \/themify_builder_content -->","protected":false},"excerpt":{"rendered":"<p>No pr\u00f3ximo dia 16, ser\u00e3o eleitos pelo voto direto os Conselheiros Tutelares de S\u00e3o Paulo, respons\u00e1veis por zelar pelos direitos das crian\u00e7as e adolescentes. A cidade ter\u00e1 44 Conselhos este ano, cada um com cinco integrantes. Todo cidad\u00e3o com t\u00edtulo de eleitor pode votar num \u00fanico candidato na sua regi\u00e3o &#8211; veja mais informa\u00e7\u00f5es nos [&hellip;]<\/p>\n","protected":false},"author":5,"featured_media":0,"comment_status":"open","ping_status":"open","sticky":false,"template":"","format":"standard","meta":{"ngg_post_thumbnail":0,"footnotes":""},"categories":[476,3,8],"tags":[707,2077,911,1041,910],"yoast_head":"<!-- This site is optimized with the Yoast SEO plugin v23.5 - https:\/\/yoast.com\/wordpress\/plugins\/seo\/ -->\n<title>Elei\u00e7\u00e3o dos Conselheiros Tutelares em S\u00e3o Paulo acontece dia 16 - O Arcanjo no ar<\/title>\n<meta name=\"robots\" content=\"index, follow, max-snippet:-1, max-image-preview:large, max-video-preview:-1\" \/>\n<link rel=\"canonical\" href=\"https:\/\/www.oarcanjo.net\/site\/eleicao-dos-conselheiros-tutelares-em-sao-paulo-acontece-dia-16\/\" \/>\n<meta property=\"og:locale\" content=\"pt_BR\" \/>\n<meta property=\"og:type\" content=\"article\" \/>\n<meta property=\"og:title\" content=\"Elei\u00e7\u00e3o dos Conselheiros Tutelares em S\u00e3o Paulo acontece dia 16 - O Arcanjo no ar\" \/>\n<meta property=\"og:description\" content=\"No pr\u00f3ximo dia 16, ser\u00e3o eleitos pelo voto direto os Conselheiros Tutelares de S\u00e3o Paulo, respons\u00e1veis por zelar pelos direitos das crian\u00e7as e adolescentes. A cidade ter\u00e1 44 Conselhos este ano, cada um com cinco integrantes. Todo cidad\u00e3o com t\u00edtulo de eleitor pode votar num \u00fanico candidato na sua regi\u00e3o &#8211; veja mais informa\u00e7\u00f5es nos [&hellip;]\" \/>\n<meta property=\"og:url\" content=\"https:\/\/www.oarcanjo.net\/site\/eleicao-dos-conselheiros-tutelares-em-sao-paulo-acontece-dia-16\/\" \/>\n<meta property=\"og:site_name\" content=\"O Arcanjo no ar\" \/>\n<meta property=\"article:publisher\" content=\"https:\/\/www.facebook.com\/OArcanjoNoAr\/\" \/>\n<meta property=\"article:published_time\" content=\"2011-10-03T10:25:41+00:00\" \/>\n<meta property=\"article:modified_time\" content=\"2011-10-04T04:38:40+00:00\" \/>\n<meta property=\"og:image\" content=\"https:\/\/www.oarcanjo.net\/site\/wp-content\/uploads\/logo-o-arcanjo-no-ar-facebook.png\" \/>\n\t<meta property=\"og:image:width\" content=\"300\" \/>\n\t<meta property=\"og:image:height\" content=\"300\" \/>\n\t<meta property=\"og:image:type\" content=\"image\/png\" \/>\n<meta name=\"author\" content=\"editor\" \/>\n<meta name=\"twitter:card\" content=\"summary_large_image\" \/>\n<meta name=\"twitter:label1\" content=\"Escrito por\" \/>\n\t<meta name=\"twitter:data1\" content=\"editor\" \/>\n<script type=\"application\/ld+json\" class=\"yoast-schema-graph\">{\"@context\":\"https:\/\/schema.org\",\"@graph\":[{\"@type\":\"Article\",\"@id\":\"https:\/\/www.oarcanjo.net\/site\/eleicao-dos-conselheiros-tutelares-em-sao-paulo-acontece-dia-16\/#article\",\"isPartOf\":{\"@id\":\"https:\/\/www.oarcanjo.net\/site\/eleicao-dos-conselheiros-tutelares-em-sao-paulo-acontece-dia-16\/\"},\"author\":{\"name\":\"editor\",\"@id\":\"https:\/\/www.oarcanjo.net\/site\/#\/schema\/person\/f7024d007863202483a31326673a0838\"},\"headline\":\"Elei\u00e7\u00e3o dos Conselheiros Tutelares em S\u00e3o Paulo acontece dia 16\",\"datePublished\":\"2011-10-03T10:25:41+00:00\",\"dateModified\":\"2011-10-04T04:38:40+00:00\",\"mainEntityOfPage\":{\"@id\":\"https:\/\/www.oarcanjo.net\/site\/eleicao-dos-conselheiros-tutelares-em-sao-paulo-acontece-dia-16\/\"},\"wordCount\":84,\"commentCount\":0,\"publisher\":{\"@id\":\"https:\/\/www.oarcanjo.net\/site\/#organization\"},\"keywords\":[\"Cidadania\",\"Conselho Tutelar\",\"ECA\",\"elei\u00e7\u00e3o\",\"Estatuto da Crian\u00e7a e do Adolescente\"],\"articleSection\":[\"Avisos\",\"Destaques\",\"Not\u00edcias\"],\"inLanguage\":\"pt-BR\",\"potentialAction\":[{\"@type\":\"CommentAction\",\"name\":\"Comment\",\"target\":[\"https:\/\/www.oarcanjo.net\/site\/eleicao-dos-conselheiros-tutelares-em-sao-paulo-acontece-dia-16\/#respond\"]}]},{\"@type\":\"WebPage\",\"@id\":\"https:\/\/www.oarcanjo.net\/site\/eleicao-dos-conselheiros-tutelares-em-sao-paulo-acontece-dia-16\/\",\"url\":\"https:\/\/www.oarcanjo.net\/site\/eleicao-dos-conselheiros-tutelares-em-sao-paulo-acontece-dia-16\/\",\"name\":\"Elei\u00e7\u00e3o dos Conselheiros Tutelares em S\u00e3o Paulo acontece dia 16 - O Arcanjo no ar\",\"isPartOf\":{\"@id\":\"https:\/\/www.oarcanjo.net\/site\/#website\"},\"datePublished\":\"2011-10-03T10:25:41+00:00\",\"dateModified\":\"2011-10-04T04:38:40+00:00\",\"breadcrumb\":{\"@id\":\"https:\/\/www.oarcanjo.net\/site\/eleicao-dos-conselheiros-tutelares-em-sao-paulo-acontece-dia-16\/#breadcrumb\"},\"inLanguage\":\"pt-BR\",\"potentialAction\":[{\"@type\":\"ReadAction\",\"target\":[\"https:\/\/www.oarcanjo.net\/site\/eleicao-dos-conselheiros-tutelares-em-sao-paulo-acontece-dia-16\/\"]}]},{\"@type\":\"BreadcrumbList\",\"@id\":\"https:\/\/www.oarcanjo.net\/site\/eleicao-dos-conselheiros-tutelares-em-sao-paulo-acontece-dia-16\/#breadcrumb\",\"itemListElement\":[{\"@type\":\"ListItem\",\"position\":1,\"name\":\"In\u00edcio\",\"item\":\"https:\/\/www.oarcanjo.net\/site\/\"},{\"@type\":\"ListItem\",\"position\":2,\"name\":\"Elei\u00e7\u00e3o dos Conselheiros Tutelares em S\u00e3o Paulo acontece dia 16\"}]},{\"@type\":\"WebSite\",\"@id\":\"https:\/\/www.oarcanjo.net\/site\/#website\",\"url\":\"https:\/\/www.oarcanjo.net\/site\/\",\"name\":\"O Arcanjo no ar\",\"description\":\"Site da Par\u00f3quia S\u00e3o Miguel Arcanjo (Arquidiocese de SP)\",\"publisher\":{\"@id\":\"https:\/\/www.oarcanjo.net\/site\/#organization\"},\"potentialAction\":[{\"@type\":\"SearchAction\",\"target\":{\"@type\":\"EntryPoint\",\"urlTemplate\":\"https:\/\/www.oarcanjo.net\/site\/?s={search_term_string}\"},\"query-input\":{\"@type\":\"PropertyValueSpecification\",\"valueRequired\":true,\"valueName\":\"search_term_string\"}}],\"inLanguage\":\"pt-BR\"},{\"@type\":\"Organization\",\"@id\":\"https:\/\/www.oarcanjo.net\/site\/#organization\",\"name\":\"Par\u00f3quia S\u00e3o Miguel Arcanjo\",\"url\":\"https:\/\/www.oarcanjo.net\/site\/\",\"logo\":{\"@type\":\"ImageObject\",\"inLanguage\":\"pt-BR\",\"@id\":\"https:\/\/www.oarcanjo.net\/site\/#\/schema\/logo\/image\/\",\"url\":\"https:\/\/www.oarcanjo.net\/site\/wp-content\/uploads\/LogoOArcanjo.png\",\"contentUrl\":\"https:\/\/www.oarcanjo.net\/site\/wp-content\/uploads\/LogoOArcanjo.png\",\"width\":319,\"height\":99,\"caption\":\"Par\u00f3quia S\u00e3o Miguel Arcanjo\"},\"image\":{\"@id\":\"https:\/\/www.oarcanjo.net\/site\/#\/schema\/logo\/image\/\"},\"sameAs\":[\"https:\/\/www.facebook.com\/OArcanjoNoAr\/\"]},{\"@type\":\"Person\",\"@id\":\"https:\/\/www.oarcanjo.net\/site\/#\/schema\/person\/f7024d007863202483a31326673a0838\",\"name\":\"editor\",\"sameAs\":[\"http:\/\/www.oarcanjo.net\"]}]}<\/script>\n<!-- \/ Yoast SEO plugin. -->","yoast_head_json":{"title":"Elei\u00e7\u00e3o dos Conselheiros Tutelares em S\u00e3o Paulo acontece dia 16 - O Arcanjo no ar","robots":{"index":"index","follow":"follow","max-snippet":"max-snippet:-1","max-image-preview":"max-image-preview:large","max-video-preview":"max-video-preview:-1"},"canonical":"https:\/\/www.oarcanjo.net\/site\/eleicao-dos-conselheiros-tutelares-em-sao-paulo-acontece-dia-16\/","og_locale":"pt_BR","og_type":"article","og_title":"Elei\u00e7\u00e3o dos Conselheiros Tutelares em S\u00e3o Paulo acontece dia 16 - O Arcanjo no ar","og_description":"No pr\u00f3ximo dia 16, ser\u00e3o eleitos pelo voto direto os Conselheiros Tutelares de S\u00e3o Paulo, respons\u00e1veis por zelar pelos direitos das crian\u00e7as e adolescentes. A cidade ter\u00e1 44 Conselhos este ano, cada um com cinco integrantes. Todo cidad\u00e3o com t\u00edtulo de eleitor pode votar num \u00fanico candidato na sua regi\u00e3o &#8211; veja mais informa\u00e7\u00f5es nos [&hellip;]","og_url":"https:\/\/www.oarcanjo.net\/site\/eleicao-dos-conselheiros-tutelares-em-sao-paulo-acontece-dia-16\/","og_site_name":"O Arcanjo no ar","article_publisher":"https:\/\/www.facebook.com\/OArcanjoNoAr\/","article_published_time":"2011-10-03T10:25:41+00:00","article_modified_time":"2011-10-04T04:38:40+00:00","og_image":[{"width":300,"height":300,"url":"https:\/\/www.oarcanjo.net\/site\/wp-content\/uploads\/logo-o-arcanjo-no-ar-facebook.png","type":"image\/png"}],"author":"editor","twitter_card":"summary_large_image","twitter_misc":{"Escrito por":"editor"},"schema":{"@context":"https:\/\/schema.org","@graph":[{"@type":"Article","@id":"https:\/\/www.oarcanjo.net\/site\/eleicao-dos-conselheiros-tutelares-em-sao-paulo-acontece-dia-16\/#article","isPartOf":{"@id":"https:\/\/www.oarcanjo.net\/site\/eleicao-dos-conselheiros-tutelares-em-sao-paulo-acontece-dia-16\/"},"author":{"name":"editor","@id":"https:\/\/www.oarcanjo.net\/site\/#\/schema\/person\/f7024d007863202483a31326673a0838"},"headline":"Elei\u00e7\u00e3o dos Conselheiros Tutelares em S\u00e3o Paulo acontece dia 16","datePublished":"2011-10-03T10:25:41+00:00","dateModified":"2011-10-04T04:38:40+00:00","mainEntityOfPage":{"@id":"https:\/\/www.oarcanjo.net\/site\/eleicao-dos-conselheiros-tutelares-em-sao-paulo-acontece-dia-16\/"},"wordCount":84,"commentCount":0,"publisher":{"@id":"https:\/\/www.oarcanjo.net\/site\/#organization"},"keywords":["Cidadania","Conselho Tutelar","ECA","elei\u00e7\u00e3o","Estatuto da Crian\u00e7a e do Adolescente"],"articleSection":["Avisos","Destaques","Not\u00edcias"],"inLanguage":"pt-BR","potentialAction":[{"@type":"CommentAction","name":"Comment","target":["https:\/\/www.oarcanjo.net\/site\/eleicao-dos-conselheiros-tutelares-em-sao-paulo-acontece-dia-16\/#respond"]}]},{"@type":"WebPage","@id":"https:\/\/www.oarcanjo.net\/site\/eleicao-dos-conselheiros-tutelares-em-sao-paulo-acontece-dia-16\/","url":"https:\/\/www.oarcanjo.net\/site\/eleicao-dos-conselheiros-tutelares-em-sao-paulo-acontece-dia-16\/","name":"Elei\u00e7\u00e3o dos Conselheiros Tutelares em S\u00e3o Paulo acontece dia 16 - O Arcanjo no ar","isPartOf":{"@id":"https:\/\/www.oarcanjo.net\/site\/#website"},"datePublished":"2011-10-03T10:25:41+00:00","dateModified":"2011-10-04T04:38:40+00:00","breadcrumb":{"@id":"https:\/\/www.oarcanjo.net\/site\/eleicao-dos-conselheiros-tutelares-em-sao-paulo-acontece-dia-16\/#breadcrumb"},"inLanguage":"pt-BR","potentialAction":[{"@type":"ReadAction","target":["https:\/\/www.oarcanjo.net\/site\/eleicao-dos-conselheiros-tutelares-em-sao-paulo-acontece-dia-16\/"]}]},{"@type":"BreadcrumbList","@id":"https:\/\/www.oarcanjo.net\/site\/eleicao-dos-conselheiros-tutelares-em-sao-paulo-acontece-dia-16\/#breadcrumb","itemListElement":[{"@type":"ListItem","position":1,"name":"In\u00edcio","item":"https:\/\/www.oarcanjo.net\/site\/"},{"@type":"ListItem","position":2,"name":"Elei\u00e7\u00e3o dos Conselheiros Tutelares em S\u00e3o Paulo acontece dia 16"}]},{"@type":"WebSite","@id":"https:\/\/www.oarcanjo.net\/site\/#website","url":"https:\/\/www.oarcanjo.net\/site\/","name":"O Arcanjo no ar","description":"Site da Par\u00f3quia S\u00e3o Miguel Arcanjo (Arquidiocese de SP)","publisher":{"@id":"https:\/\/www.oarcanjo.net\/site\/#organization"},"potentialAction":[{"@type":"SearchAction","target":{"@type":"EntryPoint","urlTemplate":"https:\/\/www.oarcanjo.net\/site\/?s={search_term_string}"},"query-input":{"@type":"PropertyValueSpecification","valueRequired":true,"valueName":"search_term_string"}}],"inLanguage":"pt-BR"},{"@type":"Organization","@id":"https:\/\/www.oarcanjo.net\/site\/#organization","name":"Par\u00f3quia S\u00e3o Miguel Arcanjo","url":"https:\/\/www.oarcanjo.net\/site\/","logo":{"@type":"ImageObject","inLanguage":"pt-BR","@id":"https:\/\/www.oarcanjo.net\/site\/#\/schema\/logo\/image\/","url":"https:\/\/www.oarcanjo.net\/site\/wp-content\/uploads\/LogoOArcanjo.png","contentUrl":"https:\/\/www.oarcanjo.net\/site\/wp-content\/uploads\/LogoOArcanjo.png","width":319,"height":99,"caption":"Par\u00f3quia S\u00e3o Miguel Arcanjo"},"image":{"@id":"https:\/\/www.oarcanjo.net\/site\/#\/schema\/logo\/image\/"},"sameAs":["https:\/\/www.facebook.com\/OArcanjoNoAr\/"]},{"@type":"Person","@id":"https:\/\/www.oarcanjo.net\/site\/#\/schema\/person\/f7024d007863202483a31326673a0838","name":"editor","sameAs":["http:\/\/www.oarcanjo.net"]}]}},"publishpress_future_action":{"enabled":false,"date":"2026-05-07 14:33:13","action":"category","newStatus":"draft","terms":[],"taxonomy":"category"},"publishpress_future_workflow_manual_trigger":{"enabledWorkflows":[]},"_links":{"self":[{"href":"https:\/\/www.oarcanjo.net\/site\/wp-json\/wp\/v2\/posts\/15979"}],"collection":[{"href":"https:\/\/www.oarcanjo.net\/site\/wp-json\/wp\/v2\/posts"}],"about":[{"href":"https:\/\/www.oarcanjo.net\/site\/wp-json\/wp\/v2\/types\/post"}],"author":[{"embeddable":true,"href":"https:\/\/www.oarcanjo.net\/site\/wp-json\/wp\/v2\/users\/5"}],"replies":[{"embeddable":true,"href":"https:\/\/www.oarcanjo.net\/site\/wp-json\/wp\/v2\/comments?post=15979"}],"version-history":[{"count":0,"href":"https:\/\/www.oarcanjo.net\/site\/wp-json\/wp\/v2\/posts\/15979\/revisions"}],"wp:attachment":[{"href":"https:\/\/www.oarcanjo.net\/site\/wp-json\/wp\/v2\/media?parent=15979"}],"wp:term":[{"taxonomy":"category","embeddable":true,"href":"https:\/\/www.oarcanjo.net\/site\/wp-json\/wp\/v2\/categories?post=15979"},{"taxonomy":"post_tag","embeddable":true,"href":"https:\/\/www.oarcanjo.net\/site\/wp-json\/wp\/v2\/tags?post=15979"}],"curies":[{"name":"wp","href":"https:\/\/api.w.org\/{rel}","templated":true}]}}