
{"id":1604,"date":"2009-01-23T12:00:41","date_gmt":"2009-01-23T14:00:41","guid":{"rendered":"http:\/\/www.oarcanjo.net\/site\/?p=1604"},"modified":"2009-02-24T11:11:32","modified_gmt":"2009-02-24T14:11:32","slug":"vaticano-lanca-canal-no-youtube","status":"publish","type":"post","link":"https:\/\/www.oarcanjo.net\/site\/vaticano-lanca-canal-no-youtube\/","title":{"rendered":"Vaticano lan\u00e7a canal no YouTube"},"content":{"rendered":"<p>A Santa S\u00e9 lan\u00e7ou na sexta-feira, dia 23, o <a href=\"http:\/\/www.youtube.com\/vatican\" target=\"_blank\">canal oficial do Vaticano no YouTube<\/a>, para difundir not\u00edcias em v\u00eddeos de at\u00e9 dois minutos de dura\u00e7\u00e3o, atualizadas diariamente, por enquanto em ingl\u00eas, espanhol, italiano e alem\u00e3o.<\/p>\n<p>O canal traz tamb\u00e9m links para os sites do Vaticano (<a href=\"http:\/\/www.vatican.va\" target=\"_blank\">www.vatican.va<\/a>), da cidade do Vaticano (<a href=\"http:\/\/www.vaticanstate.va\" target=\"_blank\">www.vaticanstate.va<\/a>) e do canal de not\u00edcias cat\u00f3licas H2ONews (<a href=\"http:\/\/www.youtube.com\/h2onews\" target=\"_blank\">www.youtube.com\/h2onews<\/a>).<\/p>\n<p>O diretor do Centro Televisivo Vaticano, Pe.  Federico Lombardi, afirma estar &#8220;convencido de que em todos os lugares h\u00e1 pessoas atentas e sens\u00edveis, interessadas nas mensagens, nas propostas sobre os grandes problemas do mundo de hoje, de uma autoridade moral de alto n\u00edvel, como o Papa, e em geral a Igreja Cat\u00f3lica. Por isso escolhemos o YouTube como site adequado para estar presentes na internet, um dos grandes are\u00f3pagos da comunica\u00e7\u00e3o no mundo de hoje&#8221;.<\/p>\n<p><em>(A comunidade S\u00e3o Miguel Arcanjo tamb\u00e9m possui um canal no YouTube. O endere\u00e7o \u00e9 <a href=\"http:\/\/www.youtube.com\/OArcanjoNoAr\" target=\"_blank\">www.youtube.com\/OArcanjoNoAr<\/a>)<\/em><\/p>\n<div id=\"themify_builder_content-1604\" data-postid=\"1604\" class=\"themify_builder_content themify_builder_content-1604 themify_builder themify_builder_front\">\n\t<\/div>\n<!-- \/themify_builder_content -->","protected":false},"excerpt":{"rendered":"<p>A Santa S\u00e9 lan\u00e7ou na sexta-feira, dia 23, o canal oficial do Vaticano no YouTube, para difundir not\u00edcias em v\u00eddeos de at\u00e9 dois minutos de dura\u00e7\u00e3o, atualizadas diariamente, por enquanto em ingl\u00eas, espanhol, italiano e alem\u00e3o. O canal traz tamb\u00e9m links para os sites do Vaticano (www.vatican.va), da cidade do Vaticano (www.vaticanstate.va) e do canal [&hellip;]<\/p>\n","protected":false},"author":2,"featured_media":0,"comment_status":"open","ping_status":"open","sticky":false,"template":"","format":"standard","meta":{"ngg_post_thumbnail":0,"footnotes":""},"categories":[8],"tags":[34,281],"yoast_head":"<!-- This site is optimized with the Yoast SEO plugin v23.5 - https:\/\/yoast.com\/wordpress\/plugins\/seo\/ -->\n<title>Vaticano lan\u00e7a canal no YouTube - O Arcanjo no ar<\/title>\n<meta name=\"robots\" content=\"index, follow, max-snippet:-1, max-image-preview:large, max-video-preview:-1\" \/>\n<link rel=\"canonical\" href=\"https:\/\/www.oarcanjo.net\/site\/vaticano-lanca-canal-no-youtube\/\" \/>\n<meta property=\"og:locale\" content=\"pt_BR\" \/>\n<meta property=\"og:type\" content=\"article\" \/>\n<meta property=\"og:title\" content=\"Vaticano lan\u00e7a canal no YouTube - O Arcanjo no ar\" \/>\n<meta property=\"og:description\" content=\"A Santa S\u00e9 lan\u00e7ou na sexta-feira, dia 23, o canal oficial do Vaticano no YouTube, para difundir not\u00edcias em v\u00eddeos de at\u00e9 dois minutos de dura\u00e7\u00e3o, atualizadas diariamente, por enquanto em ingl\u00eas, espanhol, italiano e alem\u00e3o. O canal traz tamb\u00e9m links para os sites do Vaticano (www.vatican.va), da cidade do Vaticano (www.vaticanstate.va) e do canal [&hellip;]\" \/>\n<meta property=\"og:url\" content=\"https:\/\/www.oarcanjo.net\/site\/vaticano-lanca-canal-no-youtube\/\" \/>\n<meta property=\"og:site_name\" content=\"O Arcanjo no ar\" \/>\n<meta property=\"article:publisher\" content=\"https:\/\/www.facebook.com\/OArcanjoNoAr\/\" \/>\n<meta property=\"article:published_time\" content=\"2009-01-23T14:00:41+00:00\" \/>\n<meta property=\"article:modified_time\" content=\"2009-02-24T14:11:32+00:00\" \/>\n<meta property=\"og:image\" content=\"https:\/\/www.oarcanjo.net\/site\/wp-content\/uploads\/logo-o-arcanjo-no-ar-facebook.png\" \/>\n\t<meta property=\"og:image:width\" content=\"300\" \/>\n\t<meta property=\"og:image:height\" content=\"300\" \/>\n\t<meta property=\"og:image:type\" content=\"image\/png\" \/>\n<meta name=\"author\" content=\"rubens.meyer\" \/>\n<meta name=\"twitter:card\" content=\"summary_large_image\" \/>\n<meta name=\"twitter:label1\" content=\"Escrito por\" \/>\n\t<meta name=\"twitter:data1\" content=\"rubens.meyer\" \/>\n\t<meta name=\"twitter:label2\" content=\"Est. tempo de leitura\" \/>\n\t<meta name=\"twitter:data2\" content=\"1 minuto\" \/>\n<script type=\"application\/ld+json\" class=\"yoast-schema-graph\">{\"@context\":\"https:\/\/schema.org\",\"@graph\":[{\"@type\":\"Article\",\"@id\":\"https:\/\/www.oarcanjo.net\/site\/vaticano-lanca-canal-no-youtube\/#article\",\"isPartOf\":{\"@id\":\"https:\/\/www.oarcanjo.net\/site\/vaticano-lanca-canal-no-youtube\/\"},\"author\":{\"name\":\"rubens.meyer\",\"@id\":\"https:\/\/www.oarcanjo.net\/site\/#\/schema\/person\/8f702af457b0cfb4ac1a7228ee23f026\"},\"headline\":\"Vaticano lan\u00e7a canal no YouTube\",\"datePublished\":\"2009-01-23T14:00:41+00:00\",\"dateModified\":\"2009-02-24T14:11:32+00:00\",\"mainEntityOfPage\":{\"@id\":\"https:\/\/www.oarcanjo.net\/site\/vaticano-lanca-canal-no-youtube\/\"},\"wordCount\":183,\"commentCount\":0,\"publisher\":{\"@id\":\"https:\/\/www.oarcanjo.net\/site\/#organization\"},\"keywords\":[\"vaticano\",\"YouTube\"],\"articleSection\":[\"Not\u00edcias\"],\"inLanguage\":\"pt-BR\",\"potentialAction\":[{\"@type\":\"CommentAction\",\"name\":\"Comment\",\"target\":[\"https:\/\/www.oarcanjo.net\/site\/vaticano-lanca-canal-no-youtube\/#respond\"]}]},{\"@type\":\"WebPage\",\"@id\":\"https:\/\/www.oarcanjo.net\/site\/vaticano-lanca-canal-no-youtube\/\",\"url\":\"https:\/\/www.oarcanjo.net\/site\/vaticano-lanca-canal-no-youtube\/\",\"name\":\"Vaticano lan\u00e7a canal no YouTube - O Arcanjo no ar\",\"isPartOf\":{\"@id\":\"https:\/\/www.oarcanjo.net\/site\/#website\"},\"datePublished\":\"2009-01-23T14:00:41+00:00\",\"dateModified\":\"2009-02-24T14:11:32+00:00\",\"breadcrumb\":{\"@id\":\"https:\/\/www.oarcanjo.net\/site\/vaticano-lanca-canal-no-youtube\/#breadcrumb\"},\"inLanguage\":\"pt-BR\",\"potentialAction\":[{\"@type\":\"ReadAction\",\"target\":[\"https:\/\/www.oarcanjo.net\/site\/vaticano-lanca-canal-no-youtube\/\"]}]},{\"@type\":\"BreadcrumbList\",\"@id\":\"https:\/\/www.oarcanjo.net\/site\/vaticano-lanca-canal-no-youtube\/#breadcrumb\",\"itemListElement\":[{\"@type\":\"ListItem\",\"position\":1,\"name\":\"In\u00edcio\",\"item\":\"https:\/\/www.oarcanjo.net\/site\/\"},{\"@type\":\"ListItem\",\"position\":2,\"name\":\"Vaticano lan\u00e7a canal no YouTube\"}]},{\"@type\":\"WebSite\",\"@id\":\"https:\/\/www.oarcanjo.net\/site\/#website\",\"url\":\"https:\/\/www.oarcanjo.net\/site\/\",\"name\":\"O Arcanjo no ar\",\"description\":\"Site da Par\u00f3quia S\u00e3o Miguel Arcanjo (Arquidiocese de SP)\",\"publisher\":{\"@id\":\"https:\/\/www.oarcanjo.net\/site\/#organization\"},\"potentialAction\":[{\"@type\":\"SearchAction\",\"target\":{\"@type\":\"EntryPoint\",\"urlTemplate\":\"https:\/\/www.oarcanjo.net\/site\/?s={search_term_string}\"},\"query-input\":{\"@type\":\"PropertyValueSpecification\",\"valueRequired\":true,\"valueName\":\"search_term_string\"}}],\"inLanguage\":\"pt-BR\"},{\"@type\":\"Organization\",\"@id\":\"https:\/\/www.oarcanjo.net\/site\/#organization\",\"name\":\"Par\u00f3quia S\u00e3o Miguel Arcanjo\",\"url\":\"https:\/\/www.oarcanjo.net\/site\/\",\"logo\":{\"@type\":\"ImageObject\",\"inLanguage\":\"pt-BR\",\"@id\":\"https:\/\/www.oarcanjo.net\/site\/#\/schema\/logo\/image\/\",\"url\":\"https:\/\/www.oarcanjo.net\/site\/wp-content\/uploads\/LogoOArcanjo.png\",\"contentUrl\":\"https:\/\/www.oarcanjo.net\/site\/wp-content\/uploads\/LogoOArcanjo.png\",\"width\":319,\"height\":99,\"caption\":\"Par\u00f3quia S\u00e3o Miguel Arcanjo\"},\"image\":{\"@id\":\"https:\/\/www.oarcanjo.net\/site\/#\/schema\/logo\/image\/\"},\"sameAs\":[\"https:\/\/www.facebook.com\/OArcanjoNoAr\/\"]},{\"@type\":\"Person\",\"@id\":\"https:\/\/www.oarcanjo.net\/site\/#\/schema\/person\/8f702af457b0cfb4ac1a7228ee23f026\",\"name\":\"rubens.meyer\"}]}<\/script>\n<!-- \/ Yoast SEO plugin. -->","yoast_head_json":{"title":"Vaticano lan\u00e7a canal no YouTube - O Arcanjo no ar","robots":{"index":"index","follow":"follow","max-snippet":"max-snippet:-1","max-image-preview":"max-image-preview:large","max-video-preview":"max-video-preview:-1"},"canonical":"https:\/\/www.oarcanjo.net\/site\/vaticano-lanca-canal-no-youtube\/","og_locale":"pt_BR","og_type":"article","og_title":"Vaticano lan\u00e7a canal no YouTube - O Arcanjo no ar","og_description":"A Santa S\u00e9 lan\u00e7ou na sexta-feira, dia 23, o canal oficial do Vaticano no YouTube, para difundir not\u00edcias em v\u00eddeos de at\u00e9 dois minutos de dura\u00e7\u00e3o, atualizadas diariamente, por enquanto em ingl\u00eas, espanhol, italiano e alem\u00e3o. O canal traz tamb\u00e9m links para os sites do Vaticano (www.vatican.va), da cidade do Vaticano (www.vaticanstate.va) e do canal [&hellip;]","og_url":"https:\/\/www.oarcanjo.net\/site\/vaticano-lanca-canal-no-youtube\/","og_site_name":"O Arcanjo no ar","article_publisher":"https:\/\/www.facebook.com\/OArcanjoNoAr\/","article_published_time":"2009-01-23T14:00:41+00:00","article_modified_time":"2009-02-24T14:11:32+00:00","og_image":[{"width":300,"height":300,"url":"https:\/\/www.oarcanjo.net\/site\/wp-content\/uploads\/logo-o-arcanjo-no-ar-facebook.png","type":"image\/png"}],"author":"rubens.meyer","twitter_card":"summary_large_image","twitter_misc":{"Escrito por":"rubens.meyer","Est. tempo de leitura":"1 minuto"},"schema":{"@context":"https:\/\/schema.org","@graph":[{"@type":"Article","@id":"https:\/\/www.oarcanjo.net\/site\/vaticano-lanca-canal-no-youtube\/#article","isPartOf":{"@id":"https:\/\/www.oarcanjo.net\/site\/vaticano-lanca-canal-no-youtube\/"},"author":{"name":"rubens.meyer","@id":"https:\/\/www.oarcanjo.net\/site\/#\/schema\/person\/8f702af457b0cfb4ac1a7228ee23f026"},"headline":"Vaticano lan\u00e7a canal no YouTube","datePublished":"2009-01-23T14:00:41+00:00","dateModified":"2009-02-24T14:11:32+00:00","mainEntityOfPage":{"@id":"https:\/\/www.oarcanjo.net\/site\/vaticano-lanca-canal-no-youtube\/"},"wordCount":183,"commentCount":0,"publisher":{"@id":"https:\/\/www.oarcanjo.net\/site\/#organization"},"keywords":["vaticano","YouTube"],"articleSection":["Not\u00edcias"],"inLanguage":"pt-BR","potentialAction":[{"@type":"CommentAction","name":"Comment","target":["https:\/\/www.oarcanjo.net\/site\/vaticano-lanca-canal-no-youtube\/#respond"]}]},{"@type":"WebPage","@id":"https:\/\/www.oarcanjo.net\/site\/vaticano-lanca-canal-no-youtube\/","url":"https:\/\/www.oarcanjo.net\/site\/vaticano-lanca-canal-no-youtube\/","name":"Vaticano lan\u00e7a canal no YouTube - O Arcanjo no ar","isPartOf":{"@id":"https:\/\/www.oarcanjo.net\/site\/#website"},"datePublished":"2009-01-23T14:00:41+00:00","dateModified":"2009-02-24T14:11:32+00:00","breadcrumb":{"@id":"https:\/\/www.oarcanjo.net\/site\/vaticano-lanca-canal-no-youtube\/#breadcrumb"},"inLanguage":"pt-BR","potentialAction":[{"@type":"ReadAction","target":["https:\/\/www.oarcanjo.net\/site\/vaticano-lanca-canal-no-youtube\/"]}]},{"@type":"BreadcrumbList","@id":"https:\/\/www.oarcanjo.net\/site\/vaticano-lanca-canal-no-youtube\/#breadcrumb","itemListElement":[{"@type":"ListItem","position":1,"name":"In\u00edcio","item":"https:\/\/www.oarcanjo.net\/site\/"},{"@type":"ListItem","position":2,"name":"Vaticano lan\u00e7a canal no YouTube"}]},{"@type":"WebSite","@id":"https:\/\/www.oarcanjo.net\/site\/#website","url":"https:\/\/www.oarcanjo.net\/site\/","name":"O Arcanjo no ar","description":"Site da Par\u00f3quia S\u00e3o Miguel Arcanjo (Arquidiocese de SP)","publisher":{"@id":"https:\/\/www.oarcanjo.net\/site\/#organization"},"potentialAction":[{"@type":"SearchAction","target":{"@type":"EntryPoint","urlTemplate":"https:\/\/www.oarcanjo.net\/site\/?s={search_term_string}"},"query-input":{"@type":"PropertyValueSpecification","valueRequired":true,"valueName":"search_term_string"}}],"inLanguage":"pt-BR"},{"@type":"Organization","@id":"https:\/\/www.oarcanjo.net\/site\/#organization","name":"Par\u00f3quia S\u00e3o Miguel Arcanjo","url":"https:\/\/www.oarcanjo.net\/site\/","logo":{"@type":"ImageObject","inLanguage":"pt-BR","@id":"https:\/\/www.oarcanjo.net\/site\/#\/schema\/logo\/image\/","url":"https:\/\/www.oarcanjo.net\/site\/wp-content\/uploads\/LogoOArcanjo.png","contentUrl":"https:\/\/www.oarcanjo.net\/site\/wp-content\/uploads\/LogoOArcanjo.png","width":319,"height":99,"caption":"Par\u00f3quia S\u00e3o Miguel Arcanjo"},"image":{"@id":"https:\/\/www.oarcanjo.net\/site\/#\/schema\/logo\/image\/"},"sameAs":["https:\/\/www.facebook.com\/OArcanjoNoAr\/"]},{"@type":"Person","@id":"https:\/\/www.oarcanjo.net\/site\/#\/schema\/person\/8f702af457b0cfb4ac1a7228ee23f026","name":"rubens.meyer"}]}},"publishpress_future_action":{"enabled":false,"date":"2026-05-08 18:06:32","action":"category","newStatus":"draft","terms":[],"taxonomy":"category"},"publishpress_future_workflow_manual_trigger":{"enabledWorkflows":[]},"_links":{"self":[{"href":"https:\/\/www.oarcanjo.net\/site\/wp-json\/wp\/v2\/posts\/1604"}],"collection":[{"href":"https:\/\/www.oarcanjo.net\/site\/wp-json\/wp\/v2\/posts"}],"about":[{"href":"https:\/\/www.oarcanjo.net\/site\/wp-json\/wp\/v2\/types\/post"}],"author":[{"embeddable":true,"href":"https:\/\/www.oarcanjo.net\/site\/wp-json\/wp\/v2\/users\/2"}],"replies":[{"embeddable":true,"href":"https:\/\/www.oarcanjo.net\/site\/wp-json\/wp\/v2\/comments?post=1604"}],"version-history":[{"count":0,"href":"https:\/\/www.oarcanjo.net\/site\/wp-json\/wp\/v2\/posts\/1604\/revisions"}],"wp:attachment":[{"href":"https:\/\/www.oarcanjo.net\/site\/wp-json\/wp\/v2\/media?parent=1604"}],"wp:term":[{"taxonomy":"category","embeddable":true,"href":"https:\/\/www.oarcanjo.net\/site\/wp-json\/wp\/v2\/categories?post=1604"},{"taxonomy":"post_tag","embeddable":true,"href":"https:\/\/www.oarcanjo.net\/site\/wp-json\/wp\/v2\/tags?post=1604"}],"curies":[{"name":"wp","href":"https:\/\/api.w.org\/{rel}","templated":true}]}}