
{"id":16074,"date":"2011-10-08T20:09:59","date_gmt":"2011-10-08T23:09:59","guid":{"rendered":"http:\/\/www.oarcanjo.net\/site\/?p=16074"},"modified":"2011-10-10T08:31:43","modified_gmt":"2011-10-10T11:31:43","slug":"quem-sao-os-convidados","status":"publish","type":"post","link":"https:\/\/www.oarcanjo.net\/site\/quem-sao-os-convidados\/","title":{"rendered":"Quem s\u00e3o os Convidados?"},"content":{"rendered":"<p>Neste Domingo, novamente, Jesus nos apresenta o Reino em par\u00e1bolas que provocam e convocam a nova maneira de ser,pensar e agir.<\/p>\n<p>A par\u00e1bola \u00e9 dirigida aos sacerdotes e anci\u00e3os do povo, \u00e0s autoridades, aos religiosos, aos que anunciam que cumprem a lei e a justi\u00e7a, que s\u00e3o piedosos e tementes a Deus.<\/p>\n<p>O Rei promove a festa; festa de casamento, bem preparada e com iguarias saborosas, tudo est\u00e1 pronto e os convidados n\u00e3o aceitam o convite e n\u00e3o querem participar da festa do Rei.<\/p>\n<p>N\u00c3O DERAM A MENOR ATEN\u00c7\u00c3O! Estavam preocupados consigo mesmos, com seu poder e seus neg\u00f3cios e at\u00e9 mataram e bateram nos mensageiros do Rei.<\/p>\n<p>Imagino a cara das autoridades ouvindo Jesus e encontrando seu lugar na par\u00e1bola.<br \/>\nEspelho de suas vidas e atitudes.<\/p>\n<p>O Rei indignado reagiu e enviou o convite para os que estavam nas ancruzilhadas das estradas da vida e a todos os que foram encontrados!!<\/p>\n<p>A festa \u00e9 para os que n\u00e3o foram convidados!! Os que estavam esquecidos e desconsiderados!<\/p>\n<p>Que reviravolta!!<br \/>\nO Reino \u00e9 assim!!<br \/>\nO Reino do contr\u00e1rio, do avesso, da transforma\u00e7\u00e3o.<br \/>\nOs novos convidados s\u00e3o chamados a revestir-se da justi\u00e7a do Reino, pois acreditam num banquete em que os escolhidos s\u00e3o os esquecidos!!<\/p>\n<p>O texto fala do Rei, do casamento do seu filho, do card\u00e1pio, dos convidados que n\u00e3o vieram, dos convidados que foram escolhidos mas n\u00e3o fala da noiva.<\/p>\n<p>Quem \u00e9 a noiva, chamada a desposar o Reino e a sua esperan\u00e7a de Justi\u00e7a? Pense e responda com sinceridade!<\/p>\n<p>httpv:\/\/www.youtube.com\/watch?v=ZYsTH0PO-T8<\/p>\n<div id=\"themify_builder_content-16074\" data-postid=\"16074\" class=\"themify_builder_content themify_builder_content-16074 themify_builder themify_builder_front\">\n\t<\/div>\n<!-- \/themify_builder_content -->","protected":false},"excerpt":{"rendered":"<p>Neste Domingo, novamente, Jesus nos apresenta o Reino em par\u00e1bolas que provocam e convocam a nova maneira de ser,pensar e agir. A par\u00e1bola \u00e9 dirigida aos sacerdotes e anci\u00e3os do povo, \u00e0s autoridades, aos religiosos, aos que anunciam que cumprem a lei e a justi\u00e7a, que s\u00e3o piedosos e tementes a Deus. O Rei promove [&hellip;]<\/p>\n","protected":false},"author":4,"featured_media":0,"comment_status":"open","ping_status":"open","sticky":false,"template":"","format":"standard","meta":{"ngg_post_thumbnail":0,"footnotes":""},"categories":[4,475],"tags":[],"yoast_head":"<!-- This site is optimized with the Yoast SEO plugin v23.5 - https:\/\/yoast.com\/wordpress\/plugins\/seo\/ -->\n<title>Quem s\u00e3o os Convidados? - O Arcanjo no ar<\/title>\n<meta name=\"robots\" content=\"index, follow, max-snippet:-1, max-image-preview:large, max-video-preview:-1\" \/>\n<link rel=\"canonical\" href=\"https:\/\/www.oarcanjo.net\/site\/quem-sao-os-convidados\/\" \/>\n<meta property=\"og:locale\" content=\"pt_BR\" \/>\n<meta property=\"og:type\" content=\"article\" \/>\n<meta property=\"og:title\" content=\"Quem s\u00e3o os Convidados? - O Arcanjo no ar\" \/>\n<meta property=\"og:description\" content=\"Neste Domingo, novamente, Jesus nos apresenta o Reino em par\u00e1bolas que provocam e convocam a nova maneira de ser,pensar e agir. A par\u00e1bola \u00e9 dirigida aos sacerdotes e anci\u00e3os do povo, \u00e0s autoridades, aos religiosos, aos que anunciam que cumprem a lei e a justi\u00e7a, que s\u00e3o piedosos e tementes a Deus. O Rei promove [&hellip;]\" \/>\n<meta property=\"og:url\" content=\"https:\/\/www.oarcanjo.net\/site\/quem-sao-os-convidados\/\" \/>\n<meta property=\"og:site_name\" content=\"O Arcanjo no ar\" \/>\n<meta property=\"article:publisher\" content=\"https:\/\/www.facebook.com\/OArcanjoNoAr\/\" \/>\n<meta property=\"article:published_time\" content=\"2011-10-08T23:09:59+00:00\" \/>\n<meta property=\"article:modified_time\" content=\"2011-10-10T11:31:43+00:00\" \/>\n<meta property=\"og:image\" content=\"https:\/\/www.oarcanjo.net\/site\/wp-content\/uploads\/logo-o-arcanjo-no-ar-facebook.png\" \/>\n\t<meta property=\"og:image:width\" content=\"300\" \/>\n\t<meta property=\"og:image:height\" content=\"300\" \/>\n\t<meta property=\"og:image:type\" content=\"image\/png\" \/>\n<meta name=\"author\" content=\"julio\" \/>\n<meta name=\"twitter:card\" content=\"summary_large_image\" \/>\n<meta name=\"twitter:label1\" content=\"Escrito por\" \/>\n\t<meta name=\"twitter:data1\" content=\"julio\" \/>\n\t<meta name=\"twitter:label2\" content=\"Est. tempo de leitura\" \/>\n\t<meta name=\"twitter:data2\" content=\"1 minuto\" \/>\n<script type=\"application\/ld+json\" class=\"yoast-schema-graph\">{\"@context\":\"https:\/\/schema.org\",\"@graph\":[{\"@type\":\"Article\",\"@id\":\"https:\/\/www.oarcanjo.net\/site\/quem-sao-os-convidados\/#article\",\"isPartOf\":{\"@id\":\"https:\/\/www.oarcanjo.net\/site\/quem-sao-os-convidados\/\"},\"author\":{\"name\":\"julio\",\"@id\":\"https:\/\/www.oarcanjo.net\/site\/#\/schema\/person\/d78ea01c648c91e29c364b516767079e\"},\"headline\":\"Quem s\u00e3o os Convidados?\",\"datePublished\":\"2011-10-08T23:09:59+00:00\",\"dateModified\":\"2011-10-10T11:31:43+00:00\",\"mainEntityOfPage\":{\"@id\":\"https:\/\/www.oarcanjo.net\/site\/quem-sao-os-convidados\/\"},\"wordCount\":282,\"commentCount\":2,\"publisher\":{\"@id\":\"https:\/\/www.oarcanjo.net\/site\/#organization\"},\"articleSection\":[\"Blog\",\"Homilias\"],\"inLanguage\":\"pt-BR\",\"potentialAction\":[{\"@type\":\"CommentAction\",\"name\":\"Comment\",\"target\":[\"https:\/\/www.oarcanjo.net\/site\/quem-sao-os-convidados\/#respond\"]}]},{\"@type\":\"WebPage\",\"@id\":\"https:\/\/www.oarcanjo.net\/site\/quem-sao-os-convidados\/\",\"url\":\"https:\/\/www.oarcanjo.net\/site\/quem-sao-os-convidados\/\",\"name\":\"Quem s\u00e3o os Convidados? - O Arcanjo no ar\",\"isPartOf\":{\"@id\":\"https:\/\/www.oarcanjo.net\/site\/#website\"},\"datePublished\":\"2011-10-08T23:09:59+00:00\",\"dateModified\":\"2011-10-10T11:31:43+00:00\",\"breadcrumb\":{\"@id\":\"https:\/\/www.oarcanjo.net\/site\/quem-sao-os-convidados\/#breadcrumb\"},\"inLanguage\":\"pt-BR\",\"potentialAction\":[{\"@type\":\"ReadAction\",\"target\":[\"https:\/\/www.oarcanjo.net\/site\/quem-sao-os-convidados\/\"]}]},{\"@type\":\"BreadcrumbList\",\"@id\":\"https:\/\/www.oarcanjo.net\/site\/quem-sao-os-convidados\/#breadcrumb\",\"itemListElement\":[{\"@type\":\"ListItem\",\"position\":1,\"name\":\"In\u00edcio\",\"item\":\"https:\/\/www.oarcanjo.net\/site\/\"},{\"@type\":\"ListItem\",\"position\":2,\"name\":\"Quem s\u00e3o os Convidados?\"}]},{\"@type\":\"WebSite\",\"@id\":\"https:\/\/www.oarcanjo.net\/site\/#website\",\"url\":\"https:\/\/www.oarcanjo.net\/site\/\",\"name\":\"O Arcanjo no ar\",\"description\":\"Site da Par\u00f3quia S\u00e3o Miguel Arcanjo (Arquidiocese de SP)\",\"publisher\":{\"@id\":\"https:\/\/www.oarcanjo.net\/site\/#organization\"},\"potentialAction\":[{\"@type\":\"SearchAction\",\"target\":{\"@type\":\"EntryPoint\",\"urlTemplate\":\"https:\/\/www.oarcanjo.net\/site\/?s={search_term_string}\"},\"query-input\":{\"@type\":\"PropertyValueSpecification\",\"valueRequired\":true,\"valueName\":\"search_term_string\"}}],\"inLanguage\":\"pt-BR\"},{\"@type\":\"Organization\",\"@id\":\"https:\/\/www.oarcanjo.net\/site\/#organization\",\"name\":\"Par\u00f3quia S\u00e3o Miguel Arcanjo\",\"url\":\"https:\/\/www.oarcanjo.net\/site\/\",\"logo\":{\"@type\":\"ImageObject\",\"inLanguage\":\"pt-BR\",\"@id\":\"https:\/\/www.oarcanjo.net\/site\/#\/schema\/logo\/image\/\",\"url\":\"https:\/\/www.oarcanjo.net\/site\/wp-content\/uploads\/LogoOArcanjo.png\",\"contentUrl\":\"https:\/\/www.oarcanjo.net\/site\/wp-content\/uploads\/LogoOArcanjo.png\",\"width\":319,\"height\":99,\"caption\":\"Par\u00f3quia S\u00e3o Miguel Arcanjo\"},\"image\":{\"@id\":\"https:\/\/www.oarcanjo.net\/site\/#\/schema\/logo\/image\/\"},\"sameAs\":[\"https:\/\/www.facebook.com\/OArcanjoNoAr\/\"]},{\"@type\":\"Person\",\"@id\":\"https:\/\/www.oarcanjo.net\/site\/#\/schema\/person\/d78ea01c648c91e29c364b516767079e\",\"name\":\"julio\",\"sameAs\":[\"http:\/\/www.oarcanjo.net\"]}]}<\/script>\n<!-- \/ Yoast SEO plugin. -->","yoast_head_json":{"title":"Quem s\u00e3o os Convidados? - O Arcanjo no ar","robots":{"index":"index","follow":"follow","max-snippet":"max-snippet:-1","max-image-preview":"max-image-preview:large","max-video-preview":"max-video-preview:-1"},"canonical":"https:\/\/www.oarcanjo.net\/site\/quem-sao-os-convidados\/","og_locale":"pt_BR","og_type":"article","og_title":"Quem s\u00e3o os Convidados? - O Arcanjo no ar","og_description":"Neste Domingo, novamente, Jesus nos apresenta o Reino em par\u00e1bolas que provocam e convocam a nova maneira de ser,pensar e agir. A par\u00e1bola \u00e9 dirigida aos sacerdotes e anci\u00e3os do povo, \u00e0s autoridades, aos religiosos, aos que anunciam que cumprem a lei e a justi\u00e7a, que s\u00e3o piedosos e tementes a Deus. O Rei promove [&hellip;]","og_url":"https:\/\/www.oarcanjo.net\/site\/quem-sao-os-convidados\/","og_site_name":"O Arcanjo no ar","article_publisher":"https:\/\/www.facebook.com\/OArcanjoNoAr\/","article_published_time":"2011-10-08T23:09:59+00:00","article_modified_time":"2011-10-10T11:31:43+00:00","og_image":[{"width":300,"height":300,"url":"https:\/\/www.oarcanjo.net\/site\/wp-content\/uploads\/logo-o-arcanjo-no-ar-facebook.png","type":"image\/png"}],"author":"julio","twitter_card":"summary_large_image","twitter_misc":{"Escrito por":"julio","Est. tempo de leitura":"1 minuto"},"schema":{"@context":"https:\/\/schema.org","@graph":[{"@type":"Article","@id":"https:\/\/www.oarcanjo.net\/site\/quem-sao-os-convidados\/#article","isPartOf":{"@id":"https:\/\/www.oarcanjo.net\/site\/quem-sao-os-convidados\/"},"author":{"name":"julio","@id":"https:\/\/www.oarcanjo.net\/site\/#\/schema\/person\/d78ea01c648c91e29c364b516767079e"},"headline":"Quem s\u00e3o os Convidados?","datePublished":"2011-10-08T23:09:59+00:00","dateModified":"2011-10-10T11:31:43+00:00","mainEntityOfPage":{"@id":"https:\/\/www.oarcanjo.net\/site\/quem-sao-os-convidados\/"},"wordCount":282,"commentCount":2,"publisher":{"@id":"https:\/\/www.oarcanjo.net\/site\/#organization"},"articleSection":["Blog","Homilias"],"inLanguage":"pt-BR","potentialAction":[{"@type":"CommentAction","name":"Comment","target":["https:\/\/www.oarcanjo.net\/site\/quem-sao-os-convidados\/#respond"]}]},{"@type":"WebPage","@id":"https:\/\/www.oarcanjo.net\/site\/quem-sao-os-convidados\/","url":"https:\/\/www.oarcanjo.net\/site\/quem-sao-os-convidados\/","name":"Quem s\u00e3o os Convidados? - O Arcanjo no ar","isPartOf":{"@id":"https:\/\/www.oarcanjo.net\/site\/#website"},"datePublished":"2011-10-08T23:09:59+00:00","dateModified":"2011-10-10T11:31:43+00:00","breadcrumb":{"@id":"https:\/\/www.oarcanjo.net\/site\/quem-sao-os-convidados\/#breadcrumb"},"inLanguage":"pt-BR","potentialAction":[{"@type":"ReadAction","target":["https:\/\/www.oarcanjo.net\/site\/quem-sao-os-convidados\/"]}]},{"@type":"BreadcrumbList","@id":"https:\/\/www.oarcanjo.net\/site\/quem-sao-os-convidados\/#breadcrumb","itemListElement":[{"@type":"ListItem","position":1,"name":"In\u00edcio","item":"https:\/\/www.oarcanjo.net\/site\/"},{"@type":"ListItem","position":2,"name":"Quem s\u00e3o os Convidados?"}]},{"@type":"WebSite","@id":"https:\/\/www.oarcanjo.net\/site\/#website","url":"https:\/\/www.oarcanjo.net\/site\/","name":"O Arcanjo no ar","description":"Site da Par\u00f3quia S\u00e3o Miguel Arcanjo (Arquidiocese de SP)","publisher":{"@id":"https:\/\/www.oarcanjo.net\/site\/#organization"},"potentialAction":[{"@type":"SearchAction","target":{"@type":"EntryPoint","urlTemplate":"https:\/\/www.oarcanjo.net\/site\/?s={search_term_string}"},"query-input":{"@type":"PropertyValueSpecification","valueRequired":true,"valueName":"search_term_string"}}],"inLanguage":"pt-BR"},{"@type":"Organization","@id":"https:\/\/www.oarcanjo.net\/site\/#organization","name":"Par\u00f3quia S\u00e3o Miguel Arcanjo","url":"https:\/\/www.oarcanjo.net\/site\/","logo":{"@type":"ImageObject","inLanguage":"pt-BR","@id":"https:\/\/www.oarcanjo.net\/site\/#\/schema\/logo\/image\/","url":"https:\/\/www.oarcanjo.net\/site\/wp-content\/uploads\/LogoOArcanjo.png","contentUrl":"https:\/\/www.oarcanjo.net\/site\/wp-content\/uploads\/LogoOArcanjo.png","width":319,"height":99,"caption":"Par\u00f3quia S\u00e3o Miguel Arcanjo"},"image":{"@id":"https:\/\/www.oarcanjo.net\/site\/#\/schema\/logo\/image\/"},"sameAs":["https:\/\/www.facebook.com\/OArcanjoNoAr\/"]},{"@type":"Person","@id":"https:\/\/www.oarcanjo.net\/site\/#\/schema\/person\/d78ea01c648c91e29c364b516767079e","name":"julio","sameAs":["http:\/\/www.oarcanjo.net"]}]}},"publishpress_future_action":{"enabled":false,"date":"2026-05-09 10:25:22","action":"category","newStatus":"draft","terms":[],"taxonomy":"category"},"publishpress_future_workflow_manual_trigger":{"enabledWorkflows":[]},"_links":{"self":[{"href":"https:\/\/www.oarcanjo.net\/site\/wp-json\/wp\/v2\/posts\/16074"}],"collection":[{"href":"https:\/\/www.oarcanjo.net\/site\/wp-json\/wp\/v2\/posts"}],"about":[{"href":"https:\/\/www.oarcanjo.net\/site\/wp-json\/wp\/v2\/types\/post"}],"author":[{"embeddable":true,"href":"https:\/\/www.oarcanjo.net\/site\/wp-json\/wp\/v2\/users\/4"}],"replies":[{"embeddable":true,"href":"https:\/\/www.oarcanjo.net\/site\/wp-json\/wp\/v2\/comments?post=16074"}],"version-history":[{"count":0,"href":"https:\/\/www.oarcanjo.net\/site\/wp-json\/wp\/v2\/posts\/16074\/revisions"}],"wp:attachment":[{"href":"https:\/\/www.oarcanjo.net\/site\/wp-json\/wp\/v2\/media?parent=16074"}],"wp:term":[{"taxonomy":"category","embeddable":true,"href":"https:\/\/www.oarcanjo.net\/site\/wp-json\/wp\/v2\/categories?post=16074"},{"taxonomy":"post_tag","embeddable":true,"href":"https:\/\/www.oarcanjo.net\/site\/wp-json\/wp\/v2\/tags?post=16074"}],"curies":[{"name":"wp","href":"https:\/\/api.w.org\/{rel}","templated":true}]}}