
{"id":16081,"date":"2011-10-10T08:37:04","date_gmt":"2011-10-10T11:37:04","guid":{"rendered":"http:\/\/www.oarcanjo.net\/site\/?p=16081"},"modified":"2011-10-13T07:51:58","modified_gmt":"2011-10-13T10:51:58","slug":"a-comunidade-canta-em-homenagem-a-nossa-senhora-aparecida","status":"publish","type":"post","link":"https:\/\/www.oarcanjo.net\/site\/a-comunidade-canta-em-homenagem-a-nossa-senhora-aparecida\/","title":{"rendered":"A comunidade canta em homenagem a Nossa Senhora Aparecida"},"content":{"rendered":"<p>A comunidade S\u00e3o Miguel Arcanjo homenageou Nossa Senhora Aparecida, cuja festa ser\u00e1 comemorada na quarta-feira, 12\/10. No final da missa de domingo, os participantes cantaram enquanto o Pe. Julio percorreu a igreja com uma imagem de Maria:<\/p>\n<p>httpv:\/\/www.youtube.com\/watch?v=trSUiUeiBTg<\/p>\n<p>No dia da festa de Nossa Senhora Aparecida, haver\u00e1 missas \u00e0s 7h e \u00e0s 19h30 &#8211; veja no final dos avisos da semana:<\/p>\n<p>httpv:\/\/www.youtube.com\/watch?v=S7W8bq-zW0A<\/p>\n<div id=\"themify_builder_content-16081\" data-postid=\"16081\" class=\"themify_builder_content themify_builder_content-16081 themify_builder themify_builder_front\">\n\t<\/div>\n<!-- \/themify_builder_content -->","protected":false},"excerpt":{"rendered":"<p>A comunidade S\u00e3o Miguel Arcanjo homenageou Nossa Senhora Aparecida, cuja festa ser\u00e1 comemorada na quarta-feira, 12\/10. No final da missa de domingo, os participantes cantaram enquanto o Pe. Julio percorreu a igreja com uma imagem de Maria: httpv:\/\/www.youtube.com\/watch?v=trSUiUeiBTg No dia da festa de Nossa Senhora Aparecida, haver\u00e1 missas \u00e0s 7h e \u00e0s 19h30 &#8211; veja [&hellip;]<\/p>\n","protected":false},"author":5,"featured_media":0,"comment_status":"open","ping_status":"open","sticky":false,"template":"","format":"standard","meta":{"ngg_post_thumbnail":0,"footnotes":""},"categories":[476,8,7],"tags":[1733,349,1144,2079],"yoast_head":"<!-- This site is optimized with the Yoast SEO plugin v23.5 - https:\/\/yoast.com\/wordpress\/plugins\/seo\/ -->\n<title>A comunidade canta em homenagem a Nossa Senhora Aparecida - O Arcanjo no ar<\/title>\n<meta name=\"robots\" content=\"index, follow, max-snippet:-1, max-image-preview:large, max-video-preview:-1\" \/>\n<link rel=\"canonical\" href=\"https:\/\/www.oarcanjo.net\/site\/a-comunidade-canta-em-homenagem-a-nossa-senhora-aparecida\/\" \/>\n<meta property=\"og:locale\" content=\"pt_BR\" \/>\n<meta property=\"og:type\" content=\"article\" \/>\n<meta property=\"og:title\" content=\"A comunidade canta em homenagem a Nossa Senhora Aparecida - O Arcanjo no ar\" \/>\n<meta property=\"og:description\" content=\"A comunidade S\u00e3o Miguel Arcanjo homenageou Nossa Senhora Aparecida, cuja festa ser\u00e1 comemorada na quarta-feira, 12\/10. No final da missa de domingo, os participantes cantaram enquanto o Pe. Julio percorreu a igreja com uma imagem de Maria: httpv:\/\/www.youtube.com\/watch?v=trSUiUeiBTg No dia da festa de Nossa Senhora Aparecida, haver\u00e1 missas \u00e0s 7h e \u00e0s 19h30 &#8211; veja [&hellip;]\" \/>\n<meta property=\"og:url\" content=\"https:\/\/www.oarcanjo.net\/site\/a-comunidade-canta-em-homenagem-a-nossa-senhora-aparecida\/\" \/>\n<meta property=\"og:site_name\" content=\"O Arcanjo no ar\" \/>\n<meta property=\"article:publisher\" content=\"https:\/\/www.facebook.com\/OArcanjoNoAr\/\" \/>\n<meta property=\"article:published_time\" content=\"2011-10-10T11:37:04+00:00\" \/>\n<meta property=\"article:modified_time\" content=\"2011-10-13T10:51:58+00:00\" \/>\n<meta property=\"og:image\" content=\"https:\/\/www.oarcanjo.net\/site\/wp-content\/uploads\/logo-o-arcanjo-no-ar-facebook.png\" \/>\n\t<meta property=\"og:image:width\" content=\"300\" \/>\n\t<meta property=\"og:image:height\" content=\"300\" \/>\n\t<meta property=\"og:image:type\" content=\"image\/png\" \/>\n<meta name=\"author\" content=\"editor\" \/>\n<meta name=\"twitter:card\" content=\"summary_large_image\" \/>\n<meta name=\"twitter:label1\" content=\"Escrito por\" \/>\n\t<meta name=\"twitter:data1\" content=\"editor\" \/>\n<script type=\"application\/ld+json\" class=\"yoast-schema-graph\">{\"@context\":\"https:\/\/schema.org\",\"@graph\":[{\"@type\":\"Article\",\"@id\":\"https:\/\/www.oarcanjo.net\/site\/a-comunidade-canta-em-homenagem-a-nossa-senhora-aparecida\/#article\",\"isPartOf\":{\"@id\":\"https:\/\/www.oarcanjo.net\/site\/a-comunidade-canta-em-homenagem-a-nossa-senhora-aparecida\/\"},\"author\":{\"name\":\"editor\",\"@id\":\"https:\/\/www.oarcanjo.net\/site\/#\/schema\/person\/f7024d007863202483a31326673a0838\"},\"headline\":\"A comunidade canta em homenagem a Nossa Senhora Aparecida\",\"datePublished\":\"2011-10-10T11:37:04+00:00\",\"dateModified\":\"2011-10-13T10:51:58+00:00\",\"mainEntityOfPage\":{\"@id\":\"https:\/\/www.oarcanjo.net\/site\/a-comunidade-canta-em-homenagem-a-nossa-senhora-aparecida\/\"},\"wordCount\":86,\"commentCount\":1,\"publisher\":{\"@id\":\"https:\/\/www.oarcanjo.net\/site\/#organization\"},\"keywords\":[\"12 de outubro\",\"Maria\",\"Nossa Senhora Aparecida\",\"Romaria\"],\"articleSection\":[\"Avisos\",\"Not\u00edcias\",\"Rosto da comunidade\"],\"inLanguage\":\"pt-BR\",\"potentialAction\":[{\"@type\":\"CommentAction\",\"name\":\"Comment\",\"target\":[\"https:\/\/www.oarcanjo.net\/site\/a-comunidade-canta-em-homenagem-a-nossa-senhora-aparecida\/#respond\"]}]},{\"@type\":\"WebPage\",\"@id\":\"https:\/\/www.oarcanjo.net\/site\/a-comunidade-canta-em-homenagem-a-nossa-senhora-aparecida\/\",\"url\":\"https:\/\/www.oarcanjo.net\/site\/a-comunidade-canta-em-homenagem-a-nossa-senhora-aparecida\/\",\"name\":\"A comunidade canta em homenagem a Nossa Senhora Aparecida - O Arcanjo no ar\",\"isPartOf\":{\"@id\":\"https:\/\/www.oarcanjo.net\/site\/#website\"},\"datePublished\":\"2011-10-10T11:37:04+00:00\",\"dateModified\":\"2011-10-13T10:51:58+00:00\",\"breadcrumb\":{\"@id\":\"https:\/\/www.oarcanjo.net\/site\/a-comunidade-canta-em-homenagem-a-nossa-senhora-aparecida\/#breadcrumb\"},\"inLanguage\":\"pt-BR\",\"potentialAction\":[{\"@type\":\"ReadAction\",\"target\":[\"https:\/\/www.oarcanjo.net\/site\/a-comunidade-canta-em-homenagem-a-nossa-senhora-aparecida\/\"]}]},{\"@type\":\"BreadcrumbList\",\"@id\":\"https:\/\/www.oarcanjo.net\/site\/a-comunidade-canta-em-homenagem-a-nossa-senhora-aparecida\/#breadcrumb\",\"itemListElement\":[{\"@type\":\"ListItem\",\"position\":1,\"name\":\"In\u00edcio\",\"item\":\"https:\/\/www.oarcanjo.net\/site\/\"},{\"@type\":\"ListItem\",\"position\":2,\"name\":\"A comunidade canta em homenagem a Nossa Senhora Aparecida\"}]},{\"@type\":\"WebSite\",\"@id\":\"https:\/\/www.oarcanjo.net\/site\/#website\",\"url\":\"https:\/\/www.oarcanjo.net\/site\/\",\"name\":\"O Arcanjo no ar\",\"description\":\"Site da Par\u00f3quia S\u00e3o Miguel Arcanjo (Arquidiocese de SP)\",\"publisher\":{\"@id\":\"https:\/\/www.oarcanjo.net\/site\/#organization\"},\"potentialAction\":[{\"@type\":\"SearchAction\",\"target\":{\"@type\":\"EntryPoint\",\"urlTemplate\":\"https:\/\/www.oarcanjo.net\/site\/?s={search_term_string}\"},\"query-input\":{\"@type\":\"PropertyValueSpecification\",\"valueRequired\":true,\"valueName\":\"search_term_string\"}}],\"inLanguage\":\"pt-BR\"},{\"@type\":\"Organization\",\"@id\":\"https:\/\/www.oarcanjo.net\/site\/#organization\",\"name\":\"Par\u00f3quia S\u00e3o Miguel Arcanjo\",\"url\":\"https:\/\/www.oarcanjo.net\/site\/\",\"logo\":{\"@type\":\"ImageObject\",\"inLanguage\":\"pt-BR\",\"@id\":\"https:\/\/www.oarcanjo.net\/site\/#\/schema\/logo\/image\/\",\"url\":\"https:\/\/www.oarcanjo.net\/site\/wp-content\/uploads\/LogoOArcanjo.png\",\"contentUrl\":\"https:\/\/www.oarcanjo.net\/site\/wp-content\/uploads\/LogoOArcanjo.png\",\"width\":319,\"height\":99,\"caption\":\"Par\u00f3quia S\u00e3o Miguel Arcanjo\"},\"image\":{\"@id\":\"https:\/\/www.oarcanjo.net\/site\/#\/schema\/logo\/image\/\"},\"sameAs\":[\"https:\/\/www.facebook.com\/OArcanjoNoAr\/\"]},{\"@type\":\"Person\",\"@id\":\"https:\/\/www.oarcanjo.net\/site\/#\/schema\/person\/f7024d007863202483a31326673a0838\",\"name\":\"editor\",\"sameAs\":[\"http:\/\/www.oarcanjo.net\"]}]}<\/script>\n<!-- \/ Yoast SEO plugin. -->","yoast_head_json":{"title":"A comunidade canta em homenagem a Nossa Senhora Aparecida - O Arcanjo no ar","robots":{"index":"index","follow":"follow","max-snippet":"max-snippet:-1","max-image-preview":"max-image-preview:large","max-video-preview":"max-video-preview:-1"},"canonical":"https:\/\/www.oarcanjo.net\/site\/a-comunidade-canta-em-homenagem-a-nossa-senhora-aparecida\/","og_locale":"pt_BR","og_type":"article","og_title":"A comunidade canta em homenagem a Nossa Senhora Aparecida - O Arcanjo no ar","og_description":"A comunidade S\u00e3o Miguel Arcanjo homenageou Nossa Senhora Aparecida, cuja festa ser\u00e1 comemorada na quarta-feira, 12\/10. No final da missa de domingo, os participantes cantaram enquanto o Pe. Julio percorreu a igreja com uma imagem de Maria: httpv:\/\/www.youtube.com\/watch?v=trSUiUeiBTg No dia da festa de Nossa Senhora Aparecida, haver\u00e1 missas \u00e0s 7h e \u00e0s 19h30 &#8211; veja [&hellip;]","og_url":"https:\/\/www.oarcanjo.net\/site\/a-comunidade-canta-em-homenagem-a-nossa-senhora-aparecida\/","og_site_name":"O Arcanjo no ar","article_publisher":"https:\/\/www.facebook.com\/OArcanjoNoAr\/","article_published_time":"2011-10-10T11:37:04+00:00","article_modified_time":"2011-10-13T10:51:58+00:00","og_image":[{"width":300,"height":300,"url":"https:\/\/www.oarcanjo.net\/site\/wp-content\/uploads\/logo-o-arcanjo-no-ar-facebook.png","type":"image\/png"}],"author":"editor","twitter_card":"summary_large_image","twitter_misc":{"Escrito por":"editor"},"schema":{"@context":"https:\/\/schema.org","@graph":[{"@type":"Article","@id":"https:\/\/www.oarcanjo.net\/site\/a-comunidade-canta-em-homenagem-a-nossa-senhora-aparecida\/#article","isPartOf":{"@id":"https:\/\/www.oarcanjo.net\/site\/a-comunidade-canta-em-homenagem-a-nossa-senhora-aparecida\/"},"author":{"name":"editor","@id":"https:\/\/www.oarcanjo.net\/site\/#\/schema\/person\/f7024d007863202483a31326673a0838"},"headline":"A comunidade canta em homenagem a Nossa Senhora Aparecida","datePublished":"2011-10-10T11:37:04+00:00","dateModified":"2011-10-13T10:51:58+00:00","mainEntityOfPage":{"@id":"https:\/\/www.oarcanjo.net\/site\/a-comunidade-canta-em-homenagem-a-nossa-senhora-aparecida\/"},"wordCount":86,"commentCount":1,"publisher":{"@id":"https:\/\/www.oarcanjo.net\/site\/#organization"},"keywords":["12 de outubro","Maria","Nossa Senhora Aparecida","Romaria"],"articleSection":["Avisos","Not\u00edcias","Rosto da comunidade"],"inLanguage":"pt-BR","potentialAction":[{"@type":"CommentAction","name":"Comment","target":["https:\/\/www.oarcanjo.net\/site\/a-comunidade-canta-em-homenagem-a-nossa-senhora-aparecida\/#respond"]}]},{"@type":"WebPage","@id":"https:\/\/www.oarcanjo.net\/site\/a-comunidade-canta-em-homenagem-a-nossa-senhora-aparecida\/","url":"https:\/\/www.oarcanjo.net\/site\/a-comunidade-canta-em-homenagem-a-nossa-senhora-aparecida\/","name":"A comunidade canta em homenagem a Nossa Senhora Aparecida - O Arcanjo no ar","isPartOf":{"@id":"https:\/\/www.oarcanjo.net\/site\/#website"},"datePublished":"2011-10-10T11:37:04+00:00","dateModified":"2011-10-13T10:51:58+00:00","breadcrumb":{"@id":"https:\/\/www.oarcanjo.net\/site\/a-comunidade-canta-em-homenagem-a-nossa-senhora-aparecida\/#breadcrumb"},"inLanguage":"pt-BR","potentialAction":[{"@type":"ReadAction","target":["https:\/\/www.oarcanjo.net\/site\/a-comunidade-canta-em-homenagem-a-nossa-senhora-aparecida\/"]}]},{"@type":"BreadcrumbList","@id":"https:\/\/www.oarcanjo.net\/site\/a-comunidade-canta-em-homenagem-a-nossa-senhora-aparecida\/#breadcrumb","itemListElement":[{"@type":"ListItem","position":1,"name":"In\u00edcio","item":"https:\/\/www.oarcanjo.net\/site\/"},{"@type":"ListItem","position":2,"name":"A comunidade canta em homenagem a Nossa Senhora Aparecida"}]},{"@type":"WebSite","@id":"https:\/\/www.oarcanjo.net\/site\/#website","url":"https:\/\/www.oarcanjo.net\/site\/","name":"O Arcanjo no ar","description":"Site da Par\u00f3quia S\u00e3o Miguel Arcanjo (Arquidiocese de SP)","publisher":{"@id":"https:\/\/www.oarcanjo.net\/site\/#organization"},"potentialAction":[{"@type":"SearchAction","target":{"@type":"EntryPoint","urlTemplate":"https:\/\/www.oarcanjo.net\/site\/?s={search_term_string}"},"query-input":{"@type":"PropertyValueSpecification","valueRequired":true,"valueName":"search_term_string"}}],"inLanguage":"pt-BR"},{"@type":"Organization","@id":"https:\/\/www.oarcanjo.net\/site\/#organization","name":"Par\u00f3quia S\u00e3o Miguel Arcanjo","url":"https:\/\/www.oarcanjo.net\/site\/","logo":{"@type":"ImageObject","inLanguage":"pt-BR","@id":"https:\/\/www.oarcanjo.net\/site\/#\/schema\/logo\/image\/","url":"https:\/\/www.oarcanjo.net\/site\/wp-content\/uploads\/LogoOArcanjo.png","contentUrl":"https:\/\/www.oarcanjo.net\/site\/wp-content\/uploads\/LogoOArcanjo.png","width":319,"height":99,"caption":"Par\u00f3quia S\u00e3o Miguel Arcanjo"},"image":{"@id":"https:\/\/www.oarcanjo.net\/site\/#\/schema\/logo\/image\/"},"sameAs":["https:\/\/www.facebook.com\/OArcanjoNoAr\/"]},{"@type":"Person","@id":"https:\/\/www.oarcanjo.net\/site\/#\/schema\/person\/f7024d007863202483a31326673a0838","name":"editor","sameAs":["http:\/\/www.oarcanjo.net"]}]}},"publishpress_future_action":{"enabled":false,"date":"2026-05-07 14:34:29","action":"category","newStatus":"draft","terms":[],"taxonomy":"category"},"publishpress_future_workflow_manual_trigger":{"enabledWorkflows":[]},"_links":{"self":[{"href":"https:\/\/www.oarcanjo.net\/site\/wp-json\/wp\/v2\/posts\/16081"}],"collection":[{"href":"https:\/\/www.oarcanjo.net\/site\/wp-json\/wp\/v2\/posts"}],"about":[{"href":"https:\/\/www.oarcanjo.net\/site\/wp-json\/wp\/v2\/types\/post"}],"author":[{"embeddable":true,"href":"https:\/\/www.oarcanjo.net\/site\/wp-json\/wp\/v2\/users\/5"}],"replies":[{"embeddable":true,"href":"https:\/\/www.oarcanjo.net\/site\/wp-json\/wp\/v2\/comments?post=16081"}],"version-history":[{"count":0,"href":"https:\/\/www.oarcanjo.net\/site\/wp-json\/wp\/v2\/posts\/16081\/revisions"}],"wp:attachment":[{"href":"https:\/\/www.oarcanjo.net\/site\/wp-json\/wp\/v2\/media?parent=16081"}],"wp:term":[{"taxonomy":"category","embeddable":true,"href":"https:\/\/www.oarcanjo.net\/site\/wp-json\/wp\/v2\/categories?post=16081"},{"taxonomy":"post_tag","embeddable":true,"href":"https:\/\/www.oarcanjo.net\/site\/wp-json\/wp\/v2\/tags?post=16081"}],"curies":[{"name":"wp","href":"https:\/\/api.w.org\/{rel}","templated":true}]}}