
{"id":1615,"date":"2009-01-25T22:00:58","date_gmt":"2009-01-26T00:00:58","guid":{"rendered":"http:\/\/www.oarcanjo.net\/site\/?p=1615"},"modified":"2009-02-25T01:35:24","modified_gmt":"2009-02-25T04:35:24","slug":"batizado-25-de-janeiro-de-2009","status":"publish","type":"post","link":"https:\/\/www.oarcanjo.net\/site\/batizado-25-de-janeiro-de-2009\/","title":{"rendered":"Batizado &#8211; 25 de janeiro de 2009"},"content":{"rendered":"<p>Na celebra\u00e7\u00e3o de S\u00e3o Paulo, tivemos o batizado de mais dezesseis crian\u00e7as na Capela S\u00e3o Judas Tadeu. S\u00e3o elas: Alycia, Amanda, Clara, Fernanda, Gabriel, Gustavo, Guilherme, Helena, Kiane, La\u00eds, Leonardo, Manoela, Murilo, Pietra, Rafael e Sabrina.<\/p>\n<p>No Evangelho do dia: <em>\u201cIde pelo mundo inteiro e anunciai o evangelho\u201d<\/em> (Mc 16,15)<\/p>\n<p>A liturgia desse dia tem para a Igreja de S\u00e3o Paulo um significado muito denso e um teor festivo denotado, pois al\u00e9m de comemorarmos o ano paulino, estamos celebrando a festa do nosso padroeiro Arquidiocesano. Esta festa nos incentiva a assumir nossa voca\u00e7\u00e3o mission\u00e1ria, pois o Ap\u00f3stolo Paulo foi escolhido para testemunhar o Cristo a todos os povos, sendo especialmente encarregado de ir pelo mundo inteiro, anunciando o Evangelho a toda criatura. (O Povo de Deus)<\/p>\n<p>Parab\u00e9ns para a Comunidade que ganhou novos filhos.<\/p>\n<p>Veja abaixo as fotos da celebra\u00e7\u00e3o:<br \/>ngg_shortcode_0_placeholder\n<p><em>Fotos de Carlos Alberto Beatriz<\/em>.<\/p>\n<div id=\"themify_builder_content-1615\" data-postid=\"1615\" class=\"themify_builder_content themify_builder_content-1615 themify_builder themify_builder_front\">\n\t<\/div>\n<!-- \/themify_builder_content -->","protected":false},"excerpt":{"rendered":"<p>Na celebra\u00e7\u00e3o de S\u00e3o Paulo, tivemos o batizado de mais dezesseis crian\u00e7as na Capela S\u00e3o Judas Tadeu. S\u00e3o elas: Alycia, Amanda, Clara, Fernanda, Gabriel, Gustavo, Guilherme, Helena, Kiane, La\u00eds, Leonardo, Manoela, Murilo, Pietra, Rafael e Sabrina. No Evangelho do dia: \u201cIde pelo mundo inteiro e anunciai o evangelho\u201d (Mc 16,15) A liturgia desse dia tem [&hellip;]<\/p>\n","protected":false},"author":5,"featured_media":0,"comment_status":"open","ping_status":"open","sticky":false,"template":"","format":"standard","meta":{"ngg_post_thumbnail":0,"footnotes":""},"categories":[8],"tags":[154],"yoast_head":"<!-- This site is optimized with the Yoast SEO plugin v23.5 - https:\/\/yoast.com\/wordpress\/plugins\/seo\/ -->\n<title>Batizado - 25 de janeiro de 2009 - O Arcanjo no ar<\/title>\n<meta name=\"robots\" content=\"index, follow, max-snippet:-1, max-image-preview:large, max-video-preview:-1\" \/>\n<link rel=\"canonical\" href=\"https:\/\/www.oarcanjo.net\/site\/batizado-25-de-janeiro-de-2009\/\" \/>\n<meta property=\"og:locale\" content=\"pt_BR\" \/>\n<meta property=\"og:type\" content=\"article\" \/>\n<meta property=\"og:title\" content=\"Batizado - 25 de janeiro de 2009 - O Arcanjo no ar\" \/>\n<meta property=\"og:description\" content=\"Na celebra\u00e7\u00e3o de S\u00e3o Paulo, tivemos o batizado de mais dezesseis crian\u00e7as na Capela S\u00e3o Judas Tadeu. S\u00e3o elas: Alycia, Amanda, Clara, Fernanda, Gabriel, Gustavo, Guilherme, Helena, Kiane, La\u00eds, Leonardo, Manoela, Murilo, Pietra, Rafael e Sabrina. No Evangelho do dia: \u201cIde pelo mundo inteiro e anunciai o evangelho\u201d (Mc 16,15) A liturgia desse dia tem [&hellip;]\" \/>\n<meta property=\"og:url\" content=\"https:\/\/www.oarcanjo.net\/site\/batizado-25-de-janeiro-de-2009\/\" \/>\n<meta property=\"og:site_name\" content=\"O Arcanjo no ar\" \/>\n<meta property=\"article:publisher\" content=\"https:\/\/www.facebook.com\/OArcanjoNoAr\/\" \/>\n<meta property=\"article:published_time\" content=\"2009-01-26T00:00:58+00:00\" \/>\n<meta property=\"article:modified_time\" content=\"2009-02-25T04:35:24+00:00\" \/>\n<meta property=\"og:image\" content=\"https:\/\/www.oarcanjo.net\/site\/wp-content\/uploads\/logo-o-arcanjo-no-ar-facebook.png\" \/>\n\t<meta property=\"og:image:width\" content=\"300\" \/>\n\t<meta property=\"og:image:height\" content=\"300\" \/>\n\t<meta property=\"og:image:type\" content=\"image\/png\" \/>\n<meta name=\"author\" content=\"editor\" \/>\n<meta name=\"twitter:card\" content=\"summary_large_image\" \/>\n<meta name=\"twitter:label1\" content=\"Escrito por\" \/>\n\t<meta name=\"twitter:data1\" content=\"editor\" \/>\n\t<meta name=\"twitter:label2\" content=\"Est. tempo de leitura\" \/>\n\t<meta name=\"twitter:data2\" content=\"1 minuto\" \/>\n<script type=\"application\/ld+json\" class=\"yoast-schema-graph\">{\"@context\":\"https:\/\/schema.org\",\"@graph\":[{\"@type\":\"Article\",\"@id\":\"https:\/\/www.oarcanjo.net\/site\/batizado-25-de-janeiro-de-2009\/#article\",\"isPartOf\":{\"@id\":\"https:\/\/www.oarcanjo.net\/site\/batizado-25-de-janeiro-de-2009\/\"},\"author\":{\"name\":\"editor\",\"@id\":\"https:\/\/www.oarcanjo.net\/site\/#\/schema\/person\/f7024d007863202483a31326673a0838\"},\"headline\":\"Batizado &#8211; 25 de janeiro de 2009\",\"datePublished\":\"2009-01-26T00:00:58+00:00\",\"dateModified\":\"2009-02-25T04:35:24+00:00\",\"mainEntityOfPage\":{\"@id\":\"https:\/\/www.oarcanjo.net\/site\/batizado-25-de-janeiro-de-2009\/\"},\"wordCount\":163,\"commentCount\":5,\"publisher\":{\"@id\":\"https:\/\/www.oarcanjo.net\/site\/#organization\"},\"keywords\":[\"Batismo\"],\"articleSection\":[\"Not\u00edcias\"],\"inLanguage\":\"pt-BR\",\"potentialAction\":[{\"@type\":\"CommentAction\",\"name\":\"Comment\",\"target\":[\"https:\/\/www.oarcanjo.net\/site\/batizado-25-de-janeiro-de-2009\/#respond\"]}]},{\"@type\":\"WebPage\",\"@id\":\"https:\/\/www.oarcanjo.net\/site\/batizado-25-de-janeiro-de-2009\/\",\"url\":\"https:\/\/www.oarcanjo.net\/site\/batizado-25-de-janeiro-de-2009\/\",\"name\":\"Batizado - 25 de janeiro de 2009 - O Arcanjo no ar\",\"isPartOf\":{\"@id\":\"https:\/\/www.oarcanjo.net\/site\/#website\"},\"datePublished\":\"2009-01-26T00:00:58+00:00\",\"dateModified\":\"2009-02-25T04:35:24+00:00\",\"breadcrumb\":{\"@id\":\"https:\/\/www.oarcanjo.net\/site\/batizado-25-de-janeiro-de-2009\/#breadcrumb\"},\"inLanguage\":\"pt-BR\",\"potentialAction\":[{\"@type\":\"ReadAction\",\"target\":[\"https:\/\/www.oarcanjo.net\/site\/batizado-25-de-janeiro-de-2009\/\"]}]},{\"@type\":\"BreadcrumbList\",\"@id\":\"https:\/\/www.oarcanjo.net\/site\/batizado-25-de-janeiro-de-2009\/#breadcrumb\",\"itemListElement\":[{\"@type\":\"ListItem\",\"position\":1,\"name\":\"In\u00edcio\",\"item\":\"https:\/\/www.oarcanjo.net\/site\/\"},{\"@type\":\"ListItem\",\"position\":2,\"name\":\"Batizado &#8211; 25 de janeiro de 2009\"}]},{\"@type\":\"WebSite\",\"@id\":\"https:\/\/www.oarcanjo.net\/site\/#website\",\"url\":\"https:\/\/www.oarcanjo.net\/site\/\",\"name\":\"O Arcanjo no ar\",\"description\":\"Site da Par\u00f3quia S\u00e3o Miguel Arcanjo (Arquidiocese de SP)\",\"publisher\":{\"@id\":\"https:\/\/www.oarcanjo.net\/site\/#organization\"},\"potentialAction\":[{\"@type\":\"SearchAction\",\"target\":{\"@type\":\"EntryPoint\",\"urlTemplate\":\"https:\/\/www.oarcanjo.net\/site\/?s={search_term_string}\"},\"query-input\":{\"@type\":\"PropertyValueSpecification\",\"valueRequired\":true,\"valueName\":\"search_term_string\"}}],\"inLanguage\":\"pt-BR\"},{\"@type\":\"Organization\",\"@id\":\"https:\/\/www.oarcanjo.net\/site\/#organization\",\"name\":\"Par\u00f3quia S\u00e3o Miguel Arcanjo\",\"url\":\"https:\/\/www.oarcanjo.net\/site\/\",\"logo\":{\"@type\":\"ImageObject\",\"inLanguage\":\"pt-BR\",\"@id\":\"https:\/\/www.oarcanjo.net\/site\/#\/schema\/logo\/image\/\",\"url\":\"https:\/\/www.oarcanjo.net\/site\/wp-content\/uploads\/LogoOArcanjo.png\",\"contentUrl\":\"https:\/\/www.oarcanjo.net\/site\/wp-content\/uploads\/LogoOArcanjo.png\",\"width\":319,\"height\":99,\"caption\":\"Par\u00f3quia S\u00e3o Miguel Arcanjo\"},\"image\":{\"@id\":\"https:\/\/www.oarcanjo.net\/site\/#\/schema\/logo\/image\/\"},\"sameAs\":[\"https:\/\/www.facebook.com\/OArcanjoNoAr\/\"]},{\"@type\":\"Person\",\"@id\":\"https:\/\/www.oarcanjo.net\/site\/#\/schema\/person\/f7024d007863202483a31326673a0838\",\"name\":\"editor\",\"sameAs\":[\"http:\/\/www.oarcanjo.net\"]}]}<\/script>\n<!-- \/ Yoast SEO plugin. -->","yoast_head_json":{"title":"Batizado - 25 de janeiro de 2009 - O Arcanjo no ar","robots":{"index":"index","follow":"follow","max-snippet":"max-snippet:-1","max-image-preview":"max-image-preview:large","max-video-preview":"max-video-preview:-1"},"canonical":"https:\/\/www.oarcanjo.net\/site\/batizado-25-de-janeiro-de-2009\/","og_locale":"pt_BR","og_type":"article","og_title":"Batizado - 25 de janeiro de 2009 - O Arcanjo no ar","og_description":"Na celebra\u00e7\u00e3o de S\u00e3o Paulo, tivemos o batizado de mais dezesseis crian\u00e7as na Capela S\u00e3o Judas Tadeu. S\u00e3o elas: Alycia, Amanda, Clara, Fernanda, Gabriel, Gustavo, Guilherme, Helena, Kiane, La\u00eds, Leonardo, Manoela, Murilo, Pietra, Rafael e Sabrina. No Evangelho do dia: \u201cIde pelo mundo inteiro e anunciai o evangelho\u201d (Mc 16,15) A liturgia desse dia tem [&hellip;]","og_url":"https:\/\/www.oarcanjo.net\/site\/batizado-25-de-janeiro-de-2009\/","og_site_name":"O Arcanjo no ar","article_publisher":"https:\/\/www.facebook.com\/OArcanjoNoAr\/","article_published_time":"2009-01-26T00:00:58+00:00","article_modified_time":"2009-02-25T04:35:24+00:00","og_image":[{"width":300,"height":300,"url":"https:\/\/www.oarcanjo.net\/site\/wp-content\/uploads\/logo-o-arcanjo-no-ar-facebook.png","type":"image\/png"}],"author":"editor","twitter_card":"summary_large_image","twitter_misc":{"Escrito por":"editor","Est. tempo de leitura":"1 minuto"},"schema":{"@context":"https:\/\/schema.org","@graph":[{"@type":"Article","@id":"https:\/\/www.oarcanjo.net\/site\/batizado-25-de-janeiro-de-2009\/#article","isPartOf":{"@id":"https:\/\/www.oarcanjo.net\/site\/batizado-25-de-janeiro-de-2009\/"},"author":{"name":"editor","@id":"https:\/\/www.oarcanjo.net\/site\/#\/schema\/person\/f7024d007863202483a31326673a0838"},"headline":"Batizado &#8211; 25 de janeiro de 2009","datePublished":"2009-01-26T00:00:58+00:00","dateModified":"2009-02-25T04:35:24+00:00","mainEntityOfPage":{"@id":"https:\/\/www.oarcanjo.net\/site\/batizado-25-de-janeiro-de-2009\/"},"wordCount":163,"commentCount":5,"publisher":{"@id":"https:\/\/www.oarcanjo.net\/site\/#organization"},"keywords":["Batismo"],"articleSection":["Not\u00edcias"],"inLanguage":"pt-BR","potentialAction":[{"@type":"CommentAction","name":"Comment","target":["https:\/\/www.oarcanjo.net\/site\/batizado-25-de-janeiro-de-2009\/#respond"]}]},{"@type":"WebPage","@id":"https:\/\/www.oarcanjo.net\/site\/batizado-25-de-janeiro-de-2009\/","url":"https:\/\/www.oarcanjo.net\/site\/batizado-25-de-janeiro-de-2009\/","name":"Batizado - 25 de janeiro de 2009 - O Arcanjo no ar","isPartOf":{"@id":"https:\/\/www.oarcanjo.net\/site\/#website"},"datePublished":"2009-01-26T00:00:58+00:00","dateModified":"2009-02-25T04:35:24+00:00","breadcrumb":{"@id":"https:\/\/www.oarcanjo.net\/site\/batizado-25-de-janeiro-de-2009\/#breadcrumb"},"inLanguage":"pt-BR","potentialAction":[{"@type":"ReadAction","target":["https:\/\/www.oarcanjo.net\/site\/batizado-25-de-janeiro-de-2009\/"]}]},{"@type":"BreadcrumbList","@id":"https:\/\/www.oarcanjo.net\/site\/batizado-25-de-janeiro-de-2009\/#breadcrumb","itemListElement":[{"@type":"ListItem","position":1,"name":"In\u00edcio","item":"https:\/\/www.oarcanjo.net\/site\/"},{"@type":"ListItem","position":2,"name":"Batizado &#8211; 25 de janeiro de 2009"}]},{"@type":"WebSite","@id":"https:\/\/www.oarcanjo.net\/site\/#website","url":"https:\/\/www.oarcanjo.net\/site\/","name":"O Arcanjo no ar","description":"Site da Par\u00f3quia S\u00e3o Miguel Arcanjo (Arquidiocese de SP)","publisher":{"@id":"https:\/\/www.oarcanjo.net\/site\/#organization"},"potentialAction":[{"@type":"SearchAction","target":{"@type":"EntryPoint","urlTemplate":"https:\/\/www.oarcanjo.net\/site\/?s={search_term_string}"},"query-input":{"@type":"PropertyValueSpecification","valueRequired":true,"valueName":"search_term_string"}}],"inLanguage":"pt-BR"},{"@type":"Organization","@id":"https:\/\/www.oarcanjo.net\/site\/#organization","name":"Par\u00f3quia S\u00e3o Miguel Arcanjo","url":"https:\/\/www.oarcanjo.net\/site\/","logo":{"@type":"ImageObject","inLanguage":"pt-BR","@id":"https:\/\/www.oarcanjo.net\/site\/#\/schema\/logo\/image\/","url":"https:\/\/www.oarcanjo.net\/site\/wp-content\/uploads\/LogoOArcanjo.png","contentUrl":"https:\/\/www.oarcanjo.net\/site\/wp-content\/uploads\/LogoOArcanjo.png","width":319,"height":99,"caption":"Par\u00f3quia S\u00e3o Miguel Arcanjo"},"image":{"@id":"https:\/\/www.oarcanjo.net\/site\/#\/schema\/logo\/image\/"},"sameAs":["https:\/\/www.facebook.com\/OArcanjoNoAr\/"]},{"@type":"Person","@id":"https:\/\/www.oarcanjo.net\/site\/#\/schema\/person\/f7024d007863202483a31326673a0838","name":"editor","sameAs":["http:\/\/www.oarcanjo.net"]}]}},"publishpress_future_action":{"enabled":false,"date":"2026-05-08 18:01:45","action":"category","newStatus":"draft","terms":[],"taxonomy":"category"},"publishpress_future_workflow_manual_trigger":{"enabledWorkflows":[]},"_links":{"self":[{"href":"https:\/\/www.oarcanjo.net\/site\/wp-json\/wp\/v2\/posts\/1615"}],"collection":[{"href":"https:\/\/www.oarcanjo.net\/site\/wp-json\/wp\/v2\/posts"}],"about":[{"href":"https:\/\/www.oarcanjo.net\/site\/wp-json\/wp\/v2\/types\/post"}],"author":[{"embeddable":true,"href":"https:\/\/www.oarcanjo.net\/site\/wp-json\/wp\/v2\/users\/5"}],"replies":[{"embeddable":true,"href":"https:\/\/www.oarcanjo.net\/site\/wp-json\/wp\/v2\/comments?post=1615"}],"version-history":[{"count":0,"href":"https:\/\/www.oarcanjo.net\/site\/wp-json\/wp\/v2\/posts\/1615\/revisions"}],"wp:attachment":[{"href":"https:\/\/www.oarcanjo.net\/site\/wp-json\/wp\/v2\/media?parent=1615"}],"wp:term":[{"taxonomy":"category","embeddable":true,"href":"https:\/\/www.oarcanjo.net\/site\/wp-json\/wp\/v2\/categories?post=1615"},{"taxonomy":"post_tag","embeddable":true,"href":"https:\/\/www.oarcanjo.net\/site\/wp-json\/wp\/v2\/tags?post=1615"}],"curies":[{"name":"wp","href":"https:\/\/api.w.org\/{rel}","templated":true}]}}