
{"id":16155,"date":"2011-10-16T11:32:30","date_gmt":"2011-10-16T13:32:30","guid":{"rendered":"http:\/\/www.oarcanjo.net\/site\/?p=16155"},"modified":"2011-10-16T11:32:30","modified_gmt":"2011-10-16T13:32:30","slug":"ele-falou-em-nome-de-deus","status":"publish","type":"post","link":"https:\/\/www.oarcanjo.net\/site\/ele-falou-em-nome-de-deus\/","title":{"rendered":"Ele falou em Nome de Deus"},"content":{"rendered":"<p>Pe. Geovane Saraiva<\/p>\n<p>Dom Helder C\u00e2mara foi um crist\u00e3o, que de Deus recebeu dons e talentos, numa grande gra\u00e7a, procurou viv\u00ea-los com coer\u00eancia prof\u00e9tica, sendo para o mundo sal e luz. Na sua miss\u00e3o, ofertada pelo Pai, projetou os valores do Reino, na sua beleza e preciosidade, contribuindo enormemente para definir a op\u00e7\u00e3o de uma multid\u00e3o de pessoas diante dos desafios e encruzilhadas da vida.<\/p>\n<p>Investido da for\u00e7a do alto, esfor\u00e7ou-se para impedir que os valores que n\u00e3o s\u00e3o deste mundo se transformassem em realidade, na sua luta em favor da justi\u00e7a do Reino, que tem origem no mist\u00e9rio pascal de Jesus.  E foi exatamente na P\u00e1scoa do Filho de Deus, que Dom Helder lan\u00e7ou uma proposta de supera\u00e7\u00e3o de todo tipo de empecilho, come\u00e7ando com indiferen\u00e7a, o individualismo e a hipocrisia, levando adiante o sonho de esperan\u00e7a, nesta sua afirma\u00e7\u00e3o: \u201cDas barreiras a romper, a que mais custa e a que mais importa \u00e9, sem d\u00favida, a da mediocridade\u201d.<\/p>\n<p>Sempre que falamos ou escrevemos sobre Dom Helder, estamos certos de que a lembran\u00e7a de sua vida vem ao nosso encontro, no sentido de ajudar a manter vivo esse farol luminoso, numa imorredoura esperan\u00e7a. Nunca podemos deixar de pensar nesse irm\u00e3o, profundamente carism\u00e1tico e bom, justo, solid\u00e1rio e fraterno, com seus sonhos e utopias, numa disposi\u00e7\u00e3o espiritual e interior para lutar em favor da constru\u00e7\u00e3o de um mundo de irm\u00e3os.<\/p>\n<p>O rastro luminoso que sua a\u00e7\u00e3o deixou, brilhou de um modo fulgurante atrav\u00e9s de seu lema episcopal: \u201cIn manus tuas\u201d (em tuas m\u00e3os, Senhor). Aqui vemos a marca de seu profetismo inconfund\u00edvel nesse peregrino, que em meio \u00e0s coisas passageiras, ao andar por todo o planeta, sendo acolhido pelas diversas autoridades. Ao mesmo tempo em que carregou consigo uma enorme vontade de resolver a realidade do acentuado empobrecimento das crian\u00e7as, jovens e adultos, sem teto e sem escola, al\u00e9m de travar uma luta incans\u00e1vel em favor da conscientiza\u00e7\u00e3o dos direitos humanos em toda sua plenitude.1<\/p>\n<p>Dom Helder C\u00e2mara como ministro de Deus, como sacerdote da Igreja Cat\u00f3lica, foi ao mesmo tempo escritor, conferencista, poeta, mas, sobretudo, um profeta que falou de Deus em nome de Deus. Construiu ao longo do s\u00e9culo XX uma pedagogia marcada pela esperan\u00e7a, na qual levou o povo de Deus a sonhar com um mundo fraterno e solid\u00e1rio j\u00e1 aqui, segundo a vontade de Deus, fazendo a diferen\u00e7a. Foi a voz dos que n\u00e3o tinham voz no Brasil, na Am\u00e9rica Latina e em todo planeta, transformando-se numa refer\u00eancia mundial, no que diz respeito aos direitos e \u00e0 dignidade da pessoa humana.2<\/p>\n<p>Foi um bispo, que no falar e no agir, implantou um novo modo de ser bispo e ser Igreja, rompendo com os padr\u00f5es existentes, raz\u00e3o pela qual, apesar de ter sido um dos maiores nomes da Igreja no mundo inteiro no s\u00e9culo XX. E isso foi \u00f3timo e maravilhoso, mas n\u00e3o lhe foi o suficiente para que fosse promovido a Cardeal. \u00c9 claro que compreendemos como algo normal na conviv\u00eancia humana, pesando-lhe, certamente, a inveja e mesmo den\u00fancias enviadas \u00e0 Santa S\u00e9, por setores descontentes, conservadores e fechados da Igreja.<\/p>\n<p>Ap\u00f3stolo dos direitos humanos, da justi\u00e7a e da paz, a exemplo de Dom Paulo Evaristo Arns, de Dom Alo\u00edsio Lorscheider e tantos outros profetas, ele o foi, empreendendo na 2\u00aa metade do s\u00e9culo XX uma verdadeira cruzada contra a mis\u00e9ria, indo ao encontro dos sofredores de toda natureza, em nosso querido Brasil, visitando pessoalmente \u00e0s pris\u00f5es e fazendo den\u00fancias aqui e no exterior. Homem de f\u00e9, que viveu animado pela esperan\u00e7a, na pr\u00e1tica do amor doa\u00e7\u00e3o, despojamento e ternura.  Dom Helder C\u00e2mara, embora tenha partido para o seio do Pai em 27 de agosto de 1999, continua a dizer-nos que temos que viver segundo o Evangelho de Jesus e a descobrir o rosto de Deus nos seus filhos, especialmente nos pequenos e empobrecidos.<\/p>\n<div id=\"themify_builder_content-16155\" data-postid=\"16155\" class=\"themify_builder_content themify_builder_content-16155 themify_builder themify_builder_front\">\n\t<\/div>\n<!-- \/themify_builder_content -->","protected":false},"excerpt":{"rendered":"<p>Pe. Geovane Saraiva Dom Helder C\u00e2mara foi um crist\u00e3o, que de Deus recebeu dons e talentos, numa grande gra\u00e7a, procurou viv\u00ea-los com coer\u00eancia prof\u00e9tica, sendo para o mundo sal e luz. Na sua miss\u00e3o, ofertada pelo Pai, projetou os valores do Reino, na sua beleza e preciosidade, contribuindo enormemente para definir a op\u00e7\u00e3o de uma [&hellip;]<\/p>\n","protected":false},"author":5,"featured_media":0,"comment_status":"open","ping_status":"open","sticky":false,"template":"","format":"standard","meta":{"ngg_post_thumbnail":0,"footnotes":""},"categories":[192],"tags":[43,230,473],"yoast_head":"<!-- This site is optimized with the Yoast SEO plugin v23.5 - https:\/\/yoast.com\/wordpress\/plugins\/seo\/ -->\n<title>Ele falou em Nome de Deus - O Arcanjo no ar<\/title>\n<meta name=\"robots\" content=\"index, follow, max-snippet:-1, max-image-preview:large, max-video-preview:-1\" \/>\n<link rel=\"canonical\" href=\"https:\/\/www.oarcanjo.net\/site\/ele-falou-em-nome-de-deus\/\" \/>\n<meta property=\"og:locale\" content=\"pt_BR\" \/>\n<meta property=\"og:type\" content=\"article\" \/>\n<meta property=\"og:title\" content=\"Ele falou em Nome de Deus - O Arcanjo no ar\" \/>\n<meta property=\"og:description\" content=\"Pe. Geovane Saraiva Dom Helder C\u00e2mara foi um crist\u00e3o, que de Deus recebeu dons e talentos, numa grande gra\u00e7a, procurou viv\u00ea-los com coer\u00eancia prof\u00e9tica, sendo para o mundo sal e luz. Na sua miss\u00e3o, ofertada pelo Pai, projetou os valores do Reino, na sua beleza e preciosidade, contribuindo enormemente para definir a op\u00e7\u00e3o de uma [&hellip;]\" \/>\n<meta property=\"og:url\" content=\"https:\/\/www.oarcanjo.net\/site\/ele-falou-em-nome-de-deus\/\" \/>\n<meta property=\"og:site_name\" content=\"O Arcanjo no ar\" \/>\n<meta property=\"article:publisher\" content=\"https:\/\/www.facebook.com\/OArcanjoNoAr\/\" \/>\n<meta property=\"article:published_time\" content=\"2011-10-16T13:32:30+00:00\" \/>\n<meta property=\"og:image\" content=\"https:\/\/www.oarcanjo.net\/site\/wp-content\/uploads\/logo-o-arcanjo-no-ar-facebook.png\" \/>\n\t<meta property=\"og:image:width\" content=\"300\" \/>\n\t<meta property=\"og:image:height\" content=\"300\" \/>\n\t<meta property=\"og:image:type\" content=\"image\/png\" \/>\n<meta name=\"author\" content=\"editor\" \/>\n<meta name=\"twitter:card\" content=\"summary_large_image\" \/>\n<meta name=\"twitter:label1\" content=\"Escrito por\" \/>\n\t<meta name=\"twitter:data1\" content=\"editor\" \/>\n\t<meta name=\"twitter:label2\" content=\"Est. tempo de leitura\" \/>\n\t<meta name=\"twitter:data2\" content=\"3 minutos\" \/>\n<script type=\"application\/ld+json\" class=\"yoast-schema-graph\">{\"@context\":\"https:\/\/schema.org\",\"@graph\":[{\"@type\":\"Article\",\"@id\":\"https:\/\/www.oarcanjo.net\/site\/ele-falou-em-nome-de-deus\/#article\",\"isPartOf\":{\"@id\":\"https:\/\/www.oarcanjo.net\/site\/ele-falou-em-nome-de-deus\/\"},\"author\":{\"name\":\"editor\",\"@id\":\"https:\/\/www.oarcanjo.net\/site\/#\/schema\/person\/f7024d007863202483a31326673a0838\"},\"headline\":\"Ele falou em Nome de Deus\",\"datePublished\":\"2011-10-16T13:32:30+00:00\",\"dateModified\":\"2011-10-16T13:32:30+00:00\",\"mainEntityOfPage\":{\"@id\":\"https:\/\/www.oarcanjo.net\/site\/ele-falou-em-nome-de-deus\/\"},\"wordCount\":702,\"commentCount\":0,\"publisher\":{\"@id\":\"https:\/\/www.oarcanjo.net\/site\/#organization\"},\"keywords\":[\"direitos humanos\",\"justi\u00e7a\",\"testemunho\"],\"articleSection\":[\"D. Helder C\u00e2mara\"],\"inLanguage\":\"pt-BR\",\"potentialAction\":[{\"@type\":\"CommentAction\",\"name\":\"Comment\",\"target\":[\"https:\/\/www.oarcanjo.net\/site\/ele-falou-em-nome-de-deus\/#respond\"]}]},{\"@type\":\"WebPage\",\"@id\":\"https:\/\/www.oarcanjo.net\/site\/ele-falou-em-nome-de-deus\/\",\"url\":\"https:\/\/www.oarcanjo.net\/site\/ele-falou-em-nome-de-deus\/\",\"name\":\"Ele falou em Nome de Deus - O Arcanjo no ar\",\"isPartOf\":{\"@id\":\"https:\/\/www.oarcanjo.net\/site\/#website\"},\"datePublished\":\"2011-10-16T13:32:30+00:00\",\"dateModified\":\"2011-10-16T13:32:30+00:00\",\"breadcrumb\":{\"@id\":\"https:\/\/www.oarcanjo.net\/site\/ele-falou-em-nome-de-deus\/#breadcrumb\"},\"inLanguage\":\"pt-BR\",\"potentialAction\":[{\"@type\":\"ReadAction\",\"target\":[\"https:\/\/www.oarcanjo.net\/site\/ele-falou-em-nome-de-deus\/\"]}]},{\"@type\":\"BreadcrumbList\",\"@id\":\"https:\/\/www.oarcanjo.net\/site\/ele-falou-em-nome-de-deus\/#breadcrumb\",\"itemListElement\":[{\"@type\":\"ListItem\",\"position\":1,\"name\":\"In\u00edcio\",\"item\":\"https:\/\/www.oarcanjo.net\/site\/\"},{\"@type\":\"ListItem\",\"position\":2,\"name\":\"Ele falou em Nome de Deus\"}]},{\"@type\":\"WebSite\",\"@id\":\"https:\/\/www.oarcanjo.net\/site\/#website\",\"url\":\"https:\/\/www.oarcanjo.net\/site\/\",\"name\":\"O Arcanjo no ar\",\"description\":\"Site da Par\u00f3quia S\u00e3o Miguel Arcanjo (Arquidiocese de SP)\",\"publisher\":{\"@id\":\"https:\/\/www.oarcanjo.net\/site\/#organization\"},\"potentialAction\":[{\"@type\":\"SearchAction\",\"target\":{\"@type\":\"EntryPoint\",\"urlTemplate\":\"https:\/\/www.oarcanjo.net\/site\/?s={search_term_string}\"},\"query-input\":{\"@type\":\"PropertyValueSpecification\",\"valueRequired\":true,\"valueName\":\"search_term_string\"}}],\"inLanguage\":\"pt-BR\"},{\"@type\":\"Organization\",\"@id\":\"https:\/\/www.oarcanjo.net\/site\/#organization\",\"name\":\"Par\u00f3quia S\u00e3o Miguel Arcanjo\",\"url\":\"https:\/\/www.oarcanjo.net\/site\/\",\"logo\":{\"@type\":\"ImageObject\",\"inLanguage\":\"pt-BR\",\"@id\":\"https:\/\/www.oarcanjo.net\/site\/#\/schema\/logo\/image\/\",\"url\":\"https:\/\/www.oarcanjo.net\/site\/wp-content\/uploads\/LogoOArcanjo.png\",\"contentUrl\":\"https:\/\/www.oarcanjo.net\/site\/wp-content\/uploads\/LogoOArcanjo.png\",\"width\":319,\"height\":99,\"caption\":\"Par\u00f3quia S\u00e3o Miguel Arcanjo\"},\"image\":{\"@id\":\"https:\/\/www.oarcanjo.net\/site\/#\/schema\/logo\/image\/\"},\"sameAs\":[\"https:\/\/www.facebook.com\/OArcanjoNoAr\/\"]},{\"@type\":\"Person\",\"@id\":\"https:\/\/www.oarcanjo.net\/site\/#\/schema\/person\/f7024d007863202483a31326673a0838\",\"name\":\"editor\",\"sameAs\":[\"http:\/\/www.oarcanjo.net\"]}]}<\/script>\n<!-- \/ Yoast SEO plugin. -->","yoast_head_json":{"title":"Ele falou em Nome de Deus - O Arcanjo no ar","robots":{"index":"index","follow":"follow","max-snippet":"max-snippet:-1","max-image-preview":"max-image-preview:large","max-video-preview":"max-video-preview:-1"},"canonical":"https:\/\/www.oarcanjo.net\/site\/ele-falou-em-nome-de-deus\/","og_locale":"pt_BR","og_type":"article","og_title":"Ele falou em Nome de Deus - O Arcanjo no ar","og_description":"Pe. Geovane Saraiva Dom Helder C\u00e2mara foi um crist\u00e3o, que de Deus recebeu dons e talentos, numa grande gra\u00e7a, procurou viv\u00ea-los com coer\u00eancia prof\u00e9tica, sendo para o mundo sal e luz. Na sua miss\u00e3o, ofertada pelo Pai, projetou os valores do Reino, na sua beleza e preciosidade, contribuindo enormemente para definir a op\u00e7\u00e3o de uma [&hellip;]","og_url":"https:\/\/www.oarcanjo.net\/site\/ele-falou-em-nome-de-deus\/","og_site_name":"O Arcanjo no ar","article_publisher":"https:\/\/www.facebook.com\/OArcanjoNoAr\/","article_published_time":"2011-10-16T13:32:30+00:00","og_image":[{"width":300,"height":300,"url":"https:\/\/www.oarcanjo.net\/site\/wp-content\/uploads\/logo-o-arcanjo-no-ar-facebook.png","type":"image\/png"}],"author":"editor","twitter_card":"summary_large_image","twitter_misc":{"Escrito por":"editor","Est. tempo de leitura":"3 minutos"},"schema":{"@context":"https:\/\/schema.org","@graph":[{"@type":"Article","@id":"https:\/\/www.oarcanjo.net\/site\/ele-falou-em-nome-de-deus\/#article","isPartOf":{"@id":"https:\/\/www.oarcanjo.net\/site\/ele-falou-em-nome-de-deus\/"},"author":{"name":"editor","@id":"https:\/\/www.oarcanjo.net\/site\/#\/schema\/person\/f7024d007863202483a31326673a0838"},"headline":"Ele falou em Nome de Deus","datePublished":"2011-10-16T13:32:30+00:00","dateModified":"2011-10-16T13:32:30+00:00","mainEntityOfPage":{"@id":"https:\/\/www.oarcanjo.net\/site\/ele-falou-em-nome-de-deus\/"},"wordCount":702,"commentCount":0,"publisher":{"@id":"https:\/\/www.oarcanjo.net\/site\/#organization"},"keywords":["direitos humanos","justi\u00e7a","testemunho"],"articleSection":["D. Helder C\u00e2mara"],"inLanguage":"pt-BR","potentialAction":[{"@type":"CommentAction","name":"Comment","target":["https:\/\/www.oarcanjo.net\/site\/ele-falou-em-nome-de-deus\/#respond"]}]},{"@type":"WebPage","@id":"https:\/\/www.oarcanjo.net\/site\/ele-falou-em-nome-de-deus\/","url":"https:\/\/www.oarcanjo.net\/site\/ele-falou-em-nome-de-deus\/","name":"Ele falou em Nome de Deus - O Arcanjo no ar","isPartOf":{"@id":"https:\/\/www.oarcanjo.net\/site\/#website"},"datePublished":"2011-10-16T13:32:30+00:00","dateModified":"2011-10-16T13:32:30+00:00","breadcrumb":{"@id":"https:\/\/www.oarcanjo.net\/site\/ele-falou-em-nome-de-deus\/#breadcrumb"},"inLanguage":"pt-BR","potentialAction":[{"@type":"ReadAction","target":["https:\/\/www.oarcanjo.net\/site\/ele-falou-em-nome-de-deus\/"]}]},{"@type":"BreadcrumbList","@id":"https:\/\/www.oarcanjo.net\/site\/ele-falou-em-nome-de-deus\/#breadcrumb","itemListElement":[{"@type":"ListItem","position":1,"name":"In\u00edcio","item":"https:\/\/www.oarcanjo.net\/site\/"},{"@type":"ListItem","position":2,"name":"Ele falou em Nome de Deus"}]},{"@type":"WebSite","@id":"https:\/\/www.oarcanjo.net\/site\/#website","url":"https:\/\/www.oarcanjo.net\/site\/","name":"O Arcanjo no ar","description":"Site da Par\u00f3quia S\u00e3o Miguel Arcanjo (Arquidiocese de SP)","publisher":{"@id":"https:\/\/www.oarcanjo.net\/site\/#organization"},"potentialAction":[{"@type":"SearchAction","target":{"@type":"EntryPoint","urlTemplate":"https:\/\/www.oarcanjo.net\/site\/?s={search_term_string}"},"query-input":{"@type":"PropertyValueSpecification","valueRequired":true,"valueName":"search_term_string"}}],"inLanguage":"pt-BR"},{"@type":"Organization","@id":"https:\/\/www.oarcanjo.net\/site\/#organization","name":"Par\u00f3quia S\u00e3o Miguel Arcanjo","url":"https:\/\/www.oarcanjo.net\/site\/","logo":{"@type":"ImageObject","inLanguage":"pt-BR","@id":"https:\/\/www.oarcanjo.net\/site\/#\/schema\/logo\/image\/","url":"https:\/\/www.oarcanjo.net\/site\/wp-content\/uploads\/LogoOArcanjo.png","contentUrl":"https:\/\/www.oarcanjo.net\/site\/wp-content\/uploads\/LogoOArcanjo.png","width":319,"height":99,"caption":"Par\u00f3quia S\u00e3o Miguel Arcanjo"},"image":{"@id":"https:\/\/www.oarcanjo.net\/site\/#\/schema\/logo\/image\/"},"sameAs":["https:\/\/www.facebook.com\/OArcanjoNoAr\/"]},{"@type":"Person","@id":"https:\/\/www.oarcanjo.net\/site\/#\/schema\/person\/f7024d007863202483a31326673a0838","name":"editor","sameAs":["http:\/\/www.oarcanjo.net"]}]}},"publishpress_future_action":{"enabled":false,"date":"2026-05-09 01:18:56","action":"category","newStatus":"draft","terms":[],"taxonomy":"category"},"publishpress_future_workflow_manual_trigger":{"enabledWorkflows":[]},"_links":{"self":[{"href":"https:\/\/www.oarcanjo.net\/site\/wp-json\/wp\/v2\/posts\/16155"}],"collection":[{"href":"https:\/\/www.oarcanjo.net\/site\/wp-json\/wp\/v2\/posts"}],"about":[{"href":"https:\/\/www.oarcanjo.net\/site\/wp-json\/wp\/v2\/types\/post"}],"author":[{"embeddable":true,"href":"https:\/\/www.oarcanjo.net\/site\/wp-json\/wp\/v2\/users\/5"}],"replies":[{"embeddable":true,"href":"https:\/\/www.oarcanjo.net\/site\/wp-json\/wp\/v2\/comments?post=16155"}],"version-history":[{"count":0,"href":"https:\/\/www.oarcanjo.net\/site\/wp-json\/wp\/v2\/posts\/16155\/revisions"}],"wp:attachment":[{"href":"https:\/\/www.oarcanjo.net\/site\/wp-json\/wp\/v2\/media?parent=16155"}],"wp:term":[{"taxonomy":"category","embeddable":true,"href":"https:\/\/www.oarcanjo.net\/site\/wp-json\/wp\/v2\/categories?post=16155"},{"taxonomy":"post_tag","embeddable":true,"href":"https:\/\/www.oarcanjo.net\/site\/wp-json\/wp\/v2\/tags?post=16155"}],"curies":[{"name":"wp","href":"https:\/\/api.w.org\/{rel}","templated":true}]}}