
{"id":16198,"date":"2011-10-19T00:51:48","date_gmt":"2011-10-19T02:51:48","guid":{"rendered":"http:\/\/www.oarcanjo.net\/site\/?p=16198"},"modified":"2011-10-19T00:51:48","modified_gmt":"2011-10-19T02:51:48","slug":"reuniao-das-nove-paroquias-do-setor-belem-jovens","status":"publish","type":"post","link":"https:\/\/www.oarcanjo.net\/site\/reuniao-das-nove-paroquias-do-setor-belem-jovens\/","title":{"rendered":"Reuni\u00e3o das nove Par\u00f3quias do Setor Bel\u00e9m &#8211; Jovens"},"content":{"rendered":"<p>Nesta ter\u00e7a-feira, 18\/10\/11, as nove Par\u00f3quias do Setor Bel\u00e9m se reuniram. Momento que o Grupo de Jovens da RCC apresentou sua atua\u00e7\u00e3o em slides, fazendo ao final reivindica\u00e7\u00f5es \u00a0para que os Padres apoiem e valorizem os jovens, ajudando na divulga\u00e7\u00e3o e, at\u00e9, no apoio financeiro. O Padre J\u00falio ressaltou a visita da Cruz da Jornada Mundial da Juventude no Arsenal da Esperan\u00e7a e na Capela da Universidade S\u00e3o Judas, com a expressiva participa\u00e7\u00e3o dos estudantes e jovens. Tamb\u00e9m falou dos jovens indignados que est\u00e3o acampados no Anhangaba\u00fa junto com os moradores de rua.<\/p>\n<p>Wilson Cotrin, Conselheiro Tutelar eleito agradeceu os votos recebidos no Setor Bel\u00e9m e reafirmou o compromisso de trabalhar pelas crian\u00e7as.<\/p>\n<p>Fotos por Carlos A. Beatriz<\/p>\n<p><a href=\"http:\/\/www.oarcanjo.net\/site\/wp-content\/uploads\/SAM_02791.jpg\"><img loading=\"lazy\" decoding=\"async\" class=\"alignleft size-medium wp-image-16202\" title=\"SAM_0279\" src=\"http:\/\/www.oarcanjo.net\/site\/wp-content\/uploads\/SAM_02791-300x200.jpg\" alt=\"\" width=\"300\" height=\"200\" srcset=\"https:\/\/www.oarcanjo.net\/site\/wp-content\/uploads\/SAM_02791-300x200.jpg 300w, https:\/\/www.oarcanjo.net\/site\/wp-content\/uploads\/SAM_02791.jpg 645w\" sizes=\"(max-width: 300px) 100vw, 300px\" \/><\/a><a href=\"http:\/\/www.oarcanjo.net\/site\/wp-content\/uploads\/SAM_02811.jpg\"><img loading=\"lazy\" decoding=\"async\" class=\"alignright size-medium wp-image-16203\" title=\"SAM_0281\" src=\"http:\/\/www.oarcanjo.net\/site\/wp-content\/uploads\/SAM_02811-300x200.jpg\" alt=\"\" width=\"300\" height=\"200\" srcset=\"https:\/\/www.oarcanjo.net\/site\/wp-content\/uploads\/SAM_02811-300x200.jpg 300w, https:\/\/www.oarcanjo.net\/site\/wp-content\/uploads\/SAM_02811.jpg 645w\" sizes=\"(max-width: 300px) 100vw, 300px\" \/><\/a><\/p>\n<p><a href=\"http:\/\/www.oarcanjo.net\/site\/wp-content\/uploads\/SAM_02851.jpg\"><img loading=\"lazy\" decoding=\"async\" class=\"aligncenter size-medium wp-image-16204\" title=\"SAM_0285\" src=\"http:\/\/www.oarcanjo.net\/site\/wp-content\/uploads\/SAM_02851-300x200.jpg\" alt=\"\" width=\"300\" height=\"200\" srcset=\"https:\/\/www.oarcanjo.net\/site\/wp-content\/uploads\/SAM_02851-300x200.jpg 300w, https:\/\/www.oarcanjo.net\/site\/wp-content\/uploads\/SAM_02851.jpg 645w\" sizes=\"(max-width: 300px) 100vw, 300px\" \/><\/a><\/p>\n<p><img loading=\"lazy\" decoding=\"async\" class=\"alignleft size-medium wp-image-16205\" title=\"SAM_0288\" src=\"http:\/\/www.oarcanjo.net\/site\/wp-content\/uploads\/SAM_0288-300x200.jpg\" alt=\"\" width=\"300\" height=\"200\" srcset=\"https:\/\/www.oarcanjo.net\/site\/wp-content\/uploads\/SAM_0288-300x200.jpg 300w, https:\/\/www.oarcanjo.net\/site\/wp-content\/uploads\/SAM_0288.jpg 645w\" sizes=\"(max-width: 300px) 100vw, 300px\" \/><\/p>\n<p><img loading=\"lazy\" decoding=\"async\" class=\"alignright size-medium wp-image-16206\" title=\"SAM_0292\" src=\"http:\/\/www.oarcanjo.net\/site\/wp-content\/uploads\/SAM_0292-300x200.jpg\" alt=\"\" width=\"300\" height=\"200\" srcset=\"https:\/\/www.oarcanjo.net\/site\/wp-content\/uploads\/SAM_0292-300x200.jpg 300w, https:\/\/www.oarcanjo.net\/site\/wp-content\/uploads\/SAM_0292.jpg 645w\" sizes=\"(max-width: 300px) 100vw, 300px\" \/><\/p>\n<div id=\"themify_builder_content-16198\" data-postid=\"16198\" class=\"themify_builder_content themify_builder_content-16198 themify_builder themify_builder_front\">\n\t<\/div>\n<!-- \/themify_builder_content -->","protected":false},"excerpt":{"rendered":"<p>Nesta ter\u00e7a-feira, 18\/10\/11, as nove Par\u00f3quias do Setor Bel\u00e9m se reuniram. Momento que o Grupo de Jovens da RCC apresentou sua atua\u00e7\u00e3o em slides, fazendo ao final reivindica\u00e7\u00f5es \u00a0para que os Padres apoiem e valorizem os jovens, ajudando na divulga\u00e7\u00e3o e, at\u00e9, no apoio financeiro. O Padre J\u00falio ressaltou a visita da Cruz da Jornada [&hellip;]<\/p>\n","protected":false},"author":10,"featured_media":0,"comment_status":"open","ping_status":"open","sticky":false,"template":"","format":"standard","meta":{"ngg_post_thumbnail":0,"footnotes":""},"categories":[395,8],"tags":[],"yoast_head":"<!-- This site is optimized with the Yoast SEO plugin v23.5 - https:\/\/yoast.com\/wordpress\/plugins\/seo\/ -->\n<title>Reuni\u00e3o das nove Par\u00f3quias do Setor Bel\u00e9m - Jovens - O Arcanjo no ar<\/title>\n<meta name=\"robots\" content=\"index, follow, max-snippet:-1, max-image-preview:large, max-video-preview:-1\" \/>\n<link rel=\"canonical\" href=\"https:\/\/www.oarcanjo.net\/site\/reuniao-das-nove-paroquias-do-setor-belem-jovens\/\" \/>\n<meta property=\"og:locale\" content=\"pt_BR\" \/>\n<meta property=\"og:type\" content=\"article\" \/>\n<meta property=\"og:title\" content=\"Reuni\u00e3o das nove Par\u00f3quias do Setor Bel\u00e9m - Jovens - O Arcanjo no ar\" \/>\n<meta property=\"og:description\" content=\"Nesta ter\u00e7a-feira, 18\/10\/11, as nove Par\u00f3quias do Setor Bel\u00e9m se reuniram. Momento que o Grupo de Jovens da RCC apresentou sua atua\u00e7\u00e3o em slides, fazendo ao final reivindica\u00e7\u00f5es \u00a0para que os Padres apoiem e valorizem os jovens, ajudando na divulga\u00e7\u00e3o e, at\u00e9, no apoio financeiro. O Padre J\u00falio ressaltou a visita da Cruz da Jornada [&hellip;]\" \/>\n<meta property=\"og:url\" content=\"https:\/\/www.oarcanjo.net\/site\/reuniao-das-nove-paroquias-do-setor-belem-jovens\/\" \/>\n<meta property=\"og:site_name\" content=\"O Arcanjo no ar\" \/>\n<meta property=\"article:publisher\" content=\"https:\/\/www.facebook.com\/OArcanjoNoAr\/\" \/>\n<meta property=\"article:published_time\" content=\"2011-10-19T02:51:48+00:00\" \/>\n<meta property=\"og:image\" content=\"http:\/\/www.oarcanjo.net\/site\/wp-content\/uploads\/SAM_02791-300x200.jpg\" \/>\n<meta name=\"author\" content=\"carlos\" \/>\n<meta name=\"twitter:card\" content=\"summary_large_image\" \/>\n<meta name=\"twitter:label1\" content=\"Escrito por\" \/>\n\t<meta name=\"twitter:data1\" content=\"carlos\" \/>\n\t<meta name=\"twitter:label2\" content=\"Est. tempo de leitura\" \/>\n\t<meta name=\"twitter:data2\" content=\"1 minuto\" \/>\n<script type=\"application\/ld+json\" class=\"yoast-schema-graph\">{\"@context\":\"https:\/\/schema.org\",\"@graph\":[{\"@type\":\"Article\",\"@id\":\"https:\/\/www.oarcanjo.net\/site\/reuniao-das-nove-paroquias-do-setor-belem-jovens\/#article\",\"isPartOf\":{\"@id\":\"https:\/\/www.oarcanjo.net\/site\/reuniao-das-nove-paroquias-do-setor-belem-jovens\/\"},\"author\":{\"name\":\"carlos\",\"@id\":\"https:\/\/www.oarcanjo.net\/site\/#\/schema\/person\/f7870e710d8c8c30673de3a0ac2e451d\"},\"headline\":\"Reuni\u00e3o das nove Par\u00f3quias do Setor Bel\u00e9m &#8211; Jovens\",\"datePublished\":\"2011-10-19T02:51:48+00:00\",\"dateModified\":\"2011-10-19T02:51:48+00:00\",\"mainEntityOfPage\":{\"@id\":\"https:\/\/www.oarcanjo.net\/site\/reuniao-das-nove-paroquias-do-setor-belem-jovens\/\"},\"wordCount\":143,\"commentCount\":0,\"publisher\":{\"@id\":\"https:\/\/www.oarcanjo.net\/site\/#organization\"},\"image\":{\"@id\":\"https:\/\/www.oarcanjo.net\/site\/reuniao-das-nove-paroquias-do-setor-belem-jovens\/#primaryimage\"},\"thumbnailUrl\":\"http:\/\/www.oarcanjo.net\/site\/wp-content\/uploads\/SAM_02791-300x200.jpg\",\"articleSection\":[\"Jovens\",\"Not\u00edcias\"],\"inLanguage\":\"pt-BR\",\"potentialAction\":[{\"@type\":\"CommentAction\",\"name\":\"Comment\",\"target\":[\"https:\/\/www.oarcanjo.net\/site\/reuniao-das-nove-paroquias-do-setor-belem-jovens\/#respond\"]}]},{\"@type\":\"WebPage\",\"@id\":\"https:\/\/www.oarcanjo.net\/site\/reuniao-das-nove-paroquias-do-setor-belem-jovens\/\",\"url\":\"https:\/\/www.oarcanjo.net\/site\/reuniao-das-nove-paroquias-do-setor-belem-jovens\/\",\"name\":\"Reuni\u00e3o das nove Par\u00f3quias do Setor Bel\u00e9m - Jovens - O Arcanjo no ar\",\"isPartOf\":{\"@id\":\"https:\/\/www.oarcanjo.net\/site\/#website\"},\"primaryImageOfPage\":{\"@id\":\"https:\/\/www.oarcanjo.net\/site\/reuniao-das-nove-paroquias-do-setor-belem-jovens\/#primaryimage\"},\"image\":{\"@id\":\"https:\/\/www.oarcanjo.net\/site\/reuniao-das-nove-paroquias-do-setor-belem-jovens\/#primaryimage\"},\"thumbnailUrl\":\"http:\/\/www.oarcanjo.net\/site\/wp-content\/uploads\/SAM_02791-300x200.jpg\",\"datePublished\":\"2011-10-19T02:51:48+00:00\",\"dateModified\":\"2011-10-19T02:51:48+00:00\",\"breadcrumb\":{\"@id\":\"https:\/\/www.oarcanjo.net\/site\/reuniao-das-nove-paroquias-do-setor-belem-jovens\/#breadcrumb\"},\"inLanguage\":\"pt-BR\",\"potentialAction\":[{\"@type\":\"ReadAction\",\"target\":[\"https:\/\/www.oarcanjo.net\/site\/reuniao-das-nove-paroquias-do-setor-belem-jovens\/\"]}]},{\"@type\":\"ImageObject\",\"inLanguage\":\"pt-BR\",\"@id\":\"https:\/\/www.oarcanjo.net\/site\/reuniao-das-nove-paroquias-do-setor-belem-jovens\/#primaryimage\",\"url\":\"https:\/\/www.oarcanjo.net\/site\/wp-content\/uploads\/SAM_02791.jpg\",\"contentUrl\":\"https:\/\/www.oarcanjo.net\/site\/wp-content\/uploads\/SAM_02791.jpg\",\"width\":\"645\",\"height\":\"430\"},{\"@type\":\"BreadcrumbList\",\"@id\":\"https:\/\/www.oarcanjo.net\/site\/reuniao-das-nove-paroquias-do-setor-belem-jovens\/#breadcrumb\",\"itemListElement\":[{\"@type\":\"ListItem\",\"position\":1,\"name\":\"In\u00edcio\",\"item\":\"https:\/\/www.oarcanjo.net\/site\/\"},{\"@type\":\"ListItem\",\"position\":2,\"name\":\"Reuni\u00e3o das nove Par\u00f3quias do Setor Bel\u00e9m &#8211; Jovens\"}]},{\"@type\":\"WebSite\",\"@id\":\"https:\/\/www.oarcanjo.net\/site\/#website\",\"url\":\"https:\/\/www.oarcanjo.net\/site\/\",\"name\":\"O Arcanjo no ar\",\"description\":\"Site da Par\u00f3quia S\u00e3o Miguel Arcanjo (Arquidiocese de SP)\",\"publisher\":{\"@id\":\"https:\/\/www.oarcanjo.net\/site\/#organization\"},\"potentialAction\":[{\"@type\":\"SearchAction\",\"target\":{\"@type\":\"EntryPoint\",\"urlTemplate\":\"https:\/\/www.oarcanjo.net\/site\/?s={search_term_string}\"},\"query-input\":{\"@type\":\"PropertyValueSpecification\",\"valueRequired\":true,\"valueName\":\"search_term_string\"}}],\"inLanguage\":\"pt-BR\"},{\"@type\":\"Organization\",\"@id\":\"https:\/\/www.oarcanjo.net\/site\/#organization\",\"name\":\"Par\u00f3quia S\u00e3o Miguel Arcanjo\",\"url\":\"https:\/\/www.oarcanjo.net\/site\/\",\"logo\":{\"@type\":\"ImageObject\",\"inLanguage\":\"pt-BR\",\"@id\":\"https:\/\/www.oarcanjo.net\/site\/#\/schema\/logo\/image\/\",\"url\":\"https:\/\/www.oarcanjo.net\/site\/wp-content\/uploads\/LogoOArcanjo.png\",\"contentUrl\":\"https:\/\/www.oarcanjo.net\/site\/wp-content\/uploads\/LogoOArcanjo.png\",\"width\":319,\"height\":99,\"caption\":\"Par\u00f3quia S\u00e3o Miguel Arcanjo\"},\"image\":{\"@id\":\"https:\/\/www.oarcanjo.net\/site\/#\/schema\/logo\/image\/\"},\"sameAs\":[\"https:\/\/www.facebook.com\/OArcanjoNoAr\/\"]},{\"@type\":\"Person\",\"@id\":\"https:\/\/www.oarcanjo.net\/site\/#\/schema\/person\/f7870e710d8c8c30673de3a0ac2e451d\",\"name\":\"carlos\"}]}<\/script>\n<!-- \/ Yoast SEO plugin. -->","yoast_head_json":{"title":"Reuni\u00e3o das nove Par\u00f3quias do Setor Bel\u00e9m - Jovens - O Arcanjo no ar","robots":{"index":"index","follow":"follow","max-snippet":"max-snippet:-1","max-image-preview":"max-image-preview:large","max-video-preview":"max-video-preview:-1"},"canonical":"https:\/\/www.oarcanjo.net\/site\/reuniao-das-nove-paroquias-do-setor-belem-jovens\/","og_locale":"pt_BR","og_type":"article","og_title":"Reuni\u00e3o das nove Par\u00f3quias do Setor Bel\u00e9m - Jovens - O Arcanjo no ar","og_description":"Nesta ter\u00e7a-feira, 18\/10\/11, as nove Par\u00f3quias do Setor Bel\u00e9m se reuniram. Momento que o Grupo de Jovens da RCC apresentou sua atua\u00e7\u00e3o em slides, fazendo ao final reivindica\u00e7\u00f5es \u00a0para que os Padres apoiem e valorizem os jovens, ajudando na divulga\u00e7\u00e3o e, at\u00e9, no apoio financeiro. O Padre J\u00falio ressaltou a visita da Cruz da Jornada [&hellip;]","og_url":"https:\/\/www.oarcanjo.net\/site\/reuniao-das-nove-paroquias-do-setor-belem-jovens\/","og_site_name":"O Arcanjo no ar","article_publisher":"https:\/\/www.facebook.com\/OArcanjoNoAr\/","article_published_time":"2011-10-19T02:51:48+00:00","og_image":[{"url":"http:\/\/www.oarcanjo.net\/site\/wp-content\/uploads\/SAM_02791-300x200.jpg"}],"author":"carlos","twitter_card":"summary_large_image","twitter_misc":{"Escrito por":"carlos","Est. tempo de leitura":"1 minuto"},"schema":{"@context":"https:\/\/schema.org","@graph":[{"@type":"Article","@id":"https:\/\/www.oarcanjo.net\/site\/reuniao-das-nove-paroquias-do-setor-belem-jovens\/#article","isPartOf":{"@id":"https:\/\/www.oarcanjo.net\/site\/reuniao-das-nove-paroquias-do-setor-belem-jovens\/"},"author":{"name":"carlos","@id":"https:\/\/www.oarcanjo.net\/site\/#\/schema\/person\/f7870e710d8c8c30673de3a0ac2e451d"},"headline":"Reuni\u00e3o das nove Par\u00f3quias do Setor Bel\u00e9m &#8211; Jovens","datePublished":"2011-10-19T02:51:48+00:00","dateModified":"2011-10-19T02:51:48+00:00","mainEntityOfPage":{"@id":"https:\/\/www.oarcanjo.net\/site\/reuniao-das-nove-paroquias-do-setor-belem-jovens\/"},"wordCount":143,"commentCount":0,"publisher":{"@id":"https:\/\/www.oarcanjo.net\/site\/#organization"},"image":{"@id":"https:\/\/www.oarcanjo.net\/site\/reuniao-das-nove-paroquias-do-setor-belem-jovens\/#primaryimage"},"thumbnailUrl":"http:\/\/www.oarcanjo.net\/site\/wp-content\/uploads\/SAM_02791-300x200.jpg","articleSection":["Jovens","Not\u00edcias"],"inLanguage":"pt-BR","potentialAction":[{"@type":"CommentAction","name":"Comment","target":["https:\/\/www.oarcanjo.net\/site\/reuniao-das-nove-paroquias-do-setor-belem-jovens\/#respond"]}]},{"@type":"WebPage","@id":"https:\/\/www.oarcanjo.net\/site\/reuniao-das-nove-paroquias-do-setor-belem-jovens\/","url":"https:\/\/www.oarcanjo.net\/site\/reuniao-das-nove-paroquias-do-setor-belem-jovens\/","name":"Reuni\u00e3o das nove Par\u00f3quias do Setor Bel\u00e9m - Jovens - O Arcanjo no ar","isPartOf":{"@id":"https:\/\/www.oarcanjo.net\/site\/#website"},"primaryImageOfPage":{"@id":"https:\/\/www.oarcanjo.net\/site\/reuniao-das-nove-paroquias-do-setor-belem-jovens\/#primaryimage"},"image":{"@id":"https:\/\/www.oarcanjo.net\/site\/reuniao-das-nove-paroquias-do-setor-belem-jovens\/#primaryimage"},"thumbnailUrl":"http:\/\/www.oarcanjo.net\/site\/wp-content\/uploads\/SAM_02791-300x200.jpg","datePublished":"2011-10-19T02:51:48+00:00","dateModified":"2011-10-19T02:51:48+00:00","breadcrumb":{"@id":"https:\/\/www.oarcanjo.net\/site\/reuniao-das-nove-paroquias-do-setor-belem-jovens\/#breadcrumb"},"inLanguage":"pt-BR","potentialAction":[{"@type":"ReadAction","target":["https:\/\/www.oarcanjo.net\/site\/reuniao-das-nove-paroquias-do-setor-belem-jovens\/"]}]},{"@type":"ImageObject","inLanguage":"pt-BR","@id":"https:\/\/www.oarcanjo.net\/site\/reuniao-das-nove-paroquias-do-setor-belem-jovens\/#primaryimage","url":"https:\/\/www.oarcanjo.net\/site\/wp-content\/uploads\/SAM_02791.jpg","contentUrl":"https:\/\/www.oarcanjo.net\/site\/wp-content\/uploads\/SAM_02791.jpg","width":"645","height":"430"},{"@type":"BreadcrumbList","@id":"https:\/\/www.oarcanjo.net\/site\/reuniao-das-nove-paroquias-do-setor-belem-jovens\/#breadcrumb","itemListElement":[{"@type":"ListItem","position":1,"name":"In\u00edcio","item":"https:\/\/www.oarcanjo.net\/site\/"},{"@type":"ListItem","position":2,"name":"Reuni\u00e3o das nove Par\u00f3quias do Setor Bel\u00e9m &#8211; Jovens"}]},{"@type":"WebSite","@id":"https:\/\/www.oarcanjo.net\/site\/#website","url":"https:\/\/www.oarcanjo.net\/site\/","name":"O Arcanjo no ar","description":"Site da Par\u00f3quia S\u00e3o Miguel Arcanjo (Arquidiocese de SP)","publisher":{"@id":"https:\/\/www.oarcanjo.net\/site\/#organization"},"potentialAction":[{"@type":"SearchAction","target":{"@type":"EntryPoint","urlTemplate":"https:\/\/www.oarcanjo.net\/site\/?s={search_term_string}"},"query-input":{"@type":"PropertyValueSpecification","valueRequired":true,"valueName":"search_term_string"}}],"inLanguage":"pt-BR"},{"@type":"Organization","@id":"https:\/\/www.oarcanjo.net\/site\/#organization","name":"Par\u00f3quia S\u00e3o Miguel Arcanjo","url":"https:\/\/www.oarcanjo.net\/site\/","logo":{"@type":"ImageObject","inLanguage":"pt-BR","@id":"https:\/\/www.oarcanjo.net\/site\/#\/schema\/logo\/image\/","url":"https:\/\/www.oarcanjo.net\/site\/wp-content\/uploads\/LogoOArcanjo.png","contentUrl":"https:\/\/www.oarcanjo.net\/site\/wp-content\/uploads\/LogoOArcanjo.png","width":319,"height":99,"caption":"Par\u00f3quia S\u00e3o Miguel Arcanjo"},"image":{"@id":"https:\/\/www.oarcanjo.net\/site\/#\/schema\/logo\/image\/"},"sameAs":["https:\/\/www.facebook.com\/OArcanjoNoAr\/"]},{"@type":"Person","@id":"https:\/\/www.oarcanjo.net\/site\/#\/schema\/person\/f7870e710d8c8c30673de3a0ac2e451d","name":"carlos"}]}},"publishpress_future_action":{"enabled":false,"date":"2026-05-07 02:28:03","action":"category","newStatus":"draft","terms":[],"taxonomy":"category"},"publishpress_future_workflow_manual_trigger":{"enabledWorkflows":[]},"_links":{"self":[{"href":"https:\/\/www.oarcanjo.net\/site\/wp-json\/wp\/v2\/posts\/16198"}],"collection":[{"href":"https:\/\/www.oarcanjo.net\/site\/wp-json\/wp\/v2\/posts"}],"about":[{"href":"https:\/\/www.oarcanjo.net\/site\/wp-json\/wp\/v2\/types\/post"}],"author":[{"embeddable":true,"href":"https:\/\/www.oarcanjo.net\/site\/wp-json\/wp\/v2\/users\/10"}],"replies":[{"embeddable":true,"href":"https:\/\/www.oarcanjo.net\/site\/wp-json\/wp\/v2\/comments?post=16198"}],"version-history":[{"count":0,"href":"https:\/\/www.oarcanjo.net\/site\/wp-json\/wp\/v2\/posts\/16198\/revisions"}],"wp:attachment":[{"href":"https:\/\/www.oarcanjo.net\/site\/wp-json\/wp\/v2\/media?parent=16198"}],"wp:term":[{"taxonomy":"category","embeddable":true,"href":"https:\/\/www.oarcanjo.net\/site\/wp-json\/wp\/v2\/categories?post=16198"},{"taxonomy":"post_tag","embeddable":true,"href":"https:\/\/www.oarcanjo.net\/site\/wp-json\/wp\/v2\/tags?post=16198"}],"curies":[{"name":"wp","href":"https:\/\/api.w.org\/{rel}","templated":true}]}}