
{"id":16209,"date":"2011-10-19T01:08:52","date_gmt":"2011-10-19T03:08:52","guid":{"rendered":"http:\/\/www.oarcanjo.net\/site\/?p=16209"},"modified":"2011-10-19T01:12:48","modified_gmt":"2011-10-19T03:12:48","slug":"frio-moradores-de-rua-jovens-indignados","status":"publish","type":"post","link":"https:\/\/www.oarcanjo.net\/site\/frio-moradores-de-rua-jovens-indignados\/","title":{"rendered":"Frio &#8211; moradores de rua &#8211; jovens indignados"},"content":{"rendered":"<p>Na fria noite desta ter\u00e7a-feira, 18\/10\/11, o Padre J\u00falio levou cobertores no local dos acampados no Anhangaba\u00fa, que est\u00e3o dormindo junto aos moradores de rua. Jovens indignados, com seu protesto pac\u00edfico e ordeiro. O brilho nos olhos desses jovens com ideal somente \u00e9 ofuscado pelo sofrimento da parte mais fragilizada da popula\u00e7\u00e3o e que estava ali, juntos, os moradores de rua. Os cobertores logo foram repassados a esses sofredores. Pondera\u00e7\u00f5es, discuss\u00f5es, teses colocadas, tudo com ordem e solidariedade. Cozinha comunit\u00e1ria, solidariedade. Not\u00edcias sendo transmitidas ali mesmo, pela internet.<\/p>\n<p>Jovens universit\u00e1rios, alguns estudantes, outros com forma\u00e7\u00e3o t\u00e9cnica, mas sobretudo, humana, preocupados com um mundo melhor.<\/p>\n<p>Vejam as fotos por Carlos A. Beatriz<\/p>\n<p><a href=\"http:\/\/www.oarcanjo.net\/site\/wp-content\/uploads\/SAM_0299.jpg\"><img loading=\"lazy\" decoding=\"async\" class=\"alignright size-medium wp-image-16211\" title=\"SAM_0299\" src=\"http:\/\/www.oarcanjo.net\/site\/wp-content\/uploads\/SAM_0299-300x200.jpg\" alt=\"\" width=\"300\" height=\"200\" srcset=\"https:\/\/www.oarcanjo.net\/site\/wp-content\/uploads\/SAM_0299-300x200.jpg 300w, https:\/\/www.oarcanjo.net\/site\/wp-content\/uploads\/SAM_0299.jpg 645w\" sizes=\"(max-width: 300px) 100vw, 300px\" \/><\/a>a<img loading=\"lazy\" decoding=\"async\" class=\"alignleft size-medium wp-image-16210\" title=\"SAM_0297\" src=\"http:\/\/www.oarcanjo.net\/site\/wp-content\/uploads\/SAM_0297-300x200.jpg\" alt=\"\" width=\"300\" height=\"200\" srcset=\"https:\/\/www.oarcanjo.net\/site\/wp-content\/uploads\/SAM_0297-300x200.jpg 300w, https:\/\/www.oarcanjo.net\/site\/wp-content\/uploads\/SAM_0297.jpg 645w\" sizes=\"(max-width: 300px) 100vw, 300px\" \/><\/p>\n<p><a href=\"http:\/\/www.oarcanjo.net\/site\/wp-content\/uploads\/SAM_0300.jpg\"><img loading=\"lazy\" decoding=\"async\" class=\"alignleft size-medium wp-image-16212\" title=\"SAM_0300\" src=\"http:\/\/www.oarcanjo.net\/site\/wp-content\/uploads\/SAM_0300-300x200.jpg\" alt=\"\" width=\"300\" height=\"200\" srcset=\"https:\/\/www.oarcanjo.net\/site\/wp-content\/uploads\/SAM_0300-300x200.jpg 300w, https:\/\/www.oarcanjo.net\/site\/wp-content\/uploads\/SAM_0300.jpg 645w\" sizes=\"(max-width: 300px) 100vw, 300px\" \/><\/a><a href=\"http:\/\/www.oarcanjo.net\/site\/wp-content\/uploads\/SAM_0304.jpg\"><img loading=\"lazy\" decoding=\"async\" class=\"alignright size-medium wp-image-16213\" title=\"SAM_0304\" src=\"http:\/\/www.oarcanjo.net\/site\/wp-content\/uploads\/SAM_0304-300x200.jpg\" alt=\"\" width=\"300\" height=\"200\" srcset=\"https:\/\/www.oarcanjo.net\/site\/wp-content\/uploads\/SAM_0304-300x200.jpg 300w, https:\/\/www.oarcanjo.net\/site\/wp-content\/uploads\/SAM_0304.jpg 645w\" sizes=\"(max-width: 300px) 100vw, 300px\" \/><\/a><\/p>\n<p><a href=\"http:\/\/www.oarcanjo.net\/site\/wp-content\/uploads\/SAM_0306.jpg\"><img loading=\"lazy\" decoding=\"async\" class=\"alignleft size-medium wp-image-16214\" title=\"SAM_0306\" src=\"http:\/\/www.oarcanjo.net\/site\/wp-content\/uploads\/SAM_0306-300x200.jpg\" alt=\"\" width=\"300\" height=\"200\" srcset=\"https:\/\/www.oarcanjo.net\/site\/wp-content\/uploads\/SAM_0306-300x200.jpg 300w, https:\/\/www.oarcanjo.net\/site\/wp-content\/uploads\/SAM_0306.jpg 645w\" sizes=\"(max-width: 300px) 100vw, 300px\" \/><\/a><a href=\"http:\/\/www.oarcanjo.net\/site\/wp-content\/uploads\/SAM_0307.jpg\"><img loading=\"lazy\" decoding=\"async\" class=\"alignright size-medium wp-image-16215\" title=\"SAM_0307\" src=\"http:\/\/www.oarcanjo.net\/site\/wp-content\/uploads\/SAM_0307-300x200.jpg\" alt=\"\" width=\"300\" height=\"200\" srcset=\"https:\/\/www.oarcanjo.net\/site\/wp-content\/uploads\/SAM_0307-300x200.jpg 300w, https:\/\/www.oarcanjo.net\/site\/wp-content\/uploads\/SAM_0307.jpg 645w\" sizes=\"(max-width: 300px) 100vw, 300px\" \/><\/a><\/p>\n<p><a href=\"http:\/\/www.oarcanjo.net\/site\/wp-content\/uploads\/SAM_0308.jpg\"><img loading=\"lazy\" decoding=\"async\" class=\"alignleft size-medium wp-image-16216\" title=\"SAM_0308\" src=\"http:\/\/www.oarcanjo.net\/site\/wp-content\/uploads\/SAM_0308-300x200.jpg\" alt=\"\" width=\"300\" height=\"200\" srcset=\"https:\/\/www.oarcanjo.net\/site\/wp-content\/uploads\/SAM_0308-300x200.jpg 300w, https:\/\/www.oarcanjo.net\/site\/wp-content\/uploads\/SAM_0308.jpg 645w\" sizes=\"(max-width: 300px) 100vw, 300px\" \/><\/a><\/p>\n<p><img loading=\"lazy\" decoding=\"async\" class=\"alignright size-medium wp-image-16218\" title=\"SAM_0318\" src=\"http:\/\/www.oarcanjo.net\/site\/wp-content\/uploads\/SAM_03181-300x200.jpg\" alt=\"\" width=\"300\" height=\"200\" srcset=\"https:\/\/www.oarcanjo.net\/site\/wp-content\/uploads\/SAM_03181-300x200.jpg 300w, https:\/\/www.oarcanjo.net\/site\/wp-content\/uploads\/SAM_03181.jpg 645w\" sizes=\"(max-width: 300px) 100vw, 300px\" \/><\/p>\n<div id=\"themify_builder_content-16209\" data-postid=\"16209\" class=\"themify_builder_content themify_builder_content-16209 themify_builder themify_builder_front\">\n\t<\/div>\n<!-- \/themify_builder_content -->","protected":false},"excerpt":{"rendered":"<p>Na fria noite desta ter\u00e7a-feira, 18\/10\/11, o Padre J\u00falio levou cobertores no local dos acampados no Anhangaba\u00fa, que est\u00e3o dormindo junto aos moradores de rua. Jovens indignados, com seu protesto pac\u00edfico e ordeiro. O brilho nos olhos desses jovens com ideal somente \u00e9 ofuscado pelo sofrimento da parte mais fragilizada da popula\u00e7\u00e3o e que estava [&hellip;]<\/p>\n","protected":false},"author":10,"featured_media":0,"comment_status":"open","ping_status":"open","sticky":false,"template":"","format":"standard","meta":{"ngg_post_thumbnail":0,"footnotes":""},"categories":[395,8],"tags":[],"yoast_head":"<!-- This site is optimized with the Yoast SEO plugin v23.5 - https:\/\/yoast.com\/wordpress\/plugins\/seo\/ -->\n<title>Frio - moradores de rua - jovens indignados - O Arcanjo no ar<\/title>\n<meta name=\"robots\" content=\"index, follow, max-snippet:-1, max-image-preview:large, max-video-preview:-1\" \/>\n<link rel=\"canonical\" href=\"https:\/\/www.oarcanjo.net\/site\/frio-moradores-de-rua-jovens-indignados\/\" \/>\n<meta property=\"og:locale\" content=\"pt_BR\" \/>\n<meta property=\"og:type\" content=\"article\" \/>\n<meta property=\"og:title\" content=\"Frio - moradores de rua - jovens indignados - O Arcanjo no ar\" \/>\n<meta property=\"og:description\" content=\"Na fria noite desta ter\u00e7a-feira, 18\/10\/11, o Padre J\u00falio levou cobertores no local dos acampados no Anhangaba\u00fa, que est\u00e3o dormindo junto aos moradores de rua. Jovens indignados, com seu protesto pac\u00edfico e ordeiro. O brilho nos olhos desses jovens com ideal somente \u00e9 ofuscado pelo sofrimento da parte mais fragilizada da popula\u00e7\u00e3o e que estava [&hellip;]\" \/>\n<meta property=\"og:url\" content=\"https:\/\/www.oarcanjo.net\/site\/frio-moradores-de-rua-jovens-indignados\/\" \/>\n<meta property=\"og:site_name\" content=\"O Arcanjo no ar\" \/>\n<meta property=\"article:publisher\" content=\"https:\/\/www.facebook.com\/OArcanjoNoAr\/\" \/>\n<meta property=\"article:published_time\" content=\"2011-10-19T03:08:52+00:00\" \/>\n<meta property=\"article:modified_time\" content=\"2011-10-19T03:12:48+00:00\" \/>\n<meta property=\"og:image\" content=\"http:\/\/www.oarcanjo.net\/site\/wp-content\/uploads\/SAM_0299-300x200.jpg\" \/>\n<meta name=\"author\" content=\"carlos\" \/>\n<meta name=\"twitter:card\" content=\"summary_large_image\" \/>\n<meta name=\"twitter:label1\" content=\"Escrito por\" \/>\n\t<meta name=\"twitter:data1\" content=\"carlos\" \/>\n\t<meta name=\"twitter:label2\" content=\"Est. tempo de leitura\" \/>\n\t<meta name=\"twitter:data2\" content=\"1 minuto\" \/>\n<script type=\"application\/ld+json\" class=\"yoast-schema-graph\">{\"@context\":\"https:\/\/schema.org\",\"@graph\":[{\"@type\":\"Article\",\"@id\":\"https:\/\/www.oarcanjo.net\/site\/frio-moradores-de-rua-jovens-indignados\/#article\",\"isPartOf\":{\"@id\":\"https:\/\/www.oarcanjo.net\/site\/frio-moradores-de-rua-jovens-indignados\/\"},\"author\":{\"name\":\"carlos\",\"@id\":\"https:\/\/www.oarcanjo.net\/site\/#\/schema\/person\/f7870e710d8c8c30673de3a0ac2e451d\"},\"headline\":\"Frio &#8211; moradores de rua &#8211; jovens indignados\",\"datePublished\":\"2011-10-19T03:08:52+00:00\",\"dateModified\":\"2011-10-19T03:12:48+00:00\",\"mainEntityOfPage\":{\"@id\":\"https:\/\/www.oarcanjo.net\/site\/frio-moradores-de-rua-jovens-indignados\/\"},\"wordCount\":130,\"commentCount\":1,\"publisher\":{\"@id\":\"https:\/\/www.oarcanjo.net\/site\/#organization\"},\"image\":{\"@id\":\"https:\/\/www.oarcanjo.net\/site\/frio-moradores-de-rua-jovens-indignados\/#primaryimage\"},\"thumbnailUrl\":\"http:\/\/www.oarcanjo.net\/site\/wp-content\/uploads\/SAM_0299-300x200.jpg\",\"articleSection\":[\"Jovens\",\"Not\u00edcias\"],\"inLanguage\":\"pt-BR\",\"potentialAction\":[{\"@type\":\"CommentAction\",\"name\":\"Comment\",\"target\":[\"https:\/\/www.oarcanjo.net\/site\/frio-moradores-de-rua-jovens-indignados\/#respond\"]}]},{\"@type\":\"WebPage\",\"@id\":\"https:\/\/www.oarcanjo.net\/site\/frio-moradores-de-rua-jovens-indignados\/\",\"url\":\"https:\/\/www.oarcanjo.net\/site\/frio-moradores-de-rua-jovens-indignados\/\",\"name\":\"Frio - moradores de rua - jovens indignados - O Arcanjo no ar\",\"isPartOf\":{\"@id\":\"https:\/\/www.oarcanjo.net\/site\/#website\"},\"primaryImageOfPage\":{\"@id\":\"https:\/\/www.oarcanjo.net\/site\/frio-moradores-de-rua-jovens-indignados\/#primaryimage\"},\"image\":{\"@id\":\"https:\/\/www.oarcanjo.net\/site\/frio-moradores-de-rua-jovens-indignados\/#primaryimage\"},\"thumbnailUrl\":\"http:\/\/www.oarcanjo.net\/site\/wp-content\/uploads\/SAM_0299-300x200.jpg\",\"datePublished\":\"2011-10-19T03:08:52+00:00\",\"dateModified\":\"2011-10-19T03:12:48+00:00\",\"breadcrumb\":{\"@id\":\"https:\/\/www.oarcanjo.net\/site\/frio-moradores-de-rua-jovens-indignados\/#breadcrumb\"},\"inLanguage\":\"pt-BR\",\"potentialAction\":[{\"@type\":\"ReadAction\",\"target\":[\"https:\/\/www.oarcanjo.net\/site\/frio-moradores-de-rua-jovens-indignados\/\"]}]},{\"@type\":\"ImageObject\",\"inLanguage\":\"pt-BR\",\"@id\":\"https:\/\/www.oarcanjo.net\/site\/frio-moradores-de-rua-jovens-indignados\/#primaryimage\",\"url\":\"https:\/\/www.oarcanjo.net\/site\/wp-content\/uploads\/SAM_0299.jpg\",\"contentUrl\":\"https:\/\/www.oarcanjo.net\/site\/wp-content\/uploads\/SAM_0299.jpg\",\"width\":\"645\",\"height\":\"430\"},{\"@type\":\"BreadcrumbList\",\"@id\":\"https:\/\/www.oarcanjo.net\/site\/frio-moradores-de-rua-jovens-indignados\/#breadcrumb\",\"itemListElement\":[{\"@type\":\"ListItem\",\"position\":1,\"name\":\"In\u00edcio\",\"item\":\"https:\/\/www.oarcanjo.net\/site\/\"},{\"@type\":\"ListItem\",\"position\":2,\"name\":\"Frio &#8211; moradores de rua &#8211; jovens indignados\"}]},{\"@type\":\"WebSite\",\"@id\":\"https:\/\/www.oarcanjo.net\/site\/#website\",\"url\":\"https:\/\/www.oarcanjo.net\/site\/\",\"name\":\"O Arcanjo no ar\",\"description\":\"Site da Par\u00f3quia S\u00e3o Miguel Arcanjo (Arquidiocese de SP)\",\"publisher\":{\"@id\":\"https:\/\/www.oarcanjo.net\/site\/#organization\"},\"potentialAction\":[{\"@type\":\"SearchAction\",\"target\":{\"@type\":\"EntryPoint\",\"urlTemplate\":\"https:\/\/www.oarcanjo.net\/site\/?s={search_term_string}\"},\"query-input\":{\"@type\":\"PropertyValueSpecification\",\"valueRequired\":true,\"valueName\":\"search_term_string\"}}],\"inLanguage\":\"pt-BR\"},{\"@type\":\"Organization\",\"@id\":\"https:\/\/www.oarcanjo.net\/site\/#organization\",\"name\":\"Par\u00f3quia S\u00e3o Miguel Arcanjo\",\"url\":\"https:\/\/www.oarcanjo.net\/site\/\",\"logo\":{\"@type\":\"ImageObject\",\"inLanguage\":\"pt-BR\",\"@id\":\"https:\/\/www.oarcanjo.net\/site\/#\/schema\/logo\/image\/\",\"url\":\"https:\/\/www.oarcanjo.net\/site\/wp-content\/uploads\/LogoOArcanjo.png\",\"contentUrl\":\"https:\/\/www.oarcanjo.net\/site\/wp-content\/uploads\/LogoOArcanjo.png\",\"width\":319,\"height\":99,\"caption\":\"Par\u00f3quia S\u00e3o Miguel Arcanjo\"},\"image\":{\"@id\":\"https:\/\/www.oarcanjo.net\/site\/#\/schema\/logo\/image\/\"},\"sameAs\":[\"https:\/\/www.facebook.com\/OArcanjoNoAr\/\"]},{\"@type\":\"Person\",\"@id\":\"https:\/\/www.oarcanjo.net\/site\/#\/schema\/person\/f7870e710d8c8c30673de3a0ac2e451d\",\"name\":\"carlos\"}]}<\/script>\n<!-- \/ Yoast SEO plugin. -->","yoast_head_json":{"title":"Frio - moradores de rua - jovens indignados - O Arcanjo no ar","robots":{"index":"index","follow":"follow","max-snippet":"max-snippet:-1","max-image-preview":"max-image-preview:large","max-video-preview":"max-video-preview:-1"},"canonical":"https:\/\/www.oarcanjo.net\/site\/frio-moradores-de-rua-jovens-indignados\/","og_locale":"pt_BR","og_type":"article","og_title":"Frio - moradores de rua - jovens indignados - O Arcanjo no ar","og_description":"Na fria noite desta ter\u00e7a-feira, 18\/10\/11, o Padre J\u00falio levou cobertores no local dos acampados no Anhangaba\u00fa, que est\u00e3o dormindo junto aos moradores de rua. Jovens indignados, com seu protesto pac\u00edfico e ordeiro. O brilho nos olhos desses jovens com ideal somente \u00e9 ofuscado pelo sofrimento da parte mais fragilizada da popula\u00e7\u00e3o e que estava [&hellip;]","og_url":"https:\/\/www.oarcanjo.net\/site\/frio-moradores-de-rua-jovens-indignados\/","og_site_name":"O Arcanjo no ar","article_publisher":"https:\/\/www.facebook.com\/OArcanjoNoAr\/","article_published_time":"2011-10-19T03:08:52+00:00","article_modified_time":"2011-10-19T03:12:48+00:00","og_image":[{"url":"http:\/\/www.oarcanjo.net\/site\/wp-content\/uploads\/SAM_0299-300x200.jpg"}],"author":"carlos","twitter_card":"summary_large_image","twitter_misc":{"Escrito por":"carlos","Est. tempo de leitura":"1 minuto"},"schema":{"@context":"https:\/\/schema.org","@graph":[{"@type":"Article","@id":"https:\/\/www.oarcanjo.net\/site\/frio-moradores-de-rua-jovens-indignados\/#article","isPartOf":{"@id":"https:\/\/www.oarcanjo.net\/site\/frio-moradores-de-rua-jovens-indignados\/"},"author":{"name":"carlos","@id":"https:\/\/www.oarcanjo.net\/site\/#\/schema\/person\/f7870e710d8c8c30673de3a0ac2e451d"},"headline":"Frio &#8211; moradores de rua &#8211; jovens indignados","datePublished":"2011-10-19T03:08:52+00:00","dateModified":"2011-10-19T03:12:48+00:00","mainEntityOfPage":{"@id":"https:\/\/www.oarcanjo.net\/site\/frio-moradores-de-rua-jovens-indignados\/"},"wordCount":130,"commentCount":1,"publisher":{"@id":"https:\/\/www.oarcanjo.net\/site\/#organization"},"image":{"@id":"https:\/\/www.oarcanjo.net\/site\/frio-moradores-de-rua-jovens-indignados\/#primaryimage"},"thumbnailUrl":"http:\/\/www.oarcanjo.net\/site\/wp-content\/uploads\/SAM_0299-300x200.jpg","articleSection":["Jovens","Not\u00edcias"],"inLanguage":"pt-BR","potentialAction":[{"@type":"CommentAction","name":"Comment","target":["https:\/\/www.oarcanjo.net\/site\/frio-moradores-de-rua-jovens-indignados\/#respond"]}]},{"@type":"WebPage","@id":"https:\/\/www.oarcanjo.net\/site\/frio-moradores-de-rua-jovens-indignados\/","url":"https:\/\/www.oarcanjo.net\/site\/frio-moradores-de-rua-jovens-indignados\/","name":"Frio - moradores de rua - jovens indignados - O Arcanjo no ar","isPartOf":{"@id":"https:\/\/www.oarcanjo.net\/site\/#website"},"primaryImageOfPage":{"@id":"https:\/\/www.oarcanjo.net\/site\/frio-moradores-de-rua-jovens-indignados\/#primaryimage"},"image":{"@id":"https:\/\/www.oarcanjo.net\/site\/frio-moradores-de-rua-jovens-indignados\/#primaryimage"},"thumbnailUrl":"http:\/\/www.oarcanjo.net\/site\/wp-content\/uploads\/SAM_0299-300x200.jpg","datePublished":"2011-10-19T03:08:52+00:00","dateModified":"2011-10-19T03:12:48+00:00","breadcrumb":{"@id":"https:\/\/www.oarcanjo.net\/site\/frio-moradores-de-rua-jovens-indignados\/#breadcrumb"},"inLanguage":"pt-BR","potentialAction":[{"@type":"ReadAction","target":["https:\/\/www.oarcanjo.net\/site\/frio-moradores-de-rua-jovens-indignados\/"]}]},{"@type":"ImageObject","inLanguage":"pt-BR","@id":"https:\/\/www.oarcanjo.net\/site\/frio-moradores-de-rua-jovens-indignados\/#primaryimage","url":"https:\/\/www.oarcanjo.net\/site\/wp-content\/uploads\/SAM_0299.jpg","contentUrl":"https:\/\/www.oarcanjo.net\/site\/wp-content\/uploads\/SAM_0299.jpg","width":"645","height":"430"},{"@type":"BreadcrumbList","@id":"https:\/\/www.oarcanjo.net\/site\/frio-moradores-de-rua-jovens-indignados\/#breadcrumb","itemListElement":[{"@type":"ListItem","position":1,"name":"In\u00edcio","item":"https:\/\/www.oarcanjo.net\/site\/"},{"@type":"ListItem","position":2,"name":"Frio &#8211; moradores de rua &#8211; jovens indignados"}]},{"@type":"WebSite","@id":"https:\/\/www.oarcanjo.net\/site\/#website","url":"https:\/\/www.oarcanjo.net\/site\/","name":"O Arcanjo no ar","description":"Site da Par\u00f3quia S\u00e3o Miguel Arcanjo (Arquidiocese de SP)","publisher":{"@id":"https:\/\/www.oarcanjo.net\/site\/#organization"},"potentialAction":[{"@type":"SearchAction","target":{"@type":"EntryPoint","urlTemplate":"https:\/\/www.oarcanjo.net\/site\/?s={search_term_string}"},"query-input":{"@type":"PropertyValueSpecification","valueRequired":true,"valueName":"search_term_string"}}],"inLanguage":"pt-BR"},{"@type":"Organization","@id":"https:\/\/www.oarcanjo.net\/site\/#organization","name":"Par\u00f3quia S\u00e3o Miguel Arcanjo","url":"https:\/\/www.oarcanjo.net\/site\/","logo":{"@type":"ImageObject","inLanguage":"pt-BR","@id":"https:\/\/www.oarcanjo.net\/site\/#\/schema\/logo\/image\/","url":"https:\/\/www.oarcanjo.net\/site\/wp-content\/uploads\/LogoOArcanjo.png","contentUrl":"https:\/\/www.oarcanjo.net\/site\/wp-content\/uploads\/LogoOArcanjo.png","width":319,"height":99,"caption":"Par\u00f3quia S\u00e3o Miguel Arcanjo"},"image":{"@id":"https:\/\/www.oarcanjo.net\/site\/#\/schema\/logo\/image\/"},"sameAs":["https:\/\/www.facebook.com\/OArcanjoNoAr\/"]},{"@type":"Person","@id":"https:\/\/www.oarcanjo.net\/site\/#\/schema\/person\/f7870e710d8c8c30673de3a0ac2e451d","name":"carlos"}]}},"publishpress_future_action":{"enabled":false,"date":"2026-05-07 04:22:19","action":"category","newStatus":"draft","terms":[],"taxonomy":"category"},"publishpress_future_workflow_manual_trigger":{"enabledWorkflows":[]},"_links":{"self":[{"href":"https:\/\/www.oarcanjo.net\/site\/wp-json\/wp\/v2\/posts\/16209"}],"collection":[{"href":"https:\/\/www.oarcanjo.net\/site\/wp-json\/wp\/v2\/posts"}],"about":[{"href":"https:\/\/www.oarcanjo.net\/site\/wp-json\/wp\/v2\/types\/post"}],"author":[{"embeddable":true,"href":"https:\/\/www.oarcanjo.net\/site\/wp-json\/wp\/v2\/users\/10"}],"replies":[{"embeddable":true,"href":"https:\/\/www.oarcanjo.net\/site\/wp-json\/wp\/v2\/comments?post=16209"}],"version-history":[{"count":0,"href":"https:\/\/www.oarcanjo.net\/site\/wp-json\/wp\/v2\/posts\/16209\/revisions"}],"wp:attachment":[{"href":"https:\/\/www.oarcanjo.net\/site\/wp-json\/wp\/v2\/media?parent=16209"}],"wp:term":[{"taxonomy":"category","embeddable":true,"href":"https:\/\/www.oarcanjo.net\/site\/wp-json\/wp\/v2\/categories?post=16209"},{"taxonomy":"post_tag","embeddable":true,"href":"https:\/\/www.oarcanjo.net\/site\/wp-json\/wp\/v2\/tags?post=16209"}],"curies":[{"name":"wp","href":"https:\/\/api.w.org\/{rel}","templated":true}]}}