
{"id":16227,"date":"2011-10-22T15:02:33","date_gmt":"2011-10-22T17:02:33","guid":{"rendered":"http:\/\/www.oarcanjo.net\/site\/?p=16227"},"modified":"2011-10-22T15:02:33","modified_gmt":"2011-10-22T17:02:33","slug":"campanha-missionaria-2011","status":"publish","type":"post","link":"https:\/\/www.oarcanjo.net\/site\/campanha-missionaria-2011\/","title":{"rendered":"Dia Mundial das Miss\u00f5es: campanha deste ano destaca o tema &#8220;Miss\u00e3o na Ecologia&#8221;"},"content":{"rendered":"<p style=\"text-align: right;\"><em>&#8220;E Deus viu tudo quanto havia feito, e era muito bom&#8221;. (Gn 1, 31)<\/em><\/p>\n<p>A Campanha Mission\u00e1ria \u00e9 realizada todos os anos no m\u00eas de outubro, destacando o Dia Mundial das Miss\u00f5es, (pen\u00faltimo domingo do m\u00eas, este ano dia 23) uma jornada de solidariedade em favor da miss\u00e3o universal da Igreja, celebrado todos os anos desde 1927. \u00c9 uma oportunidade para os crist\u00e3os e crist\u00e3s de todo o mundo agradecer a Deus pelo dom da f\u00e9 e um apelo \u00e0 corresponsabilidade na evangeliza\u00e7\u00e3o, aqui e em todo o planeta.<\/p>\n<p><strong>Como surgiu o M\u00eas Mission\u00e1rio<\/strong><\/p>\n<p>O tema escolhido para a Campanha Mission\u00e1ria 2011 \u00e9 &#8220;Miss\u00e3o na Ecologia&#8221;. A tem\u00e1tica est\u00e1 diretamente ligada \u00e0 Campanha da Fraternidade da Confer\u00eancia Nacional dos Bispos do Brasil &#8211; CNBB, que refletiu sobre &#8220;Fraternidade e a vida no planeta&#8221;, e teve como lema &#8220;A cria\u00e7\u00e3o geme em dores de parto&#8221; (Rm 8, 22).<\/p>\n<p>Organizada pelas Pontif\u00edcias Obras Mission\u00e1rias &#8211; POM, a Campanha Mission\u00e1ria este ano une-se aos apelos de governos, organismos internacionais e nacionais pela preserva\u00e7\u00e3o do meio ambiente e uma maior conscientiza\u00e7\u00e3o ecol\u00f3gica, numa perspectiva global. O objetivo \u00e9 dar uma dimens\u00e3o universal ao tema da CF, concebendo o mundo como um todo conectado e interdependente. Todas as iniciativas se voltam para a universalidade da miss\u00e3o no cuidado da vida no planeta.<\/p>\n<p><strong>Mensagem do Papa para o Dia Mundial das Miss\u00f5es<\/strong><\/p>\n<p>Muitos s\u00e3o os motivos para esta chamada de aten\u00e7\u00e3o ecol\u00f3gica. A Assembleia Geral das Na\u00e7\u00f5es Unidas declarou 2011 como o Ano Internacional das Florestas. As iniciativas t\u00eam como foco a promo\u00e7\u00e3o do manejo sustent\u00e1vel, a conserva\u00e7\u00e3o e desenvolvimento das florestas em todo o mundo e a conscientiza\u00e7\u00e3o do papel decisivo que elas desempenham no desenvolvimento sustent\u00e1vel para a gera\u00e7\u00e3o atual e futura.<\/p>\n<p>Contudo, a maior raz\u00e3o para a preocupa\u00e7\u00e3o da Igreja com o tema \u00e9 que a vida no planeta est\u00e1 amea\u00e7ada e pede a nossa aten\u00e7\u00e3o para ver, compreender e agir antes que seja tarde demais. A humanidade j\u00e1 se deu conta de que a explora\u00e7\u00e3o voraz dos recursos naturais deve ser substitu\u00edda pelo uso respons\u00e1vel e sustent\u00e1vel, guiado por rela\u00e7\u00f5es justas e fraternas, tendo a economia solid\u00e1ria como alternativa \u00e0s leis do mercado total.<\/p>\n<p><strong>Fazer e acontecer<\/strong><\/p>\n<p>Os subs\u00eddios da Campanha foram enviados para todas as 275 dioceses do Brasil distribuirem entre as par\u00f3quias e comunidades. Desde o ano passado, a equipe de prepara\u00e7\u00e3o da Campanha Mission\u00e1ria teve a ideia de substituir as quatro Celebra\u00e7\u00f5es Mission\u00e1rias anteriores por uma Novena, express\u00e3o devocional que \u00e9 tradi\u00e7\u00e3o na vida religiosa de nosso povo. Em 2010, essa experi\u00eancia foi bem acolhida pelas comunidades e continua com um novo texto para 2011. A Novena traz 64 p\u00e1ginas com ora\u00e7\u00f5es, cantos, partilhas e informa\u00e7\u00f5es importantes sobre preserva\u00e7\u00e3o do meio ambiente, al\u00e9m de indicar sites e v\u00eddeos relacionados ao tema.<\/p>\n<p>Outro importante apoio \u00e9 o DVD que dinamiza as discuss\u00f5es e reflex\u00f5es para o M\u00eas das Miss\u00f5es com um document\u00e1rio cada dia da Novena destacando uma realidade da miss\u00e3o ligada \u00e0 ecologia. O cartaz da Campanha representa a retirada de tudo aquilo que n\u00e3o corresponde \u00e0 preserva\u00e7\u00e3o do meio ambiente. Os personagens do cartaz s\u00e3o mission\u00e1rios que t\u00eam consci\u00eancia da sua responsabilidade para fazer do planeta a verdadeira morada para todos os seus habitantes. Deve ser fixado nos murais ou lugares que facilitem a sua visualiza\u00e7\u00e3o.<\/p>\n<p>As ora\u00e7\u00f5es dos fi\u00e9is para cada um dos domingos de outubro e o envelope para a coleta em favor das miss\u00f5es, nos dias 22 e 23 de outubro completam o material a ser distribu\u00eddo. Os cat\u00f3licos brasileiros, oferecem \u00e0s Miss\u00f5es, em m\u00e9dia, menos de cinco centavos ao ano por pessoa. Que tal cortar despesas f\u00fateis, para aumentar sua oferta no Dia Mundial das Miss\u00f5es?<\/p>\n<p>As ofertas de todos os cat\u00f3licos do mundo constituem um Fundo Universal de Solidariedade para manuten\u00e7\u00e3o da atividade mission\u00e1ria; constru\u00e7\u00e3o de igrejas, capelas ou espa\u00e7os para a pastoral; sustento e forma\u00e7\u00e3o de seminaristas e catequistas e iniciativas de educa\u00e7\u00e3o e promo\u00e7\u00e3o dirigidas \u00e0 inf\u00e2ncia.<\/p>\n<p><strong>Vida plena para todos<\/strong><\/p>\n<p>As Diretrizes Gerais da A\u00e7\u00e3o Evangelizadora da Igreja no Brasil 2011-2015, indicam tarefas espec\u00edficas em torno dos temas da espiritualidade Mission\u00e1ria, da Par\u00f3quia Mission\u00e1ria e dos Projetos de Nova Evangeliza\u00e7\u00e3o (DGAE 78) e destacam cinco urg\u00eancias: Igreja em estado permanente de miss\u00e3o, casa da inicia\u00e7\u00e3o \u00e0 vida crist\u00e3, lugar de anima\u00e7\u00e3o b\u00edblica da vida e da pastoral, Igreja: comunidade de comunidades e Igreja a servi\u00e7o da vida plena para todos.<\/p>\n<p>No \u00e2mbito das a\u00e7\u00f5es propostas pelas Diretrizes da CNBB, encontramos a seguinte orienta\u00e7\u00e3o: &#8220;Importante campo de a\u00e7\u00e3o, hoje, \u00e9 educar para a preserva\u00e7\u00e3o da natureza e o cuidado com a ecologia humana, atrav\u00e9s de atitudes que respeitem a biodiversidade e de a\u00e7\u00f5es que zelem pelo meio ambiente. Entre essas a\u00e7\u00f5es, destaca-se a preserva\u00e7\u00e3o da \u00e1gua, patrim\u00f4nio da humanidade, evitando sua privatiza\u00e7\u00e3o, do solo e do ar. O esfor\u00e7o por maior crescimento econ\u00f4mico deve ser orientado para o desenvolvimento sustent\u00e1vel&#8221; (DGAE 114).<\/p>\n<p>Em sintonia com essa vis\u00e3o, no M\u00eas das Miss\u00f5es renovemos nosso compromisso em favor da vida no planeta na certeza de ajudar todas as pessoas que habitam a &#8220;casa comum&#8221;, a descobrirem e assumirem sua miss\u00e3o numa perspectiva universal. O convite \u00e9 come\u00e7ar a olhar para a natureza e perceber como as m\u00e3os humanas est\u00e3o contribuindo para o fen\u00f4meno do aquecimento global e as mudan\u00e7as clim\u00e1ticas, com s\u00e9rias amea\u00e7as para a vida em geral, sobretudo, a dos mais pobres e vulner\u00e1veis. Uma nova civiliza\u00e7\u00e3o ou uma nova cultura humana exige rela\u00e7\u00f5es diferentes com o planeta e com a natureza. Essa mudan\u00e7a de mentalidade exige convers\u00e3o e s\u00f3 \u00e9 alcan\u00e7ada atrav\u00e9s de uma educa\u00e7\u00e3o que gera transforma\u00e7\u00e3o, garantia da sobreviv\u00eancia dos povos e culturas no mundo plural.<\/p>\n<p>Os subs\u00eddios da Campanha Mission\u00e1ria trazem informa\u00e7\u00f5es e oferecem reflex\u00f5es para come\u00e7armos a levar mais a s\u00e9rio nossa miss\u00e3o de cuidar dos bens da cria\u00e7\u00e3o, conscientes de que somos interdependentes.<\/p>\n<div id=\"themify_builder_content-16227\" data-postid=\"16227\" class=\"themify_builder_content themify_builder_content-16227 themify_builder themify_builder_front\">\n\t<\/div>\n<!-- \/themify_builder_content -->","protected":false},"excerpt":{"rendered":"<p>&#8220;E Deus viu tudo quanto havia feito, e era muito bom&#8221;. (Gn 1, 31) A Campanha Mission\u00e1ria \u00e9 realizada todos os anos no m\u00eas de outubro, destacando o Dia Mundial das Miss\u00f5es, (pen\u00faltimo domingo do m\u00eas, este ano dia 23) uma jornada de solidariedade em favor da miss\u00e3o universal da Igreja, celebrado todos os anos [&hellip;]<\/p>\n","protected":false},"author":5,"featured_media":0,"comment_status":"open","ping_status":"open","sticky":false,"template":"","format":"standard","meta":{"ngg_post_thumbnail":0,"footnotes":""},"categories":[8],"tags":[2100,498],"yoast_head":"<!-- This site is optimized with the Yoast SEO plugin v23.5 - https:\/\/yoast.com\/wordpress\/plugins\/seo\/ -->\n<title>Dia Mundial das Miss\u00f5es: campanha deste ano destaca o tema &quot;Miss\u00e3o na Ecologia&quot; - O Arcanjo no ar<\/title>\n<meta name=\"robots\" content=\"index, follow, max-snippet:-1, max-image-preview:large, max-video-preview:-1\" \/>\n<link rel=\"canonical\" href=\"https:\/\/www.oarcanjo.net\/site\/campanha-missionaria-2011\/\" \/>\n<meta property=\"og:locale\" content=\"pt_BR\" \/>\n<meta property=\"og:type\" content=\"article\" \/>\n<meta property=\"og:title\" content=\"Dia Mundial das Miss\u00f5es: campanha deste ano destaca o tema &quot;Miss\u00e3o na Ecologia&quot; - O Arcanjo no ar\" \/>\n<meta property=\"og:description\" content=\"&#8220;E Deus viu tudo quanto havia feito, e era muito bom&#8221;. (Gn 1, 31) A Campanha Mission\u00e1ria \u00e9 realizada todos os anos no m\u00eas de outubro, destacando o Dia Mundial das Miss\u00f5es, (pen\u00faltimo domingo do m\u00eas, este ano dia 23) uma jornada de solidariedade em favor da miss\u00e3o universal da Igreja, celebrado todos os anos [&hellip;]\" \/>\n<meta property=\"og:url\" content=\"https:\/\/www.oarcanjo.net\/site\/campanha-missionaria-2011\/\" \/>\n<meta property=\"og:site_name\" content=\"O Arcanjo no ar\" \/>\n<meta property=\"article:publisher\" content=\"https:\/\/www.facebook.com\/OArcanjoNoAr\/\" \/>\n<meta property=\"article:published_time\" content=\"2011-10-22T17:02:33+00:00\" \/>\n<meta property=\"og:image\" content=\"https:\/\/www.oarcanjo.net\/site\/wp-content\/uploads\/logo-o-arcanjo-no-ar-facebook.png\" \/>\n\t<meta property=\"og:image:width\" content=\"300\" \/>\n\t<meta property=\"og:image:height\" content=\"300\" \/>\n\t<meta property=\"og:image:type\" content=\"image\/png\" \/>\n<meta name=\"author\" content=\"editor\" \/>\n<meta name=\"twitter:card\" content=\"summary_large_image\" \/>\n<meta name=\"twitter:label1\" content=\"Escrito por\" \/>\n\t<meta name=\"twitter:data1\" content=\"editor\" \/>\n\t<meta name=\"twitter:label2\" content=\"Est. tempo de leitura\" \/>\n\t<meta name=\"twitter:data2\" content=\"5 minutos\" \/>\n<script type=\"application\/ld+json\" class=\"yoast-schema-graph\">{\"@context\":\"https:\/\/schema.org\",\"@graph\":[{\"@type\":\"Article\",\"@id\":\"https:\/\/www.oarcanjo.net\/site\/campanha-missionaria-2011\/#article\",\"isPartOf\":{\"@id\":\"https:\/\/www.oarcanjo.net\/site\/campanha-missionaria-2011\/\"},\"author\":{\"name\":\"editor\",\"@id\":\"https:\/\/www.oarcanjo.net\/site\/#\/schema\/person\/f7024d007863202483a31326673a0838\"},\"headline\":\"Dia Mundial das Miss\u00f5es: campanha deste ano destaca o tema &#8220;Miss\u00e3o na Ecologia&#8221;\",\"datePublished\":\"2011-10-22T17:02:33+00:00\",\"dateModified\":\"2011-10-22T17:02:33+00:00\",\"mainEntityOfPage\":{\"@id\":\"https:\/\/www.oarcanjo.net\/site\/campanha-missionaria-2011\/\"},\"wordCount\":1097,\"commentCount\":0,\"publisher\":{\"@id\":\"https:\/\/www.oarcanjo.net\/site\/#organization\"},\"keywords\":[\"Campanha Mission\u00e1ria\",\"miss\u00e3o\"],\"articleSection\":[\"Not\u00edcias\"],\"inLanguage\":\"pt-BR\",\"potentialAction\":[{\"@type\":\"CommentAction\",\"name\":\"Comment\",\"target\":[\"https:\/\/www.oarcanjo.net\/site\/campanha-missionaria-2011\/#respond\"]}]},{\"@type\":\"WebPage\",\"@id\":\"https:\/\/www.oarcanjo.net\/site\/campanha-missionaria-2011\/\",\"url\":\"https:\/\/www.oarcanjo.net\/site\/campanha-missionaria-2011\/\",\"name\":\"Dia Mundial das Miss\u00f5es: campanha deste ano destaca o tema \\\"Miss\u00e3o na Ecologia\\\" - O Arcanjo no ar\",\"isPartOf\":{\"@id\":\"https:\/\/www.oarcanjo.net\/site\/#website\"},\"datePublished\":\"2011-10-22T17:02:33+00:00\",\"dateModified\":\"2011-10-22T17:02:33+00:00\",\"breadcrumb\":{\"@id\":\"https:\/\/www.oarcanjo.net\/site\/campanha-missionaria-2011\/#breadcrumb\"},\"inLanguage\":\"pt-BR\",\"potentialAction\":[{\"@type\":\"ReadAction\",\"target\":[\"https:\/\/www.oarcanjo.net\/site\/campanha-missionaria-2011\/\"]}]},{\"@type\":\"BreadcrumbList\",\"@id\":\"https:\/\/www.oarcanjo.net\/site\/campanha-missionaria-2011\/#breadcrumb\",\"itemListElement\":[{\"@type\":\"ListItem\",\"position\":1,\"name\":\"In\u00edcio\",\"item\":\"https:\/\/www.oarcanjo.net\/site\/\"},{\"@type\":\"ListItem\",\"position\":2,\"name\":\"Dia Mundial das Miss\u00f5es: campanha deste ano destaca o tema &#8220;Miss\u00e3o na Ecologia&#8221;\"}]},{\"@type\":\"WebSite\",\"@id\":\"https:\/\/www.oarcanjo.net\/site\/#website\",\"url\":\"https:\/\/www.oarcanjo.net\/site\/\",\"name\":\"O Arcanjo no ar\",\"description\":\"Site da Par\u00f3quia S\u00e3o Miguel Arcanjo (Arquidiocese de SP)\",\"publisher\":{\"@id\":\"https:\/\/www.oarcanjo.net\/site\/#organization\"},\"potentialAction\":[{\"@type\":\"SearchAction\",\"target\":{\"@type\":\"EntryPoint\",\"urlTemplate\":\"https:\/\/www.oarcanjo.net\/site\/?s={search_term_string}\"},\"query-input\":{\"@type\":\"PropertyValueSpecification\",\"valueRequired\":true,\"valueName\":\"search_term_string\"}}],\"inLanguage\":\"pt-BR\"},{\"@type\":\"Organization\",\"@id\":\"https:\/\/www.oarcanjo.net\/site\/#organization\",\"name\":\"Par\u00f3quia S\u00e3o Miguel Arcanjo\",\"url\":\"https:\/\/www.oarcanjo.net\/site\/\",\"logo\":{\"@type\":\"ImageObject\",\"inLanguage\":\"pt-BR\",\"@id\":\"https:\/\/www.oarcanjo.net\/site\/#\/schema\/logo\/image\/\",\"url\":\"https:\/\/www.oarcanjo.net\/site\/wp-content\/uploads\/LogoOArcanjo.png\",\"contentUrl\":\"https:\/\/www.oarcanjo.net\/site\/wp-content\/uploads\/LogoOArcanjo.png\",\"width\":319,\"height\":99,\"caption\":\"Par\u00f3quia S\u00e3o Miguel Arcanjo\"},\"image\":{\"@id\":\"https:\/\/www.oarcanjo.net\/site\/#\/schema\/logo\/image\/\"},\"sameAs\":[\"https:\/\/www.facebook.com\/OArcanjoNoAr\/\"]},{\"@type\":\"Person\",\"@id\":\"https:\/\/www.oarcanjo.net\/site\/#\/schema\/person\/f7024d007863202483a31326673a0838\",\"name\":\"editor\",\"sameAs\":[\"http:\/\/www.oarcanjo.net\"]}]}<\/script>\n<!-- \/ Yoast SEO plugin. -->","yoast_head_json":{"title":"Dia Mundial das Miss\u00f5es: campanha deste ano destaca o tema \"Miss\u00e3o na Ecologia\" - O Arcanjo no ar","robots":{"index":"index","follow":"follow","max-snippet":"max-snippet:-1","max-image-preview":"max-image-preview:large","max-video-preview":"max-video-preview:-1"},"canonical":"https:\/\/www.oarcanjo.net\/site\/campanha-missionaria-2011\/","og_locale":"pt_BR","og_type":"article","og_title":"Dia Mundial das Miss\u00f5es: campanha deste ano destaca o tema \"Miss\u00e3o na Ecologia\" - O Arcanjo no ar","og_description":"&#8220;E Deus viu tudo quanto havia feito, e era muito bom&#8221;. (Gn 1, 31) A Campanha Mission\u00e1ria \u00e9 realizada todos os anos no m\u00eas de outubro, destacando o Dia Mundial das Miss\u00f5es, (pen\u00faltimo domingo do m\u00eas, este ano dia 23) uma jornada de solidariedade em favor da miss\u00e3o universal da Igreja, celebrado todos os anos [&hellip;]","og_url":"https:\/\/www.oarcanjo.net\/site\/campanha-missionaria-2011\/","og_site_name":"O Arcanjo no ar","article_publisher":"https:\/\/www.facebook.com\/OArcanjoNoAr\/","article_published_time":"2011-10-22T17:02:33+00:00","og_image":[{"width":300,"height":300,"url":"https:\/\/www.oarcanjo.net\/site\/wp-content\/uploads\/logo-o-arcanjo-no-ar-facebook.png","type":"image\/png"}],"author":"editor","twitter_card":"summary_large_image","twitter_misc":{"Escrito por":"editor","Est. tempo de leitura":"5 minutos"},"schema":{"@context":"https:\/\/schema.org","@graph":[{"@type":"Article","@id":"https:\/\/www.oarcanjo.net\/site\/campanha-missionaria-2011\/#article","isPartOf":{"@id":"https:\/\/www.oarcanjo.net\/site\/campanha-missionaria-2011\/"},"author":{"name":"editor","@id":"https:\/\/www.oarcanjo.net\/site\/#\/schema\/person\/f7024d007863202483a31326673a0838"},"headline":"Dia Mundial das Miss\u00f5es: campanha deste ano destaca o tema &#8220;Miss\u00e3o na Ecologia&#8221;","datePublished":"2011-10-22T17:02:33+00:00","dateModified":"2011-10-22T17:02:33+00:00","mainEntityOfPage":{"@id":"https:\/\/www.oarcanjo.net\/site\/campanha-missionaria-2011\/"},"wordCount":1097,"commentCount":0,"publisher":{"@id":"https:\/\/www.oarcanjo.net\/site\/#organization"},"keywords":["Campanha Mission\u00e1ria","miss\u00e3o"],"articleSection":["Not\u00edcias"],"inLanguage":"pt-BR","potentialAction":[{"@type":"CommentAction","name":"Comment","target":["https:\/\/www.oarcanjo.net\/site\/campanha-missionaria-2011\/#respond"]}]},{"@type":"WebPage","@id":"https:\/\/www.oarcanjo.net\/site\/campanha-missionaria-2011\/","url":"https:\/\/www.oarcanjo.net\/site\/campanha-missionaria-2011\/","name":"Dia Mundial das Miss\u00f5es: campanha deste ano destaca o tema \"Miss\u00e3o na Ecologia\" - O Arcanjo no ar","isPartOf":{"@id":"https:\/\/www.oarcanjo.net\/site\/#website"},"datePublished":"2011-10-22T17:02:33+00:00","dateModified":"2011-10-22T17:02:33+00:00","breadcrumb":{"@id":"https:\/\/www.oarcanjo.net\/site\/campanha-missionaria-2011\/#breadcrumb"},"inLanguage":"pt-BR","potentialAction":[{"@type":"ReadAction","target":["https:\/\/www.oarcanjo.net\/site\/campanha-missionaria-2011\/"]}]},{"@type":"BreadcrumbList","@id":"https:\/\/www.oarcanjo.net\/site\/campanha-missionaria-2011\/#breadcrumb","itemListElement":[{"@type":"ListItem","position":1,"name":"In\u00edcio","item":"https:\/\/www.oarcanjo.net\/site\/"},{"@type":"ListItem","position":2,"name":"Dia Mundial das Miss\u00f5es: campanha deste ano destaca o tema &#8220;Miss\u00e3o na Ecologia&#8221;"}]},{"@type":"WebSite","@id":"https:\/\/www.oarcanjo.net\/site\/#website","url":"https:\/\/www.oarcanjo.net\/site\/","name":"O Arcanjo no ar","description":"Site da Par\u00f3quia S\u00e3o Miguel Arcanjo (Arquidiocese de SP)","publisher":{"@id":"https:\/\/www.oarcanjo.net\/site\/#organization"},"potentialAction":[{"@type":"SearchAction","target":{"@type":"EntryPoint","urlTemplate":"https:\/\/www.oarcanjo.net\/site\/?s={search_term_string}"},"query-input":{"@type":"PropertyValueSpecification","valueRequired":true,"valueName":"search_term_string"}}],"inLanguage":"pt-BR"},{"@type":"Organization","@id":"https:\/\/www.oarcanjo.net\/site\/#organization","name":"Par\u00f3quia S\u00e3o Miguel Arcanjo","url":"https:\/\/www.oarcanjo.net\/site\/","logo":{"@type":"ImageObject","inLanguage":"pt-BR","@id":"https:\/\/www.oarcanjo.net\/site\/#\/schema\/logo\/image\/","url":"https:\/\/www.oarcanjo.net\/site\/wp-content\/uploads\/LogoOArcanjo.png","contentUrl":"https:\/\/www.oarcanjo.net\/site\/wp-content\/uploads\/LogoOArcanjo.png","width":319,"height":99,"caption":"Par\u00f3quia S\u00e3o Miguel Arcanjo"},"image":{"@id":"https:\/\/www.oarcanjo.net\/site\/#\/schema\/logo\/image\/"},"sameAs":["https:\/\/www.facebook.com\/OArcanjoNoAr\/"]},{"@type":"Person","@id":"https:\/\/www.oarcanjo.net\/site\/#\/schema\/person\/f7024d007863202483a31326673a0838","name":"editor","sameAs":["http:\/\/www.oarcanjo.net"]}]}},"publishpress_future_action":{"enabled":false,"date":"2026-05-07 06:13:14","action":"category","newStatus":"draft","terms":[],"taxonomy":"category"},"publishpress_future_workflow_manual_trigger":{"enabledWorkflows":[]},"_links":{"self":[{"href":"https:\/\/www.oarcanjo.net\/site\/wp-json\/wp\/v2\/posts\/16227"}],"collection":[{"href":"https:\/\/www.oarcanjo.net\/site\/wp-json\/wp\/v2\/posts"}],"about":[{"href":"https:\/\/www.oarcanjo.net\/site\/wp-json\/wp\/v2\/types\/post"}],"author":[{"embeddable":true,"href":"https:\/\/www.oarcanjo.net\/site\/wp-json\/wp\/v2\/users\/5"}],"replies":[{"embeddable":true,"href":"https:\/\/www.oarcanjo.net\/site\/wp-json\/wp\/v2\/comments?post=16227"}],"version-history":[{"count":0,"href":"https:\/\/www.oarcanjo.net\/site\/wp-json\/wp\/v2\/posts\/16227\/revisions"}],"wp:attachment":[{"href":"https:\/\/www.oarcanjo.net\/site\/wp-json\/wp\/v2\/media?parent=16227"}],"wp:term":[{"taxonomy":"category","embeddable":true,"href":"https:\/\/www.oarcanjo.net\/site\/wp-json\/wp\/v2\/categories?post=16227"},{"taxonomy":"post_tag","embeddable":true,"href":"https:\/\/www.oarcanjo.net\/site\/wp-json\/wp\/v2\/tags?post=16227"}],"curies":[{"name":"wp","href":"https:\/\/api.w.org\/{rel}","templated":true}]}}