
{"id":16250,"date":"2011-10-23T23:23:43","date_gmt":"2011-10-24T01:23:43","guid":{"rendered":"http:\/\/www.oarcanjo.net\/site\/?p=16250"},"modified":"2011-10-24T21:03:47","modified_gmt":"2011-10-24T23:03:47","slug":"batizado-em-outubro-2011-capela-s-judas-tadeu","status":"publish","type":"post","link":"https:\/\/www.oarcanjo.net\/site\/batizado-em-outubro-2011-capela-s-judas-tadeu\/","title":{"rendered":"Batizado de outubro de 2011 na Capela S\u00e3o Judas Tadeu"},"content":{"rendered":"<p>Na Capela da Universidade S\u00e3o Judas Tadeu, no domingo, 23\/10\/11, foram batizadas mais 19 crian\u00e7as. Andr\u00e9 Machado B. Faiola, Bruno Peron Rosa Jorge e Maria Eduarda Rosa Jorge, Bernardo B. Magalh\u00e3es, Eduardo Martins, Emily Secundino, \u00a0Fernanda O. Amendola, \u00a0Fernando Vicente, Gabriel Secundino, Heitor Karchiloft, Hugo Guaitoli Barbosa, Louren\u00e7o de Freitas, Manuela P. Castanheira, Marcelo T. da Fonseca, Maria Luiza Lima, Murilo Graziani Bueno, Pedro Henrique, Pedro Machado B. Faiola, Tain\u00e1 Marina Quispel e Yuri A. Eckhardt Yanamoto.<\/p>\n<p>Domingo das Miss\u00f5es. Homenageando as mission\u00e1rias, a Irm\u00e3 Maria Jos\u00e9 fez um pequeno relato da atua\u00e7\u00e3o da congrega\u00e7\u00e3o de religiosas a que pertence e sua atua\u00e7\u00e3o no mundo. J\u00e1 a jornalista Madeleine, m\u00e3e do Louren\u00e7o, falou de sua atua\u00e7\u00e3o na \u00c1frica, como colaboradora da ONU, salientando as dificuldades em Angola, inclusive nas condi\u00e7\u00f5es mais b\u00e1sicas de sa\u00fade.<\/p>\n<p>O Padre Julio pediu que as fam\u00edlias alimentem a f\u00e9 das crian\u00e7as ba tizadas, especialmente para que olhem para o pr\u00f3ximo e nesse o mais fraco. Lembrou que nossa sociedade cuida muito dos c\u00e3ezinhos, inclusive levando-os para passear, mas poucos s\u00e3o aqueles que levam um idoso para uma simples caminhadinha.<\/p>\n<p>Os papais do Hugo, a Danieli e o Damien receberam os sacramentos do matrim\u00f4nio.<\/p>\n<p>O batizado revelou muita emo\u00e7\u00e3o e alegria, como mostram as fotos, \u00a0por Carlos A. Beatriz<\/p>\nngg_shortcode_0_placeholder\n<div id=\"themify_builder_content-16250\" data-postid=\"16250\" class=\"themify_builder_content themify_builder_content-16250 themify_builder themify_builder_front\">\n\t<\/div>\n<!-- \/themify_builder_content -->","protected":false},"excerpt":{"rendered":"<p>Na Capela da Universidade S\u00e3o Judas Tadeu, no domingo, 23\/10\/11, foram batizadas mais 19 crian\u00e7as. Andr\u00e9 Machado B. Faiola, Bruno Peron Rosa Jorge e Maria Eduarda Rosa Jorge, Bernardo B. Magalh\u00e3es, Eduardo Martins, Emily Secundino, \u00a0Fernanda O. Amendola, \u00a0Fernando Vicente, Gabriel Secundino, Heitor Karchiloft, Hugo Guaitoli Barbosa, Louren\u00e7o de Freitas, Manuela P. Castanheira, Marcelo T. [&hellip;]<\/p>\n","protected":false},"author":10,"featured_media":0,"comment_status":"open","ping_status":"open","sticky":false,"template":"","format":"standard","meta":{"ngg_post_thumbnail":0,"footnotes":""},"categories":[8,7],"tags":[154,123,26,40],"yoast_head":"<!-- This site is optimized with the Yoast SEO plugin v23.5 - https:\/\/yoast.com\/wordpress\/plugins\/seo\/ -->\n<title>Batizado de outubro de 2011 na Capela S\u00e3o Judas Tadeu - O Arcanjo no ar<\/title>\n<meta name=\"robots\" content=\"index, follow, max-snippet:-1, max-image-preview:large, max-video-preview:-1\" \/>\n<link rel=\"canonical\" href=\"https:\/\/www.oarcanjo.net\/site\/batizado-em-outubro-2011-capela-s-judas-tadeu\/\" \/>\n<meta property=\"og:locale\" content=\"pt_BR\" \/>\n<meta property=\"og:type\" content=\"article\" \/>\n<meta property=\"og:title\" content=\"Batizado de outubro de 2011 na Capela S\u00e3o Judas Tadeu - O Arcanjo no ar\" \/>\n<meta property=\"og:description\" content=\"Na Capela da Universidade S\u00e3o Judas Tadeu, no domingo, 23\/10\/11, foram batizadas mais 19 crian\u00e7as. Andr\u00e9 Machado B. Faiola, Bruno Peron Rosa Jorge e Maria Eduarda Rosa Jorge, Bernardo B. Magalh\u00e3es, Eduardo Martins, Emily Secundino, \u00a0Fernanda O. Amendola, \u00a0Fernando Vicente, Gabriel Secundino, Heitor Karchiloft, Hugo Guaitoli Barbosa, Louren\u00e7o de Freitas, Manuela P. Castanheira, Marcelo T. [&hellip;]\" \/>\n<meta property=\"og:url\" content=\"https:\/\/www.oarcanjo.net\/site\/batizado-em-outubro-2011-capela-s-judas-tadeu\/\" \/>\n<meta property=\"og:site_name\" content=\"O Arcanjo no ar\" \/>\n<meta property=\"article:publisher\" content=\"https:\/\/www.facebook.com\/OArcanjoNoAr\/\" \/>\n<meta property=\"article:published_time\" content=\"2011-10-24T01:23:43+00:00\" \/>\n<meta property=\"article:modified_time\" content=\"2011-10-24T23:03:47+00:00\" \/>\n<meta property=\"og:image\" content=\"https:\/\/www.oarcanjo.net\/site\/wp-content\/uploads\/logo-o-arcanjo-no-ar-facebook.png\" \/>\n\t<meta property=\"og:image:width\" content=\"300\" \/>\n\t<meta property=\"og:image:height\" content=\"300\" \/>\n\t<meta property=\"og:image:type\" content=\"image\/png\" \/>\n<meta name=\"author\" content=\"carlos\" \/>\n<meta name=\"twitter:card\" content=\"summary_large_image\" \/>\n<meta name=\"twitter:label1\" content=\"Escrito por\" \/>\n\t<meta name=\"twitter:data1\" content=\"carlos\" \/>\n\t<meta name=\"twitter:label2\" content=\"Est. tempo de leitura\" \/>\n\t<meta name=\"twitter:data2\" content=\"1 minuto\" \/>\n<script type=\"application\/ld+json\" class=\"yoast-schema-graph\">{\"@context\":\"https:\/\/schema.org\",\"@graph\":[{\"@type\":\"Article\",\"@id\":\"https:\/\/www.oarcanjo.net\/site\/batizado-em-outubro-2011-capela-s-judas-tadeu\/#article\",\"isPartOf\":{\"@id\":\"https:\/\/www.oarcanjo.net\/site\/batizado-em-outubro-2011-capela-s-judas-tadeu\/\"},\"author\":{\"name\":\"carlos\",\"@id\":\"https:\/\/www.oarcanjo.net\/site\/#\/schema\/person\/f7870e710d8c8c30673de3a0ac2e451d\"},\"headline\":\"Batizado de outubro de 2011 na Capela S\u00e3o Judas Tadeu\",\"datePublished\":\"2011-10-24T01:23:43+00:00\",\"dateModified\":\"2011-10-24T23:03:47+00:00\",\"mainEntityOfPage\":{\"@id\":\"https:\/\/www.oarcanjo.net\/site\/batizado-em-outubro-2011-capela-s-judas-tadeu\/\"},\"wordCount\":245,\"commentCount\":12,\"publisher\":{\"@id\":\"https:\/\/www.oarcanjo.net\/site\/#organization\"},\"keywords\":[\"Batismo\",\"batizado\",\"idosos\",\"miss\u00f5es\"],\"articleSection\":[\"Not\u00edcias\",\"Rosto da comunidade\"],\"inLanguage\":\"pt-BR\",\"potentialAction\":[{\"@type\":\"CommentAction\",\"name\":\"Comment\",\"target\":[\"https:\/\/www.oarcanjo.net\/site\/batizado-em-outubro-2011-capela-s-judas-tadeu\/#respond\"]}]},{\"@type\":\"WebPage\",\"@id\":\"https:\/\/www.oarcanjo.net\/site\/batizado-em-outubro-2011-capela-s-judas-tadeu\/\",\"url\":\"https:\/\/www.oarcanjo.net\/site\/batizado-em-outubro-2011-capela-s-judas-tadeu\/\",\"name\":\"Batizado de outubro de 2011 na Capela S\u00e3o Judas Tadeu - O Arcanjo no ar\",\"isPartOf\":{\"@id\":\"https:\/\/www.oarcanjo.net\/site\/#website\"},\"datePublished\":\"2011-10-24T01:23:43+00:00\",\"dateModified\":\"2011-10-24T23:03:47+00:00\",\"breadcrumb\":{\"@id\":\"https:\/\/www.oarcanjo.net\/site\/batizado-em-outubro-2011-capela-s-judas-tadeu\/#breadcrumb\"},\"inLanguage\":\"pt-BR\",\"potentialAction\":[{\"@type\":\"ReadAction\",\"target\":[\"https:\/\/www.oarcanjo.net\/site\/batizado-em-outubro-2011-capela-s-judas-tadeu\/\"]}]},{\"@type\":\"BreadcrumbList\",\"@id\":\"https:\/\/www.oarcanjo.net\/site\/batizado-em-outubro-2011-capela-s-judas-tadeu\/#breadcrumb\",\"itemListElement\":[{\"@type\":\"ListItem\",\"position\":1,\"name\":\"In\u00edcio\",\"item\":\"https:\/\/www.oarcanjo.net\/site\/\"},{\"@type\":\"ListItem\",\"position\":2,\"name\":\"Batizado de outubro de 2011 na Capela S\u00e3o Judas Tadeu\"}]},{\"@type\":\"WebSite\",\"@id\":\"https:\/\/www.oarcanjo.net\/site\/#website\",\"url\":\"https:\/\/www.oarcanjo.net\/site\/\",\"name\":\"O Arcanjo no ar\",\"description\":\"Site da Par\u00f3quia S\u00e3o Miguel Arcanjo (Arquidiocese de SP)\",\"publisher\":{\"@id\":\"https:\/\/www.oarcanjo.net\/site\/#organization\"},\"potentialAction\":[{\"@type\":\"SearchAction\",\"target\":{\"@type\":\"EntryPoint\",\"urlTemplate\":\"https:\/\/www.oarcanjo.net\/site\/?s={search_term_string}\"},\"query-input\":{\"@type\":\"PropertyValueSpecification\",\"valueRequired\":true,\"valueName\":\"search_term_string\"}}],\"inLanguage\":\"pt-BR\"},{\"@type\":\"Organization\",\"@id\":\"https:\/\/www.oarcanjo.net\/site\/#organization\",\"name\":\"Par\u00f3quia S\u00e3o Miguel Arcanjo\",\"url\":\"https:\/\/www.oarcanjo.net\/site\/\",\"logo\":{\"@type\":\"ImageObject\",\"inLanguage\":\"pt-BR\",\"@id\":\"https:\/\/www.oarcanjo.net\/site\/#\/schema\/logo\/image\/\",\"url\":\"https:\/\/www.oarcanjo.net\/site\/wp-content\/uploads\/LogoOArcanjo.png\",\"contentUrl\":\"https:\/\/www.oarcanjo.net\/site\/wp-content\/uploads\/LogoOArcanjo.png\",\"width\":319,\"height\":99,\"caption\":\"Par\u00f3quia S\u00e3o Miguel Arcanjo\"},\"image\":{\"@id\":\"https:\/\/www.oarcanjo.net\/site\/#\/schema\/logo\/image\/\"},\"sameAs\":[\"https:\/\/www.facebook.com\/OArcanjoNoAr\/\"]},{\"@type\":\"Person\",\"@id\":\"https:\/\/www.oarcanjo.net\/site\/#\/schema\/person\/f7870e710d8c8c30673de3a0ac2e451d\",\"name\":\"carlos\"}]}<\/script>\n<!-- \/ Yoast SEO plugin. -->","yoast_head_json":{"title":"Batizado de outubro de 2011 na Capela S\u00e3o Judas Tadeu - O Arcanjo no ar","robots":{"index":"index","follow":"follow","max-snippet":"max-snippet:-1","max-image-preview":"max-image-preview:large","max-video-preview":"max-video-preview:-1"},"canonical":"https:\/\/www.oarcanjo.net\/site\/batizado-em-outubro-2011-capela-s-judas-tadeu\/","og_locale":"pt_BR","og_type":"article","og_title":"Batizado de outubro de 2011 na Capela S\u00e3o Judas Tadeu - O Arcanjo no ar","og_description":"Na Capela da Universidade S\u00e3o Judas Tadeu, no domingo, 23\/10\/11, foram batizadas mais 19 crian\u00e7as. Andr\u00e9 Machado B. Faiola, Bruno Peron Rosa Jorge e Maria Eduarda Rosa Jorge, Bernardo B. Magalh\u00e3es, Eduardo Martins, Emily Secundino, \u00a0Fernanda O. Amendola, \u00a0Fernando Vicente, Gabriel Secundino, Heitor Karchiloft, Hugo Guaitoli Barbosa, Louren\u00e7o de Freitas, Manuela P. Castanheira, Marcelo T. [&hellip;]","og_url":"https:\/\/www.oarcanjo.net\/site\/batizado-em-outubro-2011-capela-s-judas-tadeu\/","og_site_name":"O Arcanjo no ar","article_publisher":"https:\/\/www.facebook.com\/OArcanjoNoAr\/","article_published_time":"2011-10-24T01:23:43+00:00","article_modified_time":"2011-10-24T23:03:47+00:00","og_image":[{"width":300,"height":300,"url":"https:\/\/www.oarcanjo.net\/site\/wp-content\/uploads\/logo-o-arcanjo-no-ar-facebook.png","type":"image\/png"}],"author":"carlos","twitter_card":"summary_large_image","twitter_misc":{"Escrito por":"carlos","Est. tempo de leitura":"1 minuto"},"schema":{"@context":"https:\/\/schema.org","@graph":[{"@type":"Article","@id":"https:\/\/www.oarcanjo.net\/site\/batizado-em-outubro-2011-capela-s-judas-tadeu\/#article","isPartOf":{"@id":"https:\/\/www.oarcanjo.net\/site\/batizado-em-outubro-2011-capela-s-judas-tadeu\/"},"author":{"name":"carlos","@id":"https:\/\/www.oarcanjo.net\/site\/#\/schema\/person\/f7870e710d8c8c30673de3a0ac2e451d"},"headline":"Batizado de outubro de 2011 na Capela S\u00e3o Judas Tadeu","datePublished":"2011-10-24T01:23:43+00:00","dateModified":"2011-10-24T23:03:47+00:00","mainEntityOfPage":{"@id":"https:\/\/www.oarcanjo.net\/site\/batizado-em-outubro-2011-capela-s-judas-tadeu\/"},"wordCount":245,"commentCount":12,"publisher":{"@id":"https:\/\/www.oarcanjo.net\/site\/#organization"},"keywords":["Batismo","batizado","idosos","miss\u00f5es"],"articleSection":["Not\u00edcias","Rosto da comunidade"],"inLanguage":"pt-BR","potentialAction":[{"@type":"CommentAction","name":"Comment","target":["https:\/\/www.oarcanjo.net\/site\/batizado-em-outubro-2011-capela-s-judas-tadeu\/#respond"]}]},{"@type":"WebPage","@id":"https:\/\/www.oarcanjo.net\/site\/batizado-em-outubro-2011-capela-s-judas-tadeu\/","url":"https:\/\/www.oarcanjo.net\/site\/batizado-em-outubro-2011-capela-s-judas-tadeu\/","name":"Batizado de outubro de 2011 na Capela S\u00e3o Judas Tadeu - O Arcanjo no ar","isPartOf":{"@id":"https:\/\/www.oarcanjo.net\/site\/#website"},"datePublished":"2011-10-24T01:23:43+00:00","dateModified":"2011-10-24T23:03:47+00:00","breadcrumb":{"@id":"https:\/\/www.oarcanjo.net\/site\/batizado-em-outubro-2011-capela-s-judas-tadeu\/#breadcrumb"},"inLanguage":"pt-BR","potentialAction":[{"@type":"ReadAction","target":["https:\/\/www.oarcanjo.net\/site\/batizado-em-outubro-2011-capela-s-judas-tadeu\/"]}]},{"@type":"BreadcrumbList","@id":"https:\/\/www.oarcanjo.net\/site\/batizado-em-outubro-2011-capela-s-judas-tadeu\/#breadcrumb","itemListElement":[{"@type":"ListItem","position":1,"name":"In\u00edcio","item":"https:\/\/www.oarcanjo.net\/site\/"},{"@type":"ListItem","position":2,"name":"Batizado de outubro de 2011 na Capela S\u00e3o Judas Tadeu"}]},{"@type":"WebSite","@id":"https:\/\/www.oarcanjo.net\/site\/#website","url":"https:\/\/www.oarcanjo.net\/site\/","name":"O Arcanjo no ar","description":"Site da Par\u00f3quia S\u00e3o Miguel Arcanjo (Arquidiocese de SP)","publisher":{"@id":"https:\/\/www.oarcanjo.net\/site\/#organization"},"potentialAction":[{"@type":"SearchAction","target":{"@type":"EntryPoint","urlTemplate":"https:\/\/www.oarcanjo.net\/site\/?s={search_term_string}"},"query-input":{"@type":"PropertyValueSpecification","valueRequired":true,"valueName":"search_term_string"}}],"inLanguage":"pt-BR"},{"@type":"Organization","@id":"https:\/\/www.oarcanjo.net\/site\/#organization","name":"Par\u00f3quia S\u00e3o Miguel Arcanjo","url":"https:\/\/www.oarcanjo.net\/site\/","logo":{"@type":"ImageObject","inLanguage":"pt-BR","@id":"https:\/\/www.oarcanjo.net\/site\/#\/schema\/logo\/image\/","url":"https:\/\/www.oarcanjo.net\/site\/wp-content\/uploads\/LogoOArcanjo.png","contentUrl":"https:\/\/www.oarcanjo.net\/site\/wp-content\/uploads\/LogoOArcanjo.png","width":319,"height":99,"caption":"Par\u00f3quia S\u00e3o Miguel Arcanjo"},"image":{"@id":"https:\/\/www.oarcanjo.net\/site\/#\/schema\/logo\/image\/"},"sameAs":["https:\/\/www.facebook.com\/OArcanjoNoAr\/"]},{"@type":"Person","@id":"https:\/\/www.oarcanjo.net\/site\/#\/schema\/person\/f7870e710d8c8c30673de3a0ac2e451d","name":"carlos"}]}},"publishpress_future_action":{"enabled":false,"date":"2026-05-07 10:08:23","action":"category","newStatus":"draft","terms":[],"taxonomy":"category"},"publishpress_future_workflow_manual_trigger":{"enabledWorkflows":[]},"_links":{"self":[{"href":"https:\/\/www.oarcanjo.net\/site\/wp-json\/wp\/v2\/posts\/16250"}],"collection":[{"href":"https:\/\/www.oarcanjo.net\/site\/wp-json\/wp\/v2\/posts"}],"about":[{"href":"https:\/\/www.oarcanjo.net\/site\/wp-json\/wp\/v2\/types\/post"}],"author":[{"embeddable":true,"href":"https:\/\/www.oarcanjo.net\/site\/wp-json\/wp\/v2\/users\/10"}],"replies":[{"embeddable":true,"href":"https:\/\/www.oarcanjo.net\/site\/wp-json\/wp\/v2\/comments?post=16250"}],"version-history":[{"count":0,"href":"https:\/\/www.oarcanjo.net\/site\/wp-json\/wp\/v2\/posts\/16250\/revisions"}],"wp:attachment":[{"href":"https:\/\/www.oarcanjo.net\/site\/wp-json\/wp\/v2\/media?parent=16250"}],"wp:term":[{"taxonomy":"category","embeddable":true,"href":"https:\/\/www.oarcanjo.net\/site\/wp-json\/wp\/v2\/categories?post=16250"},{"taxonomy":"post_tag","embeddable":true,"href":"https:\/\/www.oarcanjo.net\/site\/wp-json\/wp\/v2\/tags?post=16250"}],"curies":[{"name":"wp","href":"https:\/\/api.w.org\/{rel}","templated":true}]}}