
{"id":1626,"date":"2009-01-26T15:11:12","date_gmt":"2009-01-26T17:11:12","guid":{"rendered":"http:\/\/www.oarcanjo.net\/site\/?p=1626"},"modified":"2009-01-27T11:12:14","modified_gmt":"2009-01-27T13:12:14","slug":"o-encontro-da-esperanca","status":"publish","type":"post","link":"https:\/\/www.oarcanjo.net\/site\/o-encontro-da-esperanca\/","title":{"rendered":"O encontro da esperan\u00e7a"},"content":{"rendered":"<p>Marcelo Barros *<\/p>\n<p>A humanidade inteira acolheu com esperan\u00e7a nos olhos a posse do novo presidente dos Estados Unidos, do qual, depende muito da paz do mundo e a estabilidade em nossos pa\u00edses pobres. Todo mundo sabe que Obama ou Bush pertencem a um mesmo sistema com sua hist\u00f3ria, seus condicionamentos e seus interesses que v\u00e3o al\u00e9m da abertura de cora\u00e7\u00e3o deste ou daquele presidente. Cada vez mais um n\u00famero maior de pessoas se d\u00e1 conta de que s\u00f3 a pr\u00f3pria sociedade civil, organizada internacionalmente, ter\u00e1 for\u00e7as para transformar este mundo cansado e corrompido. \u00c9 o que, durante esta semana, mais de cem mil pessoas de 123 pa\u00edses do mundo est\u00e3o fazendo, ao se encontrar para o 9\u00ba F\u00f3rum Social Mundial, desta vez em Bel\u00e9m, PA.<\/p>\n<p>O tema geral do F\u00f3rum n\u00e3o poderia ser outro do que a Amaz\u00f4nia. Ali se encontrar\u00e3o todos os povos e todas as ra\u00e7as da Pan Amaz\u00f4nia. Os desafios s\u00e3o imensos. No ano passado, de acordo com revistas internacionais, o Brasil vendeu somente no sul 2 milh\u00f5es e 200 mil hectares de terra. Quanto ter\u00e1 vendido da Amaz\u00f4nia?<\/p>\n<p>A crise econ\u00f4mica mundial e a viol\u00eancia da guerra na Palestina influir\u00e3o muito nas discuss\u00f5es e debates que se fazem nos mais diversos planos para poder ter repercuss\u00f5es no plano local. O F\u00f3rum Social Mundial \u00e9 um espa\u00e7o de di\u00e1logo, o que muitos setores da sociedade n\u00e3o levam a s\u00e9rio. Para eles, s\u00f3 vale o poder das decis\u00f5es oficiais. Ao contr\u00e1rio, a humanidade ligada aos movimentos da sociedade civil tem desenvolvido o conceito de democracia participativa, na qual todos t\u00eam direito a dar opini\u00e3o e o mais importante n\u00e3o \u00e9 fazer de imediato concretamente no atacado, mas de fato o que pensar e que caminho de vida tomar.<\/p>\n<p>O tema da Agenda Latino-americana de 2009 come\u00e7a como sempre com a carta do bispo Dom Pedro Casald\u00e1liga, que diz: &#8220;Nossa Agenda nasceu e vem caminhando sempre \u00e0 luz e sob o est\u00edmulo da Utopia. Uma Utopia indefinida nos seus contornos e em sua hora, (porque, justamente \u00e9 aberta aos acontecimentos), mas irrenunci\u00e1vel a partir do nosso compromisso com o humanismo integral&#8221;.<br \/>\nA sociedade em que vivemos faz quest\u00e3o de assassinar os melhores projetos de esperan\u00e7a, mas quando o grupo dos ricos falha, eles se voltam para o G20, alian\u00e7a dos mais pobres e presidentes que no come\u00e7o achavam o f\u00f3rum social sem import\u00e2ncia, hoje, v\u00e3o todos se encontrar\u00e3o nesse f\u00f3rum, inclusive Lula que nos primeiros anos preferiu ir ao f\u00f3rum econ\u00f4mico de Davos, hoje totalmente esvaziado.<\/p>\n<p>Dom Pedro Casald\u00e1liga esclarece: &#8220;A Utopia continua, apesar de todos os pesares. Escandalosamente desatualizada nesta hora de pragmatismos, de produtividade a todo custo e de p\u00f3s-modernidade escarmentada. (&#8230;) Essa Utopia est\u00e1 em constru\u00e7\u00e3o, somos oper\u00e1rios dela. proclamando-a e fazendo-a dom de Deus e nossa conquista. Assim, queremos &#8220;dar raz\u00e3o da nossa esperan\u00e7a&#8221; (1 Pd 3). Intentemos, ent\u00e3o, viver com humildade e com paix\u00e3o, uma esperan\u00e7a coerente, criativa, subversivamente transformadora&#8221;.<\/p>\n<p>No f\u00f3rum social de 2005, em Porto Alegre, muita gente participou de um debate entre Jos\u00e9 Saramago e Eduardo Galeano. O professor portugu\u00eas defendia que a utopia n\u00e3o \u00e9 real e s\u00f3 serve para enganar as pessoas. Galeano recordou uma cena de um de seus livros de contos ind\u00edgenas, no qual um \u00edndio pergunta \u00e0 Utopia: &#8220;Vejo voc\u00ea no horizonte e corro atr\u00e1s de voc\u00ea, mas parece que cada passo que eu dou voc\u00ea se afasta dois para mais longe. Para que, ent\u00e3o? E Ela respondeu:<\/p>\n<p>&#8211; Para fazer voc\u00ea caminhar.<\/p>\n<p>* Monge beneditino e escritor<\/p>\n<div id=\"themify_builder_content-1626\" data-postid=\"1626\" class=\"themify_builder_content themify_builder_content-1626 themify_builder themify_builder_front\">\n\t<\/div>\n<!-- \/themify_builder_content -->","protected":false},"excerpt":{"rendered":"<p>Marcelo Barros * A humanidade inteira acolheu com esperan\u00e7a nos olhos a posse do novo presidente dos Estados Unidos, do qual, depende muito da paz do mundo e a estabilidade em nossos pa\u00edses pobres. Todo mundo sabe que Obama ou Bush pertencem a um mesmo sistema com sua hist\u00f3ria, seus condicionamentos e seus interesses que [&hellip;]<\/p>\n","protected":false},"author":5,"featured_media":0,"comment_status":"open","ping_status":"open","sticky":false,"template":"","format":"standard","meta":{"ngg_post_thumbnail":0,"footnotes":""},"categories":[8],"tags":[209,208],"yoast_head":"<!-- This site is optimized with the Yoast SEO plugin v23.5 - https:\/\/yoast.com\/wordpress\/plugins\/seo\/ -->\n<title>O encontro da esperan\u00e7a - O Arcanjo no ar<\/title>\n<meta name=\"robots\" content=\"index, follow, max-snippet:-1, max-image-preview:large, max-video-preview:-1\" \/>\n<link rel=\"canonical\" href=\"https:\/\/www.oarcanjo.net\/site\/o-encontro-da-esperanca\/\" \/>\n<meta property=\"og:locale\" content=\"pt_BR\" \/>\n<meta property=\"og:type\" content=\"article\" \/>\n<meta property=\"og:title\" content=\"O encontro da esperan\u00e7a - O Arcanjo no ar\" \/>\n<meta property=\"og:description\" content=\"Marcelo Barros * A humanidade inteira acolheu com esperan\u00e7a nos olhos a posse do novo presidente dos Estados Unidos, do qual, depende muito da paz do mundo e a estabilidade em nossos pa\u00edses pobres. Todo mundo sabe que Obama ou Bush pertencem a um mesmo sistema com sua hist\u00f3ria, seus condicionamentos e seus interesses que [&hellip;]\" \/>\n<meta property=\"og:url\" content=\"https:\/\/www.oarcanjo.net\/site\/o-encontro-da-esperanca\/\" \/>\n<meta property=\"og:site_name\" content=\"O Arcanjo no ar\" \/>\n<meta property=\"article:publisher\" content=\"https:\/\/www.facebook.com\/OArcanjoNoAr\/\" \/>\n<meta property=\"article:published_time\" content=\"2009-01-26T17:11:12+00:00\" \/>\n<meta property=\"article:modified_time\" content=\"2009-01-27T13:12:14+00:00\" \/>\n<meta property=\"og:image\" content=\"https:\/\/www.oarcanjo.net\/site\/wp-content\/uploads\/logo-o-arcanjo-no-ar-facebook.png\" \/>\n\t<meta property=\"og:image:width\" content=\"300\" \/>\n\t<meta property=\"og:image:height\" content=\"300\" \/>\n\t<meta property=\"og:image:type\" content=\"image\/png\" \/>\n<meta name=\"author\" content=\"editor\" \/>\n<meta name=\"twitter:card\" content=\"summary_large_image\" \/>\n<meta name=\"twitter:label1\" content=\"Escrito por\" \/>\n\t<meta name=\"twitter:data1\" content=\"editor\" \/>\n\t<meta name=\"twitter:label2\" content=\"Est. tempo de leitura\" \/>\n\t<meta name=\"twitter:data2\" content=\"3 minutos\" \/>\n<script type=\"application\/ld+json\" class=\"yoast-schema-graph\">{\"@context\":\"https:\/\/schema.org\",\"@graph\":[{\"@type\":\"Article\",\"@id\":\"https:\/\/www.oarcanjo.net\/site\/o-encontro-da-esperanca\/#article\",\"isPartOf\":{\"@id\":\"https:\/\/www.oarcanjo.net\/site\/o-encontro-da-esperanca\/\"},\"author\":{\"name\":\"editor\",\"@id\":\"https:\/\/www.oarcanjo.net\/site\/#\/schema\/person\/f7024d007863202483a31326673a0838\"},\"headline\":\"O encontro da esperan\u00e7a\",\"datePublished\":\"2009-01-26T17:11:12+00:00\",\"dateModified\":\"2009-01-27T13:12:14+00:00\",\"mainEntityOfPage\":{\"@id\":\"https:\/\/www.oarcanjo.net\/site\/o-encontro-da-esperanca\/\"},\"wordCount\":637,\"commentCount\":1,\"publisher\":{\"@id\":\"https:\/\/www.oarcanjo.net\/site\/#organization\"},\"keywords\":[\"F\u00f3rum Social Mundial\",\"FSM\"],\"articleSection\":[\"Not\u00edcias\"],\"inLanguage\":\"pt-BR\",\"potentialAction\":[{\"@type\":\"CommentAction\",\"name\":\"Comment\",\"target\":[\"https:\/\/www.oarcanjo.net\/site\/o-encontro-da-esperanca\/#respond\"]}]},{\"@type\":\"WebPage\",\"@id\":\"https:\/\/www.oarcanjo.net\/site\/o-encontro-da-esperanca\/\",\"url\":\"https:\/\/www.oarcanjo.net\/site\/o-encontro-da-esperanca\/\",\"name\":\"O encontro da esperan\u00e7a - O Arcanjo no ar\",\"isPartOf\":{\"@id\":\"https:\/\/www.oarcanjo.net\/site\/#website\"},\"datePublished\":\"2009-01-26T17:11:12+00:00\",\"dateModified\":\"2009-01-27T13:12:14+00:00\",\"breadcrumb\":{\"@id\":\"https:\/\/www.oarcanjo.net\/site\/o-encontro-da-esperanca\/#breadcrumb\"},\"inLanguage\":\"pt-BR\",\"potentialAction\":[{\"@type\":\"ReadAction\",\"target\":[\"https:\/\/www.oarcanjo.net\/site\/o-encontro-da-esperanca\/\"]}]},{\"@type\":\"BreadcrumbList\",\"@id\":\"https:\/\/www.oarcanjo.net\/site\/o-encontro-da-esperanca\/#breadcrumb\",\"itemListElement\":[{\"@type\":\"ListItem\",\"position\":1,\"name\":\"In\u00edcio\",\"item\":\"https:\/\/www.oarcanjo.net\/site\/\"},{\"@type\":\"ListItem\",\"position\":2,\"name\":\"O encontro da esperan\u00e7a\"}]},{\"@type\":\"WebSite\",\"@id\":\"https:\/\/www.oarcanjo.net\/site\/#website\",\"url\":\"https:\/\/www.oarcanjo.net\/site\/\",\"name\":\"O Arcanjo no ar\",\"description\":\"Site da Par\u00f3quia S\u00e3o Miguel Arcanjo (Arquidiocese de SP)\",\"publisher\":{\"@id\":\"https:\/\/www.oarcanjo.net\/site\/#organization\"},\"potentialAction\":[{\"@type\":\"SearchAction\",\"target\":{\"@type\":\"EntryPoint\",\"urlTemplate\":\"https:\/\/www.oarcanjo.net\/site\/?s={search_term_string}\"},\"query-input\":{\"@type\":\"PropertyValueSpecification\",\"valueRequired\":true,\"valueName\":\"search_term_string\"}}],\"inLanguage\":\"pt-BR\"},{\"@type\":\"Organization\",\"@id\":\"https:\/\/www.oarcanjo.net\/site\/#organization\",\"name\":\"Par\u00f3quia S\u00e3o Miguel Arcanjo\",\"url\":\"https:\/\/www.oarcanjo.net\/site\/\",\"logo\":{\"@type\":\"ImageObject\",\"inLanguage\":\"pt-BR\",\"@id\":\"https:\/\/www.oarcanjo.net\/site\/#\/schema\/logo\/image\/\",\"url\":\"https:\/\/www.oarcanjo.net\/site\/wp-content\/uploads\/LogoOArcanjo.png\",\"contentUrl\":\"https:\/\/www.oarcanjo.net\/site\/wp-content\/uploads\/LogoOArcanjo.png\",\"width\":319,\"height\":99,\"caption\":\"Par\u00f3quia S\u00e3o Miguel Arcanjo\"},\"image\":{\"@id\":\"https:\/\/www.oarcanjo.net\/site\/#\/schema\/logo\/image\/\"},\"sameAs\":[\"https:\/\/www.facebook.com\/OArcanjoNoAr\/\"]},{\"@type\":\"Person\",\"@id\":\"https:\/\/www.oarcanjo.net\/site\/#\/schema\/person\/f7024d007863202483a31326673a0838\",\"name\":\"editor\",\"sameAs\":[\"http:\/\/www.oarcanjo.net\"]}]}<\/script>\n<!-- \/ Yoast SEO plugin. -->","yoast_head_json":{"title":"O encontro da esperan\u00e7a - O Arcanjo no ar","robots":{"index":"index","follow":"follow","max-snippet":"max-snippet:-1","max-image-preview":"max-image-preview:large","max-video-preview":"max-video-preview:-1"},"canonical":"https:\/\/www.oarcanjo.net\/site\/o-encontro-da-esperanca\/","og_locale":"pt_BR","og_type":"article","og_title":"O encontro da esperan\u00e7a - O Arcanjo no ar","og_description":"Marcelo Barros * A humanidade inteira acolheu com esperan\u00e7a nos olhos a posse do novo presidente dos Estados Unidos, do qual, depende muito da paz do mundo e a estabilidade em nossos pa\u00edses pobres. Todo mundo sabe que Obama ou Bush pertencem a um mesmo sistema com sua hist\u00f3ria, seus condicionamentos e seus interesses que [&hellip;]","og_url":"https:\/\/www.oarcanjo.net\/site\/o-encontro-da-esperanca\/","og_site_name":"O Arcanjo no ar","article_publisher":"https:\/\/www.facebook.com\/OArcanjoNoAr\/","article_published_time":"2009-01-26T17:11:12+00:00","article_modified_time":"2009-01-27T13:12:14+00:00","og_image":[{"width":300,"height":300,"url":"https:\/\/www.oarcanjo.net\/site\/wp-content\/uploads\/logo-o-arcanjo-no-ar-facebook.png","type":"image\/png"}],"author":"editor","twitter_card":"summary_large_image","twitter_misc":{"Escrito por":"editor","Est. tempo de leitura":"3 minutos"},"schema":{"@context":"https:\/\/schema.org","@graph":[{"@type":"Article","@id":"https:\/\/www.oarcanjo.net\/site\/o-encontro-da-esperanca\/#article","isPartOf":{"@id":"https:\/\/www.oarcanjo.net\/site\/o-encontro-da-esperanca\/"},"author":{"name":"editor","@id":"https:\/\/www.oarcanjo.net\/site\/#\/schema\/person\/f7024d007863202483a31326673a0838"},"headline":"O encontro da esperan\u00e7a","datePublished":"2009-01-26T17:11:12+00:00","dateModified":"2009-01-27T13:12:14+00:00","mainEntityOfPage":{"@id":"https:\/\/www.oarcanjo.net\/site\/o-encontro-da-esperanca\/"},"wordCount":637,"commentCount":1,"publisher":{"@id":"https:\/\/www.oarcanjo.net\/site\/#organization"},"keywords":["F\u00f3rum Social Mundial","FSM"],"articleSection":["Not\u00edcias"],"inLanguage":"pt-BR","potentialAction":[{"@type":"CommentAction","name":"Comment","target":["https:\/\/www.oarcanjo.net\/site\/o-encontro-da-esperanca\/#respond"]}]},{"@type":"WebPage","@id":"https:\/\/www.oarcanjo.net\/site\/o-encontro-da-esperanca\/","url":"https:\/\/www.oarcanjo.net\/site\/o-encontro-da-esperanca\/","name":"O encontro da esperan\u00e7a - O Arcanjo no ar","isPartOf":{"@id":"https:\/\/www.oarcanjo.net\/site\/#website"},"datePublished":"2009-01-26T17:11:12+00:00","dateModified":"2009-01-27T13:12:14+00:00","breadcrumb":{"@id":"https:\/\/www.oarcanjo.net\/site\/o-encontro-da-esperanca\/#breadcrumb"},"inLanguage":"pt-BR","potentialAction":[{"@type":"ReadAction","target":["https:\/\/www.oarcanjo.net\/site\/o-encontro-da-esperanca\/"]}]},{"@type":"BreadcrumbList","@id":"https:\/\/www.oarcanjo.net\/site\/o-encontro-da-esperanca\/#breadcrumb","itemListElement":[{"@type":"ListItem","position":1,"name":"In\u00edcio","item":"https:\/\/www.oarcanjo.net\/site\/"},{"@type":"ListItem","position":2,"name":"O encontro da esperan\u00e7a"}]},{"@type":"WebSite","@id":"https:\/\/www.oarcanjo.net\/site\/#website","url":"https:\/\/www.oarcanjo.net\/site\/","name":"O Arcanjo no ar","description":"Site da Par\u00f3quia S\u00e3o Miguel Arcanjo (Arquidiocese de SP)","publisher":{"@id":"https:\/\/www.oarcanjo.net\/site\/#organization"},"potentialAction":[{"@type":"SearchAction","target":{"@type":"EntryPoint","urlTemplate":"https:\/\/www.oarcanjo.net\/site\/?s={search_term_string}"},"query-input":{"@type":"PropertyValueSpecification","valueRequired":true,"valueName":"search_term_string"}}],"inLanguage":"pt-BR"},{"@type":"Organization","@id":"https:\/\/www.oarcanjo.net\/site\/#organization","name":"Par\u00f3quia S\u00e3o Miguel Arcanjo","url":"https:\/\/www.oarcanjo.net\/site\/","logo":{"@type":"ImageObject","inLanguage":"pt-BR","@id":"https:\/\/www.oarcanjo.net\/site\/#\/schema\/logo\/image\/","url":"https:\/\/www.oarcanjo.net\/site\/wp-content\/uploads\/LogoOArcanjo.png","contentUrl":"https:\/\/www.oarcanjo.net\/site\/wp-content\/uploads\/LogoOArcanjo.png","width":319,"height":99,"caption":"Par\u00f3quia S\u00e3o Miguel Arcanjo"},"image":{"@id":"https:\/\/www.oarcanjo.net\/site\/#\/schema\/logo\/image\/"},"sameAs":["https:\/\/www.facebook.com\/OArcanjoNoAr\/"]},{"@type":"Person","@id":"https:\/\/www.oarcanjo.net\/site\/#\/schema\/person\/f7024d007863202483a31326673a0838","name":"editor","sameAs":["http:\/\/www.oarcanjo.net"]}]}},"publishpress_future_action":{"enabled":false,"date":"2026-05-08 18:01:22","action":"category","newStatus":"draft","terms":[],"taxonomy":"category"},"publishpress_future_workflow_manual_trigger":{"enabledWorkflows":[]},"_links":{"self":[{"href":"https:\/\/www.oarcanjo.net\/site\/wp-json\/wp\/v2\/posts\/1626"}],"collection":[{"href":"https:\/\/www.oarcanjo.net\/site\/wp-json\/wp\/v2\/posts"}],"about":[{"href":"https:\/\/www.oarcanjo.net\/site\/wp-json\/wp\/v2\/types\/post"}],"author":[{"embeddable":true,"href":"https:\/\/www.oarcanjo.net\/site\/wp-json\/wp\/v2\/users\/5"}],"replies":[{"embeddable":true,"href":"https:\/\/www.oarcanjo.net\/site\/wp-json\/wp\/v2\/comments?post=1626"}],"version-history":[{"count":0,"href":"https:\/\/www.oarcanjo.net\/site\/wp-json\/wp\/v2\/posts\/1626\/revisions"}],"wp:attachment":[{"href":"https:\/\/www.oarcanjo.net\/site\/wp-json\/wp\/v2\/media?parent=1626"}],"wp:term":[{"taxonomy":"category","embeddable":true,"href":"https:\/\/www.oarcanjo.net\/site\/wp-json\/wp\/v2\/categories?post=1626"},{"taxonomy":"post_tag","embeddable":true,"href":"https:\/\/www.oarcanjo.net\/site\/wp-json\/wp\/v2\/tags?post=1626"}],"curies":[{"name":"wp","href":"https:\/\/api.w.org\/{rel}","templated":true}]}}