
{"id":16280,"date":"2011-10-28T18:27:50","date_gmt":"2011-10-28T20:27:50","guid":{"rendered":"http:\/\/www.oarcanjo.net\/site\/?p=16280"},"modified":"2011-10-28T18:27:50","modified_gmt":"2011-10-28T20:27:50","slug":"bispos-do-brasil-pedem-reforma-politica-urgente","status":"publish","type":"post","link":"https:\/\/www.oarcanjo.net\/site\/bispos-do-brasil-pedem-reforma-politica-urgente\/","title":{"rendered":"Bispos do Brasil pedem reforma pol\u00edtica urgente"},"content":{"rendered":"<p>Os bispos do Conselho Permanente da Confer\u00eancia Nacional dos Bispos do Brasil (CNBB) reunidos em sua sede nacional em Bras\u00edlia desde ter\u00e7a-feira, 25, divulgaram na quinta-feira, 27, encerramento da reuni\u00e3o, uma nota intitulada \u201cReforma Pol\u00edtica: urgente e inadi\u00e1vel\u201d.<\/p>\n<p>No texto, os bispos reafirmam a posi\u00e7\u00e3o da Confer\u00eancia de que \u00e9 preciso trabalhar para que a Reforma de fato aconte\u00e7a no pa\u00eds, por\u00e9m, destaca que deve ultrapassar uma simples reforma eleitoral para que a na\u00e7\u00e3o colha os frutos necess\u00e1rios. \u201cSe feita de forma a ultrapassar os limites de uma simples reforma eleitoral, ela se torna um caminho seguro para coibir a corrup\u00e7\u00e3o e sua abomin\u00e1vel impunidade que corroem institui\u00e7\u00f5es do Estado brasileiro e a vida do povo\u201d, diz um trecho do texto.<\/p>\n<p>Em coletiva de imprensa, a presid\u00eancia da CNBB, por meio do seu presidente, dom Raymundo Damasceno Assis, reafirmou a posi\u00e7\u00e3o da entidade expressa no texto. \u201cN\u00e3o estamos apenas pleiteando uma reforma eleitoral, mas uma reforma que n\u00f3s consideramos urgente e inadi\u00e1vel e desejamos que a sociedade assuma essa bandeira de exigir e cobrar uma reforma pol\u00edtica verdadeira em nosso pa\u00eds\u201d.<\/p>\n<p>Leia texto na \u00edntegra, abaixo:<\/p>\n<p><strong>Reforma Pol\u00edtica: urgente e inadi\u00e1vel<\/strong>!<\/p>\n<p><em>A Reforma Pol\u00edtica \u00e9 uma urg\u00eancia inadi\u00e1vel em nosso pa\u00eds. Se feita de forma a ultrapassar os limites de uma simples reforma eleitoral, ela se torna um caminho seguro para coibir a corrup\u00e7\u00e3o e sua abomin\u00e1vel impunidade, que corroem institui\u00e7\u00f5es do Estado brasileiro e a vida do povo.<\/em><\/p>\n<p><em>A expectativa de sua efetiva realiza\u00e7\u00e3o, assegurada pela Presidente Dilma Rousseff, em seu discurso de posse, e pelas imediatas iniciativas da C\u00e2mara e do Senado de constitu\u00edrem comiss\u00f5es para esse fim, est\u00e1 se exaurindo diante da lentid\u00e3o e falta de vontade pol\u00edtica com que o Congresso Nacional tem discutido o tema. Por isso, o Conselho Permanente da Confer\u00eancia Nacional dos Bispos do Brasil-CNBB, reunido em Bras\u00edlia, de 25 a 27 de outubro, manifesta perplexidade e indigna\u00e7\u00e3o, em sintonia com o clamor que vem das recentes marchas contra a corrup\u00e7\u00e3o, e conclama a todos a exigirem dos parlamentares efetivo empenho na aprova\u00e7\u00e3o de uma reforma pol\u00edtica ampla e com participa\u00e7\u00e3o popular.<\/em><\/p>\n<p><em>A sociedade brasileira n\u00e3o pode ser frustrada neste seu direito. Projetos de leis de iniciativa popular exitosos, como as leis 9.840\/1999, contra a corrup\u00e7\u00e3o eleitoral, e 135\/2010, denominada Ficha Limpa, s\u00e3o a prova do quanto nosso povo quer p\u00f4r fim \u00e0 chaga da corrup\u00e7\u00e3o no Brasil. Confiamos que o Supremo Tribunal Federal decidir\u00e1 pela constitucionalidade desta \u00faltima a fim de que seja aplicada j\u00e1 nas pr\u00f3ximas elei\u00e7\u00f5es.<\/em><\/p>\n<p><em>Neste contexto, a CNBB reitera o que disse em seu documento Por uma reforma do Estado com participa\u00e7\u00e3o popular: \u201cA reforma pol\u00edtica de que o pa\u00eds necessita com urg\u00eancia, n\u00e3o pode se limitar a regras eleitorais, e dentro delas ao funcionamento dos partidos. Ela precisa atingir o \u00e2mago da estrutura do poder e a forma de exerc\u00ea-lo, tendo como crit\u00e9rio b\u00e1sico inspirador, a participa\u00e7\u00e3o popular. Trata-se de reaproximar o poder e coloc\u00e1-lo ao alcance da influ\u00eancia vi\u00e1vel e eficaz da cidadania\u201d (Doc. 91, n. 101).<\/em><\/p>\n<p><em>O momento exige, portanto, a retomada do di\u00e1logo entre os atores da sociedade civil e os legisladores, na perspectiva de incorpora\u00e7\u00e3o de propostas concretas j\u00e1 constru\u00eddas. Do contr\u00e1rio, o Congresso se omitir\u00e1, outorgando ao Judici\u00e1rio a responsabilidade de decidir sobre quest\u00f5es que cabem, primordialmente, ao Legislativo.<\/em><\/p>\n<p><em>O fortalecimento da democracia direta passa pela regulamenta\u00e7\u00e3o do artigo 14 da Constitui\u00e7\u00e3o Federal, que trata dos plebiscitos, referendos e leis de iniciativa popular. Al\u00e9m disso, a reforma pol\u00edtica n\u00e3o pode adiar medidas que moralizem o financiamento das campanhas eleitorais, assegurem candidaturas de \u201cFichas Limpas\u201d, criem mecanismos para revoga\u00e7\u00e3o de mandatos e garantam a fidelidade partid\u00e1ria.<\/em><\/p>\n<p><em>A CNBB considera indispens\u00e1vel, tamb\u00e9m, dar novos passos que ampliem a aplica\u00e7\u00e3o da Ficha Limpa, de modo a atingir cargos comissionados do Parlamento e outros Poderes da Federa\u00e7\u00e3o. O Executivo e o Judici\u00e1rio s\u00e3o correspons\u00e1veis por um Poder Servi\u00e7o dignamente cidad\u00e3o.<\/em><\/p>\n<p><em>Movidos pela busca do bem comum e pela f\u00e9 crist\u00e3, que nos faz \u201cesperar contra toda esperan\u00e7a\u201d (Rm 4,18), confiamos que estes apelos sejam ouvidos pelos Parlamentares.<\/em><\/p>\n<p><em>Nossa Senhora Aparecida, M\u00e3e dos brasileiros, inspire nossos dirigentes e nos alcance de seu Filho a vit\u00f3ria que almejamos.<\/em><\/p>\n<p><em>Bras\u00edlia, 27 de outubro de 2011.<\/em><\/p>\n<p><em>Cardeal Raymundo Damasceno Assis<\/em><br \/>\n<em>Arcebispo de Aparecida-SP<\/em><br \/>\n<em>Presidente da CNBB<\/em><\/p>\n<p><em>Dom Jos\u00e9 Belis\u00e1rio da Silva<\/em><br \/>\n<em>Arcebispo de S\u00e3o Lu\u00eds do Maranh\u00e3o-MA<\/em><br \/>\n<em>Vice-Presidente da CNBB<\/em><\/p>\n<p><em>Dom Leonardo Ulrich Steiner<\/em><br \/>\n<em>Bispo Auxiliar de Bras\u00edlia-DF<\/em><br \/>\n<em>Secret\u00e1rio Geral da CNBB<\/em><\/p>\n<div id=\"themify_builder_content-16280\" data-postid=\"16280\" class=\"themify_builder_content themify_builder_content-16280 themify_builder themify_builder_front\">\n\t<\/div>\n<!-- \/themify_builder_content -->","protected":false},"excerpt":{"rendered":"<p>Os bispos do Conselho Permanente da Confer\u00eancia Nacional dos Bispos do Brasil (CNBB) reunidos em sua sede nacional em Bras\u00edlia desde ter\u00e7a-feira, 25, divulgaram na quinta-feira, 27, encerramento da reuni\u00e3o, uma nota intitulada \u201cReforma Pol\u00edtica: urgente e inadi\u00e1vel\u201d. No texto, os bispos reafirmam a posi\u00e7\u00e3o da Confer\u00eancia de que \u00e9 preciso trabalhar para que a [&hellip;]<\/p>\n","protected":false},"author":5,"featured_media":0,"comment_status":"open","ping_status":"open","sticky":false,"template":"","format":"standard","meta":{"ngg_post_thumbnail":0,"footnotes":""},"categories":[8],"tags":[63,756,51,103,843,1042,877],"yoast_head":"<!-- This site is optimized with the Yoast SEO plugin v23.5 - https:\/\/yoast.com\/wordpress\/plugins\/seo\/ -->\n<title>Bispos do Brasil pedem reforma pol\u00edtica urgente - O Arcanjo no ar<\/title>\n<meta name=\"robots\" content=\"index, follow, max-snippet:-1, max-image-preview:large, max-video-preview:-1\" \/>\n<link rel=\"canonical\" href=\"https:\/\/www.oarcanjo.net\/site\/bispos-do-brasil-pedem-reforma-politica-urgente\/\" \/>\n<meta property=\"og:locale\" content=\"pt_BR\" \/>\n<meta property=\"og:type\" content=\"article\" \/>\n<meta property=\"og:title\" content=\"Bispos do Brasil pedem reforma pol\u00edtica urgente - O Arcanjo no ar\" \/>\n<meta property=\"og:description\" content=\"Os bispos do Conselho Permanente da Confer\u00eancia Nacional dos Bispos do Brasil (CNBB) reunidos em sua sede nacional em Bras\u00edlia desde ter\u00e7a-feira, 25, divulgaram na quinta-feira, 27, encerramento da reuni\u00e3o, uma nota intitulada \u201cReforma Pol\u00edtica: urgente e inadi\u00e1vel\u201d. No texto, os bispos reafirmam a posi\u00e7\u00e3o da Confer\u00eancia de que \u00e9 preciso trabalhar para que a [&hellip;]\" \/>\n<meta property=\"og:url\" content=\"https:\/\/www.oarcanjo.net\/site\/bispos-do-brasil-pedem-reforma-politica-urgente\/\" \/>\n<meta property=\"og:site_name\" content=\"O Arcanjo no ar\" \/>\n<meta property=\"article:publisher\" content=\"https:\/\/www.facebook.com\/OArcanjoNoAr\/\" \/>\n<meta property=\"article:published_time\" content=\"2011-10-28T20:27:50+00:00\" \/>\n<meta property=\"og:image\" content=\"https:\/\/www.oarcanjo.net\/site\/wp-content\/uploads\/logo-o-arcanjo-no-ar-facebook.png\" \/>\n\t<meta property=\"og:image:width\" content=\"300\" \/>\n\t<meta property=\"og:image:height\" content=\"300\" \/>\n\t<meta property=\"og:image:type\" content=\"image\/png\" \/>\n<meta name=\"author\" content=\"editor\" \/>\n<meta name=\"twitter:card\" content=\"summary_large_image\" \/>\n<meta name=\"twitter:label1\" content=\"Escrito por\" \/>\n\t<meta name=\"twitter:data1\" content=\"editor\" \/>\n\t<meta name=\"twitter:label2\" content=\"Est. tempo de leitura\" \/>\n\t<meta name=\"twitter:data2\" content=\"4 minutos\" \/>\n<script type=\"application\/ld+json\" class=\"yoast-schema-graph\">{\"@context\":\"https:\/\/schema.org\",\"@graph\":[{\"@type\":\"Article\",\"@id\":\"https:\/\/www.oarcanjo.net\/site\/bispos-do-brasil-pedem-reforma-politica-urgente\/#article\",\"isPartOf\":{\"@id\":\"https:\/\/www.oarcanjo.net\/site\/bispos-do-brasil-pedem-reforma-politica-urgente\/\"},\"author\":{\"name\":\"editor\",\"@id\":\"https:\/\/www.oarcanjo.net\/site\/#\/schema\/person\/f7024d007863202483a31326673a0838\"},\"headline\":\"Bispos do Brasil pedem reforma pol\u00edtica urgente\",\"datePublished\":\"2011-10-28T20:27:50+00:00\",\"dateModified\":\"2011-10-28T20:27:50+00:00\",\"mainEntityOfPage\":{\"@id\":\"https:\/\/www.oarcanjo.net\/site\/bispos-do-brasil-pedem-reforma-politica-urgente\/\"},\"wordCount\":821,\"commentCount\":0,\"publisher\":{\"@id\":\"https:\/\/www.oarcanjo.net\/site\/#organization\"},\"keywords\":[\"CNBB\",\"corrup\u00e7\u00e3o\",\"corrup\u00e7\u00e3o eleitoral\",\"f\u00e9 e pol\u00edtica\",\"Ficha Limpa\",\"lei 9840\",\"reforma pol\u00edtica\"],\"articleSection\":[\"Not\u00edcias\"],\"inLanguage\":\"pt-BR\",\"potentialAction\":[{\"@type\":\"CommentAction\",\"name\":\"Comment\",\"target\":[\"https:\/\/www.oarcanjo.net\/site\/bispos-do-brasil-pedem-reforma-politica-urgente\/#respond\"]}]},{\"@type\":\"WebPage\",\"@id\":\"https:\/\/www.oarcanjo.net\/site\/bispos-do-brasil-pedem-reforma-politica-urgente\/\",\"url\":\"https:\/\/www.oarcanjo.net\/site\/bispos-do-brasil-pedem-reforma-politica-urgente\/\",\"name\":\"Bispos do Brasil pedem reforma pol\u00edtica urgente - O Arcanjo no ar\",\"isPartOf\":{\"@id\":\"https:\/\/www.oarcanjo.net\/site\/#website\"},\"datePublished\":\"2011-10-28T20:27:50+00:00\",\"dateModified\":\"2011-10-28T20:27:50+00:00\",\"breadcrumb\":{\"@id\":\"https:\/\/www.oarcanjo.net\/site\/bispos-do-brasil-pedem-reforma-politica-urgente\/#breadcrumb\"},\"inLanguage\":\"pt-BR\",\"potentialAction\":[{\"@type\":\"ReadAction\",\"target\":[\"https:\/\/www.oarcanjo.net\/site\/bispos-do-brasil-pedem-reforma-politica-urgente\/\"]}]},{\"@type\":\"BreadcrumbList\",\"@id\":\"https:\/\/www.oarcanjo.net\/site\/bispos-do-brasil-pedem-reforma-politica-urgente\/#breadcrumb\",\"itemListElement\":[{\"@type\":\"ListItem\",\"position\":1,\"name\":\"In\u00edcio\",\"item\":\"https:\/\/www.oarcanjo.net\/site\/\"},{\"@type\":\"ListItem\",\"position\":2,\"name\":\"Bispos do Brasil pedem reforma pol\u00edtica urgente\"}]},{\"@type\":\"WebSite\",\"@id\":\"https:\/\/www.oarcanjo.net\/site\/#website\",\"url\":\"https:\/\/www.oarcanjo.net\/site\/\",\"name\":\"O Arcanjo no ar\",\"description\":\"Site da Par\u00f3quia S\u00e3o Miguel Arcanjo (Arquidiocese de SP)\",\"publisher\":{\"@id\":\"https:\/\/www.oarcanjo.net\/site\/#organization\"},\"potentialAction\":[{\"@type\":\"SearchAction\",\"target\":{\"@type\":\"EntryPoint\",\"urlTemplate\":\"https:\/\/www.oarcanjo.net\/site\/?s={search_term_string}\"},\"query-input\":{\"@type\":\"PropertyValueSpecification\",\"valueRequired\":true,\"valueName\":\"search_term_string\"}}],\"inLanguage\":\"pt-BR\"},{\"@type\":\"Organization\",\"@id\":\"https:\/\/www.oarcanjo.net\/site\/#organization\",\"name\":\"Par\u00f3quia S\u00e3o Miguel Arcanjo\",\"url\":\"https:\/\/www.oarcanjo.net\/site\/\",\"logo\":{\"@type\":\"ImageObject\",\"inLanguage\":\"pt-BR\",\"@id\":\"https:\/\/www.oarcanjo.net\/site\/#\/schema\/logo\/image\/\",\"url\":\"https:\/\/www.oarcanjo.net\/site\/wp-content\/uploads\/LogoOArcanjo.png\",\"contentUrl\":\"https:\/\/www.oarcanjo.net\/site\/wp-content\/uploads\/LogoOArcanjo.png\",\"width\":319,\"height\":99,\"caption\":\"Par\u00f3quia S\u00e3o Miguel Arcanjo\"},\"image\":{\"@id\":\"https:\/\/www.oarcanjo.net\/site\/#\/schema\/logo\/image\/\"},\"sameAs\":[\"https:\/\/www.facebook.com\/OArcanjoNoAr\/\"]},{\"@type\":\"Person\",\"@id\":\"https:\/\/www.oarcanjo.net\/site\/#\/schema\/person\/f7024d007863202483a31326673a0838\",\"name\":\"editor\",\"sameAs\":[\"http:\/\/www.oarcanjo.net\"]}]}<\/script>\n<!-- \/ Yoast SEO plugin. -->","yoast_head_json":{"title":"Bispos do Brasil pedem reforma pol\u00edtica urgente - O Arcanjo no ar","robots":{"index":"index","follow":"follow","max-snippet":"max-snippet:-1","max-image-preview":"max-image-preview:large","max-video-preview":"max-video-preview:-1"},"canonical":"https:\/\/www.oarcanjo.net\/site\/bispos-do-brasil-pedem-reforma-politica-urgente\/","og_locale":"pt_BR","og_type":"article","og_title":"Bispos do Brasil pedem reforma pol\u00edtica urgente - O Arcanjo no ar","og_description":"Os bispos do Conselho Permanente da Confer\u00eancia Nacional dos Bispos do Brasil (CNBB) reunidos em sua sede nacional em Bras\u00edlia desde ter\u00e7a-feira, 25, divulgaram na quinta-feira, 27, encerramento da reuni\u00e3o, uma nota intitulada \u201cReforma Pol\u00edtica: urgente e inadi\u00e1vel\u201d. No texto, os bispos reafirmam a posi\u00e7\u00e3o da Confer\u00eancia de que \u00e9 preciso trabalhar para que a [&hellip;]","og_url":"https:\/\/www.oarcanjo.net\/site\/bispos-do-brasil-pedem-reforma-politica-urgente\/","og_site_name":"O Arcanjo no ar","article_publisher":"https:\/\/www.facebook.com\/OArcanjoNoAr\/","article_published_time":"2011-10-28T20:27:50+00:00","og_image":[{"width":300,"height":300,"url":"https:\/\/www.oarcanjo.net\/site\/wp-content\/uploads\/logo-o-arcanjo-no-ar-facebook.png","type":"image\/png"}],"author":"editor","twitter_card":"summary_large_image","twitter_misc":{"Escrito por":"editor","Est. tempo de leitura":"4 minutos"},"schema":{"@context":"https:\/\/schema.org","@graph":[{"@type":"Article","@id":"https:\/\/www.oarcanjo.net\/site\/bispos-do-brasil-pedem-reforma-politica-urgente\/#article","isPartOf":{"@id":"https:\/\/www.oarcanjo.net\/site\/bispos-do-brasil-pedem-reforma-politica-urgente\/"},"author":{"name":"editor","@id":"https:\/\/www.oarcanjo.net\/site\/#\/schema\/person\/f7024d007863202483a31326673a0838"},"headline":"Bispos do Brasil pedem reforma pol\u00edtica urgente","datePublished":"2011-10-28T20:27:50+00:00","dateModified":"2011-10-28T20:27:50+00:00","mainEntityOfPage":{"@id":"https:\/\/www.oarcanjo.net\/site\/bispos-do-brasil-pedem-reforma-politica-urgente\/"},"wordCount":821,"commentCount":0,"publisher":{"@id":"https:\/\/www.oarcanjo.net\/site\/#organization"},"keywords":["CNBB","corrup\u00e7\u00e3o","corrup\u00e7\u00e3o eleitoral","f\u00e9 e pol\u00edtica","Ficha Limpa","lei 9840","reforma pol\u00edtica"],"articleSection":["Not\u00edcias"],"inLanguage":"pt-BR","potentialAction":[{"@type":"CommentAction","name":"Comment","target":["https:\/\/www.oarcanjo.net\/site\/bispos-do-brasil-pedem-reforma-politica-urgente\/#respond"]}]},{"@type":"WebPage","@id":"https:\/\/www.oarcanjo.net\/site\/bispos-do-brasil-pedem-reforma-politica-urgente\/","url":"https:\/\/www.oarcanjo.net\/site\/bispos-do-brasil-pedem-reforma-politica-urgente\/","name":"Bispos do Brasil pedem reforma pol\u00edtica urgente - O Arcanjo no ar","isPartOf":{"@id":"https:\/\/www.oarcanjo.net\/site\/#website"},"datePublished":"2011-10-28T20:27:50+00:00","dateModified":"2011-10-28T20:27:50+00:00","breadcrumb":{"@id":"https:\/\/www.oarcanjo.net\/site\/bispos-do-brasil-pedem-reforma-politica-urgente\/#breadcrumb"},"inLanguage":"pt-BR","potentialAction":[{"@type":"ReadAction","target":["https:\/\/www.oarcanjo.net\/site\/bispos-do-brasil-pedem-reforma-politica-urgente\/"]}]},{"@type":"BreadcrumbList","@id":"https:\/\/www.oarcanjo.net\/site\/bispos-do-brasil-pedem-reforma-politica-urgente\/#breadcrumb","itemListElement":[{"@type":"ListItem","position":1,"name":"In\u00edcio","item":"https:\/\/www.oarcanjo.net\/site\/"},{"@type":"ListItem","position":2,"name":"Bispos do Brasil pedem reforma pol\u00edtica urgente"}]},{"@type":"WebSite","@id":"https:\/\/www.oarcanjo.net\/site\/#website","url":"https:\/\/www.oarcanjo.net\/site\/","name":"O Arcanjo no ar","description":"Site da Par\u00f3quia S\u00e3o Miguel Arcanjo (Arquidiocese de SP)","publisher":{"@id":"https:\/\/www.oarcanjo.net\/site\/#organization"},"potentialAction":[{"@type":"SearchAction","target":{"@type":"EntryPoint","urlTemplate":"https:\/\/www.oarcanjo.net\/site\/?s={search_term_string}"},"query-input":{"@type":"PropertyValueSpecification","valueRequired":true,"valueName":"search_term_string"}}],"inLanguage":"pt-BR"},{"@type":"Organization","@id":"https:\/\/www.oarcanjo.net\/site\/#organization","name":"Par\u00f3quia S\u00e3o Miguel Arcanjo","url":"https:\/\/www.oarcanjo.net\/site\/","logo":{"@type":"ImageObject","inLanguage":"pt-BR","@id":"https:\/\/www.oarcanjo.net\/site\/#\/schema\/logo\/image\/","url":"https:\/\/www.oarcanjo.net\/site\/wp-content\/uploads\/LogoOArcanjo.png","contentUrl":"https:\/\/www.oarcanjo.net\/site\/wp-content\/uploads\/LogoOArcanjo.png","width":319,"height":99,"caption":"Par\u00f3quia S\u00e3o Miguel Arcanjo"},"image":{"@id":"https:\/\/www.oarcanjo.net\/site\/#\/schema\/logo\/image\/"},"sameAs":["https:\/\/www.facebook.com\/OArcanjoNoAr\/"]},{"@type":"Person","@id":"https:\/\/www.oarcanjo.net\/site\/#\/schema\/person\/f7024d007863202483a31326673a0838","name":"editor","sameAs":["http:\/\/www.oarcanjo.net"]}]}},"publishpress_future_action":{"enabled":false,"date":"2026-05-09 10:23:56","action":"category","newStatus":"draft","terms":[],"taxonomy":"category"},"publishpress_future_workflow_manual_trigger":{"enabledWorkflows":[]},"_links":{"self":[{"href":"https:\/\/www.oarcanjo.net\/site\/wp-json\/wp\/v2\/posts\/16280"}],"collection":[{"href":"https:\/\/www.oarcanjo.net\/site\/wp-json\/wp\/v2\/posts"}],"about":[{"href":"https:\/\/www.oarcanjo.net\/site\/wp-json\/wp\/v2\/types\/post"}],"author":[{"embeddable":true,"href":"https:\/\/www.oarcanjo.net\/site\/wp-json\/wp\/v2\/users\/5"}],"replies":[{"embeddable":true,"href":"https:\/\/www.oarcanjo.net\/site\/wp-json\/wp\/v2\/comments?post=16280"}],"version-history":[{"count":0,"href":"https:\/\/www.oarcanjo.net\/site\/wp-json\/wp\/v2\/posts\/16280\/revisions"}],"wp:attachment":[{"href":"https:\/\/www.oarcanjo.net\/site\/wp-json\/wp\/v2\/media?parent=16280"}],"wp:term":[{"taxonomy":"category","embeddable":true,"href":"https:\/\/www.oarcanjo.net\/site\/wp-json\/wp\/v2\/categories?post=16280"},{"taxonomy":"post_tag","embeddable":true,"href":"https:\/\/www.oarcanjo.net\/site\/wp-json\/wp\/v2\/tags?post=16280"}],"curies":[{"name":"wp","href":"https:\/\/api.w.org\/{rel}","templated":true}]}}