
{"id":1634,"date":"2009-01-22T11:21:12","date_gmt":"2009-01-22T13:21:12","guid":{"rendered":"http:\/\/www.oarcanjo.net\/site\/?p=1634"},"modified":"2009-01-27T11:24:06","modified_gmt":"2009-01-27T13:24:06","slug":"torturador-se-vinga-da-igreja-catolica","status":"publish","type":"post","link":"https:\/\/www.oarcanjo.net\/site\/torturador-se-vinga-da-igreja-catolica\/","title":{"rendered":"Torturador se vinga da Igreja Cat\u00f3lica"},"content":{"rendered":"<p>Jarbas Silva Marques *<\/p>\n<p>O ex-Delegado da Pol\u00edcia Federal, Jos\u00e9 Carlos Gentil, lan\u00e7ou no dia 9 de junho, no Restaurante Albatroz, do Aeroporto Juscelino Kubitschek, em Bras\u00edlia, o livro A Igreja e os Escravos , numa a\u00e7\u00e3o de revanchismo pol\u00edtico contra a Igreja Cat\u00f3lica Apost\u00f3lica Romana, que o identificou como torturador de presos pol\u00edticos no trabalho elaborado pela Arquidiocese de S\u00e3o Paulo Brasil Nunca Mais, coordenado pelo Cardeal Dom Paulo Evaristo Arns.<\/p>\n<p>No livro, que tem as orelhas apresentadas pelo Senador Cristovam Buarque, Jos\u00e9 Carlos Gentil colige documentos para denunciar a Igreja Cat\u00f3lica na coniv\u00eancia com a escravid\u00e3o e os regimes escravocratas, apresentando-se como historiador, ap\u00f3s, numa manobra diversionista &#8211; aproveitando-se da Lei Italiana, que d\u00e1 cidadania a filhos de italianos &#8211; tendo modificado seu nome para JOS\u00c9 CARLOS GENTILI,  tentando, assim, escapar dos registros da Justi\u00e7a Militar do Estado da Para\u00edba, que o identificam como um dos quarenta e quatro torturadores da Ditadura Civil e Militar de 1964. <\/p>\n<p>O OVO DA SERPENTE<\/p>\n<p>Jos\u00e9 Carlos Gentil nasceu em 30 de maio de 1940, em Porto Alegre, Rio Grande do Sul, e, em 1960, ap\u00f3s fazer o Curso de Oficiais da Reserva &#8211; CPOR &#8211; em Porto Alegre, muda-se para Bras\u00edlia e ingressa na Guarda Especial de Bras\u00edlia &#8211; GEB, no posto de Tenente, sendo nomeado, em 1962, como Diretor do Pres\u00eddio da Papuda.<\/p>\n<p>Em 1964, ap\u00f3s exercer as fun\u00e7\u00f5es de Ajudante-de-Ordens do Diretor Geral do Departamento Federal de Seguran\u00e7a P\u00fablica, assume a Superintend\u00eancia de Servi\u00e7os Gerais da DFSP e, em 1965, \u00e9 enviado a Washington pela Ditadura Militar para estudar na Academia Internacional de Pol\u00edcia &#8211; IAP, do Departamento de Estado dos Estados Unidos, e, t\u00e3o-logo conclui o curso na IAP vai cursar a Academia de Los Fresnos, em Brownswille, Texas, onde s\u00e3o preparados os quadros policiais de repress\u00e3o fazend\u00e1ria.<\/p>\n<p>De volta ao Brasil, vai servir na Divis\u00e3o de Repress\u00e3o ao Contrabando da Pol\u00edcia Federal e, em 1970, \u00e9 deslocado para o Estado da Para\u00edba, onde passa a ocupar a fun\u00e7\u00e3o de Delegado Regional Substituto.<br \/>\nEm 1971, ascende ao posto m\u00e1ximo da carreira policial na Pol\u00edcia Federal, quando passa a Inspetor de Pol\u00edcia, aos trinta e um anos de idade.<\/p>\n<p>Em 1972, ap\u00f3s chegar ao \u00e1pice da carreira, pede exonera\u00e7\u00e3o.<\/p>\n<p>O Servi\u00e7o Nacional de Informa\u00e7\u00f5es &#8211; SNI, para efetivar o controle sobre todo o corpo da sociedade brasileira &#8211; cidad\u00e3os e empresas &#8211; necessitava do acesso \u00e0s informa\u00e7\u00f5es econ\u00f4micas e financeiras dispon\u00edveis nos Servi\u00e7os de Prote\u00e7\u00e3o ao Cr\u00e9dito &#8211; SPCs, criados pelas associa\u00e7\u00f5es comerciais e pelos clubes de lojistas em todo o Pa\u00eds.<\/p>\n<p>No Distrito Federal, logo ap\u00f3s sua instala\u00e7\u00e3o e a inaugura\u00e7\u00e3o de Bras\u00edlia, um esperto empres\u00e1rio registrou uma empresa com o nome de servi\u00e7o de Prote\u00e7\u00e3o ao Cr\u00e9dito &#8211; SPC, id\u00eantico aos demais SPCs ligados \u00e0 associa\u00e7\u00f5es comerciais. Quando a Associa\u00e7\u00e3o Comercial do Distrito Federal quis criar esse servi\u00e7o, o nome n\u00e3o mais poderia ser usado, sendo, ent\u00e3o, criado o Clube dos Dirigentes Lojistas &#8211; CDL, com as mesmas atribui\u00e7\u00f5es de suas cong\u00eaneres no Brasil, mas com o nome diferente.<\/p>\n<p>Jos\u00e9 Carlos Gentil, em 1980, adquire a Sociedade Brasileira de Cobran\u00e7a, com os escrit\u00f3rios no Par\u00e1, Pernambuco e Goi\u00e1s, para, logo em seguida, adquirir o Servi\u00e7o de Prote\u00e7\u00e3o ao Cr\u00e9dito de Bras\u00edlia.<br \/>\nCom a sigla SPC em m\u00e3os, o Servi\u00e7o Nacional de Informa\u00e7\u00f5es &#8211; SNI, a partir de Bras\u00edlia, passou a ter acesso a todo o sistema estruturado nacionalmente pelos empres\u00e1rios, preservando-se de pedidos, declara\u00e7\u00f5es e acompanhamento que denunciasse a sua a\u00e7\u00e3o no corpo social da na\u00e7\u00e3o.<\/p>\n<p>Nessa \u00e9poca, ele funda, tamb\u00e9m, uma empresa tur\u00edstica, a Gentil Turismo. Essa Empresa passa, ent\u00e3o, a organizar excurs\u00f5es tur\u00edsticas nos pa\u00edses comunistas de ent\u00e3o. Os ing\u00eanuos turistas que procuravam esses pacotes &#8220;vermelho&#8221;, mais do que depressa j\u00e1 estavam no \u00edndex dos \u00f3rg\u00e3os de seguran\u00e7a.<\/p>\n<p>Em 1985, tem in\u00edcio uma nova fase de Jos\u00e9 Carlos Gentil. Primeiramente, ele entra na Ma\u00e7onaria e articula a funda\u00e7\u00e3o da Academia Ma\u00e7\u00f4nica de Letras, elegendo-se presidente. A Partir da\u00ed, a Ma\u00e7onaria serviu-lhe de biombo para o seu trabalho de infiltra\u00e7\u00e3o, ao ponto de, em 1989, a Ma\u00e7onaria o indicar para ser nomeado Conselheiro da Rep\u00fablica, s\u00f3 n\u00e3o conseguindo seus objetivos porque uma corrente ma\u00e7\u00f4nica tomou conhecimento de uma mat\u00e9ria publicada no Jornal Voz de Luzi\u00e2nia, que o identificou como um dos quarenta e quatro torturadores listados pela Arquidiocese de S\u00e3o Paulo.<br \/>\nMas, esse acidente de percurso n\u00e3o o impediu de atingir seus objetivos e, na \u00faltima p\u00e1gina de seu livro, ele lista que \u00e9 membro da Academia de Letras de Bras\u00edlia, da Academia de Letras e Artes do Planalto Central, da Academia Ma\u00e7\u00f4nica de Bras\u00edlia, da Academia de Letras, Artes e M\u00fasica de Piren\u00f3polis, da Academia de Artes e M\u00fasica do Distrito Federal, do Instituto Hist\u00f3rico e Geogr\u00e1fico do Distrito Federal, da Academia de Letras de An\u00e1polis, da Academia Cristalinense de Ci\u00eancias, Artes e Letras, da Academia Petropolitana  de Poesia Raul Leoni, da Academia  Ma\u00e7\u00f4nica Paulista, da International Academy of Letters of Englad e do Instituto Hist\u00f3rico e Geogr\u00e1fico do Rio Grande do Norte.<\/p>\n<p>No entanto, como toda essa manobra para descaracteriz\u00e1-lo como um dos torturadores listados pela Igreja Cat\u00f3lica esbarrava no seu nome de batismo e registro civil, Jos\u00e9 Carlos Gentil partiu para uma \u00faltima manobra: mudar o nome. Valendo-se da legisla\u00e7\u00e3o italiana, que d\u00e1 dupla nacionalidade aos filhos de italianos, os &#8220;ORIUNDOS&#8221;, ele requereu a cidadania italiana e mudou seu nome para JOS\u00c9 CARLOS GENTILI.<\/p>\n<p>Com esse nome, ele assina A Igreja e os Escravos, que \u00e9 a sua vingan\u00e7a revanchista contra a Igreja Cat\u00f3lica Apost\u00f3lica Romana, que o eternizou como torturador de presos pol\u00edticos.<\/p>\n<p>OS LU\u00cdZES QUE SE CUIDEM<\/p>\n<p>\u00c9, hoje, de dom\u00ednio p\u00fablico que tr\u00eas advogados brasileiros arriscaram suas vidas para que a Arquidiocese de S\u00e3o Paulo elaborasse o livro Brasil Nunca Mais.<\/p>\n<p>Por um crit\u00e9rio rigoroso, estabelecido por Dom Paulo Evaristo Arns, o Brasil Nunca Mais teria por base documentos inquestion\u00e1veis, as c\u00f3pias dos Inqu\u00e9ritos Policiais Militares &#8211; IPMS, que denunciavam as torturas e os torturadores, julgados ou em julgamentos no Superior Tribunal Militar &#8211; o STM, sediado em Bras\u00edlia.<\/p>\n<p>Os advogados Ant\u00f4nio Modesto da Silveira, Luiz Eduardo Greenhalg e Luiz Carlos Sigmaringa Seixas passaram a requerer os IPMS, xerografar os depoimentos e manda-los para Dom Evaristo Arns em S\u00e3o Paulo.<\/p>\n<p>Os bra\u00e7os do revanchismo alcan\u00e7aram o advogado Ant\u00f4nio Modesto da Silveira, que foi seq\u00fcestrado pelo DOI-CODI do Rio de Janeiro, e a Luiz Eduardo Greenhalg, que teve pela Internet uma campanha difamat\u00f3ria que afirmava que ele estaria riqu\u00edssimo por receber parte das indeniza\u00e7\u00f5es devidas aos anistiados, quando se sabe que o Governo de Lu\u00eds In\u00e1cio Lula da Silva, em seus quase quatro anos de governo, n\u00e3o pagou os atrasados devidos aos cassados anistiados pela Comiss\u00e3o de Anistia do Minist\u00e9rio da Justi\u00e7a.<\/p>\n<p>O hoje Deputado Federal pelo Distrito Federal, Luiz Carlos Sigmaringa Seixas, at\u00e9 o momento, felizmente, ainda n\u00e3o acusou nenhum ato revanchista.<\/p>\n<p>Em 1988, o Deputado Augusto Carvalho tentou, junto ao Governador Jos\u00e9 Aparecido de Oliveira, que o Governo do Distrito Federal cancelasse a condecora\u00e7\u00e3o concedida a Jos\u00e9 Carlos Gentil, da Ordem do M\u00e9rito de Bras\u00edlia.<\/p>\n<p>Jos\u00e9 Carlos Gentil n\u00e3o cita, em seu livro, as medalhas e comendas que recebeu, mesmo porque, hoje, ele tem outro nome e outra identidade.<\/p>\n<p>Pode ser que, agora, depois da derrota de Berlusconi, o grupo de ORIUNDOS, que queria requerer ao governo italiano a cassa\u00e7\u00e3o dessa cidadania, com base nos acordos internacionais, que abominam a tortura, crie novo \u00e2nimo para requer\u00ea-la.<\/p>\n<p>* Jornalista e Historiador<\/p>\n<p><em>(artigo publicado originalmente pela <a href=\"http:\/\/www.adital.com.br\" target=\"_blank\">Ag\u00eancia Adital<\/a>)<\/em><\/p>\n<div id=\"themify_builder_content-1634\" data-postid=\"1634\" class=\"themify_builder_content themify_builder_content-1634 themify_builder themify_builder_front\">\n\t<\/div>\n<!-- \/themify_builder_content -->","protected":false},"excerpt":{"rendered":"<p>Jarbas Silva Marques * O ex-Delegado da Pol\u00edcia Federal, Jos\u00e9 Carlos Gentil, lan\u00e7ou no dia 9 de junho, no Restaurante Albatroz, do Aeroporto Juscelino Kubitschek, em Bras\u00edlia, o livro A Igreja e os Escravos , numa a\u00e7\u00e3o de revanchismo pol\u00edtico contra a Igreja Cat\u00f3lica Apost\u00f3lica Romana, que o identificou como torturador de presos pol\u00edticos no [&hellip;]<\/p>\n","protected":false},"author":5,"featured_media":0,"comment_status":"open","ping_status":"open","sticky":false,"template":"","format":"standard","meta":{"ngg_post_thumbnail":0,"footnotes":""},"categories":[8],"tags":[],"yoast_head":"<!-- This site is optimized with the Yoast SEO plugin v23.5 - https:\/\/yoast.com\/wordpress\/plugins\/seo\/ -->\n<title>Torturador se vinga da Igreja Cat\u00f3lica - O Arcanjo no ar<\/title>\n<meta name=\"robots\" content=\"index, follow, max-snippet:-1, max-image-preview:large, max-video-preview:-1\" \/>\n<link rel=\"canonical\" href=\"https:\/\/www.oarcanjo.net\/site\/torturador-se-vinga-da-igreja-catolica\/\" \/>\n<meta property=\"og:locale\" content=\"pt_BR\" \/>\n<meta property=\"og:type\" content=\"article\" \/>\n<meta property=\"og:title\" content=\"Torturador se vinga da Igreja Cat\u00f3lica - O Arcanjo no ar\" \/>\n<meta property=\"og:description\" content=\"Jarbas Silva Marques * O ex-Delegado da Pol\u00edcia Federal, Jos\u00e9 Carlos Gentil, lan\u00e7ou no dia 9 de junho, no Restaurante Albatroz, do Aeroporto Juscelino Kubitschek, em Bras\u00edlia, o livro A Igreja e os Escravos , numa a\u00e7\u00e3o de revanchismo pol\u00edtico contra a Igreja Cat\u00f3lica Apost\u00f3lica Romana, que o identificou como torturador de presos pol\u00edticos no [&hellip;]\" \/>\n<meta property=\"og:url\" content=\"https:\/\/www.oarcanjo.net\/site\/torturador-se-vinga-da-igreja-catolica\/\" \/>\n<meta property=\"og:site_name\" content=\"O Arcanjo no ar\" \/>\n<meta property=\"article:publisher\" content=\"https:\/\/www.facebook.com\/OArcanjoNoAr\/\" \/>\n<meta property=\"article:published_time\" content=\"2009-01-22T13:21:12+00:00\" \/>\n<meta property=\"article:modified_time\" content=\"2009-01-27T13:24:06+00:00\" \/>\n<meta property=\"og:image\" content=\"https:\/\/www.oarcanjo.net\/site\/wp-content\/uploads\/logo-o-arcanjo-no-ar-facebook.png\" \/>\n\t<meta property=\"og:image:width\" content=\"300\" \/>\n\t<meta property=\"og:image:height\" content=\"300\" \/>\n\t<meta property=\"og:image:type\" content=\"image\/png\" \/>\n<meta name=\"author\" content=\"editor\" \/>\n<meta name=\"twitter:card\" content=\"summary_large_image\" \/>\n<meta name=\"twitter:label1\" content=\"Escrito por\" \/>\n\t<meta name=\"twitter:data1\" content=\"editor\" \/>\n\t<meta name=\"twitter:label2\" content=\"Est. tempo de leitura\" \/>\n\t<meta name=\"twitter:data2\" content=\"7 minutos\" \/>\n<script type=\"application\/ld+json\" class=\"yoast-schema-graph\">{\"@context\":\"https:\/\/schema.org\",\"@graph\":[{\"@type\":\"Article\",\"@id\":\"https:\/\/www.oarcanjo.net\/site\/torturador-se-vinga-da-igreja-catolica\/#article\",\"isPartOf\":{\"@id\":\"https:\/\/www.oarcanjo.net\/site\/torturador-se-vinga-da-igreja-catolica\/\"},\"author\":{\"name\":\"editor\",\"@id\":\"https:\/\/www.oarcanjo.net\/site\/#\/schema\/person\/f7024d007863202483a31326673a0838\"},\"headline\":\"Torturador se vinga da Igreja Cat\u00f3lica\",\"datePublished\":\"2009-01-22T13:21:12+00:00\",\"dateModified\":\"2009-01-27T13:24:06+00:00\",\"mainEntityOfPage\":{\"@id\":\"https:\/\/www.oarcanjo.net\/site\/torturador-se-vinga-da-igreja-catolica\/\"},\"wordCount\":1380,\"commentCount\":0,\"publisher\":{\"@id\":\"https:\/\/www.oarcanjo.net\/site\/#organization\"},\"articleSection\":[\"Not\u00edcias\"],\"inLanguage\":\"pt-BR\",\"potentialAction\":[{\"@type\":\"CommentAction\",\"name\":\"Comment\",\"target\":[\"https:\/\/www.oarcanjo.net\/site\/torturador-se-vinga-da-igreja-catolica\/#respond\"]}]},{\"@type\":\"WebPage\",\"@id\":\"https:\/\/www.oarcanjo.net\/site\/torturador-se-vinga-da-igreja-catolica\/\",\"url\":\"https:\/\/www.oarcanjo.net\/site\/torturador-se-vinga-da-igreja-catolica\/\",\"name\":\"Torturador se vinga da Igreja Cat\u00f3lica - O Arcanjo no ar\",\"isPartOf\":{\"@id\":\"https:\/\/www.oarcanjo.net\/site\/#website\"},\"datePublished\":\"2009-01-22T13:21:12+00:00\",\"dateModified\":\"2009-01-27T13:24:06+00:00\",\"breadcrumb\":{\"@id\":\"https:\/\/www.oarcanjo.net\/site\/torturador-se-vinga-da-igreja-catolica\/#breadcrumb\"},\"inLanguage\":\"pt-BR\",\"potentialAction\":[{\"@type\":\"ReadAction\",\"target\":[\"https:\/\/www.oarcanjo.net\/site\/torturador-se-vinga-da-igreja-catolica\/\"]}]},{\"@type\":\"BreadcrumbList\",\"@id\":\"https:\/\/www.oarcanjo.net\/site\/torturador-se-vinga-da-igreja-catolica\/#breadcrumb\",\"itemListElement\":[{\"@type\":\"ListItem\",\"position\":1,\"name\":\"In\u00edcio\",\"item\":\"https:\/\/www.oarcanjo.net\/site\/\"},{\"@type\":\"ListItem\",\"position\":2,\"name\":\"Torturador se vinga da Igreja Cat\u00f3lica\"}]},{\"@type\":\"WebSite\",\"@id\":\"https:\/\/www.oarcanjo.net\/site\/#website\",\"url\":\"https:\/\/www.oarcanjo.net\/site\/\",\"name\":\"O Arcanjo no ar\",\"description\":\"Site da Par\u00f3quia S\u00e3o Miguel Arcanjo (Arquidiocese de SP)\",\"publisher\":{\"@id\":\"https:\/\/www.oarcanjo.net\/site\/#organization\"},\"potentialAction\":[{\"@type\":\"SearchAction\",\"target\":{\"@type\":\"EntryPoint\",\"urlTemplate\":\"https:\/\/www.oarcanjo.net\/site\/?s={search_term_string}\"},\"query-input\":{\"@type\":\"PropertyValueSpecification\",\"valueRequired\":true,\"valueName\":\"search_term_string\"}}],\"inLanguage\":\"pt-BR\"},{\"@type\":\"Organization\",\"@id\":\"https:\/\/www.oarcanjo.net\/site\/#organization\",\"name\":\"Par\u00f3quia S\u00e3o Miguel Arcanjo\",\"url\":\"https:\/\/www.oarcanjo.net\/site\/\",\"logo\":{\"@type\":\"ImageObject\",\"inLanguage\":\"pt-BR\",\"@id\":\"https:\/\/www.oarcanjo.net\/site\/#\/schema\/logo\/image\/\",\"url\":\"https:\/\/www.oarcanjo.net\/site\/wp-content\/uploads\/LogoOArcanjo.png\",\"contentUrl\":\"https:\/\/www.oarcanjo.net\/site\/wp-content\/uploads\/LogoOArcanjo.png\",\"width\":319,\"height\":99,\"caption\":\"Par\u00f3quia S\u00e3o Miguel Arcanjo\"},\"image\":{\"@id\":\"https:\/\/www.oarcanjo.net\/site\/#\/schema\/logo\/image\/\"},\"sameAs\":[\"https:\/\/www.facebook.com\/OArcanjoNoAr\/\"]},{\"@type\":\"Person\",\"@id\":\"https:\/\/www.oarcanjo.net\/site\/#\/schema\/person\/f7024d007863202483a31326673a0838\",\"name\":\"editor\",\"sameAs\":[\"http:\/\/www.oarcanjo.net\"]}]}<\/script>\n<!-- \/ Yoast SEO plugin. -->","yoast_head_json":{"title":"Torturador se vinga da Igreja Cat\u00f3lica - O Arcanjo no ar","robots":{"index":"index","follow":"follow","max-snippet":"max-snippet:-1","max-image-preview":"max-image-preview:large","max-video-preview":"max-video-preview:-1"},"canonical":"https:\/\/www.oarcanjo.net\/site\/torturador-se-vinga-da-igreja-catolica\/","og_locale":"pt_BR","og_type":"article","og_title":"Torturador se vinga da Igreja Cat\u00f3lica - O Arcanjo no ar","og_description":"Jarbas Silva Marques * O ex-Delegado da Pol\u00edcia Federal, Jos\u00e9 Carlos Gentil, lan\u00e7ou no dia 9 de junho, no Restaurante Albatroz, do Aeroporto Juscelino Kubitschek, em Bras\u00edlia, o livro A Igreja e os Escravos , numa a\u00e7\u00e3o de revanchismo pol\u00edtico contra a Igreja Cat\u00f3lica Apost\u00f3lica Romana, que o identificou como torturador de presos pol\u00edticos no [&hellip;]","og_url":"https:\/\/www.oarcanjo.net\/site\/torturador-se-vinga-da-igreja-catolica\/","og_site_name":"O Arcanjo no ar","article_publisher":"https:\/\/www.facebook.com\/OArcanjoNoAr\/","article_published_time":"2009-01-22T13:21:12+00:00","article_modified_time":"2009-01-27T13:24:06+00:00","og_image":[{"width":300,"height":300,"url":"https:\/\/www.oarcanjo.net\/site\/wp-content\/uploads\/logo-o-arcanjo-no-ar-facebook.png","type":"image\/png"}],"author":"editor","twitter_card":"summary_large_image","twitter_misc":{"Escrito por":"editor","Est. tempo de leitura":"7 minutos"},"schema":{"@context":"https:\/\/schema.org","@graph":[{"@type":"Article","@id":"https:\/\/www.oarcanjo.net\/site\/torturador-se-vinga-da-igreja-catolica\/#article","isPartOf":{"@id":"https:\/\/www.oarcanjo.net\/site\/torturador-se-vinga-da-igreja-catolica\/"},"author":{"name":"editor","@id":"https:\/\/www.oarcanjo.net\/site\/#\/schema\/person\/f7024d007863202483a31326673a0838"},"headline":"Torturador se vinga da Igreja Cat\u00f3lica","datePublished":"2009-01-22T13:21:12+00:00","dateModified":"2009-01-27T13:24:06+00:00","mainEntityOfPage":{"@id":"https:\/\/www.oarcanjo.net\/site\/torturador-se-vinga-da-igreja-catolica\/"},"wordCount":1380,"commentCount":0,"publisher":{"@id":"https:\/\/www.oarcanjo.net\/site\/#organization"},"articleSection":["Not\u00edcias"],"inLanguage":"pt-BR","potentialAction":[{"@type":"CommentAction","name":"Comment","target":["https:\/\/www.oarcanjo.net\/site\/torturador-se-vinga-da-igreja-catolica\/#respond"]}]},{"@type":"WebPage","@id":"https:\/\/www.oarcanjo.net\/site\/torturador-se-vinga-da-igreja-catolica\/","url":"https:\/\/www.oarcanjo.net\/site\/torturador-se-vinga-da-igreja-catolica\/","name":"Torturador se vinga da Igreja Cat\u00f3lica - O Arcanjo no ar","isPartOf":{"@id":"https:\/\/www.oarcanjo.net\/site\/#website"},"datePublished":"2009-01-22T13:21:12+00:00","dateModified":"2009-01-27T13:24:06+00:00","breadcrumb":{"@id":"https:\/\/www.oarcanjo.net\/site\/torturador-se-vinga-da-igreja-catolica\/#breadcrumb"},"inLanguage":"pt-BR","potentialAction":[{"@type":"ReadAction","target":["https:\/\/www.oarcanjo.net\/site\/torturador-se-vinga-da-igreja-catolica\/"]}]},{"@type":"BreadcrumbList","@id":"https:\/\/www.oarcanjo.net\/site\/torturador-se-vinga-da-igreja-catolica\/#breadcrumb","itemListElement":[{"@type":"ListItem","position":1,"name":"In\u00edcio","item":"https:\/\/www.oarcanjo.net\/site\/"},{"@type":"ListItem","position":2,"name":"Torturador se vinga da Igreja Cat\u00f3lica"}]},{"@type":"WebSite","@id":"https:\/\/www.oarcanjo.net\/site\/#website","url":"https:\/\/www.oarcanjo.net\/site\/","name":"O Arcanjo no ar","description":"Site da Par\u00f3quia S\u00e3o Miguel Arcanjo (Arquidiocese de SP)","publisher":{"@id":"https:\/\/www.oarcanjo.net\/site\/#organization"},"potentialAction":[{"@type":"SearchAction","target":{"@type":"EntryPoint","urlTemplate":"https:\/\/www.oarcanjo.net\/site\/?s={search_term_string}"},"query-input":{"@type":"PropertyValueSpecification","valueRequired":true,"valueName":"search_term_string"}}],"inLanguage":"pt-BR"},{"@type":"Organization","@id":"https:\/\/www.oarcanjo.net\/site\/#organization","name":"Par\u00f3quia S\u00e3o Miguel Arcanjo","url":"https:\/\/www.oarcanjo.net\/site\/","logo":{"@type":"ImageObject","inLanguage":"pt-BR","@id":"https:\/\/www.oarcanjo.net\/site\/#\/schema\/logo\/image\/","url":"https:\/\/www.oarcanjo.net\/site\/wp-content\/uploads\/LogoOArcanjo.png","contentUrl":"https:\/\/www.oarcanjo.net\/site\/wp-content\/uploads\/LogoOArcanjo.png","width":319,"height":99,"caption":"Par\u00f3quia S\u00e3o Miguel Arcanjo"},"image":{"@id":"https:\/\/www.oarcanjo.net\/site\/#\/schema\/logo\/image\/"},"sameAs":["https:\/\/www.facebook.com\/OArcanjoNoAr\/"]},{"@type":"Person","@id":"https:\/\/www.oarcanjo.net\/site\/#\/schema\/person\/f7024d007863202483a31326673a0838","name":"editor","sameAs":["http:\/\/www.oarcanjo.net"]}]}},"publishpress_future_action":{"enabled":false,"date":"2026-05-08 18:11:19","action":"category","newStatus":"draft","terms":[],"taxonomy":"category"},"publishpress_future_workflow_manual_trigger":{"enabledWorkflows":[]},"_links":{"self":[{"href":"https:\/\/www.oarcanjo.net\/site\/wp-json\/wp\/v2\/posts\/1634"}],"collection":[{"href":"https:\/\/www.oarcanjo.net\/site\/wp-json\/wp\/v2\/posts"}],"about":[{"href":"https:\/\/www.oarcanjo.net\/site\/wp-json\/wp\/v2\/types\/post"}],"author":[{"embeddable":true,"href":"https:\/\/www.oarcanjo.net\/site\/wp-json\/wp\/v2\/users\/5"}],"replies":[{"embeddable":true,"href":"https:\/\/www.oarcanjo.net\/site\/wp-json\/wp\/v2\/comments?post=1634"}],"version-history":[{"count":0,"href":"https:\/\/www.oarcanjo.net\/site\/wp-json\/wp\/v2\/posts\/1634\/revisions"}],"wp:attachment":[{"href":"https:\/\/www.oarcanjo.net\/site\/wp-json\/wp\/v2\/media?parent=1634"}],"wp:term":[{"taxonomy":"category","embeddable":true,"href":"https:\/\/www.oarcanjo.net\/site\/wp-json\/wp\/v2\/categories?post=1634"},{"taxonomy":"post_tag","embeddable":true,"href":"https:\/\/www.oarcanjo.net\/site\/wp-json\/wp\/v2\/tags?post=1634"}],"curies":[{"name":"wp","href":"https:\/\/api.w.org\/{rel}","templated":true}]}}