
{"id":16369,"date":"2011-11-12T13:21:16","date_gmt":"2011-11-12T15:21:16","guid":{"rendered":"http:\/\/www.oarcanjo.net\/site\/?p=16369"},"modified":"2011-11-13T16:39:06","modified_gmt":"2011-11-13T18:39:06","slug":"pastoral-do-povo-da-rua-pede-providencias-contra-agressoes-a-moradores-de-rua","status":"publish","type":"post","link":"https:\/\/www.oarcanjo.net\/site\/pastoral-do-povo-da-rua-pede-providencias-contra-agressoes-a-moradores-de-rua\/","title":{"rendered":"Pastoral do Povo da Rua pede provid\u00eancias contra agress\u00f5es a moradores de rua"},"content":{"rendered":"<p>Fernando Geronazzo<\/p>\n<p>A Pastoral do Povo da Rua da Arquidiocese de S\u00e3o Paulo e o Movimento Nacional da Popula\u00e7\u00e3o de Rua participaram de uma sess\u00e3o da Comiss\u00e3o de Direitos Humanos da C\u00e2mara Municipal de S\u00e3o Paulo, nesta quinta-feira (10), para reivindicar provid\u00eancias contra atos de viol\u00eancia da Guarda Civil Metropolitana (GCM) contra moradores rua da cidade.<\/p>\n<p>A den\u00fancia foi veiculada pelo telejornal \u201cSBT Brasil\u201d na ter\u00e7a-feira, 8 (veja abaixo). As imagens mostram os guardas municipais jogando g\u00e1s de pimenta no rosto de um morador de rua que dormia na cal\u00e7ada. Depois da agress\u00e3o, o guarda passa o spray para uma outra agente, que esconde o cilindro na farda. Em seguida, eles chutam o papel\u00e3o em que o homem dormia e v\u00e3o embora sem prestar ajuda ao morador de rua. Em outra a\u00e7\u00e3o, pessoas que dormiam no coreto da pra\u00e7a da Rep\u00fablica s\u00e3o retiradas do local pelos GCMs com golpes de cassetetes.<\/p>\n<p><object id=\"player_12259765\" classid=\"clsid:D27CDB6E-AE6D-11cf-96B8-444553540000\" width=\"457\" height=\"368\"><param name=\"allowfullscreen\" value=\"true\" \/><param name=\"movie\" value=\"http:\/\/storage.mais.uol.com.br\/embed.swf?mediaId=12259765&amp;ver=4\" \/><param name=\"allowscriptaccess\" value=\"always\" \/><param name=\"wmode\" value=\"window\" \/><embed id=\"player_12259765\" type=\"application\/x-shockwave-flash\" width=\"457\" height=\"368\" src=\"http:\/\/storage.mais.uol.com.br\/embed.swf?mediaId=12259765&amp;ver=4\" wmode=\"window\" allowfullscreen=\"true\" allowscriptaccess=\"always\"><\/embed><noscript><a href=\"http:\/\/mais.uol.com.br\/view\/12259765\">Homens da Guarda Civil agridem moradores de rua em S\u00e3o Paulo<\/a><\/noscript><\/object><\/p>\n<p>A segunda reportagem (veja abaixo), exibida no dia seguinte (9), mostra um v\u00eddeo no qual um homem \u00e9 cercado por sete membros da GCM, leva golpes, \u00e9 algemado e depois \u00e9 levado. O Minist\u00e9rio P\u00fablico de S\u00e3o Paulo tamb\u00e9m ir\u00e1 investigar os envolvidos na a\u00e7\u00e3o.<\/p>\n<p><object id=\"player_12262611\" width=\"457\" height=\"368\"><param name=\"allowfullscreen\" value=\"true\" \/><param name=\"movie\" value=\"http:\/\/storage.mais.uol.com.br\/embed_v2.swf?mediaId=12262611\" \/><param name=\"allowscriptaccess\" value=\"always\" \/><param name=\"wmode\" value=\"window\" \/><embed id=\"player_12262611\" type=\"application\/x-shockwave-flash\" width=\"457\" height=\"368\" src=\"http:\/\/storage.mais.uol.com.br\/embed_v2.swf?mediaId=12262611\" allowscriptaccess=\"always\" allowfullscreen=\"true\" wmode=\"window\"><\/embed><noscript><a href=\"http:\/\/mais.uol.com.br\/view\/12262611\">Guardas agridem moradores de rua tamb\u00e9m \u00e0 noite em SP<\/a><\/noscript><\/object><\/p>\n<p>Padre Julio Lancellotti, vig\u00e1rio episcopal para a Pastoral do Povo da Rua, em nome das entidades presentes na sess\u00e3o, pediu aos vereadores a demiss\u00e3o do secret\u00e1rio de seguran\u00e7a urbana de S\u00e3o Paulo, Edson Ortega e o afastamento do comandante da GCM, Joel Malta de S\u00e1.<\/p>\n<p>Para Lancellotti, a pr\u00e1tica da GCM mostra que h\u00e1 uma \u201cpol\u00edtica de viol\u00eancia\u201d contra moradores de rua da capital. \u201cA pr\u00e1tica da Guarda Civil Metropolitana \u00e9 sistem\u00e1tica, cont\u00ednua e permanente. Essa viol\u00eancia que n\u00f3s assistimos n\u00e3o \u00e9 epis\u00f3dica. Ela acontece todos os dias, ao anoitecer, na madrugada\u201d, afirmou.<\/p>\n<p>Padre Julio tamb\u00e9m explicou que reiteradas vezes tem manifestado essa preocupa\u00e7\u00e3o da Pastoral do Povo da Rua \u00e0 Comiss\u00e3o de Direitos Humanos da C\u00e2mara Municipal e tamb\u00e9m ao secret\u00e1rio de seguran\u00e7a urbana, bem como aos comandantes da GCM. \u201cA \u00fanica conclus\u00e3o que uma pessoa de bom senso pode ter \u00e9 que esta \u00e9 uma diretriz\u201d.<\/p>\n<p>Anderson Lopes, coordenador do Movimento Nacional da Popula\u00e7\u00e3o de Rua, enfatizou que \u201cmorador de rua n\u00e3o \u00e9 caso de pol\u00edcia, mas sim de pol\u00edticas p\u00fablicas\u201d e por isso, &#8220;o primeiro atendimento n\u00e3o pode ser da pol\u00edcia\u201d.  Tamb\u00e9m de acordo com ele, atitudes ostensivas como as da GCM desencadeiam medo e viol\u00eancia. Anderson explicou, ainda, que o Movimento Nacional da Popula\u00e7\u00e3o de Rua luta para que haja capacita\u00e7\u00f5es dos guardas para uma abordagem humana das pessoas em situa\u00e7\u00e3o de rua. \u201cEstamos discutindo com o Minist\u00e9rio da Justi\u00e7a, or\u00e7amentos para capacitar guardas municipais e policiais militares\u201d.<\/p>\n<p>O presidente da Comiss\u00e3o de Direitos Humanos, vereador Jamil Murad (PCdoB) afirmou que ir\u00e1 encaminhar a solicita\u00e7\u00e3o para o plen\u00e1rio e assumiu o compromisso de cobrar medidas urgentes para solucionar esse caso. Ficou marcada uma sess\u00e3o extraordin\u00e1ria da comiss\u00e3o para a pr\u00f3xima quarta-feira (16), \u00e0s 10h.<\/p>\n<p>O vereador Juscelino Gadelha (PSD) sugeriu que as imagens veiculadas pelo \u201cSBT\u201d sejam exibidas para os demais vereadores no plen\u00e1rio. Gadelha ainda se manifestou favor\u00e1vel \u00e0 reivindica\u00e7\u00e3o feita pelas entidades. \u201c\u00c9 inaceit\u00e1vel uma agress\u00e3o como essa\u201d, afirmou.<\/p>\n<p>As entidades sociais refor\u00e7aram que essa pr\u00e1tica da for\u00e7a p\u00fablica \u00e9 inaceit\u00e1vel e contra a pr\u00f3pria lei org\u00e2nica do munic\u00edpio. \u201cO esp\u00edrito da nossa cidade n\u00e3o \u00e9 esse e a nossa posi\u00e7\u00e3o \u00e9 que haja uma mudan\u00e7a radical dessa situa\u00e7\u00e3o\u201d, ressaltou padre Julio, que solicitou aos vereadores uma audi\u00eancia tamb\u00e9m com o prefeito Gilberto Kassab para apresentarem sua reivindica\u00e7\u00e3o.<\/p>\n<p><strong>Outro lado: \u2018Desvio de conduta pontual\u2019<\/strong><\/p>\n<p>Em nota, a Administra\u00e7\u00e3o P\u00fablica Municipal e a Secretaria Municipal de Seguran\u00e7a Urbana (SMSU) afirmam que essa ocorr\u00eancia \u00e9 um \u201cdesvio de conduta pontual\u201d. \u201cAs normas e o procedimento operacional padr\u00e3o n\u00e3o permitem esse tipo de comportamento\u201d, diz a nota, que ainda informa que os envolvidos j\u00e1 foram identificados e afastados de suas fun\u00e7\u00f5es pelo Comando da GCM.<\/p>\n<p>\u201cA Corregedoria Geral j\u00e1 requisitou as imagens e abriu processo que poder\u00e1 levar a demiss\u00e3o dos servidores envolvidos. Os treinamentos da GCM s\u00e3o realizados com base no respeito ao cidad\u00e3o e aos direitos humanos\u201d, acrescenta a nota.<\/p>\n<p>Ainda de acordo com a secretaria, qualquer den\u00fancia deve ser encaminhada \u00e0 Corregedoria Geral da Guarda Civil Metropolitana &#8211; pelos telefones: 3149-3804 e \u00e0 Ouvidoria GCM atrav\u00e9s do telefone: 0800 \u2013 7700263, \u00f3rg\u00e3os independentes respons\u00e1veis por investigar irregularidades da corpora\u00e7\u00e3o.<\/p>\n<div id=\"themify_builder_content-16369\" data-postid=\"16369\" class=\"themify_builder_content themify_builder_content-16369 themify_builder themify_builder_front\">\n\t<\/div>\n<!-- \/themify_builder_content -->","protected":false},"excerpt":{"rendered":"<p>Fernando Geronazzo A Pastoral do Povo da Rua da Arquidiocese de S\u00e3o Paulo e o Movimento Nacional da Popula\u00e7\u00e3o de Rua participaram de uma sess\u00e3o da Comiss\u00e3o de Direitos Humanos da C\u00e2mara Municipal de S\u00e3o Paulo, nesta quinta-feira (10), para reivindicar provid\u00eancias contra atos de viol\u00eancia da Guarda Civil Metropolitana (GCM) contra moradores rua da [&hellip;]<\/p>\n","protected":false},"author":5,"featured_media":0,"comment_status":"open","ping_status":"open","sticky":false,"template":"","format":"standard","meta":{"ngg_post_thumbnail":0,"footnotes":""},"categories":[8,280],"tags":[239,466,1773,168,91,2125,20],"yoast_head":"<!-- This site is optimized with the Yoast SEO plugin v23.5 - https:\/\/yoast.com\/wordpress\/plugins\/seo\/ -->\n<title>Pastoral do Povo da Rua pede provid\u00eancias contra agress\u00f5es a moradores de rua - O Arcanjo no ar<\/title>\n<meta name=\"robots\" content=\"index, follow, max-snippet:-1, max-image-preview:large, max-video-preview:-1\" \/>\n<link rel=\"canonical\" href=\"https:\/\/www.oarcanjo.net\/site\/pastoral-do-povo-da-rua-pede-providencias-contra-agressoes-a-moradores-de-rua\/\" \/>\n<meta property=\"og:locale\" content=\"pt_BR\" \/>\n<meta property=\"og:type\" content=\"article\" \/>\n<meta property=\"og:title\" content=\"Pastoral do Povo da Rua pede provid\u00eancias contra agress\u00f5es a moradores de rua - O Arcanjo no ar\" \/>\n<meta property=\"og:description\" content=\"Fernando Geronazzo A Pastoral do Povo da Rua da Arquidiocese de S\u00e3o Paulo e o Movimento Nacional da Popula\u00e7\u00e3o de Rua participaram de uma sess\u00e3o da Comiss\u00e3o de Direitos Humanos da C\u00e2mara Municipal de S\u00e3o Paulo, nesta quinta-feira (10), para reivindicar provid\u00eancias contra atos de viol\u00eancia da Guarda Civil Metropolitana (GCM) contra moradores rua da [&hellip;]\" \/>\n<meta property=\"og:url\" content=\"https:\/\/www.oarcanjo.net\/site\/pastoral-do-povo-da-rua-pede-providencias-contra-agressoes-a-moradores-de-rua\/\" \/>\n<meta property=\"og:site_name\" content=\"O Arcanjo no ar\" \/>\n<meta property=\"article:publisher\" content=\"https:\/\/www.facebook.com\/OArcanjoNoAr\/\" \/>\n<meta property=\"article:published_time\" content=\"2011-11-12T15:21:16+00:00\" \/>\n<meta property=\"article:modified_time\" content=\"2011-11-13T18:39:06+00:00\" \/>\n<meta property=\"og:image\" content=\"https:\/\/www.oarcanjo.net\/site\/wp-content\/uploads\/logo-o-arcanjo-no-ar-facebook.png\" \/>\n\t<meta property=\"og:image:width\" content=\"300\" \/>\n\t<meta property=\"og:image:height\" content=\"300\" \/>\n\t<meta property=\"og:image:type\" content=\"image\/png\" \/>\n<meta name=\"author\" content=\"editor\" \/>\n<meta name=\"twitter:card\" content=\"summary_large_image\" \/>\n<meta name=\"twitter:label1\" content=\"Escrito por\" \/>\n\t<meta name=\"twitter:data1\" content=\"editor\" \/>\n\t<meta name=\"twitter:label2\" content=\"Est. tempo de leitura\" \/>\n\t<meta name=\"twitter:data2\" content=\"4 minutos\" \/>\n<script type=\"application\/ld+json\" class=\"yoast-schema-graph\">{\"@context\":\"https:\/\/schema.org\",\"@graph\":[{\"@type\":\"Article\",\"@id\":\"https:\/\/www.oarcanjo.net\/site\/pastoral-do-povo-da-rua-pede-providencias-contra-agressoes-a-moradores-de-rua\/#article\",\"isPartOf\":{\"@id\":\"https:\/\/www.oarcanjo.net\/site\/pastoral-do-povo-da-rua-pede-providencias-contra-agressoes-a-moradores-de-rua\/\"},\"author\":{\"name\":\"editor\",\"@id\":\"https:\/\/www.oarcanjo.net\/site\/#\/schema\/person\/f7024d007863202483a31326673a0838\"},\"headline\":\"Pastoral do Povo da Rua pede provid\u00eancias contra agress\u00f5es a moradores de rua\",\"datePublished\":\"2011-11-12T15:21:16+00:00\",\"dateModified\":\"2011-11-13T18:39:06+00:00\",\"mainEntityOfPage\":{\"@id\":\"https:\/\/www.oarcanjo.net\/site\/pastoral-do-povo-da-rua-pede-providencias-contra-agressoes-a-moradores-de-rua\/\"},\"wordCount\":841,\"commentCount\":0,\"publisher\":{\"@id\":\"https:\/\/www.oarcanjo.net\/site\/#organization\"},\"keywords\":[\"Arquidiocese de S\u00e3o Paulo\",\"exclus\u00e3o\",\"Igreja de S\u00e3o Paulo\",\"pol\u00edticas p\u00fablicas\",\"povo da rua\",\"Vicariato Episcopal para a Pastoral do Povo da Rua\",\"viol\u00eancia\"],\"articleSection\":[\"Not\u00edcias\",\"V\u00eddeos\"],\"inLanguage\":\"pt-BR\",\"potentialAction\":[{\"@type\":\"CommentAction\",\"name\":\"Comment\",\"target\":[\"https:\/\/www.oarcanjo.net\/site\/pastoral-do-povo-da-rua-pede-providencias-contra-agressoes-a-moradores-de-rua\/#respond\"]}]},{\"@type\":\"WebPage\",\"@id\":\"https:\/\/www.oarcanjo.net\/site\/pastoral-do-povo-da-rua-pede-providencias-contra-agressoes-a-moradores-de-rua\/\",\"url\":\"https:\/\/www.oarcanjo.net\/site\/pastoral-do-povo-da-rua-pede-providencias-contra-agressoes-a-moradores-de-rua\/\",\"name\":\"Pastoral do Povo da Rua pede provid\u00eancias contra agress\u00f5es a moradores de rua - O Arcanjo no ar\",\"isPartOf\":{\"@id\":\"https:\/\/www.oarcanjo.net\/site\/#website\"},\"datePublished\":\"2011-11-12T15:21:16+00:00\",\"dateModified\":\"2011-11-13T18:39:06+00:00\",\"breadcrumb\":{\"@id\":\"https:\/\/www.oarcanjo.net\/site\/pastoral-do-povo-da-rua-pede-providencias-contra-agressoes-a-moradores-de-rua\/#breadcrumb\"},\"inLanguage\":\"pt-BR\",\"potentialAction\":[{\"@type\":\"ReadAction\",\"target\":[\"https:\/\/www.oarcanjo.net\/site\/pastoral-do-povo-da-rua-pede-providencias-contra-agressoes-a-moradores-de-rua\/\"]}]},{\"@type\":\"BreadcrumbList\",\"@id\":\"https:\/\/www.oarcanjo.net\/site\/pastoral-do-povo-da-rua-pede-providencias-contra-agressoes-a-moradores-de-rua\/#breadcrumb\",\"itemListElement\":[{\"@type\":\"ListItem\",\"position\":1,\"name\":\"In\u00edcio\",\"item\":\"https:\/\/www.oarcanjo.net\/site\/\"},{\"@type\":\"ListItem\",\"position\":2,\"name\":\"Pastoral do Povo da Rua pede provid\u00eancias contra agress\u00f5es a moradores de rua\"}]},{\"@type\":\"WebSite\",\"@id\":\"https:\/\/www.oarcanjo.net\/site\/#website\",\"url\":\"https:\/\/www.oarcanjo.net\/site\/\",\"name\":\"O Arcanjo no ar\",\"description\":\"Site da Par\u00f3quia S\u00e3o Miguel Arcanjo (Arquidiocese de SP)\",\"publisher\":{\"@id\":\"https:\/\/www.oarcanjo.net\/site\/#organization\"},\"potentialAction\":[{\"@type\":\"SearchAction\",\"target\":{\"@type\":\"EntryPoint\",\"urlTemplate\":\"https:\/\/www.oarcanjo.net\/site\/?s={search_term_string}\"},\"query-input\":{\"@type\":\"PropertyValueSpecification\",\"valueRequired\":true,\"valueName\":\"search_term_string\"}}],\"inLanguage\":\"pt-BR\"},{\"@type\":\"Organization\",\"@id\":\"https:\/\/www.oarcanjo.net\/site\/#organization\",\"name\":\"Par\u00f3quia S\u00e3o Miguel Arcanjo\",\"url\":\"https:\/\/www.oarcanjo.net\/site\/\",\"logo\":{\"@type\":\"ImageObject\",\"inLanguage\":\"pt-BR\",\"@id\":\"https:\/\/www.oarcanjo.net\/site\/#\/schema\/logo\/image\/\",\"url\":\"https:\/\/www.oarcanjo.net\/site\/wp-content\/uploads\/LogoOArcanjo.png\",\"contentUrl\":\"https:\/\/www.oarcanjo.net\/site\/wp-content\/uploads\/LogoOArcanjo.png\",\"width\":319,\"height\":99,\"caption\":\"Par\u00f3quia S\u00e3o Miguel Arcanjo\"},\"image\":{\"@id\":\"https:\/\/www.oarcanjo.net\/site\/#\/schema\/logo\/image\/\"},\"sameAs\":[\"https:\/\/www.facebook.com\/OArcanjoNoAr\/\"]},{\"@type\":\"Person\",\"@id\":\"https:\/\/www.oarcanjo.net\/site\/#\/schema\/person\/f7024d007863202483a31326673a0838\",\"name\":\"editor\",\"sameAs\":[\"http:\/\/www.oarcanjo.net\"]}]}<\/script>\n<!-- \/ Yoast SEO plugin. -->","yoast_head_json":{"title":"Pastoral do Povo da Rua pede provid\u00eancias contra agress\u00f5es a moradores de rua - O Arcanjo no ar","robots":{"index":"index","follow":"follow","max-snippet":"max-snippet:-1","max-image-preview":"max-image-preview:large","max-video-preview":"max-video-preview:-1"},"canonical":"https:\/\/www.oarcanjo.net\/site\/pastoral-do-povo-da-rua-pede-providencias-contra-agressoes-a-moradores-de-rua\/","og_locale":"pt_BR","og_type":"article","og_title":"Pastoral do Povo da Rua pede provid\u00eancias contra agress\u00f5es a moradores de rua - O Arcanjo no ar","og_description":"Fernando Geronazzo A Pastoral do Povo da Rua da Arquidiocese de S\u00e3o Paulo e o Movimento Nacional da Popula\u00e7\u00e3o de Rua participaram de uma sess\u00e3o da Comiss\u00e3o de Direitos Humanos da C\u00e2mara Municipal de S\u00e3o Paulo, nesta quinta-feira (10), para reivindicar provid\u00eancias contra atos de viol\u00eancia da Guarda Civil Metropolitana (GCM) contra moradores rua da [&hellip;]","og_url":"https:\/\/www.oarcanjo.net\/site\/pastoral-do-povo-da-rua-pede-providencias-contra-agressoes-a-moradores-de-rua\/","og_site_name":"O Arcanjo no ar","article_publisher":"https:\/\/www.facebook.com\/OArcanjoNoAr\/","article_published_time":"2011-11-12T15:21:16+00:00","article_modified_time":"2011-11-13T18:39:06+00:00","og_image":[{"width":300,"height":300,"url":"https:\/\/www.oarcanjo.net\/site\/wp-content\/uploads\/logo-o-arcanjo-no-ar-facebook.png","type":"image\/png"}],"author":"editor","twitter_card":"summary_large_image","twitter_misc":{"Escrito por":"editor","Est. tempo de leitura":"4 minutos"},"schema":{"@context":"https:\/\/schema.org","@graph":[{"@type":"Article","@id":"https:\/\/www.oarcanjo.net\/site\/pastoral-do-povo-da-rua-pede-providencias-contra-agressoes-a-moradores-de-rua\/#article","isPartOf":{"@id":"https:\/\/www.oarcanjo.net\/site\/pastoral-do-povo-da-rua-pede-providencias-contra-agressoes-a-moradores-de-rua\/"},"author":{"name":"editor","@id":"https:\/\/www.oarcanjo.net\/site\/#\/schema\/person\/f7024d007863202483a31326673a0838"},"headline":"Pastoral do Povo da Rua pede provid\u00eancias contra agress\u00f5es a moradores de rua","datePublished":"2011-11-12T15:21:16+00:00","dateModified":"2011-11-13T18:39:06+00:00","mainEntityOfPage":{"@id":"https:\/\/www.oarcanjo.net\/site\/pastoral-do-povo-da-rua-pede-providencias-contra-agressoes-a-moradores-de-rua\/"},"wordCount":841,"commentCount":0,"publisher":{"@id":"https:\/\/www.oarcanjo.net\/site\/#organization"},"keywords":["Arquidiocese de S\u00e3o Paulo","exclus\u00e3o","Igreja de S\u00e3o Paulo","pol\u00edticas p\u00fablicas","povo da rua","Vicariato Episcopal para a Pastoral do Povo da Rua","viol\u00eancia"],"articleSection":["Not\u00edcias","V\u00eddeos"],"inLanguage":"pt-BR","potentialAction":[{"@type":"CommentAction","name":"Comment","target":["https:\/\/www.oarcanjo.net\/site\/pastoral-do-povo-da-rua-pede-providencias-contra-agressoes-a-moradores-de-rua\/#respond"]}]},{"@type":"WebPage","@id":"https:\/\/www.oarcanjo.net\/site\/pastoral-do-povo-da-rua-pede-providencias-contra-agressoes-a-moradores-de-rua\/","url":"https:\/\/www.oarcanjo.net\/site\/pastoral-do-povo-da-rua-pede-providencias-contra-agressoes-a-moradores-de-rua\/","name":"Pastoral do Povo da Rua pede provid\u00eancias contra agress\u00f5es a moradores de rua - O Arcanjo no ar","isPartOf":{"@id":"https:\/\/www.oarcanjo.net\/site\/#website"},"datePublished":"2011-11-12T15:21:16+00:00","dateModified":"2011-11-13T18:39:06+00:00","breadcrumb":{"@id":"https:\/\/www.oarcanjo.net\/site\/pastoral-do-povo-da-rua-pede-providencias-contra-agressoes-a-moradores-de-rua\/#breadcrumb"},"inLanguage":"pt-BR","potentialAction":[{"@type":"ReadAction","target":["https:\/\/www.oarcanjo.net\/site\/pastoral-do-povo-da-rua-pede-providencias-contra-agressoes-a-moradores-de-rua\/"]}]},{"@type":"BreadcrumbList","@id":"https:\/\/www.oarcanjo.net\/site\/pastoral-do-povo-da-rua-pede-providencias-contra-agressoes-a-moradores-de-rua\/#breadcrumb","itemListElement":[{"@type":"ListItem","position":1,"name":"In\u00edcio","item":"https:\/\/www.oarcanjo.net\/site\/"},{"@type":"ListItem","position":2,"name":"Pastoral do Povo da Rua pede provid\u00eancias contra agress\u00f5es a moradores de rua"}]},{"@type":"WebSite","@id":"https:\/\/www.oarcanjo.net\/site\/#website","url":"https:\/\/www.oarcanjo.net\/site\/","name":"O Arcanjo no ar","description":"Site da Par\u00f3quia S\u00e3o Miguel Arcanjo (Arquidiocese de SP)","publisher":{"@id":"https:\/\/www.oarcanjo.net\/site\/#organization"},"potentialAction":[{"@type":"SearchAction","target":{"@type":"EntryPoint","urlTemplate":"https:\/\/www.oarcanjo.net\/site\/?s={search_term_string}"},"query-input":{"@type":"PropertyValueSpecification","valueRequired":true,"valueName":"search_term_string"}}],"inLanguage":"pt-BR"},{"@type":"Organization","@id":"https:\/\/www.oarcanjo.net\/site\/#organization","name":"Par\u00f3quia S\u00e3o Miguel Arcanjo","url":"https:\/\/www.oarcanjo.net\/site\/","logo":{"@type":"ImageObject","inLanguage":"pt-BR","@id":"https:\/\/www.oarcanjo.net\/site\/#\/schema\/logo\/image\/","url":"https:\/\/www.oarcanjo.net\/site\/wp-content\/uploads\/LogoOArcanjo.png","contentUrl":"https:\/\/www.oarcanjo.net\/site\/wp-content\/uploads\/LogoOArcanjo.png","width":319,"height":99,"caption":"Par\u00f3quia S\u00e3o Miguel Arcanjo"},"image":{"@id":"https:\/\/www.oarcanjo.net\/site\/#\/schema\/logo\/image\/"},"sameAs":["https:\/\/www.facebook.com\/OArcanjoNoAr\/"]},{"@type":"Person","@id":"https:\/\/www.oarcanjo.net\/site\/#\/schema\/person\/f7024d007863202483a31326673a0838","name":"editor","sameAs":["http:\/\/www.oarcanjo.net"]}]}},"publishpress_future_action":{"enabled":false,"date":"2026-05-09 10:35:28","action":"category","newStatus":"draft","terms":[],"taxonomy":"category"},"publishpress_future_workflow_manual_trigger":{"enabledWorkflows":[]},"_links":{"self":[{"href":"https:\/\/www.oarcanjo.net\/site\/wp-json\/wp\/v2\/posts\/16369"}],"collection":[{"href":"https:\/\/www.oarcanjo.net\/site\/wp-json\/wp\/v2\/posts"}],"about":[{"href":"https:\/\/www.oarcanjo.net\/site\/wp-json\/wp\/v2\/types\/post"}],"author":[{"embeddable":true,"href":"https:\/\/www.oarcanjo.net\/site\/wp-json\/wp\/v2\/users\/5"}],"replies":[{"embeddable":true,"href":"https:\/\/www.oarcanjo.net\/site\/wp-json\/wp\/v2\/comments?post=16369"}],"version-history":[{"count":0,"href":"https:\/\/www.oarcanjo.net\/site\/wp-json\/wp\/v2\/posts\/16369\/revisions"}],"wp:attachment":[{"href":"https:\/\/www.oarcanjo.net\/site\/wp-json\/wp\/v2\/media?parent=16369"}],"wp:term":[{"taxonomy":"category","embeddable":true,"href":"https:\/\/www.oarcanjo.net\/site\/wp-json\/wp\/v2\/categories?post=16369"},{"taxonomy":"post_tag","embeddable":true,"href":"https:\/\/www.oarcanjo.net\/site\/wp-json\/wp\/v2\/tags?post=16369"}],"curies":[{"name":"wp","href":"https:\/\/api.w.org\/{rel}","templated":true}]}}