
{"id":16375,"date":"2011-11-12T10:35:07","date_gmt":"2011-11-12T12:35:07","guid":{"rendered":"http:\/\/www.oarcanjo.net\/site\/?p=16375"},"modified":"2011-11-13T11:12:16","modified_gmt":"2011-11-13T13:12:16","slug":"pastoral-do-menor-faz-campanha-natal-dos-sonhos","status":"publish","type":"post","link":"https:\/\/www.oarcanjo.net\/site\/pastoral-do-menor-faz-campanha-natal-dos-sonhos\/","title":{"rendered":"Pastoral do Menor faz campanha Natal dos Sonhos"},"content":{"rendered":"<p>A Pastoral do Menor da Arquidiocese de S\u00e3o Paulo est\u00e1 realizando a 10\u00aa edi\u00e7\u00e3o da Campanha <strong>Natal dos Sonhos<\/strong>, que todos os anos arrecada brinquedos para as crian\u00e7as carentes atendidas por entidades sociais.<\/p>\n<p>Como tema \u201c<em>A solidariedade transforma o mundo! Doe um brinquedo<\/em>\u201d, a campanha tem o  objetivo de educar para a solidariedade e \u201cresgatar  a inf\u00e2ncia perdida das crian\u00e7as e adolescentes da cidade de S\u00e3o Paulo, atrav\u00e9s do l\u00fadico, do pedag\u00f3gico e da defesa do Direito de Brincar, previsto no Estatuto da Crian\u00e7a e do Adolescente (ECA), como explica Sueli Camargo, coordenadora arquidiocesana da Pastoral do Menor.<\/p>\n<p>No dia 26 de novembro, das 9h \u00e0s 13h, ser\u00e1 realizado um evento no Teatro Grande Otelo, no Liceu Sagrado Cora\u00e7\u00e3o de Jesus (alameda Dino Bueno, 285\/353 \u2013 Campos El\u00edseos). Esse \u201cDia da grande arrecada\u00e7\u00e3o\u201d contar\u00e1 com apresenta\u00e7\u00f5es art\u00edsticas, bandas e cantores, como o padre Juarez de Castro.<\/p>\n<p>Em <a title=\"Carta convite\" href=\"http:\/\/www.oarcanjo.net\/site\/wp-content\/uploads\/Carta-Convite-as-Pastorais-e-Entidades.pdf\" target=\"_blank\">carta<\/a> enviada a v\u00e1rios organismos da Arquidiocese, <a title=\"Carta convite\" href=\"http:\/\/www.oarcanjo.net\/site\/wp-content\/uploads\/Carta-Convite-as-Pastorais-e-Entidades.pdf\" target=\"_blank\">dom Milton Kenan Junior<\/a>, bispo auxiliar de S\u00e3o Paulo e referencial para a as Pastorais Sociais, refor\u00e7ou que todas as par\u00f3quias, escolas cat\u00f3licas s\u00e3o chamadas a participar da campanha como postos arrecadadores de brinquedos, podendo direcion\u00e1-los para suas obras pr\u00f3prias obras sociais ou encaminh\u00e1-los \u00e0 Pastoral do Menor.<\/p>\n<p>Informa\u00e7\u00f5es pelo telefone (11) <strong>3105-0722<br \/>\n<\/strong>ou pelo e-mail <a href=\"mailto: pastoraldomenor@gmail.com\">pastoraldomenor@gmail.com<\/a><\/p>\n<hr \/>\n<p>Assista abaixo ao v\u00eddeo da apresenta\u00e7\u00e3o da cantora Faf\u00e1 de Bel\u00e9m na campanha <strong>Natal dos Sonhos<\/strong> 2010:<\/p>\n<p><iframe loading=\"lazy\" frameborder=\"0\" height=\"315\" src=\"http:\/\/www.youtube.com\/embed\/EDuYPgTFb7c?rel=0\" width=\"560\"><\/iframe><\/p>\n<div id=\"themify_builder_content-16375\" data-postid=\"16375\" class=\"themify_builder_content themify_builder_content-16375 themify_builder themify_builder_front\">\n\t<\/div>\n<!-- \/themify_builder_content -->","protected":false},"excerpt":{"rendered":"<p>A Pastoral do Menor da Arquidiocese de S\u00e3o Paulo est\u00e1 realizando a 10\u00aa edi\u00e7\u00e3o da Campanha Natal dos Sonhos, que todos os anos arrecada brinquedos para as crian\u00e7as carentes atendidas por entidades sociais. Como tema \u201cA solidariedade transforma o mundo! Doe um brinquedo\u201d, a campanha tem o objetivo de educar para a solidariedade e \u201cresgatar [&hellip;]<\/p>\n","protected":false},"author":5,"featured_media":0,"comment_status":"open","ping_status":"open","sticky":false,"template":"","format":"standard","meta":{"ngg_post_thumbnail":0,"footnotes":""},"categories":[3,8,280],"tags":[60,262,88],"yoast_head":"<!-- This site is optimized with the Yoast SEO plugin v23.5 - https:\/\/yoast.com\/wordpress\/plugins\/seo\/ -->\n<title>Pastoral do Menor faz campanha Natal dos Sonhos - O Arcanjo no ar<\/title>\n<meta name=\"robots\" content=\"index, follow, max-snippet:-1, max-image-preview:large, max-video-preview:-1\" \/>\n<link rel=\"canonical\" href=\"https:\/\/www.oarcanjo.net\/site\/pastoral-do-menor-faz-campanha-natal-dos-sonhos\/\" \/>\n<meta property=\"og:locale\" content=\"pt_BR\" \/>\n<meta property=\"og:type\" content=\"article\" \/>\n<meta property=\"og:title\" content=\"Pastoral do Menor faz campanha Natal dos Sonhos - O Arcanjo no ar\" \/>\n<meta property=\"og:description\" content=\"A Pastoral do Menor da Arquidiocese de S\u00e3o Paulo est\u00e1 realizando a 10\u00aa edi\u00e7\u00e3o da Campanha Natal dos Sonhos, que todos os anos arrecada brinquedos para as crian\u00e7as carentes atendidas por entidades sociais. Como tema \u201cA solidariedade transforma o mundo! Doe um brinquedo\u201d, a campanha tem o objetivo de educar para a solidariedade e \u201cresgatar [&hellip;]\" \/>\n<meta property=\"og:url\" content=\"https:\/\/www.oarcanjo.net\/site\/pastoral-do-menor-faz-campanha-natal-dos-sonhos\/\" \/>\n<meta property=\"og:site_name\" content=\"O Arcanjo no ar\" \/>\n<meta property=\"article:publisher\" content=\"https:\/\/www.facebook.com\/OArcanjoNoAr\/\" \/>\n<meta property=\"article:published_time\" content=\"2011-11-12T12:35:07+00:00\" \/>\n<meta property=\"article:modified_time\" content=\"2011-11-13T13:12:16+00:00\" \/>\n<meta property=\"og:image\" content=\"https:\/\/www.oarcanjo.net\/site\/wp-content\/uploads\/logo-o-arcanjo-no-ar-facebook.png\" \/>\n\t<meta property=\"og:image:width\" content=\"300\" \/>\n\t<meta property=\"og:image:height\" content=\"300\" \/>\n\t<meta property=\"og:image:type\" content=\"image\/png\" \/>\n<meta name=\"author\" content=\"editor\" \/>\n<meta name=\"twitter:card\" content=\"summary_large_image\" \/>\n<meta name=\"twitter:label1\" content=\"Escrito por\" \/>\n\t<meta name=\"twitter:data1\" content=\"editor\" \/>\n\t<meta name=\"twitter:label2\" content=\"Est. tempo de leitura\" \/>\n\t<meta name=\"twitter:data2\" content=\"1 minuto\" \/>\n<script type=\"application\/ld+json\" class=\"yoast-schema-graph\">{\"@context\":\"https:\/\/schema.org\",\"@graph\":[{\"@type\":\"Article\",\"@id\":\"https:\/\/www.oarcanjo.net\/site\/pastoral-do-menor-faz-campanha-natal-dos-sonhos\/#article\",\"isPartOf\":{\"@id\":\"https:\/\/www.oarcanjo.net\/site\/pastoral-do-menor-faz-campanha-natal-dos-sonhos\/\"},\"author\":{\"name\":\"editor\",\"@id\":\"https:\/\/www.oarcanjo.net\/site\/#\/schema\/person\/f7024d007863202483a31326673a0838\"},\"headline\":\"Pastoral do Menor faz campanha Natal dos Sonhos\",\"datePublished\":\"2011-11-12T12:35:07+00:00\",\"dateModified\":\"2011-11-13T13:12:16+00:00\",\"mainEntityOfPage\":{\"@id\":\"https:\/\/www.oarcanjo.net\/site\/pastoral-do-menor-faz-campanha-natal-dos-sonhos\/\"},\"wordCount\":259,\"commentCount\":0,\"publisher\":{\"@id\":\"https:\/\/www.oarcanjo.net\/site\/#organization\"},\"keywords\":[\"natal\",\"Pastoral do Menor\",\"solidariedade\"],\"articleSection\":[\"Destaques\",\"Not\u00edcias\",\"V\u00eddeos\"],\"inLanguage\":\"pt-BR\",\"potentialAction\":[{\"@type\":\"CommentAction\",\"name\":\"Comment\",\"target\":[\"https:\/\/www.oarcanjo.net\/site\/pastoral-do-menor-faz-campanha-natal-dos-sonhos\/#respond\"]}]},{\"@type\":\"WebPage\",\"@id\":\"https:\/\/www.oarcanjo.net\/site\/pastoral-do-menor-faz-campanha-natal-dos-sonhos\/\",\"url\":\"https:\/\/www.oarcanjo.net\/site\/pastoral-do-menor-faz-campanha-natal-dos-sonhos\/\",\"name\":\"Pastoral do Menor faz campanha Natal dos Sonhos - O Arcanjo no ar\",\"isPartOf\":{\"@id\":\"https:\/\/www.oarcanjo.net\/site\/#website\"},\"datePublished\":\"2011-11-12T12:35:07+00:00\",\"dateModified\":\"2011-11-13T13:12:16+00:00\",\"breadcrumb\":{\"@id\":\"https:\/\/www.oarcanjo.net\/site\/pastoral-do-menor-faz-campanha-natal-dos-sonhos\/#breadcrumb\"},\"inLanguage\":\"pt-BR\",\"potentialAction\":[{\"@type\":\"ReadAction\",\"target\":[\"https:\/\/www.oarcanjo.net\/site\/pastoral-do-menor-faz-campanha-natal-dos-sonhos\/\"]}]},{\"@type\":\"BreadcrumbList\",\"@id\":\"https:\/\/www.oarcanjo.net\/site\/pastoral-do-menor-faz-campanha-natal-dos-sonhos\/#breadcrumb\",\"itemListElement\":[{\"@type\":\"ListItem\",\"position\":1,\"name\":\"In\u00edcio\",\"item\":\"https:\/\/www.oarcanjo.net\/site\/\"},{\"@type\":\"ListItem\",\"position\":2,\"name\":\"Pastoral do Menor faz campanha Natal dos Sonhos\"}]},{\"@type\":\"WebSite\",\"@id\":\"https:\/\/www.oarcanjo.net\/site\/#website\",\"url\":\"https:\/\/www.oarcanjo.net\/site\/\",\"name\":\"O Arcanjo no ar\",\"description\":\"Site da Par\u00f3quia S\u00e3o Miguel Arcanjo (Arquidiocese de SP)\",\"publisher\":{\"@id\":\"https:\/\/www.oarcanjo.net\/site\/#organization\"},\"potentialAction\":[{\"@type\":\"SearchAction\",\"target\":{\"@type\":\"EntryPoint\",\"urlTemplate\":\"https:\/\/www.oarcanjo.net\/site\/?s={search_term_string}\"},\"query-input\":{\"@type\":\"PropertyValueSpecification\",\"valueRequired\":true,\"valueName\":\"search_term_string\"}}],\"inLanguage\":\"pt-BR\"},{\"@type\":\"Organization\",\"@id\":\"https:\/\/www.oarcanjo.net\/site\/#organization\",\"name\":\"Par\u00f3quia S\u00e3o Miguel Arcanjo\",\"url\":\"https:\/\/www.oarcanjo.net\/site\/\",\"logo\":{\"@type\":\"ImageObject\",\"inLanguage\":\"pt-BR\",\"@id\":\"https:\/\/www.oarcanjo.net\/site\/#\/schema\/logo\/image\/\",\"url\":\"https:\/\/www.oarcanjo.net\/site\/wp-content\/uploads\/LogoOArcanjo.png\",\"contentUrl\":\"https:\/\/www.oarcanjo.net\/site\/wp-content\/uploads\/LogoOArcanjo.png\",\"width\":319,\"height\":99,\"caption\":\"Par\u00f3quia S\u00e3o Miguel Arcanjo\"},\"image\":{\"@id\":\"https:\/\/www.oarcanjo.net\/site\/#\/schema\/logo\/image\/\"},\"sameAs\":[\"https:\/\/www.facebook.com\/OArcanjoNoAr\/\"]},{\"@type\":\"Person\",\"@id\":\"https:\/\/www.oarcanjo.net\/site\/#\/schema\/person\/f7024d007863202483a31326673a0838\",\"name\":\"editor\",\"sameAs\":[\"http:\/\/www.oarcanjo.net\"]}]}<\/script>\n<!-- \/ Yoast SEO plugin. -->","yoast_head_json":{"title":"Pastoral do Menor faz campanha Natal dos Sonhos - O Arcanjo no ar","robots":{"index":"index","follow":"follow","max-snippet":"max-snippet:-1","max-image-preview":"max-image-preview:large","max-video-preview":"max-video-preview:-1"},"canonical":"https:\/\/www.oarcanjo.net\/site\/pastoral-do-menor-faz-campanha-natal-dos-sonhos\/","og_locale":"pt_BR","og_type":"article","og_title":"Pastoral do Menor faz campanha Natal dos Sonhos - O Arcanjo no ar","og_description":"A Pastoral do Menor da Arquidiocese de S\u00e3o Paulo est\u00e1 realizando a 10\u00aa edi\u00e7\u00e3o da Campanha Natal dos Sonhos, que todos os anos arrecada brinquedos para as crian\u00e7as carentes atendidas por entidades sociais. Como tema \u201cA solidariedade transforma o mundo! Doe um brinquedo\u201d, a campanha tem o objetivo de educar para a solidariedade e \u201cresgatar [&hellip;]","og_url":"https:\/\/www.oarcanjo.net\/site\/pastoral-do-menor-faz-campanha-natal-dos-sonhos\/","og_site_name":"O Arcanjo no ar","article_publisher":"https:\/\/www.facebook.com\/OArcanjoNoAr\/","article_published_time":"2011-11-12T12:35:07+00:00","article_modified_time":"2011-11-13T13:12:16+00:00","og_image":[{"width":300,"height":300,"url":"https:\/\/www.oarcanjo.net\/site\/wp-content\/uploads\/logo-o-arcanjo-no-ar-facebook.png","type":"image\/png"}],"author":"editor","twitter_card":"summary_large_image","twitter_misc":{"Escrito por":"editor","Est. tempo de leitura":"1 minuto"},"schema":{"@context":"https:\/\/schema.org","@graph":[{"@type":"Article","@id":"https:\/\/www.oarcanjo.net\/site\/pastoral-do-menor-faz-campanha-natal-dos-sonhos\/#article","isPartOf":{"@id":"https:\/\/www.oarcanjo.net\/site\/pastoral-do-menor-faz-campanha-natal-dos-sonhos\/"},"author":{"name":"editor","@id":"https:\/\/www.oarcanjo.net\/site\/#\/schema\/person\/f7024d007863202483a31326673a0838"},"headline":"Pastoral do Menor faz campanha Natal dos Sonhos","datePublished":"2011-11-12T12:35:07+00:00","dateModified":"2011-11-13T13:12:16+00:00","mainEntityOfPage":{"@id":"https:\/\/www.oarcanjo.net\/site\/pastoral-do-menor-faz-campanha-natal-dos-sonhos\/"},"wordCount":259,"commentCount":0,"publisher":{"@id":"https:\/\/www.oarcanjo.net\/site\/#organization"},"keywords":["natal","Pastoral do Menor","solidariedade"],"articleSection":["Destaques","Not\u00edcias","V\u00eddeos"],"inLanguage":"pt-BR","potentialAction":[{"@type":"CommentAction","name":"Comment","target":["https:\/\/www.oarcanjo.net\/site\/pastoral-do-menor-faz-campanha-natal-dos-sonhos\/#respond"]}]},{"@type":"WebPage","@id":"https:\/\/www.oarcanjo.net\/site\/pastoral-do-menor-faz-campanha-natal-dos-sonhos\/","url":"https:\/\/www.oarcanjo.net\/site\/pastoral-do-menor-faz-campanha-natal-dos-sonhos\/","name":"Pastoral do Menor faz campanha Natal dos Sonhos - O Arcanjo no ar","isPartOf":{"@id":"https:\/\/www.oarcanjo.net\/site\/#website"},"datePublished":"2011-11-12T12:35:07+00:00","dateModified":"2011-11-13T13:12:16+00:00","breadcrumb":{"@id":"https:\/\/www.oarcanjo.net\/site\/pastoral-do-menor-faz-campanha-natal-dos-sonhos\/#breadcrumb"},"inLanguage":"pt-BR","potentialAction":[{"@type":"ReadAction","target":["https:\/\/www.oarcanjo.net\/site\/pastoral-do-menor-faz-campanha-natal-dos-sonhos\/"]}]},{"@type":"BreadcrumbList","@id":"https:\/\/www.oarcanjo.net\/site\/pastoral-do-menor-faz-campanha-natal-dos-sonhos\/#breadcrumb","itemListElement":[{"@type":"ListItem","position":1,"name":"In\u00edcio","item":"https:\/\/www.oarcanjo.net\/site\/"},{"@type":"ListItem","position":2,"name":"Pastoral do Menor faz campanha Natal dos Sonhos"}]},{"@type":"WebSite","@id":"https:\/\/www.oarcanjo.net\/site\/#website","url":"https:\/\/www.oarcanjo.net\/site\/","name":"O Arcanjo no ar","description":"Site da Par\u00f3quia S\u00e3o Miguel Arcanjo (Arquidiocese de SP)","publisher":{"@id":"https:\/\/www.oarcanjo.net\/site\/#organization"},"potentialAction":[{"@type":"SearchAction","target":{"@type":"EntryPoint","urlTemplate":"https:\/\/www.oarcanjo.net\/site\/?s={search_term_string}"},"query-input":{"@type":"PropertyValueSpecification","valueRequired":true,"valueName":"search_term_string"}}],"inLanguage":"pt-BR"},{"@type":"Organization","@id":"https:\/\/www.oarcanjo.net\/site\/#organization","name":"Par\u00f3quia S\u00e3o Miguel Arcanjo","url":"https:\/\/www.oarcanjo.net\/site\/","logo":{"@type":"ImageObject","inLanguage":"pt-BR","@id":"https:\/\/www.oarcanjo.net\/site\/#\/schema\/logo\/image\/","url":"https:\/\/www.oarcanjo.net\/site\/wp-content\/uploads\/LogoOArcanjo.png","contentUrl":"https:\/\/www.oarcanjo.net\/site\/wp-content\/uploads\/LogoOArcanjo.png","width":319,"height":99,"caption":"Par\u00f3quia S\u00e3o Miguel Arcanjo"},"image":{"@id":"https:\/\/www.oarcanjo.net\/site\/#\/schema\/logo\/image\/"},"sameAs":["https:\/\/www.facebook.com\/OArcanjoNoAr\/"]},{"@type":"Person","@id":"https:\/\/www.oarcanjo.net\/site\/#\/schema\/person\/f7024d007863202483a31326673a0838","name":"editor","sameAs":["http:\/\/www.oarcanjo.net"]}]}},"publishpress_future_action":{"enabled":false,"date":"2026-05-09 09:04:54","action":"category","newStatus":"draft","terms":[],"taxonomy":"category"},"publishpress_future_workflow_manual_trigger":{"enabledWorkflows":[]},"_links":{"self":[{"href":"https:\/\/www.oarcanjo.net\/site\/wp-json\/wp\/v2\/posts\/16375"}],"collection":[{"href":"https:\/\/www.oarcanjo.net\/site\/wp-json\/wp\/v2\/posts"}],"about":[{"href":"https:\/\/www.oarcanjo.net\/site\/wp-json\/wp\/v2\/types\/post"}],"author":[{"embeddable":true,"href":"https:\/\/www.oarcanjo.net\/site\/wp-json\/wp\/v2\/users\/5"}],"replies":[{"embeddable":true,"href":"https:\/\/www.oarcanjo.net\/site\/wp-json\/wp\/v2\/comments?post=16375"}],"version-history":[{"count":0,"href":"https:\/\/www.oarcanjo.net\/site\/wp-json\/wp\/v2\/posts\/16375\/revisions"}],"wp:attachment":[{"href":"https:\/\/www.oarcanjo.net\/site\/wp-json\/wp\/v2\/media?parent=16375"}],"wp:term":[{"taxonomy":"category","embeddable":true,"href":"https:\/\/www.oarcanjo.net\/site\/wp-json\/wp\/v2\/categories?post=16375"},{"taxonomy":"post_tag","embeddable":true,"href":"https:\/\/www.oarcanjo.net\/site\/wp-json\/wp\/v2\/tags?post=16375"}],"curies":[{"name":"wp","href":"https:\/\/api.w.org\/{rel}","templated":true}]}}