
{"id":16490,"date":"2011-11-28T00:13:43","date_gmt":"2011-11-28T02:13:43","guid":{"rendered":"http:\/\/www.oarcanjo.net\/site\/?p=16490"},"modified":"2011-12-01T07:26:01","modified_gmt":"2011-12-01T09:26:01","slug":"batizados-de-novembro-de-2011","status":"publish","type":"post","link":"https:\/\/www.oarcanjo.net\/site\/batizados-de-novembro-de-2011\/","title":{"rendered":"Batizados de Novembro de 2011"},"content":{"rendered":"<p>Batizadas mais 20 crian\u00e7as na Comunidade S\u00e3o Miguel Arcanjo. A Capela S\u00e3o Judas Tadeu estava completamente lotada. O primeiro domingo do Advento, sol alegria e a Laura muito feliz, at\u00e9 com familiares e amigos com camisetas personalizadas, que traziam a seguinte mensagem:<\/p>\n<p>\u201cLaura, nossa menina guerreira. A f\u00e9 em Deus nos faz crer no incr\u00edvel, ver o invis\u00edvel e realizar o imposs\u00edvel.\u201d<\/p>\n<p>O carinho da comunidade \u00e0 Laura de Niche Chatah, que acompanhou sua dificuldade ao\u00a0 nascer, a cirurgia no cora\u00e7\u00e3o imediatamente ao nascer\u00a0e, agora, a alegria do batizado.<\/p>\n<p>Portanto, al\u00e9m da Laura, foram batizados a Nicole de Freitas Souza, Gabriel Bompadre Klein, Maria Eduarda de Oliveira Pereira, Kau\u00e3 Fiorante Squincaglia, Teodoro Micocci Rousseau, Luiza Antonucci, Luigi Andrade Melo, Sofia Saos Sposito Harnik, Lucas Estanislau Augusto, Pedro Henrique da Costa Souto, Fhelipe Santos Flausino Maciel, Leticia Mondim, Felipe de Carvalho Saluceste, Giovana de Carvalho Saluceste, Kayke Oliveira Guedes, Isabela Amato V. de Oliveira, Joaquim Correia Valentini, Lavinia Preori de Oliveira e Pedro Antonio Almeida Trevisan.<\/p>\n<p>Receberam as b\u00ean\u00e7\u00e3os do casamento, os pais do Joaquim, a Elodimara Donata Correia e o Jos\u00e9 Roberto Agostini Valentini.<\/p>\n<p>No Evangelho desta data, Jesus disse aos seus disc\u00edpulos que vigiem. Devemos estar atentos para os ensinamentos do Senhor. Na celebra\u00e7\u00e3o tamb\u00e9m o destaque para os casais que fizeram o Encontro de Casais com Cristo.<\/p>\n<p>Vejam as fotos por Carlos A. Beatriz<\/p>\nngg_shortcode_0_placeholder\n<div id=\"themify_builder_content-16490\" data-postid=\"16490\" class=\"themify_builder_content themify_builder_content-16490 themify_builder themify_builder_front\">\n\t<\/div>\n<!-- \/themify_builder_content -->","protected":false},"excerpt":{"rendered":"<p>Batizadas mais 20 crian\u00e7as na Comunidade S\u00e3o Miguel Arcanjo. A Capela S\u00e3o Judas Tadeu estava completamente lotada. O primeiro domingo do Advento, sol alegria e a Laura muito feliz, at\u00e9 com familiares e amigos com camisetas personalizadas, que traziam a seguinte mensagem: \u201cLaura, nossa menina guerreira. A f\u00e9 em Deus nos faz crer no incr\u00edvel, [&hellip;]<\/p>\n","protected":false},"author":10,"featured_media":0,"comment_status":"open","ping_status":"open","sticky":false,"template":"","format":"standard","meta":{"ngg_post_thumbnail":0,"footnotes":""},"categories":[3,8,7],"tags":[],"yoast_head":"<!-- This site is optimized with the Yoast SEO plugin v23.5 - https:\/\/yoast.com\/wordpress\/plugins\/seo\/ -->\n<title>Batizados de Novembro de 2011 - O Arcanjo no ar<\/title>\n<meta name=\"robots\" content=\"index, follow, max-snippet:-1, max-image-preview:large, max-video-preview:-1\" \/>\n<link rel=\"canonical\" href=\"https:\/\/www.oarcanjo.net\/site\/batizados-de-novembro-de-2011\/\" \/>\n<meta property=\"og:locale\" content=\"pt_BR\" \/>\n<meta property=\"og:type\" content=\"article\" \/>\n<meta property=\"og:title\" content=\"Batizados de Novembro de 2011 - O Arcanjo no ar\" \/>\n<meta property=\"og:description\" content=\"Batizadas mais 20 crian\u00e7as na Comunidade S\u00e3o Miguel Arcanjo. A Capela S\u00e3o Judas Tadeu estava completamente lotada. O primeiro domingo do Advento, sol alegria e a Laura muito feliz, at\u00e9 com familiares e amigos com camisetas personalizadas, que traziam a seguinte mensagem: \u201cLaura, nossa menina guerreira. A f\u00e9 em Deus nos faz crer no incr\u00edvel, [&hellip;]\" \/>\n<meta property=\"og:url\" content=\"https:\/\/www.oarcanjo.net\/site\/batizados-de-novembro-de-2011\/\" \/>\n<meta property=\"og:site_name\" content=\"O Arcanjo no ar\" \/>\n<meta property=\"article:publisher\" content=\"https:\/\/www.facebook.com\/OArcanjoNoAr\/\" \/>\n<meta property=\"article:published_time\" content=\"2011-11-28T02:13:43+00:00\" \/>\n<meta property=\"article:modified_time\" content=\"2011-12-01T09:26:01+00:00\" \/>\n<meta property=\"og:image\" content=\"https:\/\/www.oarcanjo.net\/site\/wp-content\/uploads\/logo-o-arcanjo-no-ar-facebook.png\" \/>\n\t<meta property=\"og:image:width\" content=\"300\" \/>\n\t<meta property=\"og:image:height\" content=\"300\" \/>\n\t<meta property=\"og:image:type\" content=\"image\/png\" \/>\n<meta name=\"author\" content=\"carlos\" \/>\n<meta name=\"twitter:card\" content=\"summary_large_image\" \/>\n<meta name=\"twitter:label1\" content=\"Escrito por\" \/>\n\t<meta name=\"twitter:data1\" content=\"carlos\" \/>\n\t<meta name=\"twitter:label2\" content=\"Est. tempo de leitura\" \/>\n\t<meta name=\"twitter:data2\" content=\"1 minuto\" \/>\n<script type=\"application\/ld+json\" class=\"yoast-schema-graph\">{\"@context\":\"https:\/\/schema.org\",\"@graph\":[{\"@type\":\"Article\",\"@id\":\"https:\/\/www.oarcanjo.net\/site\/batizados-de-novembro-de-2011\/#article\",\"isPartOf\":{\"@id\":\"https:\/\/www.oarcanjo.net\/site\/batizados-de-novembro-de-2011\/\"},\"author\":{\"name\":\"carlos\",\"@id\":\"https:\/\/www.oarcanjo.net\/site\/#\/schema\/person\/f7870e710d8c8c30673de3a0ac2e451d\"},\"headline\":\"Batizados de Novembro de 2011\",\"datePublished\":\"2011-11-28T02:13:43+00:00\",\"dateModified\":\"2011-12-01T09:26:01+00:00\",\"mainEntityOfPage\":{\"@id\":\"https:\/\/www.oarcanjo.net\/site\/batizados-de-novembro-de-2011\/\"},\"wordCount\":244,\"commentCount\":1,\"publisher\":{\"@id\":\"https:\/\/www.oarcanjo.net\/site\/#organization\"},\"articleSection\":[\"Destaques\",\"Not\u00edcias\",\"Rosto da comunidade\"],\"inLanguage\":\"pt-BR\",\"potentialAction\":[{\"@type\":\"CommentAction\",\"name\":\"Comment\",\"target\":[\"https:\/\/www.oarcanjo.net\/site\/batizados-de-novembro-de-2011\/#respond\"]}]},{\"@type\":\"WebPage\",\"@id\":\"https:\/\/www.oarcanjo.net\/site\/batizados-de-novembro-de-2011\/\",\"url\":\"https:\/\/www.oarcanjo.net\/site\/batizados-de-novembro-de-2011\/\",\"name\":\"Batizados de Novembro de 2011 - O Arcanjo no ar\",\"isPartOf\":{\"@id\":\"https:\/\/www.oarcanjo.net\/site\/#website\"},\"datePublished\":\"2011-11-28T02:13:43+00:00\",\"dateModified\":\"2011-12-01T09:26:01+00:00\",\"breadcrumb\":{\"@id\":\"https:\/\/www.oarcanjo.net\/site\/batizados-de-novembro-de-2011\/#breadcrumb\"},\"inLanguage\":\"pt-BR\",\"potentialAction\":[{\"@type\":\"ReadAction\",\"target\":[\"https:\/\/www.oarcanjo.net\/site\/batizados-de-novembro-de-2011\/\"]}]},{\"@type\":\"BreadcrumbList\",\"@id\":\"https:\/\/www.oarcanjo.net\/site\/batizados-de-novembro-de-2011\/#breadcrumb\",\"itemListElement\":[{\"@type\":\"ListItem\",\"position\":1,\"name\":\"In\u00edcio\",\"item\":\"https:\/\/www.oarcanjo.net\/site\/\"},{\"@type\":\"ListItem\",\"position\":2,\"name\":\"Batizados de Novembro de 2011\"}]},{\"@type\":\"WebSite\",\"@id\":\"https:\/\/www.oarcanjo.net\/site\/#website\",\"url\":\"https:\/\/www.oarcanjo.net\/site\/\",\"name\":\"O Arcanjo no ar\",\"description\":\"Site da Par\u00f3quia S\u00e3o Miguel Arcanjo (Arquidiocese de SP)\",\"publisher\":{\"@id\":\"https:\/\/www.oarcanjo.net\/site\/#organization\"},\"potentialAction\":[{\"@type\":\"SearchAction\",\"target\":{\"@type\":\"EntryPoint\",\"urlTemplate\":\"https:\/\/www.oarcanjo.net\/site\/?s={search_term_string}\"},\"query-input\":{\"@type\":\"PropertyValueSpecification\",\"valueRequired\":true,\"valueName\":\"search_term_string\"}}],\"inLanguage\":\"pt-BR\"},{\"@type\":\"Organization\",\"@id\":\"https:\/\/www.oarcanjo.net\/site\/#organization\",\"name\":\"Par\u00f3quia S\u00e3o Miguel Arcanjo\",\"url\":\"https:\/\/www.oarcanjo.net\/site\/\",\"logo\":{\"@type\":\"ImageObject\",\"inLanguage\":\"pt-BR\",\"@id\":\"https:\/\/www.oarcanjo.net\/site\/#\/schema\/logo\/image\/\",\"url\":\"https:\/\/www.oarcanjo.net\/site\/wp-content\/uploads\/LogoOArcanjo.png\",\"contentUrl\":\"https:\/\/www.oarcanjo.net\/site\/wp-content\/uploads\/LogoOArcanjo.png\",\"width\":319,\"height\":99,\"caption\":\"Par\u00f3quia S\u00e3o Miguel Arcanjo\"},\"image\":{\"@id\":\"https:\/\/www.oarcanjo.net\/site\/#\/schema\/logo\/image\/\"},\"sameAs\":[\"https:\/\/www.facebook.com\/OArcanjoNoAr\/\"]},{\"@type\":\"Person\",\"@id\":\"https:\/\/www.oarcanjo.net\/site\/#\/schema\/person\/f7870e710d8c8c30673de3a0ac2e451d\",\"name\":\"carlos\"}]}<\/script>\n<!-- \/ Yoast SEO plugin. -->","yoast_head_json":{"title":"Batizados de Novembro de 2011 - O Arcanjo no ar","robots":{"index":"index","follow":"follow","max-snippet":"max-snippet:-1","max-image-preview":"max-image-preview:large","max-video-preview":"max-video-preview:-1"},"canonical":"https:\/\/www.oarcanjo.net\/site\/batizados-de-novembro-de-2011\/","og_locale":"pt_BR","og_type":"article","og_title":"Batizados de Novembro de 2011 - O Arcanjo no ar","og_description":"Batizadas mais 20 crian\u00e7as na Comunidade S\u00e3o Miguel Arcanjo. A Capela S\u00e3o Judas Tadeu estava completamente lotada. O primeiro domingo do Advento, sol alegria e a Laura muito feliz, at\u00e9 com familiares e amigos com camisetas personalizadas, que traziam a seguinte mensagem: \u201cLaura, nossa menina guerreira. A f\u00e9 em Deus nos faz crer no incr\u00edvel, [&hellip;]","og_url":"https:\/\/www.oarcanjo.net\/site\/batizados-de-novembro-de-2011\/","og_site_name":"O Arcanjo no ar","article_publisher":"https:\/\/www.facebook.com\/OArcanjoNoAr\/","article_published_time":"2011-11-28T02:13:43+00:00","article_modified_time":"2011-12-01T09:26:01+00:00","og_image":[{"width":300,"height":300,"url":"https:\/\/www.oarcanjo.net\/site\/wp-content\/uploads\/logo-o-arcanjo-no-ar-facebook.png","type":"image\/png"}],"author":"carlos","twitter_card":"summary_large_image","twitter_misc":{"Escrito por":"carlos","Est. tempo de leitura":"1 minuto"},"schema":{"@context":"https:\/\/schema.org","@graph":[{"@type":"Article","@id":"https:\/\/www.oarcanjo.net\/site\/batizados-de-novembro-de-2011\/#article","isPartOf":{"@id":"https:\/\/www.oarcanjo.net\/site\/batizados-de-novembro-de-2011\/"},"author":{"name":"carlos","@id":"https:\/\/www.oarcanjo.net\/site\/#\/schema\/person\/f7870e710d8c8c30673de3a0ac2e451d"},"headline":"Batizados de Novembro de 2011","datePublished":"2011-11-28T02:13:43+00:00","dateModified":"2011-12-01T09:26:01+00:00","mainEntityOfPage":{"@id":"https:\/\/www.oarcanjo.net\/site\/batizados-de-novembro-de-2011\/"},"wordCount":244,"commentCount":1,"publisher":{"@id":"https:\/\/www.oarcanjo.net\/site\/#organization"},"articleSection":["Destaques","Not\u00edcias","Rosto da comunidade"],"inLanguage":"pt-BR","potentialAction":[{"@type":"CommentAction","name":"Comment","target":["https:\/\/www.oarcanjo.net\/site\/batizados-de-novembro-de-2011\/#respond"]}]},{"@type":"WebPage","@id":"https:\/\/www.oarcanjo.net\/site\/batizados-de-novembro-de-2011\/","url":"https:\/\/www.oarcanjo.net\/site\/batizados-de-novembro-de-2011\/","name":"Batizados de Novembro de 2011 - O Arcanjo no ar","isPartOf":{"@id":"https:\/\/www.oarcanjo.net\/site\/#website"},"datePublished":"2011-11-28T02:13:43+00:00","dateModified":"2011-12-01T09:26:01+00:00","breadcrumb":{"@id":"https:\/\/www.oarcanjo.net\/site\/batizados-de-novembro-de-2011\/#breadcrumb"},"inLanguage":"pt-BR","potentialAction":[{"@type":"ReadAction","target":["https:\/\/www.oarcanjo.net\/site\/batizados-de-novembro-de-2011\/"]}]},{"@type":"BreadcrumbList","@id":"https:\/\/www.oarcanjo.net\/site\/batizados-de-novembro-de-2011\/#breadcrumb","itemListElement":[{"@type":"ListItem","position":1,"name":"In\u00edcio","item":"https:\/\/www.oarcanjo.net\/site\/"},{"@type":"ListItem","position":2,"name":"Batizados de Novembro de 2011"}]},{"@type":"WebSite","@id":"https:\/\/www.oarcanjo.net\/site\/#website","url":"https:\/\/www.oarcanjo.net\/site\/","name":"O Arcanjo no ar","description":"Site da Par\u00f3quia S\u00e3o Miguel Arcanjo (Arquidiocese de SP)","publisher":{"@id":"https:\/\/www.oarcanjo.net\/site\/#organization"},"potentialAction":[{"@type":"SearchAction","target":{"@type":"EntryPoint","urlTemplate":"https:\/\/www.oarcanjo.net\/site\/?s={search_term_string}"},"query-input":{"@type":"PropertyValueSpecification","valueRequired":true,"valueName":"search_term_string"}}],"inLanguage":"pt-BR"},{"@type":"Organization","@id":"https:\/\/www.oarcanjo.net\/site\/#organization","name":"Par\u00f3quia S\u00e3o Miguel Arcanjo","url":"https:\/\/www.oarcanjo.net\/site\/","logo":{"@type":"ImageObject","inLanguage":"pt-BR","@id":"https:\/\/www.oarcanjo.net\/site\/#\/schema\/logo\/image\/","url":"https:\/\/www.oarcanjo.net\/site\/wp-content\/uploads\/LogoOArcanjo.png","contentUrl":"https:\/\/www.oarcanjo.net\/site\/wp-content\/uploads\/LogoOArcanjo.png","width":319,"height":99,"caption":"Par\u00f3quia S\u00e3o Miguel Arcanjo"},"image":{"@id":"https:\/\/www.oarcanjo.net\/site\/#\/schema\/logo\/image\/"},"sameAs":["https:\/\/www.facebook.com\/OArcanjoNoAr\/"]},{"@type":"Person","@id":"https:\/\/www.oarcanjo.net\/site\/#\/schema\/person\/f7870e710d8c8c30673de3a0ac2e451d","name":"carlos"}]}},"publishpress_future_action":{"enabled":false,"date":"2026-05-07 09:56:40","action":"category","newStatus":"draft","terms":[],"taxonomy":"category"},"publishpress_future_workflow_manual_trigger":{"enabledWorkflows":[]},"_links":{"self":[{"href":"https:\/\/www.oarcanjo.net\/site\/wp-json\/wp\/v2\/posts\/16490"}],"collection":[{"href":"https:\/\/www.oarcanjo.net\/site\/wp-json\/wp\/v2\/posts"}],"about":[{"href":"https:\/\/www.oarcanjo.net\/site\/wp-json\/wp\/v2\/types\/post"}],"author":[{"embeddable":true,"href":"https:\/\/www.oarcanjo.net\/site\/wp-json\/wp\/v2\/users\/10"}],"replies":[{"embeddable":true,"href":"https:\/\/www.oarcanjo.net\/site\/wp-json\/wp\/v2\/comments?post=16490"}],"version-history":[{"count":0,"href":"https:\/\/www.oarcanjo.net\/site\/wp-json\/wp\/v2\/posts\/16490\/revisions"}],"wp:attachment":[{"href":"https:\/\/www.oarcanjo.net\/site\/wp-json\/wp\/v2\/media?parent=16490"}],"wp:term":[{"taxonomy":"category","embeddable":true,"href":"https:\/\/www.oarcanjo.net\/site\/wp-json\/wp\/v2\/categories?post=16490"},{"taxonomy":"post_tag","embeddable":true,"href":"https:\/\/www.oarcanjo.net\/site\/wp-json\/wp\/v2\/tags?post=16490"}],"curies":[{"name":"wp","href":"https:\/\/api.w.org\/{rel}","templated":true}]}}