
{"id":16554,"date":"2011-12-01T21:26:05","date_gmt":"2011-12-01T23:26:05","guid":{"rendered":"http:\/\/www.oarcanjo.net\/site\/?p=16554"},"modified":"2011-12-03T12:07:50","modified_gmt":"2011-12-03T14:07:50","slug":"cnbb-divulga-nota-sobre-o-codigo-florestal","status":"publish","type":"post","link":"https:\/\/www.oarcanjo.net\/site\/cnbb-divulga-nota-sobre-o-codigo-florestal\/","title":{"rendered":"CNBB divulga nota sobre o C\u00f3digo Florestal"},"content":{"rendered":"<p><em>A Confer\u00eancia Nacional dos Bispos do Brasil (CNBB) divulgou na manh\u00e3 desta quinta-feira, 1\u00ba de dezembro, uma nota sobre o C\u00f3digo Florestal na qual expressa sua preocupa\u00e7\u00e3o pela poss\u00edvel aprova\u00e7\u00e3o do projeto com a falta de algumas \u201ccorre\u00e7\u00f5es necess\u00e1rias\u201d.<\/em><\/p>\n<p><em>\u201cO projeto, ao manter ocupa\u00e7\u00f5es em \u00e1reas ilegalmente desmatadas (Artigos 68 e 69) e permitir a recupera\u00e7\u00e3o de apenas metade do m\u00ednimo necess\u00e1rio para proteger os rios e a biodiversidade (Artigos 61 e 62), condena regi\u00f5es inteiras do pa\u00eds a conviver com rios agonizantes, nascentes sepultadas e esp\u00e9cies em extin\u00e7\u00e3o\u201d, destaca a CNBB em um trecho da Nota.<\/em><\/p>\n<p><em>Ainda no texto, a Confer\u00eancia sublinha que o projeto \u201cn\u00e3o representa equil\u00edbrio entre conserva\u00e7\u00e3o e produ\u00e7\u00e3o, mas uma clara op\u00e7\u00e3o por um modelo de desenvolvimento que desrespeita limites da a\u00e7\u00e3o humana\u201d.<\/em><\/p>\n<p><em>Leia a \u00edntegra abaixo:<\/em><\/p>\n<p><strong>Nota da CNBB sobre o C\u00f3digo Florestal<\/strong><\/p>\n<p>O Conselho Episcopal Pastoral (CONSEP) da Confer\u00eancia Nacional dos bispos do Brasil \u2013 CNBB, reunido nos dias 29 e 30 de novembro de 2011, vem manifestar sua preocupa\u00e7\u00e3o com a poss\u00edvel aprova\u00e7\u00e3o, pelo Congresso Nacional, do projeto de reforma do C\u00f3digo Florestal brasileiro. J\u00e1 aprovado nas devidas Comiss\u00f5es do Senado Federal, o novo C\u00f3digo Florestal, t\u00e3o necess\u00e1rio ao Brasil, embora tenha obtido avan\u00e7os pontuais na Comiss\u00e3o do Meio Ambiente, como um cap\u00edtulo espec\u00edfico para a agricultura familiar, ainda carece de corre\u00e7\u00f5es.<\/p>\n<p>O projeto, ao manter ocupa\u00e7\u00f5es em \u00e1reas ilegalmente desmatadas (Artigos 68 e 69) e permitir a recupera\u00e7\u00e3o de apenas metade do m\u00ednimo necess\u00e1rio para proteger os rios e a biodiversidade (Artigos 61 e 62), condena regi\u00f5es inteiras do pa\u00eds a conviver com rios agonizantes, nascentes sepultadas e esp\u00e9cies em extin\u00e7\u00e3o. Sob o pretexto de defender os interesses dos pequenos agricultores, esta proposta define regras que estender\u00e3o a anistia a quase todos os propriet\u00e1rios do pa\u00eds que desmataram ilegalmente.<\/p>\n<p>O projeto fragiliza a prote\u00e7\u00e3o das florestas hoje conservadas, permitindo o aumento do desmatamento. Os manguezais estar\u00e3o abertos \u00e0 cria\u00e7\u00e3o de camar\u00e3o em larga escala, prejudicando os pescadores artesanais e os pequenos extrativistas. Os morros perder\u00e3o sua prote\u00e7\u00e3o, sujeitados a novas ocupa\u00e7\u00f5es agropecu\u00e1rias que j\u00e1 se mostraram equivocadas. A floresta amaz\u00f4nica ter\u00e1 sua prote\u00e7\u00e3o diminu\u00edda, com suas imensas v\u00e1rzeas abertas a qualquer tipo de ocupa\u00e7\u00e3o, prejudicando quem hoje as utiliza de forma sustent\u00e1vel. Permanecendo assim, privilegiar\u00e1 interesses de grupos espec\u00edficos contr\u00e1rios ao bem comum.<\/p>\n<p>Diferentemente do que vem sendo divulgado, este projeto n\u00e3o representa equil\u00edbrio entre conserva\u00e7\u00e3o e produ\u00e7\u00e3o, mas uma clara op\u00e7\u00e3o por um modelo de desenvolvimento que desrespeita limites da a\u00e7\u00e3o humana.<\/p>\n<p>A t\u00e3o necess\u00e1ria prote\u00e7\u00e3o e a diferencia\u00e7\u00e3o mediante incentivos econ\u00f4micos, que seriam direcionados a quem efetivamente protegeu as florestas, sobretudo aos agricultores familiares, entraram no texto como promessas vagas, sem indicativo concreto de que ser\u00e3o eficazes.<\/p>\n<p>Insistimos que, no novo C\u00f3digo Florestal, haja equil\u00edbrio entre justi\u00e7a social, economia e ecologia, como uma forma de garantir e proteger as comunidades ind\u00edgenas, ribeirinhas e quilombolas e de defender os grupos que sabem produzir em intera\u00e7\u00e3o e respeito com a natureza. O cuidado com a natureza significa o cuidado com o ser humano. \u00c9 a aten\u00e7\u00e3o e o respeito com tudo aquilo que Deus fez e viu que era muito bom (cf. Gn 1,30).<\/p>\n<p>O novo C\u00f3digo Florestal, para ser \u00e9tico, deve garantir o cuidado com os biomas e a sobreviv\u00eancia dos diferentes povos, al\u00e9m de preservar o bom uso da \u00e1gua e permitir o futuro saud\u00e1vel \u00e0 humanidade e ao ecossistema.<\/p>\n<p>Que o Senhor da vida nos ilumine para que as decis\u00f5es a serem tomadas se voltem ao bem comum.<\/p>\n<p>Bras\u00edlia-DF, 30 de novembro de 2011<\/p>\n<div id=\"themify_builder_content-16554\" data-postid=\"16554\" class=\"themify_builder_content themify_builder_content-16554 themify_builder themify_builder_front\">\n\t<\/div>\n<!-- \/themify_builder_content -->","protected":false},"excerpt":{"rendered":"<p>A Confer\u00eancia Nacional dos Bispos do Brasil (CNBB) divulgou na manh\u00e3 desta quinta-feira, 1\u00ba de dezembro, uma nota sobre o C\u00f3digo Florestal na qual expressa sua preocupa\u00e7\u00e3o pela poss\u00edvel aprova\u00e7\u00e3o do projeto com a falta de algumas \u201ccorre\u00e7\u00f5es necess\u00e1rias\u201d. \u201cO projeto, ao manter ocupa\u00e7\u00f5es em \u00e1reas ilegalmente desmatadas (Artigos 68 e 69) e permitir a [&hellip;]<\/p>\n","protected":false},"author":15,"featured_media":0,"comment_status":"open","ping_status":"open","sticky":false,"template":"","format":"standard","meta":{"ngg_post_thumbnail":0,"footnotes":""},"categories":[8],"tags":[105,63,1667,104],"yoast_head":"<!-- This site is optimized with the Yoast SEO plugin v23.5 - https:\/\/yoast.com\/wordpress\/plugins\/seo\/ -->\n<title>CNBB divulga nota sobre o C\u00f3digo Florestal - O Arcanjo no ar<\/title>\n<meta name=\"robots\" content=\"index, follow, max-snippet:-1, max-image-preview:large, max-video-preview:-1\" \/>\n<link rel=\"canonical\" href=\"https:\/\/www.oarcanjo.net\/site\/cnbb-divulga-nota-sobre-o-codigo-florestal\/\" \/>\n<meta property=\"og:locale\" content=\"pt_BR\" \/>\n<meta property=\"og:type\" content=\"article\" \/>\n<meta property=\"og:title\" content=\"CNBB divulga nota sobre o C\u00f3digo Florestal - O Arcanjo no ar\" \/>\n<meta property=\"og:description\" content=\"A Confer\u00eancia Nacional dos Bispos do Brasil (CNBB) divulgou na manh\u00e3 desta quinta-feira, 1\u00ba de dezembro, uma nota sobre o C\u00f3digo Florestal na qual expressa sua preocupa\u00e7\u00e3o pela poss\u00edvel aprova\u00e7\u00e3o do projeto com a falta de algumas \u201ccorre\u00e7\u00f5es necess\u00e1rias\u201d. \u201cO projeto, ao manter ocupa\u00e7\u00f5es em \u00e1reas ilegalmente desmatadas (Artigos 68 e 69) e permitir a [&hellip;]\" \/>\n<meta property=\"og:url\" content=\"https:\/\/www.oarcanjo.net\/site\/cnbb-divulga-nota-sobre-o-codigo-florestal\/\" \/>\n<meta property=\"og:site_name\" content=\"O Arcanjo no ar\" \/>\n<meta property=\"article:publisher\" content=\"https:\/\/www.facebook.com\/OArcanjoNoAr\/\" \/>\n<meta property=\"article:published_time\" content=\"2011-12-01T23:26:05+00:00\" \/>\n<meta property=\"article:modified_time\" content=\"2011-12-03T14:07:50+00:00\" \/>\n<meta property=\"og:image\" content=\"https:\/\/www.oarcanjo.net\/site\/wp-content\/uploads\/logo-o-arcanjo-no-ar-facebook.png\" \/>\n\t<meta property=\"og:image:width\" content=\"300\" \/>\n\t<meta property=\"og:image:height\" content=\"300\" \/>\n\t<meta property=\"og:image:type\" content=\"image\/png\" \/>\n<meta name=\"author\" content=\"Alexandre Nunes\" \/>\n<meta name=\"twitter:card\" content=\"summary_large_image\" \/>\n<meta name=\"twitter:label1\" content=\"Escrito por\" \/>\n\t<meta name=\"twitter:data1\" content=\"Alexandre Nunes\" \/>\n\t<meta name=\"twitter:label2\" content=\"Est. tempo de leitura\" \/>\n\t<meta name=\"twitter:data2\" content=\"3 minutos\" \/>\n<script type=\"application\/ld+json\" class=\"yoast-schema-graph\">{\"@context\":\"https:\/\/schema.org\",\"@graph\":[{\"@type\":\"Article\",\"@id\":\"https:\/\/www.oarcanjo.net\/site\/cnbb-divulga-nota-sobre-o-codigo-florestal\/#article\",\"isPartOf\":{\"@id\":\"https:\/\/www.oarcanjo.net\/site\/cnbb-divulga-nota-sobre-o-codigo-florestal\/\"},\"author\":{\"name\":\"Alexandre Nunes\",\"@id\":\"https:\/\/www.oarcanjo.net\/site\/#\/schema\/person\/0a2ae077c1a09b69d29928e3b9f1c0d1\"},\"headline\":\"CNBB divulga nota sobre o C\u00f3digo Florestal\",\"datePublished\":\"2011-12-01T23:26:05+00:00\",\"dateModified\":\"2011-12-03T14:07:50+00:00\",\"mainEntityOfPage\":{\"@id\":\"https:\/\/www.oarcanjo.net\/site\/cnbb-divulga-nota-sobre-o-codigo-florestal\/\"},\"wordCount\":663,\"commentCount\":0,\"publisher\":{\"@id\":\"https:\/\/www.oarcanjo.net\/site\/#organization\"},\"keywords\":[\"ambiente\",\"CNBB\",\"C\u00f3digo Florestal\",\"ecologia\"],\"articleSection\":[\"Not\u00edcias\"],\"inLanguage\":\"pt-BR\",\"potentialAction\":[{\"@type\":\"CommentAction\",\"name\":\"Comment\",\"target\":[\"https:\/\/www.oarcanjo.net\/site\/cnbb-divulga-nota-sobre-o-codigo-florestal\/#respond\"]}]},{\"@type\":\"WebPage\",\"@id\":\"https:\/\/www.oarcanjo.net\/site\/cnbb-divulga-nota-sobre-o-codigo-florestal\/\",\"url\":\"https:\/\/www.oarcanjo.net\/site\/cnbb-divulga-nota-sobre-o-codigo-florestal\/\",\"name\":\"CNBB divulga nota sobre o C\u00f3digo Florestal - O Arcanjo no ar\",\"isPartOf\":{\"@id\":\"https:\/\/www.oarcanjo.net\/site\/#website\"},\"datePublished\":\"2011-12-01T23:26:05+00:00\",\"dateModified\":\"2011-12-03T14:07:50+00:00\",\"breadcrumb\":{\"@id\":\"https:\/\/www.oarcanjo.net\/site\/cnbb-divulga-nota-sobre-o-codigo-florestal\/#breadcrumb\"},\"inLanguage\":\"pt-BR\",\"potentialAction\":[{\"@type\":\"ReadAction\",\"target\":[\"https:\/\/www.oarcanjo.net\/site\/cnbb-divulga-nota-sobre-o-codigo-florestal\/\"]}]},{\"@type\":\"BreadcrumbList\",\"@id\":\"https:\/\/www.oarcanjo.net\/site\/cnbb-divulga-nota-sobre-o-codigo-florestal\/#breadcrumb\",\"itemListElement\":[{\"@type\":\"ListItem\",\"position\":1,\"name\":\"In\u00edcio\",\"item\":\"https:\/\/www.oarcanjo.net\/site\/\"},{\"@type\":\"ListItem\",\"position\":2,\"name\":\"CNBB divulga nota sobre o C\u00f3digo Florestal\"}]},{\"@type\":\"WebSite\",\"@id\":\"https:\/\/www.oarcanjo.net\/site\/#website\",\"url\":\"https:\/\/www.oarcanjo.net\/site\/\",\"name\":\"O Arcanjo no ar\",\"description\":\"Site da Par\u00f3quia S\u00e3o Miguel Arcanjo (Arquidiocese de SP)\",\"publisher\":{\"@id\":\"https:\/\/www.oarcanjo.net\/site\/#organization\"},\"potentialAction\":[{\"@type\":\"SearchAction\",\"target\":{\"@type\":\"EntryPoint\",\"urlTemplate\":\"https:\/\/www.oarcanjo.net\/site\/?s={search_term_string}\"},\"query-input\":{\"@type\":\"PropertyValueSpecification\",\"valueRequired\":true,\"valueName\":\"search_term_string\"}}],\"inLanguage\":\"pt-BR\"},{\"@type\":\"Organization\",\"@id\":\"https:\/\/www.oarcanjo.net\/site\/#organization\",\"name\":\"Par\u00f3quia S\u00e3o Miguel Arcanjo\",\"url\":\"https:\/\/www.oarcanjo.net\/site\/\",\"logo\":{\"@type\":\"ImageObject\",\"inLanguage\":\"pt-BR\",\"@id\":\"https:\/\/www.oarcanjo.net\/site\/#\/schema\/logo\/image\/\",\"url\":\"https:\/\/www.oarcanjo.net\/site\/wp-content\/uploads\/LogoOArcanjo.png\",\"contentUrl\":\"https:\/\/www.oarcanjo.net\/site\/wp-content\/uploads\/LogoOArcanjo.png\",\"width\":319,\"height\":99,\"caption\":\"Par\u00f3quia S\u00e3o Miguel Arcanjo\"},\"image\":{\"@id\":\"https:\/\/www.oarcanjo.net\/site\/#\/schema\/logo\/image\/\"},\"sameAs\":[\"https:\/\/www.facebook.com\/OArcanjoNoAr\/\"]},{\"@type\":\"Person\",\"@id\":\"https:\/\/www.oarcanjo.net\/site\/#\/schema\/person\/0a2ae077c1a09b69d29928e3b9f1c0d1\",\"name\":\"Alexandre Nunes\",\"sameAs\":[\"http:\/\/alexandrenu.com\"]}]}<\/script>\n<!-- \/ Yoast SEO plugin. -->","yoast_head_json":{"title":"CNBB divulga nota sobre o C\u00f3digo Florestal - O Arcanjo no ar","robots":{"index":"index","follow":"follow","max-snippet":"max-snippet:-1","max-image-preview":"max-image-preview:large","max-video-preview":"max-video-preview:-1"},"canonical":"https:\/\/www.oarcanjo.net\/site\/cnbb-divulga-nota-sobre-o-codigo-florestal\/","og_locale":"pt_BR","og_type":"article","og_title":"CNBB divulga nota sobre o C\u00f3digo Florestal - O Arcanjo no ar","og_description":"A Confer\u00eancia Nacional dos Bispos do Brasil (CNBB) divulgou na manh\u00e3 desta quinta-feira, 1\u00ba de dezembro, uma nota sobre o C\u00f3digo Florestal na qual expressa sua preocupa\u00e7\u00e3o pela poss\u00edvel aprova\u00e7\u00e3o do projeto com a falta de algumas \u201ccorre\u00e7\u00f5es necess\u00e1rias\u201d. \u201cO projeto, ao manter ocupa\u00e7\u00f5es em \u00e1reas ilegalmente desmatadas (Artigos 68 e 69) e permitir a [&hellip;]","og_url":"https:\/\/www.oarcanjo.net\/site\/cnbb-divulga-nota-sobre-o-codigo-florestal\/","og_site_name":"O Arcanjo no ar","article_publisher":"https:\/\/www.facebook.com\/OArcanjoNoAr\/","article_published_time":"2011-12-01T23:26:05+00:00","article_modified_time":"2011-12-03T14:07:50+00:00","og_image":[{"width":300,"height":300,"url":"https:\/\/www.oarcanjo.net\/site\/wp-content\/uploads\/logo-o-arcanjo-no-ar-facebook.png","type":"image\/png"}],"author":"Alexandre Nunes","twitter_card":"summary_large_image","twitter_misc":{"Escrito por":"Alexandre Nunes","Est. tempo de leitura":"3 minutos"},"schema":{"@context":"https:\/\/schema.org","@graph":[{"@type":"Article","@id":"https:\/\/www.oarcanjo.net\/site\/cnbb-divulga-nota-sobre-o-codigo-florestal\/#article","isPartOf":{"@id":"https:\/\/www.oarcanjo.net\/site\/cnbb-divulga-nota-sobre-o-codigo-florestal\/"},"author":{"name":"Alexandre Nunes","@id":"https:\/\/www.oarcanjo.net\/site\/#\/schema\/person\/0a2ae077c1a09b69d29928e3b9f1c0d1"},"headline":"CNBB divulga nota sobre o C\u00f3digo Florestal","datePublished":"2011-12-01T23:26:05+00:00","dateModified":"2011-12-03T14:07:50+00:00","mainEntityOfPage":{"@id":"https:\/\/www.oarcanjo.net\/site\/cnbb-divulga-nota-sobre-o-codigo-florestal\/"},"wordCount":663,"commentCount":0,"publisher":{"@id":"https:\/\/www.oarcanjo.net\/site\/#organization"},"keywords":["ambiente","CNBB","C\u00f3digo Florestal","ecologia"],"articleSection":["Not\u00edcias"],"inLanguage":"pt-BR","potentialAction":[{"@type":"CommentAction","name":"Comment","target":["https:\/\/www.oarcanjo.net\/site\/cnbb-divulga-nota-sobre-o-codigo-florestal\/#respond"]}]},{"@type":"WebPage","@id":"https:\/\/www.oarcanjo.net\/site\/cnbb-divulga-nota-sobre-o-codigo-florestal\/","url":"https:\/\/www.oarcanjo.net\/site\/cnbb-divulga-nota-sobre-o-codigo-florestal\/","name":"CNBB divulga nota sobre o C\u00f3digo Florestal - O Arcanjo no ar","isPartOf":{"@id":"https:\/\/www.oarcanjo.net\/site\/#website"},"datePublished":"2011-12-01T23:26:05+00:00","dateModified":"2011-12-03T14:07:50+00:00","breadcrumb":{"@id":"https:\/\/www.oarcanjo.net\/site\/cnbb-divulga-nota-sobre-o-codigo-florestal\/#breadcrumb"},"inLanguage":"pt-BR","potentialAction":[{"@type":"ReadAction","target":["https:\/\/www.oarcanjo.net\/site\/cnbb-divulga-nota-sobre-o-codigo-florestal\/"]}]},{"@type":"BreadcrumbList","@id":"https:\/\/www.oarcanjo.net\/site\/cnbb-divulga-nota-sobre-o-codigo-florestal\/#breadcrumb","itemListElement":[{"@type":"ListItem","position":1,"name":"In\u00edcio","item":"https:\/\/www.oarcanjo.net\/site\/"},{"@type":"ListItem","position":2,"name":"CNBB divulga nota sobre o C\u00f3digo Florestal"}]},{"@type":"WebSite","@id":"https:\/\/www.oarcanjo.net\/site\/#website","url":"https:\/\/www.oarcanjo.net\/site\/","name":"O Arcanjo no ar","description":"Site da Par\u00f3quia S\u00e3o Miguel Arcanjo (Arquidiocese de SP)","publisher":{"@id":"https:\/\/www.oarcanjo.net\/site\/#organization"},"potentialAction":[{"@type":"SearchAction","target":{"@type":"EntryPoint","urlTemplate":"https:\/\/www.oarcanjo.net\/site\/?s={search_term_string}"},"query-input":{"@type":"PropertyValueSpecification","valueRequired":true,"valueName":"search_term_string"}}],"inLanguage":"pt-BR"},{"@type":"Organization","@id":"https:\/\/www.oarcanjo.net\/site\/#organization","name":"Par\u00f3quia S\u00e3o Miguel Arcanjo","url":"https:\/\/www.oarcanjo.net\/site\/","logo":{"@type":"ImageObject","inLanguage":"pt-BR","@id":"https:\/\/www.oarcanjo.net\/site\/#\/schema\/logo\/image\/","url":"https:\/\/www.oarcanjo.net\/site\/wp-content\/uploads\/LogoOArcanjo.png","contentUrl":"https:\/\/www.oarcanjo.net\/site\/wp-content\/uploads\/LogoOArcanjo.png","width":319,"height":99,"caption":"Par\u00f3quia S\u00e3o Miguel Arcanjo"},"image":{"@id":"https:\/\/www.oarcanjo.net\/site\/#\/schema\/logo\/image\/"},"sameAs":["https:\/\/www.facebook.com\/OArcanjoNoAr\/"]},{"@type":"Person","@id":"https:\/\/www.oarcanjo.net\/site\/#\/schema\/person\/0a2ae077c1a09b69d29928e3b9f1c0d1","name":"Alexandre Nunes","sameAs":["http:\/\/alexandrenu.com"]}]}},"publishpress_future_action":{"enabled":false,"date":"2026-05-07 11:38:06","action":"category","newStatus":"draft","terms":[],"taxonomy":"category"},"publishpress_future_workflow_manual_trigger":{"enabledWorkflows":[]},"_links":{"self":[{"href":"https:\/\/www.oarcanjo.net\/site\/wp-json\/wp\/v2\/posts\/16554"}],"collection":[{"href":"https:\/\/www.oarcanjo.net\/site\/wp-json\/wp\/v2\/posts"}],"about":[{"href":"https:\/\/www.oarcanjo.net\/site\/wp-json\/wp\/v2\/types\/post"}],"author":[{"embeddable":true,"href":"https:\/\/www.oarcanjo.net\/site\/wp-json\/wp\/v2\/users\/15"}],"replies":[{"embeddable":true,"href":"https:\/\/www.oarcanjo.net\/site\/wp-json\/wp\/v2\/comments?post=16554"}],"version-history":[{"count":0,"href":"https:\/\/www.oarcanjo.net\/site\/wp-json\/wp\/v2\/posts\/16554\/revisions"}],"wp:attachment":[{"href":"https:\/\/www.oarcanjo.net\/site\/wp-json\/wp\/v2\/media?parent=16554"}],"wp:term":[{"taxonomy":"category","embeddable":true,"href":"https:\/\/www.oarcanjo.net\/site\/wp-json\/wp\/v2\/categories?post=16554"},{"taxonomy":"post_tag","embeddable":true,"href":"https:\/\/www.oarcanjo.net\/site\/wp-json\/wp\/v2\/tags?post=16554"}],"curies":[{"name":"wp","href":"https:\/\/api.w.org\/{rel}","templated":true}]}}