
{"id":16562,"date":"2011-12-03T11:39:18","date_gmt":"2011-12-03T13:39:18","guid":{"rendered":"http:\/\/www.oarcanjo.net\/site\/?p=16562"},"modified":"2011-12-03T12:04:50","modified_gmt":"2011-12-03T14:04:50","slug":"deserto-lugar-de-deus","status":"publish","type":"post","link":"https:\/\/www.oarcanjo.net\/site\/deserto-lugar-de-deus\/","title":{"rendered":"Deserto: lugar de Deus"},"content":{"rendered":"<p>Pe. Geovane Saraiva<\/p>\n<p>Pela import\u00e2ncia do tema, seria necess\u00e1rio um trabalho cient\u00edfico, porque \u00e9 impens\u00e1vel qualquer entendimento neste campo espiritual, sem uma compreens\u00e3o, no m\u00ednimo b\u00e1sica, do deserto como lugar de Deus. Infelizmente, a falta de um tempo suficiente e, mais ainda, das fontes que s\u00e3o necess\u00e1rias, n\u00e3o favorecem a realiza\u00e7\u00e3o deste ideal. Quando falamos de deserto, vem logo na mente \u00e0 imagem do Bem Aventurado Charles de Foucauld, na sua bela afirma\u00e7\u00e3o: \u201c\u00c9 na solid\u00e3o, vivendo somente com Deus, no recolhimento profundo da alma que esquece o que existe para viver s\u00f3 em comunh\u00e3o com Deus, onde Deus se entrega totalmente a quem se abandona totalmente a ele\u201d.<\/p>\n<p>Precisamos de sabedoria para compreender os sinais de Deus. N\u00e3o podemos tamb\u00e9m prescindir de um esp\u00edrito perseverante e ao mesmo tempo corajoso para entrar na nossa pr\u00f3pria humanidade, no sentido de compreendermos as diversas tentativas de fugas do absoluto de Deus, sobretudo, na certeza de que ele \u00e9 Pai e nos acompanha sempre, por toda parte, mesmo quando tentamos nos distanciar dele (cf. Rm8, 35-39). Da\u00ed \u00e9 que vem a confian\u00e7a e a certeza de que ele n\u00e3o se separa de n\u00f3s; nunca e jamais perde a paci\u00eancia para conosco.<\/p>\n<p>O deserto deixou em Charles de Foucauld uma marca indel\u00e9vel. Ele dizia: \u201c\u00c9 necess\u00e1rio passar pelo deserto e nele permanecer para receber a gra\u00e7a de Deus: \u00e9 no deserto que nos esvaziamos de nos desprendermos de tudo o que n\u00e3o seja de Deus [&#8230;].\u201d \u00c9 por isso mesmo que compreendemos que de sua incredulidade, indiferen\u00e7a, ego\u00edsmo e impiedade, caiu nas m\u00e3os de Deus. Foi arrebatado e seduzido por Jesus de Nazar\u00e9, que o tornou o \u00fanico e o maior tesouro de sua vida. \u201cSe algu\u00e9m est\u00e1 em Cristo \u00e9 uma nova criatura. Passaram-se as coisas antigas\u201d (2Cr. 5, 17).<\/p>\n<p>Charles de Foucauld nasceu na Fran\u00e7a e viveu de 1858 a 1916. No dia 30 de outubro de 1886 se submeteu a vontade de Deus, ajoelhando e confessando os seus pecados. Experimentou uma alegria inexprim\u00edvel, a alegria do Filho pr\u00f3digo. Foi beatificado no dia 13 de novembro de 2005 pelo Papa Bento XVI.<\/p>\n<p>Seu testemunho e sua m\u00edstica encantaram os seus seguidores no mundo inteiro, numa grande paix\u00e3o e fasc\u00ednio por Jesus de Nazar\u00e9, concretizado no amor e na solidariedade para com os que est\u00e3o longe do conv\u00edvio social, os empobrecidos e exclu\u00eddos, buscando na Eucaristia a for\u00e7a necess\u00e1ria para concretizar o projeto de amor do Pai. O Beato Charles de Foucauld, indo habitar e levando a Eucaristia para os irm\u00e3os no Deserto do Saara, tornou-se o homem da ternura e da compaix\u00e3o, com uma enorme vontade de ser amigo de todos, bons e maus, de amar a todos, indistintamente e ser de verdade o irm\u00e3o universal. Toda sua vida foi um profundo ato de amor: \u201cT\u00e3o logo que acreditei que existia um Deus, compreendi que n\u00e3o podia fazer outra coisa, sen\u00e3o viver s\u00f3 para ele\u201d.<\/p>\n<p>O caminho da contempla\u00e7\u00e3o e da ora\u00e7\u00e3o torna-se itiner\u00e1rio dos seus seguidores e admiradores. Ele sempre se colocou no \u00faltimo lugar, com sua vida em harmonia com o Evangelho, reservada e discreta, n\u00e3o se esfor\u00e7ando para converter ningu\u00e9m, mas querendo fazer uma \u00fanica coisa: \u201cproclamar bem alto o Evangelho com a pr\u00f3pria vida\u201d. A vida do Bem Aventurado Charles de Foucauld, com seu mart\u00edrio, no dia 1\u00ba de dezembro de 1916, n\u00e3o foi um valor em si mesmo. Mas foi consequente, com muitos motivos, ao entrar numa profunda sintonia com Deus, na coragem do hero\u00edsmo prof\u00e9tico, chamando nossa aten\u00e7\u00e3o para o conflito, porque mergulhar no Evangelho \u00e9 mergulhar nos conflitos e nas tempestades (cf. Mt 14, 26-32).<\/p>\n<p>O grande m\u00e9rito do Irm\u00e3o Charles de Foucauld foi viver o Evangelho no meio dos conflitos e das tempestades, distanciando-se da \u201cbondade\u201d, como era conhecida no seu tempo. N\u00e3o se contentando e at\u00e9 se indignando com o an\u00fancio do Evangelho que n\u00e3o satisfaz, n\u00e3o converte e n\u00e3o transforma. Procurou assemelhar-se a Jesus de Nazar\u00e9 em tudo, sobretudo, na paix\u00e3o e no calv\u00e1rio. Seu mart\u00edrio foi consequ\u00eancia da sua op\u00e7\u00e3o pelo Evangelho e a justi\u00e7a do Reino.<\/p>\n<p>Charles de Foucauld tra\u00e7ou um caminho para os seus seguidores, propondo-lhes o caminho da cruz e do Evangelho. Portanto, ao ouvir algo do irm\u00e3o querido, com sua vida e seus escritos, \u00e9 imposs\u00edvel permanecer na indiferen\u00e7a. Ele nos conduz e nos arrasta ao seguimento de Jesus de Nazar\u00e9, seu \u201cbem-amado no Senhor\u201d.<\/p>\n<p>Cristo precisa de n\u00f3s, n\u00e3o como admiradores, cheios de sentimentos, mas como seguidores. Que a voz prof\u00e9tica desse irm\u00e3o muito querido n\u00e3o cale jamais e que as pessoas de boa vontade se inspirem no Irm\u00e3o Universal para descobrir o caminho da contempla\u00e7\u00e3o e da ora\u00e7\u00e3o, o caminho de Deus, t\u00e3o bem percorrido pelo querido irm\u00e3o Charles de Foucauld, o deserto como lugar sagrado e de Deus.<\/p>\n<div id=\"themify_builder_content-16562\" data-postid=\"16562\" class=\"themify_builder_content themify_builder_content-16562 themify_builder themify_builder_front\">\n\t<\/div>\n<!-- \/themify_builder_content -->","protected":false},"excerpt":{"rendered":"<p>Pe. Geovane Saraiva Pela import\u00e2ncia do tema, seria necess\u00e1rio um trabalho cient\u00edfico, porque \u00e9 impens\u00e1vel qualquer entendimento neste campo espiritual, sem uma compreens\u00e3o, no m\u00ednimo b\u00e1sica, do deserto como lugar de Deus. Infelizmente, a falta de um tempo suficiente e, mais ainda, das fontes que s\u00e3o necess\u00e1rias, n\u00e3o favorecem a realiza\u00e7\u00e3o deste ideal. Quando falamos [&hellip;]<\/p>\n","protected":false},"author":5,"featured_media":0,"comment_status":"open","ping_status":"open","sticky":false,"template":"","format":"standard","meta":{"ngg_post_thumbnail":0,"footnotes":""},"categories":[1097],"tags":[127],"yoast_head":"<!-- This site is optimized with the Yoast SEO plugin v23.5 - https:\/\/yoast.com\/wordpress\/plugins\/seo\/ -->\n<title>Deserto: lugar de Deus - O Arcanjo no ar<\/title>\n<meta name=\"robots\" content=\"index, follow, max-snippet:-1, max-image-preview:large, max-video-preview:-1\" \/>\n<link rel=\"canonical\" href=\"https:\/\/www.oarcanjo.net\/site\/deserto-lugar-de-deus\/\" \/>\n<meta property=\"og:locale\" content=\"pt_BR\" \/>\n<meta property=\"og:type\" content=\"article\" \/>\n<meta property=\"og:title\" content=\"Deserto: lugar de Deus - O Arcanjo no ar\" \/>\n<meta property=\"og:description\" content=\"Pe. Geovane Saraiva Pela import\u00e2ncia do tema, seria necess\u00e1rio um trabalho cient\u00edfico, porque \u00e9 impens\u00e1vel qualquer entendimento neste campo espiritual, sem uma compreens\u00e3o, no m\u00ednimo b\u00e1sica, do deserto como lugar de Deus. Infelizmente, a falta de um tempo suficiente e, mais ainda, das fontes que s\u00e3o necess\u00e1rias, n\u00e3o favorecem a realiza\u00e7\u00e3o deste ideal. Quando falamos [&hellip;]\" \/>\n<meta property=\"og:url\" content=\"https:\/\/www.oarcanjo.net\/site\/deserto-lugar-de-deus\/\" \/>\n<meta property=\"og:site_name\" content=\"O Arcanjo no ar\" \/>\n<meta property=\"article:publisher\" content=\"https:\/\/www.facebook.com\/OArcanjoNoAr\/\" \/>\n<meta property=\"article:published_time\" content=\"2011-12-03T13:39:18+00:00\" \/>\n<meta property=\"article:modified_time\" content=\"2011-12-03T14:04:50+00:00\" \/>\n<meta property=\"og:image\" content=\"https:\/\/www.oarcanjo.net\/site\/wp-content\/uploads\/logo-o-arcanjo-no-ar-facebook.png\" \/>\n\t<meta property=\"og:image:width\" content=\"300\" \/>\n\t<meta property=\"og:image:height\" content=\"300\" \/>\n\t<meta property=\"og:image:type\" content=\"image\/png\" \/>\n<meta name=\"author\" content=\"editor\" \/>\n<meta name=\"twitter:card\" content=\"summary_large_image\" \/>\n<meta name=\"twitter:label1\" content=\"Escrito por\" \/>\n\t<meta name=\"twitter:data1\" content=\"editor\" \/>\n\t<meta name=\"twitter:label2\" content=\"Est. tempo de leitura\" \/>\n\t<meta name=\"twitter:data2\" content=\"4 minutos\" \/>\n<script type=\"application\/ld+json\" class=\"yoast-schema-graph\">{\"@context\":\"https:\/\/schema.org\",\"@graph\":[{\"@type\":\"Article\",\"@id\":\"https:\/\/www.oarcanjo.net\/site\/deserto-lugar-de-deus\/#article\",\"isPartOf\":{\"@id\":\"https:\/\/www.oarcanjo.net\/site\/deserto-lugar-de-deus\/\"},\"author\":{\"name\":\"editor\",\"@id\":\"https:\/\/www.oarcanjo.net\/site\/#\/schema\/person\/f7024d007863202483a31326673a0838\"},\"headline\":\"Deserto: lugar de Deus\",\"datePublished\":\"2011-12-03T13:39:18+00:00\",\"dateModified\":\"2011-12-03T14:04:50+00:00\",\"mainEntityOfPage\":{\"@id\":\"https:\/\/www.oarcanjo.net\/site\/deserto-lugar-de-deus\/\"},\"wordCount\":862,\"commentCount\":0,\"publisher\":{\"@id\":\"https:\/\/www.oarcanjo.net\/site\/#organization\"},\"keywords\":[\"Foucauld\"],\"articleSection\":[\"Charles de Foucauld\"],\"inLanguage\":\"pt-BR\",\"potentialAction\":[{\"@type\":\"CommentAction\",\"name\":\"Comment\",\"target\":[\"https:\/\/www.oarcanjo.net\/site\/deserto-lugar-de-deus\/#respond\"]}]},{\"@type\":\"WebPage\",\"@id\":\"https:\/\/www.oarcanjo.net\/site\/deserto-lugar-de-deus\/\",\"url\":\"https:\/\/www.oarcanjo.net\/site\/deserto-lugar-de-deus\/\",\"name\":\"Deserto: lugar de Deus - O Arcanjo no ar\",\"isPartOf\":{\"@id\":\"https:\/\/www.oarcanjo.net\/site\/#website\"},\"datePublished\":\"2011-12-03T13:39:18+00:00\",\"dateModified\":\"2011-12-03T14:04:50+00:00\",\"breadcrumb\":{\"@id\":\"https:\/\/www.oarcanjo.net\/site\/deserto-lugar-de-deus\/#breadcrumb\"},\"inLanguage\":\"pt-BR\",\"potentialAction\":[{\"@type\":\"ReadAction\",\"target\":[\"https:\/\/www.oarcanjo.net\/site\/deserto-lugar-de-deus\/\"]}]},{\"@type\":\"BreadcrumbList\",\"@id\":\"https:\/\/www.oarcanjo.net\/site\/deserto-lugar-de-deus\/#breadcrumb\",\"itemListElement\":[{\"@type\":\"ListItem\",\"position\":1,\"name\":\"In\u00edcio\",\"item\":\"https:\/\/www.oarcanjo.net\/site\/\"},{\"@type\":\"ListItem\",\"position\":2,\"name\":\"Deserto: lugar de Deus\"}]},{\"@type\":\"WebSite\",\"@id\":\"https:\/\/www.oarcanjo.net\/site\/#website\",\"url\":\"https:\/\/www.oarcanjo.net\/site\/\",\"name\":\"O Arcanjo no ar\",\"description\":\"Site da Par\u00f3quia S\u00e3o Miguel Arcanjo (Arquidiocese de SP)\",\"publisher\":{\"@id\":\"https:\/\/www.oarcanjo.net\/site\/#organization\"},\"potentialAction\":[{\"@type\":\"SearchAction\",\"target\":{\"@type\":\"EntryPoint\",\"urlTemplate\":\"https:\/\/www.oarcanjo.net\/site\/?s={search_term_string}\"},\"query-input\":{\"@type\":\"PropertyValueSpecification\",\"valueRequired\":true,\"valueName\":\"search_term_string\"}}],\"inLanguage\":\"pt-BR\"},{\"@type\":\"Organization\",\"@id\":\"https:\/\/www.oarcanjo.net\/site\/#organization\",\"name\":\"Par\u00f3quia S\u00e3o Miguel Arcanjo\",\"url\":\"https:\/\/www.oarcanjo.net\/site\/\",\"logo\":{\"@type\":\"ImageObject\",\"inLanguage\":\"pt-BR\",\"@id\":\"https:\/\/www.oarcanjo.net\/site\/#\/schema\/logo\/image\/\",\"url\":\"https:\/\/www.oarcanjo.net\/site\/wp-content\/uploads\/LogoOArcanjo.png\",\"contentUrl\":\"https:\/\/www.oarcanjo.net\/site\/wp-content\/uploads\/LogoOArcanjo.png\",\"width\":319,\"height\":99,\"caption\":\"Par\u00f3quia S\u00e3o Miguel Arcanjo\"},\"image\":{\"@id\":\"https:\/\/www.oarcanjo.net\/site\/#\/schema\/logo\/image\/\"},\"sameAs\":[\"https:\/\/www.facebook.com\/OArcanjoNoAr\/\"]},{\"@type\":\"Person\",\"@id\":\"https:\/\/www.oarcanjo.net\/site\/#\/schema\/person\/f7024d007863202483a31326673a0838\",\"name\":\"editor\",\"sameAs\":[\"http:\/\/www.oarcanjo.net\"]}]}<\/script>\n<!-- \/ Yoast SEO plugin. -->","yoast_head_json":{"title":"Deserto: lugar de Deus - O Arcanjo no ar","robots":{"index":"index","follow":"follow","max-snippet":"max-snippet:-1","max-image-preview":"max-image-preview:large","max-video-preview":"max-video-preview:-1"},"canonical":"https:\/\/www.oarcanjo.net\/site\/deserto-lugar-de-deus\/","og_locale":"pt_BR","og_type":"article","og_title":"Deserto: lugar de Deus - O Arcanjo no ar","og_description":"Pe. Geovane Saraiva Pela import\u00e2ncia do tema, seria necess\u00e1rio um trabalho cient\u00edfico, porque \u00e9 impens\u00e1vel qualquer entendimento neste campo espiritual, sem uma compreens\u00e3o, no m\u00ednimo b\u00e1sica, do deserto como lugar de Deus. Infelizmente, a falta de um tempo suficiente e, mais ainda, das fontes que s\u00e3o necess\u00e1rias, n\u00e3o favorecem a realiza\u00e7\u00e3o deste ideal. Quando falamos [&hellip;]","og_url":"https:\/\/www.oarcanjo.net\/site\/deserto-lugar-de-deus\/","og_site_name":"O Arcanjo no ar","article_publisher":"https:\/\/www.facebook.com\/OArcanjoNoAr\/","article_published_time":"2011-12-03T13:39:18+00:00","article_modified_time":"2011-12-03T14:04:50+00:00","og_image":[{"width":300,"height":300,"url":"https:\/\/www.oarcanjo.net\/site\/wp-content\/uploads\/logo-o-arcanjo-no-ar-facebook.png","type":"image\/png"}],"author":"editor","twitter_card":"summary_large_image","twitter_misc":{"Escrito por":"editor","Est. tempo de leitura":"4 minutos"},"schema":{"@context":"https:\/\/schema.org","@graph":[{"@type":"Article","@id":"https:\/\/www.oarcanjo.net\/site\/deserto-lugar-de-deus\/#article","isPartOf":{"@id":"https:\/\/www.oarcanjo.net\/site\/deserto-lugar-de-deus\/"},"author":{"name":"editor","@id":"https:\/\/www.oarcanjo.net\/site\/#\/schema\/person\/f7024d007863202483a31326673a0838"},"headline":"Deserto: lugar de Deus","datePublished":"2011-12-03T13:39:18+00:00","dateModified":"2011-12-03T14:04:50+00:00","mainEntityOfPage":{"@id":"https:\/\/www.oarcanjo.net\/site\/deserto-lugar-de-deus\/"},"wordCount":862,"commentCount":0,"publisher":{"@id":"https:\/\/www.oarcanjo.net\/site\/#organization"},"keywords":["Foucauld"],"articleSection":["Charles de Foucauld"],"inLanguage":"pt-BR","potentialAction":[{"@type":"CommentAction","name":"Comment","target":["https:\/\/www.oarcanjo.net\/site\/deserto-lugar-de-deus\/#respond"]}]},{"@type":"WebPage","@id":"https:\/\/www.oarcanjo.net\/site\/deserto-lugar-de-deus\/","url":"https:\/\/www.oarcanjo.net\/site\/deserto-lugar-de-deus\/","name":"Deserto: lugar de Deus - O Arcanjo no ar","isPartOf":{"@id":"https:\/\/www.oarcanjo.net\/site\/#website"},"datePublished":"2011-12-03T13:39:18+00:00","dateModified":"2011-12-03T14:04:50+00:00","breadcrumb":{"@id":"https:\/\/www.oarcanjo.net\/site\/deserto-lugar-de-deus\/#breadcrumb"},"inLanguage":"pt-BR","potentialAction":[{"@type":"ReadAction","target":["https:\/\/www.oarcanjo.net\/site\/deserto-lugar-de-deus\/"]}]},{"@type":"BreadcrumbList","@id":"https:\/\/www.oarcanjo.net\/site\/deserto-lugar-de-deus\/#breadcrumb","itemListElement":[{"@type":"ListItem","position":1,"name":"In\u00edcio","item":"https:\/\/www.oarcanjo.net\/site\/"},{"@type":"ListItem","position":2,"name":"Deserto: lugar de Deus"}]},{"@type":"WebSite","@id":"https:\/\/www.oarcanjo.net\/site\/#website","url":"https:\/\/www.oarcanjo.net\/site\/","name":"O Arcanjo no ar","description":"Site da Par\u00f3quia S\u00e3o Miguel Arcanjo (Arquidiocese de SP)","publisher":{"@id":"https:\/\/www.oarcanjo.net\/site\/#organization"},"potentialAction":[{"@type":"SearchAction","target":{"@type":"EntryPoint","urlTemplate":"https:\/\/www.oarcanjo.net\/site\/?s={search_term_string}"},"query-input":{"@type":"PropertyValueSpecification","valueRequired":true,"valueName":"search_term_string"}}],"inLanguage":"pt-BR"},{"@type":"Organization","@id":"https:\/\/www.oarcanjo.net\/site\/#organization","name":"Par\u00f3quia S\u00e3o Miguel Arcanjo","url":"https:\/\/www.oarcanjo.net\/site\/","logo":{"@type":"ImageObject","inLanguage":"pt-BR","@id":"https:\/\/www.oarcanjo.net\/site\/#\/schema\/logo\/image\/","url":"https:\/\/www.oarcanjo.net\/site\/wp-content\/uploads\/LogoOArcanjo.png","contentUrl":"https:\/\/www.oarcanjo.net\/site\/wp-content\/uploads\/LogoOArcanjo.png","width":319,"height":99,"caption":"Par\u00f3quia S\u00e3o Miguel Arcanjo"},"image":{"@id":"https:\/\/www.oarcanjo.net\/site\/#\/schema\/logo\/image\/"},"sameAs":["https:\/\/www.facebook.com\/OArcanjoNoAr\/"]},{"@type":"Person","@id":"https:\/\/www.oarcanjo.net\/site\/#\/schema\/person\/f7024d007863202483a31326673a0838","name":"editor","sameAs":["http:\/\/www.oarcanjo.net"]}]}},"publishpress_future_action":{"enabled":false,"date":"2026-05-07 00:00:07","action":"category","newStatus":"draft","terms":[],"taxonomy":"category"},"publishpress_future_workflow_manual_trigger":{"enabledWorkflows":[]},"_links":{"self":[{"href":"https:\/\/www.oarcanjo.net\/site\/wp-json\/wp\/v2\/posts\/16562"}],"collection":[{"href":"https:\/\/www.oarcanjo.net\/site\/wp-json\/wp\/v2\/posts"}],"about":[{"href":"https:\/\/www.oarcanjo.net\/site\/wp-json\/wp\/v2\/types\/post"}],"author":[{"embeddable":true,"href":"https:\/\/www.oarcanjo.net\/site\/wp-json\/wp\/v2\/users\/5"}],"replies":[{"embeddable":true,"href":"https:\/\/www.oarcanjo.net\/site\/wp-json\/wp\/v2\/comments?post=16562"}],"version-history":[{"count":0,"href":"https:\/\/www.oarcanjo.net\/site\/wp-json\/wp\/v2\/posts\/16562\/revisions"}],"wp:attachment":[{"href":"https:\/\/www.oarcanjo.net\/site\/wp-json\/wp\/v2\/media?parent=16562"}],"wp:term":[{"taxonomy":"category","embeddable":true,"href":"https:\/\/www.oarcanjo.net\/site\/wp-json\/wp\/v2\/categories?post=16562"},{"taxonomy":"post_tag","embeddable":true,"href":"https:\/\/www.oarcanjo.net\/site\/wp-json\/wp\/v2\/tags?post=16562"}],"curies":[{"name":"wp","href":"https:\/\/api.w.org\/{rel}","templated":true}]}}