
{"id":16586,"date":"2011-12-04T09:15:22","date_gmt":"2011-12-04T11:15:22","guid":{"rendered":"http:\/\/www.oarcanjo.net\/site\/?p=16586"},"modified":"2011-12-04T10:07:24","modified_gmt":"2011-12-04T12:07:24","slug":"advento-e-natal-cristao-em-familia","status":"publish","type":"post","link":"https:\/\/www.oarcanjo.net\/site\/advento-e-natal-cristao-em-familia\/","title":{"rendered":"Advento e Natal crist\u00e3o em fam\u00edlia"},"content":{"rendered":"<p>No domingo, 27\/11, come\u00e7ou o novo ano lit\u00fargico com o Advento, tempo de prepara\u00e7\u00e3o para o Natal. O Secretariado de Pastoral produziu o subs\u00eddio reproduzido abaixo com orienta\u00e7\u00f5es de ora\u00e7\u00f5es e leituras para o Advento e a festa do Natal. <\/p>\n<p><img loading=\"lazy\" decoding=\"async\" style=\"margin-left: 4px; margin-right: 4px;\" title=\"Logo da Arquidiocese de S\u00e3o Paulo\" src=\"http:\/\/www.oarcanjo.net\/site\/wp-content\/uploads\/logo-arquidiocese.png\" alt=\"Logo da Arquidiocese de S\u00e3o Paulo\" width=\"72\" height=\"90\" align=\"right\" \/><\/p>\n<p><em>O Cardeal <strong>Dom Odilo Pedro Scherer<\/strong>, Arcebispo de S\u00e3o Paulo, e os Bispos Auxiliares da Arquidiocese de S\u00e3o Paulo, <strong>Dom Edmar Peron<\/strong>; <strong>Dom Joaquim Justino Carreira<\/strong>; <strong>Dom J\u00falio Endi Akamine<\/strong>, SAC; <strong>Dom Milton Kenan<\/strong>; <strong>Dom Tarc\u00edsio Scaramussa<\/strong>, SDB; e <strong>Dom Tom\u00e9 Ferreira Silva<\/strong> convidam para celebrar em fam\u00edlia o Advento e o Natal do Senhor em 2011.<\/em><\/p>\n<p>&nbsp;<\/p>\n<p>Estimados irm\u00e3os e irm\u00e3s, Queridas fam\u00edlias,<\/p>\n<p>Durante o Advento, preparamo-nos para celebrar bem o Natal de Jesus. Em n\u00f3s reavivase a certeza de que n\u00e3o estamos sozinhos no mundo. O Deus da esperan\u00e7a caminha conosco e conduz a hist\u00f3ria; tamb\u00e9m acompanha a nossa vida pessoal e nos ajuda a superarmos os males e a alcan\u00e7armos a felicidade e a vida plena.<\/p>\n<p>O Natal celebra na f\u00e9 o fato mais extraordin\u00e1rio j\u00e1 acontecido entre n\u00f3s: o Filho de Deus se fez homem por meio da Virgem Maria, para santificar este mundo e nossas pessoas mediante o Mist\u00e9rio da sua admir\u00e1vel Encarna\u00e7\u00e3o. Nosso Deus \u00e9 \u201cEmanuel\u201d, Deus conosco. Ele est\u00e1 no meio de n\u00f3s!<\/p>\n<p><img loading=\"lazy\" decoding=\"async\" class=\"alignnone size-full wp-image-16600\" title=\"Advento e Natal crist\u00e3o em fam\u00edlia\" src=\"http:\/\/www.oarcanjo.net\/site\/wp-content\/uploads\/img-advento-natal-2011-01.png\" alt=\"Advento e Natal crist\u00e3o em fam\u00edlia\" width=\"351\" height=\"242\" srcset=\"https:\/\/www.oarcanjo.net\/site\/wp-content\/uploads\/img-advento-natal-2011-01.png 439w, https:\/\/www.oarcanjo.net\/site\/wp-content\/uploads\/img-advento-natal-2011-01-300x206.png 300w\" sizes=\"(max-width: 351px) 100vw, 351px\" \/><\/p>\n<p>Para preparar e celebrar o Natal com f\u00e9 e alegria crist\u00e3, convidamos cada fam\u00edlia \u2013 e cada um em particular \u2013 para os seguintes exerc\u00edcios:<\/p>\n<p><strong>1. Durante o Advento<\/strong><\/p>\n<p>&#8211; participar da <strong>Missa <\/strong>com freq\u00fc\u00eancia, sobretudo cada domingo;<\/p>\n<p>&#8211; celebrar em fam\u00edlia a <strong>Novena do Natal<\/strong>;<\/p>\n<p>&#8211; preparar um <strong>pres\u00e9pio <\/strong>em casa, com as figuras do Natal, conforme Lc. 2,6-20 e Mt. 2,1-12, mas ainda sem o Menino Jesus;<\/p>\n<p>&#8211; quem tem com\u00e9rcio, preparar tamb\u00e9m um pres\u00e9pio crist\u00e3o em <strong>sua loja <\/strong>ou estabelecimento de trabalho;<\/p>\n<p>&#8211; os pais falem <strong>aos filhos<\/strong> sobre o Natal crist\u00e3o e seus simbolismos. N\u00e3o deixem escapar esta bela ocasi\u00e3o para uma catequese, nem permitam que Papai Noel tome o lugar de Jesus no Natal;<\/p>\n<p>&#8211; fazer uma <strong>boa Confiss\u00e3o<\/strong> antes do Natal. Informar-se sobre os hor\u00e1rios de Confiss\u00e3o em sua par\u00f3quia\/igreja;<\/p>\n<p>&#8211; participar de a\u00e7\u00f5es de <strong>solidariedade <\/strong>neste tempo: Natal \u00e9 not\u00edcia boa para todos, mas especialmente para quem sofre;<\/p>\n<p>&#8211; fazer seu gesto concreto de <strong>apoio \u00e0 evangeliza\u00e7\u00e3o<\/strong>, na coleta da Campanha para a Evangeliza\u00e7\u00e3o, no 3\u00ba domingo do Advento, dia 11 de dezembro. A Igreja precisa da ajuda e participa\u00e7\u00e3o concreta de todos na miss\u00e3o de anunciar: \u201cNasceu hoje para v\u00f3s um Salvador\u201d; \u201cDeus est\u00e1 no meio de n\u00f3s\u201d!<\/p>\n<p>&#8211; preparar-se para participar com a fam\u00edlia da <strong>Missa no Natal<\/strong>; sem a Missa, fica faltando algo importante no Natal dos crist\u00e3os;<\/p>\n<p>&#8211; cada dia do advento, fazer as leituras previstas para as missas (as cita\u00e7\u00f5es das leituras se encontram no item 3).<\/p>\n<p><strong>2. Ora\u00e7\u00e3o para todos os dias do Advento<\/strong><\/p>\n<p><strong>O Anjo do Senhor (Angelus)<\/strong><\/p>\n<p><strong><em>Voz 1:<\/em> <\/strong>O Anjo do Senhor anunciou a Maria,<\/p>\n<p><strong><em>Voz 2:<\/em><\/strong> E ela concebeu do Esp\u00edrito Santo.<\/p>\n<p><strong><em>Todos:<\/em><\/strong> Ave Maria&#8230;<\/p>\n<p><strong><em>Voz 1:<\/em><\/strong> Eis aqui a serva do Senhor,<\/p>\n<p><strong><em>Voz 2:<\/em><\/strong> Fa\u00e7a-se em mim segundo a vossa palavra.<\/p>\n<p><strong><em>Todos:<\/em><\/strong> Ave Maria&#8230;<\/p>\n<p><strong><em>Voz 1:<\/em><\/strong> E o Verbo se fez carne,<\/p>\n<p><strong><em>Voz 2:<\/em><\/strong> E habitou entre n\u00f3s.<\/p>\n<p><strong><em>Todos:<\/em><\/strong> Ave Maria&#8230;<\/p>\n<p><strong><em>Voz 1:<\/em><\/strong> Rogai por n\u00f3s, Santa M\u00e3e de Deus,<\/p>\n<p><strong><em>Todos:<\/em><\/strong> Para que sejamos dignos das promessas de Cristo.<\/p>\n<p><strong><em>Voz 1:<\/em><\/strong> Oremos. Infundi, Senhor, a vossa gra\u00e7a em nossas almas para que, conhecendo, pelo an\u00fancio do Anjo, a encarna\u00e7\u00e3o de vosso Filho Jesus Cristo, cheguemos por sua paix\u00e3o e cruz \u00e0 gloria da ressurrei\u00e7\u00e3o. Pelo mesmo Jesus Cristo, Nosso Senhor.<\/p>\n<p><strong><em>Todos:<\/em><\/strong> Am\u00e9m.<\/p>\n<p><strong><em>Todos:<\/em><\/strong> Gl\u00f3ria ao Pai&#8230;<\/p>\n<p><strong>3. Ora\u00e7\u00e3o conclusiva<\/strong><\/p>\n<p><strong>1\u00aa Semana do Advento:<\/strong><\/p>\n<p>\u00d3 Deus todo-poderoso, concedei a vossos fi\u00e9is o ardente desejo de possuir o reino celeste, para que, acorrendo com as nossas boas obras ao encontro do Cristo que vem, sejamos reunidos \u00e0 sua direita na comunidade dos justos. Por Cristo, Nosso Senhor. Am\u00e9m.<\/p>\n<p><strong>Leituras:<\/strong><br \/>\n<strong>1\u00ba DOM.: <\/strong>Is 63, 16b-17.19b; 64, 2b-7; Sl 79 (80), 2ac e 3b. 15-16. 18-19 (R\/. 4); 1Cor 1, 3-9; Mc 13, 33-37<br \/>\n<strong>2\u00aa-:<\/strong> Is 2, 1-5; Sl 121 (122), 1-2. 3-4a. 4b-5. 6-7. 8-9 (R\/. 1); Mt 8, 5-11<br \/>\n<strong>3\u00aa-:<\/strong> Is 11, 1-10; Sl 71 (72), 1-2. 7-8. 12-13. 17 (R\/. cf. 7); Lc 10, 21-24<br \/>\n<strong>4\u00aa-: <\/strong>Rm 10, 9-18; Sl 18 (19), 2-3. 4-5 (R\/. 5a); Mt 4, 18-22<br \/>\n<strong>5\u00aa-: <\/strong>Is 26, 1-6; Sl 117 (118), 1 e 8-9. 19-21. 25-27a (R\/. 26a); Mt 7, 21.24-27<br \/>\n<strong>6\u00aa-: <\/strong>Is 29, 17-24; Sl 26 (27), 1. 4. 13-14 (R\/. 1a); Mt 9, 27-31<br \/>\n<strong>S\u00e1b.: <\/strong>Is 30, 19-21.23-26; Sl 146 (147A), 1-2. 3-4. 5-6 (R\/. Is 30, 18); Mt 9, 35- 10, 1.6-8<\/p>\n<p><strong>2\u00aa Semana do Advento:<\/strong><\/p>\n<p>\u00d3 Deus todo-poderoso e cheio de miseric\u00f3rdia, n\u00f3s vos pedimos que nenhuma atividade terrena nos impe\u00e7a de correr ao encontro do vosso Filho, mas, instru\u00eddos pela vossa sabedoria, participemos da plenitude de sua vida. Por Cristo, Nosso Senhor. Am\u00e9m.<\/p>\n<p><strong>Leituras:<\/strong><br \/>\n<strong>2\u00ba DOM.: <\/strong>Is 40, 1-5 .9-11, Sl 84 (85), 9ab-10. 11-12. 13-14 (R\/. 8); 2Pd 3, 8-14; Mc 1, 1-8<br \/>\n<strong>2\u00aa-:<\/strong> Is 35, 1-10; Sl 84 (85), 9ab-10. 11-12. 13-14 (R\/. Is 35, 4d); Lc 5, 17-26<br \/>\n<strong>3\u00aa-:<\/strong> Is 40, 1-11; Sl 95 (96), 1-2. 3 e 10ac. 11-12. 13 (R\/. Is 40, 9-10); Mt 18, 12-14<br \/>\n<strong>4\u00aa-:<\/strong> Is 40, 25-31; Sl 102 (103), 1-2. 3-4. 8 e 10 (R\/. 1a); Mt 11, 28-30<br \/>\n<strong>5\u00aa-:<\/strong> Gn 3, 9-15.20; Sl 97 (98), 1. 2-3\u00aab. 3bc-4 (R\/. 1a); Ef 1, 3-6.11-12; Lc 1, 26-38<br \/>\n<strong>6\u00aa-:<\/strong> Is 48, 17-19; Sl 1, 1-2. 3. 4 e 6 (R\/. cf. Jo 8, 12); Mt 11, 16-19<br \/>\n<strong>S\u00e1b.: <\/strong>Eclo 48, 1-4.9-11; Sl 79 (80), 2\u00aac e 3b. 15-16.18-19 (R\/. 4); Mt 17, 10-13<\/p>\n<p><strong>3\u00aa Semana do Advento:<\/strong><\/p>\n<p>\u00d3 Deus de bondade, que vedes o vosso povo esperando fervoroso o Natal do Senhor, dai chegarmos \u00e0s alegrias da salva\u00e7\u00e3o e celebr\u00e1-las sempre com intenso j\u00fabilo na solene liturgia. Por Cristo, Nosso Senhor. Am\u00e9m.<\/p>\n<p><strong>Leituras:<\/strong><br \/>\n<strong>3\u00ba DOM.:<\/strong> Is 61, 1-2\u00aa.10-11; Cant.: Lc 1,46-48. 49-50. 53-54 (R\/. Is 61, 10b); 1Ts 5, 16-24; Jo 1, 6-8.19-28<br \/>\n<strong>2\u00aa-.:<\/strong> Gl 4, 4-7; Sl 95 (96), 1-2\u00aa. 2b-3. 10 (R\/. 3\u00aa); Lc 1, 39-47<br \/>\n<strong>3\u00aa-:<\/strong> Sf 3, 1-2.9-13; Sl 33 (34), 2-3. 6-7. 17-18. 19-23 (R\/. 7a); Mt 21, 28-32<br \/>\n<strong>4\u00aa-:<\/strong> Is 45, 6b-8.18.21b-25; Sl 84 (85), 9ab-10. 11-12. 13-14 (R\/. cf. Is 45, 8); Lc 7, 19-23<br \/>\n<strong>5\u00aa-: <\/strong>Is 54, 1-10; Sl 29 (30), 2 e 4. 5-6. 11-12\u00aa e 13b (R\/. 2\u00aa); Lc 7, 24-30<br \/>\n<strong>6\u00aa-: <\/strong>Is 56, 1-3\u00aa.6-8; Sl 66 (67), 2-3. 5. 7-8 (R\/. 4); Jo 5, 33-36<br \/>\n<strong>S\u00e1b.: <\/strong>Gn 49, 2.8-10; Sl 71 (72), 2. 3-4\u00aab. 7-8. 17 (R\/. cf. 7); Mt 1, 1-17<\/p>\n<p><strong>4\u00aa Semana do Advento:<\/strong><\/p>\n<p>Derramai, \u00f3 Deus, a vossa gra\u00e7a em nossos cora\u00e7\u00f5es para que, conhecendo pela mensagem do anjo a encarna\u00e7\u00e3o do vosso Filho, cheguemos, por sua paix\u00e3o e cruz, \u00e0 gloria da ressurrei\u00e7\u00e3o. Por Cristo, Nosso Senhor. Am\u00e9m.<\/p>\n<p><strong>Leituras:<\/strong><br \/>\n<strong>4\u00ba DOM.: <\/strong>2Sm 7, 1-5.8b-12.14\u00aa.16; Sl 88 (89), 2-3. 4-5. 27 e 29 (R\/. cf. 2\u00aa); Rm 16, 25-27; Lc 1, 26-38.<br \/>\n<strong>2\u00aa-:<\/strong> Jz 13, 2-7.24-25\u00aa; Sl 70 (71), 3-4\u00aa. 5-6\u00aab. 16-17 (R\/. cf. 8a); Lc 1, 5-25<br \/>\n<strong>3\u00aa-:<\/strong> Is 7, 10-14; Sl 23 (24), 1-2. 3-4\u00aab. 5-6 (R\/. cf. 7c e 10b); Lc 1, 26-38<br \/>\n<strong>4\u00aa-: <\/strong>Ct 2, 8-14 ou Sf 3, 14-18\u00aa; Sl 32 (33), 2-3. 11-12. 20-21 (R\/. 1a e 3\u00aa); Lc 1, 39-45<br \/>\n<strong>5\u00aa-: <\/strong>1Sm 1, 24-28; Cant.: 1Sm 2, 1. 4-5. 6-7. 8abcd (R\/. 1a); Lc 1, 46-56<br \/>\n<strong>6\u00aa-:<\/strong> Ml 3, 1-4.23-24; Sl 24(25), 4-5\u00aab. 8-9. 10 e 14 (R\/. Lc 21,28); Lc 1, 57-66<br \/>\n<strong>S\u00e1b.(manh\u00e3):<\/strong> 2Sm 7, 1-5.8b-12.14\u00aa.16; Sl 88 (89), 2-3. 4-5. 27 e 29 (R\/. cf. 2\u00aa); Lc 1, 67-79<\/p>\n<p><strong>4. Para a Celebra\u00e7\u00e3o do Natal: Sugest\u00f5es<\/strong><\/p>\n<p><img loading=\"lazy\" decoding=\"async\" style=\"margin-left: 2px; margin-right: 6px;\" title=\"Advento e Natal crist\u00e3o em fam\u00edlia\" src=\"http:\/\/www.oarcanjo.net\/site\/wp-content\/uploads\/img-advento-natal-2011-02.png\" alt=\"Advento e Natal crist\u00e3o em fam\u00edlia\" width=\"171\" height=\"257\" align=\"left\" \/>&#8211; Na noite do Natal, antes da festa em fam\u00edlia, <strong>reunir todos perto do pres\u00e9pio<\/strong>, ou no lugar preparado para acolher o Menino Jesus;<br \/>\n&#8211; Acender uma <strong>vela<\/strong>;<br \/>\n&#8211; Enquanto se canta um hino de Natal, uma crian\u00e7a ou uma jovem introduz a imagem do Menino Jesus e a coloca no pres\u00e9pio;<br \/>\n&#8211; <strong>Ler o Evangelho <\/strong>do nascimento de Jesus (Lc 2,1-20);<br \/>\n&#8211; Em seguida, todos recitam a ora\u00e7\u00e3o do <strong>Angelus<\/strong>, como nos dias da prepara\u00e7\u00e3o, durante o Advento;<br \/>\n&#8211; Concluir a celebra\u00e7\u00e3o com a seguinte ora\u00e7\u00e3o, feita por todos:<br \/>\n<strong>Oremos: <\/strong>Senhor Deus, nosso Pai, que enviastes vosso Filho ao mundo para ser nosso Salvador, n\u00f3s vos louvamos e glorificamos pela vossa miseric\u00f3rdia. Neste Natal, acolhemos mais uma vez a sua vinda entre n\u00f3s. Aben\u00e7oai a n\u00f3s e a todas as fam\u00edlias; dai a paz ao mundo, consolai os que sofrem, reavivai nossa esperan\u00e7a e fazei de n\u00f3s mensageiros e testemunhas do vosso amor para nossos irm\u00e3os. Pelo mesmo Jesus Cristo, nosso Senhor. Am\u00e9m.<\/p>\n<p><strong>Canto final:<\/strong> Noite feliz.<\/p>\n<p><strong>FELIZ E SANTO NATAL PARA TODOS!<\/strong><\/p>\n<p>O Arcebispo de S\u00e3o Paulo, Cardeal Dom Odilo, os Arcebispos em\u00e9ritos, Cardeais Dom Paulo e Dom Cl\u00e1udio, e os Bispos Auxiliares, desejam a todos um feliz e santo Natal de Jesus e toda b\u00ean\u00e7\u00e3o de Deus em 2012!<\/p>\n<p>\u201cDeus habita esta cidade!\u201d<\/p>\n<p><strong>5. Para lembrar:<\/strong><\/p>\n<p>&#8211; A Solenidade do Natal \u00e9 <strong>dia santo de guarda<\/strong>, assim como o dia 1\u00ba de janeiro (Santa Maria, M\u00e3e de Deus).<br \/>\n&#8211; O Natal crist\u00e3o inclui a participa\u00e7\u00e3o na <strong>Missa<\/strong>; esta \u00e9 a melhor acolhida e homenagem ao \u201cDeus-que-vem\u201d ao nosso encontro.<br \/>\n&#8211; No Natal, <strong>Deus nos d\u00e1 de presente seu Filho \u00fanico<\/strong>; partilhemos esta alegria com todos, especialmente em fam\u00edlia, com os doentes e os pobres.<\/p>\n<p><strong>Arquidiocese de S\u00e3o Paulo<\/strong><br \/>\n<strong> Natal 2011<\/strong><\/p>\n<p>Clique <strong><a href=\"http:\/\/www.oarcanjo.net\/site\/wp-content\/uploads\/AdventoeNatal-2011.pdf\" target=\"_blank\">aqui<\/a><\/strong> para copiar o documento (PDF &#8211; 412 KB)<\/p>\n<p>&nbsp;<\/p>\n<div id=\"themify_builder_content-16586\" data-postid=\"16586\" class=\"themify_builder_content themify_builder_content-16586 themify_builder themify_builder_front\">\n\t<\/div>\n<!-- \/themify_builder_content -->","protected":false},"excerpt":{"rendered":"<p>No domingo, 27\/11, come\u00e7ou o novo ano lit\u00fargico com o Advento, tempo de prepara\u00e7\u00e3o para o Natal. O Secretariado de Pastoral produziu o subs\u00eddio reproduzido abaixo com orienta\u00e7\u00f5es de ora\u00e7\u00f5es e leituras para o Advento e a festa do Natal. O Cardeal Dom Odilo Pedro Scherer, Arcebispo de S\u00e3o Paulo, e os Bispos Auxiliares da [&hellip;]<\/p>\n","protected":false},"author":5,"featured_media":0,"comment_status":"open","ping_status":"open","sticky":false,"template":"","format":"standard","meta":{"ngg_post_thumbnail":0,"footnotes":""},"categories":[3,109,1780],"tags":[108,119,60],"yoast_head":"<!-- This site is optimized with the Yoast SEO plugin v23.5 - https:\/\/yoast.com\/wordpress\/plugins\/seo\/ -->\n<title>Advento e Natal crist\u00e3o em fam\u00edlia - O Arcanjo no ar<\/title>\n<meta name=\"robots\" content=\"index, follow, max-snippet:-1, max-image-preview:large, max-video-preview:-1\" \/>\n<link rel=\"canonical\" href=\"https:\/\/www.oarcanjo.net\/site\/advento-e-natal-cristao-em-familia\/\" \/>\n<meta property=\"og:locale\" content=\"pt_BR\" \/>\n<meta property=\"og:type\" content=\"article\" \/>\n<meta property=\"og:title\" content=\"Advento e Natal crist\u00e3o em fam\u00edlia - O Arcanjo no ar\" \/>\n<meta property=\"og:description\" content=\"No domingo, 27\/11, come\u00e7ou o novo ano lit\u00fargico com o Advento, tempo de prepara\u00e7\u00e3o para o Natal. O Secretariado de Pastoral produziu o subs\u00eddio reproduzido abaixo com orienta\u00e7\u00f5es de ora\u00e7\u00f5es e leituras para o Advento e a festa do Natal. O Cardeal Dom Odilo Pedro Scherer, Arcebispo de S\u00e3o Paulo, e os Bispos Auxiliares da [&hellip;]\" \/>\n<meta property=\"og:url\" content=\"https:\/\/www.oarcanjo.net\/site\/advento-e-natal-cristao-em-familia\/\" \/>\n<meta property=\"og:site_name\" content=\"O Arcanjo no ar\" \/>\n<meta property=\"article:publisher\" content=\"https:\/\/www.facebook.com\/OArcanjoNoAr\/\" \/>\n<meta property=\"article:published_time\" content=\"2011-12-04T11:15:22+00:00\" \/>\n<meta property=\"article:modified_time\" content=\"2011-12-04T12:07:24+00:00\" \/>\n<meta property=\"og:image\" content=\"http:\/\/www.oarcanjo.net\/site\/wp-content\/uploads\/logo-arquidiocese.png\" \/>\n<meta name=\"author\" content=\"editor\" \/>\n<meta name=\"twitter:card\" content=\"summary_large_image\" \/>\n<meta name=\"twitter:label1\" content=\"Escrito por\" \/>\n\t<meta name=\"twitter:data1\" content=\"editor\" \/>\n\t<meta name=\"twitter:label2\" content=\"Est. tempo de leitura\" \/>\n\t<meta name=\"twitter:data2\" content=\"8 minutos\" \/>\n<script type=\"application\/ld+json\" class=\"yoast-schema-graph\">{\"@context\":\"https:\/\/schema.org\",\"@graph\":[{\"@type\":\"Article\",\"@id\":\"https:\/\/www.oarcanjo.net\/site\/advento-e-natal-cristao-em-familia\/#article\",\"isPartOf\":{\"@id\":\"https:\/\/www.oarcanjo.net\/site\/advento-e-natal-cristao-em-familia\/\"},\"author\":{\"name\":\"editor\",\"@id\":\"https:\/\/www.oarcanjo.net\/site\/#\/schema\/person\/f7024d007863202483a31326673a0838\"},\"headline\":\"Advento e Natal crist\u00e3o em fam\u00edlia\",\"datePublished\":\"2011-12-04T11:15:22+00:00\",\"dateModified\":\"2011-12-04T12:07:24+00:00\",\"mainEntityOfPage\":{\"@id\":\"https:\/\/www.oarcanjo.net\/site\/advento-e-natal-cristao-em-familia\/\"},\"wordCount\":1522,\"commentCount\":0,\"publisher\":{\"@id\":\"https:\/\/www.oarcanjo.net\/site\/#organization\"},\"image\":{\"@id\":\"https:\/\/www.oarcanjo.net\/site\/advento-e-natal-cristao-em-familia\/#primaryimage\"},\"thumbnailUrl\":\"http:\/\/www.oarcanjo.net\/site\/wp-content\/uploads\/logo-arquidiocese.png\",\"keywords\":[\"Advento\",\"fam\u00edlia\",\"natal\"],\"articleSection\":[\"Destaques\",\"Liturgia\",\"Tempos Lit\u00fargicos\"],\"inLanguage\":\"pt-BR\",\"potentialAction\":[{\"@type\":\"CommentAction\",\"name\":\"Comment\",\"target\":[\"https:\/\/www.oarcanjo.net\/site\/advento-e-natal-cristao-em-familia\/#respond\"]}]},{\"@type\":\"WebPage\",\"@id\":\"https:\/\/www.oarcanjo.net\/site\/advento-e-natal-cristao-em-familia\/\",\"url\":\"https:\/\/www.oarcanjo.net\/site\/advento-e-natal-cristao-em-familia\/\",\"name\":\"Advento e Natal crist\u00e3o em fam\u00edlia - O Arcanjo no ar\",\"isPartOf\":{\"@id\":\"https:\/\/www.oarcanjo.net\/site\/#website\"},\"primaryImageOfPage\":{\"@id\":\"https:\/\/www.oarcanjo.net\/site\/advento-e-natal-cristao-em-familia\/#primaryimage\"},\"image\":{\"@id\":\"https:\/\/www.oarcanjo.net\/site\/advento-e-natal-cristao-em-familia\/#primaryimage\"},\"thumbnailUrl\":\"http:\/\/www.oarcanjo.net\/site\/wp-content\/uploads\/logo-arquidiocese.png\",\"datePublished\":\"2011-12-04T11:15:22+00:00\",\"dateModified\":\"2011-12-04T12:07:24+00:00\",\"breadcrumb\":{\"@id\":\"https:\/\/www.oarcanjo.net\/site\/advento-e-natal-cristao-em-familia\/#breadcrumb\"},\"inLanguage\":\"pt-BR\",\"potentialAction\":[{\"@type\":\"ReadAction\",\"target\":[\"https:\/\/www.oarcanjo.net\/site\/advento-e-natal-cristao-em-familia\/\"]}]},{\"@type\":\"ImageObject\",\"inLanguage\":\"pt-BR\",\"@id\":\"https:\/\/www.oarcanjo.net\/site\/advento-e-natal-cristao-em-familia\/#primaryimage\",\"url\":\"https:\/\/www.oarcanjo.net\/site\/wp-content\/uploads\/logo-arquidiocese.png\",\"contentUrl\":\"https:\/\/www.oarcanjo.net\/site\/wp-content\/uploads\/logo-arquidiocese.png\",\"width\":\"113\",\"height\":\"141\",\"caption\":\"Logo da Arquidiocese de S\u00e3o Paulo\"},{\"@type\":\"BreadcrumbList\",\"@id\":\"https:\/\/www.oarcanjo.net\/site\/advento-e-natal-cristao-em-familia\/#breadcrumb\",\"itemListElement\":[{\"@type\":\"ListItem\",\"position\":1,\"name\":\"In\u00edcio\",\"item\":\"https:\/\/www.oarcanjo.net\/site\/\"},{\"@type\":\"ListItem\",\"position\":2,\"name\":\"Advento e Natal crist\u00e3o em fam\u00edlia\"}]},{\"@type\":\"WebSite\",\"@id\":\"https:\/\/www.oarcanjo.net\/site\/#website\",\"url\":\"https:\/\/www.oarcanjo.net\/site\/\",\"name\":\"O Arcanjo no ar\",\"description\":\"Site da Par\u00f3quia S\u00e3o Miguel Arcanjo (Arquidiocese de SP)\",\"publisher\":{\"@id\":\"https:\/\/www.oarcanjo.net\/site\/#organization\"},\"potentialAction\":[{\"@type\":\"SearchAction\",\"target\":{\"@type\":\"EntryPoint\",\"urlTemplate\":\"https:\/\/www.oarcanjo.net\/site\/?s={search_term_string}\"},\"query-input\":{\"@type\":\"PropertyValueSpecification\",\"valueRequired\":true,\"valueName\":\"search_term_string\"}}],\"inLanguage\":\"pt-BR\"},{\"@type\":\"Organization\",\"@id\":\"https:\/\/www.oarcanjo.net\/site\/#organization\",\"name\":\"Par\u00f3quia S\u00e3o Miguel Arcanjo\",\"url\":\"https:\/\/www.oarcanjo.net\/site\/\",\"logo\":{\"@type\":\"ImageObject\",\"inLanguage\":\"pt-BR\",\"@id\":\"https:\/\/www.oarcanjo.net\/site\/#\/schema\/logo\/image\/\",\"url\":\"https:\/\/www.oarcanjo.net\/site\/wp-content\/uploads\/LogoOArcanjo.png\",\"contentUrl\":\"https:\/\/www.oarcanjo.net\/site\/wp-content\/uploads\/LogoOArcanjo.png\",\"width\":319,\"height\":99,\"caption\":\"Par\u00f3quia S\u00e3o Miguel Arcanjo\"},\"image\":{\"@id\":\"https:\/\/www.oarcanjo.net\/site\/#\/schema\/logo\/image\/\"},\"sameAs\":[\"https:\/\/www.facebook.com\/OArcanjoNoAr\/\"]},{\"@type\":\"Person\",\"@id\":\"https:\/\/www.oarcanjo.net\/site\/#\/schema\/person\/f7024d007863202483a31326673a0838\",\"name\":\"editor\",\"sameAs\":[\"http:\/\/www.oarcanjo.net\"]}]}<\/script>\n<!-- \/ Yoast SEO plugin. -->","yoast_head_json":{"title":"Advento e Natal crist\u00e3o em fam\u00edlia - O Arcanjo no ar","robots":{"index":"index","follow":"follow","max-snippet":"max-snippet:-1","max-image-preview":"max-image-preview:large","max-video-preview":"max-video-preview:-1"},"canonical":"https:\/\/www.oarcanjo.net\/site\/advento-e-natal-cristao-em-familia\/","og_locale":"pt_BR","og_type":"article","og_title":"Advento e Natal crist\u00e3o em fam\u00edlia - O Arcanjo no ar","og_description":"No domingo, 27\/11, come\u00e7ou o novo ano lit\u00fargico com o Advento, tempo de prepara\u00e7\u00e3o para o Natal. O Secretariado de Pastoral produziu o subs\u00eddio reproduzido abaixo com orienta\u00e7\u00f5es de ora\u00e7\u00f5es e leituras para o Advento e a festa do Natal. O Cardeal Dom Odilo Pedro Scherer, Arcebispo de S\u00e3o Paulo, e os Bispos Auxiliares da [&hellip;]","og_url":"https:\/\/www.oarcanjo.net\/site\/advento-e-natal-cristao-em-familia\/","og_site_name":"O Arcanjo no ar","article_publisher":"https:\/\/www.facebook.com\/OArcanjoNoAr\/","article_published_time":"2011-12-04T11:15:22+00:00","article_modified_time":"2011-12-04T12:07:24+00:00","og_image":[{"url":"http:\/\/www.oarcanjo.net\/site\/wp-content\/uploads\/logo-arquidiocese.png"}],"author":"editor","twitter_card":"summary_large_image","twitter_misc":{"Escrito por":"editor","Est. tempo de leitura":"8 minutos"},"schema":{"@context":"https:\/\/schema.org","@graph":[{"@type":"Article","@id":"https:\/\/www.oarcanjo.net\/site\/advento-e-natal-cristao-em-familia\/#article","isPartOf":{"@id":"https:\/\/www.oarcanjo.net\/site\/advento-e-natal-cristao-em-familia\/"},"author":{"name":"editor","@id":"https:\/\/www.oarcanjo.net\/site\/#\/schema\/person\/f7024d007863202483a31326673a0838"},"headline":"Advento e Natal crist\u00e3o em fam\u00edlia","datePublished":"2011-12-04T11:15:22+00:00","dateModified":"2011-12-04T12:07:24+00:00","mainEntityOfPage":{"@id":"https:\/\/www.oarcanjo.net\/site\/advento-e-natal-cristao-em-familia\/"},"wordCount":1522,"commentCount":0,"publisher":{"@id":"https:\/\/www.oarcanjo.net\/site\/#organization"},"image":{"@id":"https:\/\/www.oarcanjo.net\/site\/advento-e-natal-cristao-em-familia\/#primaryimage"},"thumbnailUrl":"http:\/\/www.oarcanjo.net\/site\/wp-content\/uploads\/logo-arquidiocese.png","keywords":["Advento","fam\u00edlia","natal"],"articleSection":["Destaques","Liturgia","Tempos Lit\u00fargicos"],"inLanguage":"pt-BR","potentialAction":[{"@type":"CommentAction","name":"Comment","target":["https:\/\/www.oarcanjo.net\/site\/advento-e-natal-cristao-em-familia\/#respond"]}]},{"@type":"WebPage","@id":"https:\/\/www.oarcanjo.net\/site\/advento-e-natal-cristao-em-familia\/","url":"https:\/\/www.oarcanjo.net\/site\/advento-e-natal-cristao-em-familia\/","name":"Advento e Natal crist\u00e3o em fam\u00edlia - O Arcanjo no ar","isPartOf":{"@id":"https:\/\/www.oarcanjo.net\/site\/#website"},"primaryImageOfPage":{"@id":"https:\/\/www.oarcanjo.net\/site\/advento-e-natal-cristao-em-familia\/#primaryimage"},"image":{"@id":"https:\/\/www.oarcanjo.net\/site\/advento-e-natal-cristao-em-familia\/#primaryimage"},"thumbnailUrl":"http:\/\/www.oarcanjo.net\/site\/wp-content\/uploads\/logo-arquidiocese.png","datePublished":"2011-12-04T11:15:22+00:00","dateModified":"2011-12-04T12:07:24+00:00","breadcrumb":{"@id":"https:\/\/www.oarcanjo.net\/site\/advento-e-natal-cristao-em-familia\/#breadcrumb"},"inLanguage":"pt-BR","potentialAction":[{"@type":"ReadAction","target":["https:\/\/www.oarcanjo.net\/site\/advento-e-natal-cristao-em-familia\/"]}]},{"@type":"ImageObject","inLanguage":"pt-BR","@id":"https:\/\/www.oarcanjo.net\/site\/advento-e-natal-cristao-em-familia\/#primaryimage","url":"https:\/\/www.oarcanjo.net\/site\/wp-content\/uploads\/logo-arquidiocese.png","contentUrl":"https:\/\/www.oarcanjo.net\/site\/wp-content\/uploads\/logo-arquidiocese.png","width":"113","height":"141","caption":"Logo da Arquidiocese de S\u00e3o Paulo"},{"@type":"BreadcrumbList","@id":"https:\/\/www.oarcanjo.net\/site\/advento-e-natal-cristao-em-familia\/#breadcrumb","itemListElement":[{"@type":"ListItem","position":1,"name":"In\u00edcio","item":"https:\/\/www.oarcanjo.net\/site\/"},{"@type":"ListItem","position":2,"name":"Advento e Natal crist\u00e3o em fam\u00edlia"}]},{"@type":"WebSite","@id":"https:\/\/www.oarcanjo.net\/site\/#website","url":"https:\/\/www.oarcanjo.net\/site\/","name":"O Arcanjo no ar","description":"Site da Par\u00f3quia S\u00e3o Miguel Arcanjo (Arquidiocese de SP)","publisher":{"@id":"https:\/\/www.oarcanjo.net\/site\/#organization"},"potentialAction":[{"@type":"SearchAction","target":{"@type":"EntryPoint","urlTemplate":"https:\/\/www.oarcanjo.net\/site\/?s={search_term_string}"},"query-input":{"@type":"PropertyValueSpecification","valueRequired":true,"valueName":"search_term_string"}}],"inLanguage":"pt-BR"},{"@type":"Organization","@id":"https:\/\/www.oarcanjo.net\/site\/#organization","name":"Par\u00f3quia S\u00e3o Miguel Arcanjo","url":"https:\/\/www.oarcanjo.net\/site\/","logo":{"@type":"ImageObject","inLanguage":"pt-BR","@id":"https:\/\/www.oarcanjo.net\/site\/#\/schema\/logo\/image\/","url":"https:\/\/www.oarcanjo.net\/site\/wp-content\/uploads\/LogoOArcanjo.png","contentUrl":"https:\/\/www.oarcanjo.net\/site\/wp-content\/uploads\/LogoOArcanjo.png","width":319,"height":99,"caption":"Par\u00f3quia S\u00e3o Miguel Arcanjo"},"image":{"@id":"https:\/\/www.oarcanjo.net\/site\/#\/schema\/logo\/image\/"},"sameAs":["https:\/\/www.facebook.com\/OArcanjoNoAr\/"]},{"@type":"Person","@id":"https:\/\/www.oarcanjo.net\/site\/#\/schema\/person\/f7024d007863202483a31326673a0838","name":"editor","sameAs":["http:\/\/www.oarcanjo.net"]}]}},"publishpress_future_action":{"enabled":false,"date":"2026-05-07 08:08:54","action":"category","newStatus":"draft","terms":[],"taxonomy":"category"},"publishpress_future_workflow_manual_trigger":{"enabledWorkflows":[]},"_links":{"self":[{"href":"https:\/\/www.oarcanjo.net\/site\/wp-json\/wp\/v2\/posts\/16586"}],"collection":[{"href":"https:\/\/www.oarcanjo.net\/site\/wp-json\/wp\/v2\/posts"}],"about":[{"href":"https:\/\/www.oarcanjo.net\/site\/wp-json\/wp\/v2\/types\/post"}],"author":[{"embeddable":true,"href":"https:\/\/www.oarcanjo.net\/site\/wp-json\/wp\/v2\/users\/5"}],"replies":[{"embeddable":true,"href":"https:\/\/www.oarcanjo.net\/site\/wp-json\/wp\/v2\/comments?post=16586"}],"version-history":[{"count":0,"href":"https:\/\/www.oarcanjo.net\/site\/wp-json\/wp\/v2\/posts\/16586\/revisions"}],"wp:attachment":[{"href":"https:\/\/www.oarcanjo.net\/site\/wp-json\/wp\/v2\/media?parent=16586"}],"wp:term":[{"taxonomy":"category","embeddable":true,"href":"https:\/\/www.oarcanjo.net\/site\/wp-json\/wp\/v2\/categories?post=16586"},{"taxonomy":"post_tag","embeddable":true,"href":"https:\/\/www.oarcanjo.net\/site\/wp-json\/wp\/v2\/tags?post=16586"}],"curies":[{"name":"wp","href":"https:\/\/api.w.org\/{rel}","templated":true}]}}