
{"id":16656,"date":"2011-12-09T23:43:56","date_gmt":"2011-12-10T01:43:56","guid":{"rendered":"http:\/\/www.oarcanjo.net\/site\/?p=16656"},"modified":"2011-12-10T12:20:40","modified_gmt":"2011-12-10T14:20:40","slug":"grupo-arco-iris-26-anos","status":"publish","type":"post","link":"https:\/\/www.oarcanjo.net\/site\/grupo-arco-iris-26-anos\/","title":{"rendered":"26 anos do Grupo Arco-\u00cdris"},"content":{"rendered":"<p style=\"text-align: justify;\">O Grupo Arco-\u00cdris deseja um Santo Natal e um Feliz Ano Novo a todos os amigos da Par\u00f3quia S\u00e3o Miguel Arcanjo, \u00a0da \u00a0Capela e da Universidade S\u00e3o Judas Tadeu, com as B\u00ean\u00e7\u00e3os do Menino Jesus.<\/p>\n<p style=\"text-align: justify;\">O aparecimento do Arco-\u00cdris no c\u00e9u significou a Alian\u00e7a que Deus fez com a humanidade, de que nunca mais haveria um dil\u00favio.<\/p>\n<p style=\"text-align: justify;\">H\u00e1 \u00a026 anos atr\u00e1s, quando come\u00e7aram as reuni\u00f5es nas casas, foram criados v\u00e1rios grupos na Comunidade S\u00e3o Miguel Arcanjo. \u00a0Procurou-se dar nomes a eles para lhes dar identidade.<\/p>\n<p style=\"text-align: justify;\">Para um deles foi escolhido o nome \u00a0\u201cARCO-\u00cdRIS\u201d e, durante todo esse tempo, \u00a0esse Grupo se re\u00fane para orar, louvar, agradecer e suplicar gra\u00e7as. A reuni\u00e3o \u00e9 mensal para a reza do Ter\u00e7o, intensificando nos momentos fortes da igreja, ou seja, no NATAL, QUARESMA, MAIO, M\u00caS DE \u00a0NOSSA SENHORA, e tamb\u00e9m em Setembro, m\u00eas da B\u00cdBLIA.<\/p>\n<p style=\"text-align: justify;\">A \u00a0inten\u00e7\u00e3o do Grupo Arco-Iris \u00e9 N\u00c3O\u00a0 quebrar essa alian\u00e7a, pois sabem que com o passar dos anos, as for\u00e7as v\u00e3o se exaurindo. V\u00e1rias pessoas mudaram de bairro, de cidades e at\u00e9 de estado, como foi o caso da nossa amiga Dilva que foi pra Macei\u00f3. Outras est\u00e3o \u00a0acompanhando o Grupo, de longe, \u00a0\u201cl\u00e1 do C\u00e9u\u201d.\u00a0Entretanto, tamb\u00e9m tem renova\u00e7\u00e3o. As crian\u00e7as s\u00e3o o futuro e participam.<\/p>\n<p style=\"text-align: justify;\">Como \u00e9 feito h\u00e1 alguns anos, por ocasi\u00e3o do Natal, s\u00e3o recolhidos artigos de higiene pessoal para levar ao Amparo Maternal e, mensalmente, os componentes do Grupo fazem uma oferta em dinheiro a uma fam\u00edlia para compra de rem\u00e9dios. Gestos concretos.<\/p>\n<p style=\"text-align: justify;\">E assim esse bonito Grupo, apesar de sua fragilidade, vai caminhando, tentando seguir os passos de Jesus.<\/p>\n<p style=\"text-align: justify;\">Esse o\u00a0relato e adiante, algumas fotos do \u00faltimo encontro da Novena do Natal de Jesus de 2011, por Ign\u00eas Foglia:<\/p>\n<p style=\"text-align: justify;\">ngg_shortcode_0_placeholder<\/p>\n<p style=\"text-align: justify;\"><a href=\"http:\/\/www.oarcanjo.net\/site\/wp-content\/uploads\/DSCF0157.jpg\"><\/a><a href=\"http:\/\/www.oarcanjo.net\/site\/wp-content\/uploads\/DSCF0158.jpg\"><\/a><a href=\"http:\/\/www.oarcanjo.net\/site\/wp-content\/uploads\/DSCF0159.jpg\"><\/a><a href=\"http:\/\/www.oarcanjo.net\/site\/wp-content\/uploads\/DSCF0160a.jpg\"><\/a><a href=\"http:\/\/www.oarcanjo.net\/site\/wp-content\/uploads\/DSCF0162.jpg\"><\/a><a href=\"http:\/\/www.oarcanjo.net\/site\/wp-content\/uploads\/DSCF0163.jpg\"><\/a><a href=\"http:\/\/www.oarcanjo.net\/site\/wp-content\/uploads\/DSCF0164.jpg\"><\/a><a href=\"http:\/\/www.oarcanjo.net\/site\/wp-content\/uploads\/DSCF0167.jpg\"><\/a><a href=\"http:\/\/www.oarcanjo.net\/site\/wp-content\/uploads\/DSCF01681.jpg\"><\/a><a href=\"http:\/\/www.oarcanjo.net\/site\/wp-content\/uploads\/DSCF0168.jpg\"><\/a><\/p>\n<div id=\"themify_builder_content-16656\" data-postid=\"16656\" class=\"themify_builder_content themify_builder_content-16656 themify_builder themify_builder_front\">\n\t<\/div>\n<!-- \/themify_builder_content -->","protected":false},"excerpt":{"rendered":"<p>O Grupo Arco-\u00cdris deseja um Santo Natal e um Feliz Ano Novo a todos os amigos da Par\u00f3quia S\u00e3o Miguel Arcanjo, \u00a0da \u00a0Capela e da Universidade S\u00e3o Judas Tadeu, com as B\u00ean\u00e7\u00e3os do Menino Jesus. O aparecimento do Arco-\u00cdris no c\u00e9u significou a Alian\u00e7a que Deus fez com a humanidade, de que nunca mais haveria [&hellip;]<\/p>\n","protected":false},"author":10,"featured_media":0,"comment_status":"open","ping_status":"open","sticky":false,"template":"","format":"standard","meta":{"ngg_post_thumbnail":0,"footnotes":""},"categories":[8,7],"tags":[],"yoast_head":"<!-- This site is optimized with the Yoast SEO plugin v23.5 - https:\/\/yoast.com\/wordpress\/plugins\/seo\/ -->\n<title>26 anos do Grupo Arco-\u00cdris - O Arcanjo no ar<\/title>\n<meta name=\"robots\" content=\"index, follow, max-snippet:-1, max-image-preview:large, max-video-preview:-1\" \/>\n<link rel=\"canonical\" href=\"https:\/\/www.oarcanjo.net\/site\/grupo-arco-iris-26-anos\/\" \/>\n<meta property=\"og:locale\" content=\"pt_BR\" \/>\n<meta property=\"og:type\" content=\"article\" \/>\n<meta property=\"og:title\" content=\"26 anos do Grupo Arco-\u00cdris - O Arcanjo no ar\" \/>\n<meta property=\"og:description\" content=\"O Grupo Arco-\u00cdris deseja um Santo Natal e um Feliz Ano Novo a todos os amigos da Par\u00f3quia S\u00e3o Miguel Arcanjo, \u00a0da \u00a0Capela e da Universidade S\u00e3o Judas Tadeu, com as B\u00ean\u00e7\u00e3os do Menino Jesus. O aparecimento do Arco-\u00cdris no c\u00e9u significou a Alian\u00e7a que Deus fez com a humanidade, de que nunca mais haveria [&hellip;]\" \/>\n<meta property=\"og:url\" content=\"https:\/\/www.oarcanjo.net\/site\/grupo-arco-iris-26-anos\/\" \/>\n<meta property=\"og:site_name\" content=\"O Arcanjo no ar\" \/>\n<meta property=\"article:publisher\" content=\"https:\/\/www.facebook.com\/OArcanjoNoAr\/\" \/>\n<meta property=\"article:published_time\" content=\"2011-12-10T01:43:56+00:00\" \/>\n<meta property=\"article:modified_time\" content=\"2011-12-10T14:20:40+00:00\" \/>\n<meta property=\"og:image\" content=\"https:\/\/www.oarcanjo.net\/site\/wp-content\/uploads\/logo-o-arcanjo-no-ar-facebook.png\" \/>\n\t<meta property=\"og:image:width\" content=\"300\" \/>\n\t<meta property=\"og:image:height\" content=\"300\" \/>\n\t<meta property=\"og:image:type\" content=\"image\/png\" \/>\n<meta name=\"author\" content=\"carlos\" \/>\n<meta name=\"twitter:card\" content=\"summary_large_image\" \/>\n<meta name=\"twitter:label1\" content=\"Escrito por\" \/>\n\t<meta name=\"twitter:data1\" content=\"carlos\" \/>\n\t<meta name=\"twitter:label2\" content=\"Est. tempo de leitura\" \/>\n\t<meta name=\"twitter:data2\" content=\"2 minutos\" \/>\n<script type=\"application\/ld+json\" class=\"yoast-schema-graph\">{\"@context\":\"https:\/\/schema.org\",\"@graph\":[{\"@type\":\"Article\",\"@id\":\"https:\/\/www.oarcanjo.net\/site\/grupo-arco-iris-26-anos\/#article\",\"isPartOf\":{\"@id\":\"https:\/\/www.oarcanjo.net\/site\/grupo-arco-iris-26-anos\/\"},\"author\":{\"name\":\"carlos\",\"@id\":\"https:\/\/www.oarcanjo.net\/site\/#\/schema\/person\/f7870e710d8c8c30673de3a0ac2e451d\"},\"headline\":\"26 anos do Grupo Arco-\u00cdris\",\"datePublished\":\"2011-12-10T01:43:56+00:00\",\"dateModified\":\"2011-12-10T14:20:40+00:00\",\"mainEntityOfPage\":{\"@id\":\"https:\/\/www.oarcanjo.net\/site\/grupo-arco-iris-26-anos\/\"},\"wordCount\":330,\"commentCount\":2,\"publisher\":{\"@id\":\"https:\/\/www.oarcanjo.net\/site\/#organization\"},\"articleSection\":[\"Not\u00edcias\",\"Rosto da comunidade\"],\"inLanguage\":\"pt-BR\",\"potentialAction\":[{\"@type\":\"CommentAction\",\"name\":\"Comment\",\"target\":[\"https:\/\/www.oarcanjo.net\/site\/grupo-arco-iris-26-anos\/#respond\"]}]},{\"@type\":\"WebPage\",\"@id\":\"https:\/\/www.oarcanjo.net\/site\/grupo-arco-iris-26-anos\/\",\"url\":\"https:\/\/www.oarcanjo.net\/site\/grupo-arco-iris-26-anos\/\",\"name\":\"26 anos do Grupo Arco-\u00cdris - O Arcanjo no ar\",\"isPartOf\":{\"@id\":\"https:\/\/www.oarcanjo.net\/site\/#website\"},\"datePublished\":\"2011-12-10T01:43:56+00:00\",\"dateModified\":\"2011-12-10T14:20:40+00:00\",\"breadcrumb\":{\"@id\":\"https:\/\/www.oarcanjo.net\/site\/grupo-arco-iris-26-anos\/#breadcrumb\"},\"inLanguage\":\"pt-BR\",\"potentialAction\":[{\"@type\":\"ReadAction\",\"target\":[\"https:\/\/www.oarcanjo.net\/site\/grupo-arco-iris-26-anos\/\"]}]},{\"@type\":\"BreadcrumbList\",\"@id\":\"https:\/\/www.oarcanjo.net\/site\/grupo-arco-iris-26-anos\/#breadcrumb\",\"itemListElement\":[{\"@type\":\"ListItem\",\"position\":1,\"name\":\"In\u00edcio\",\"item\":\"https:\/\/www.oarcanjo.net\/site\/\"},{\"@type\":\"ListItem\",\"position\":2,\"name\":\"26 anos do Grupo Arco-\u00cdris\"}]},{\"@type\":\"WebSite\",\"@id\":\"https:\/\/www.oarcanjo.net\/site\/#website\",\"url\":\"https:\/\/www.oarcanjo.net\/site\/\",\"name\":\"O Arcanjo no ar\",\"description\":\"Site da Par\u00f3quia S\u00e3o Miguel Arcanjo (Arquidiocese de SP)\",\"publisher\":{\"@id\":\"https:\/\/www.oarcanjo.net\/site\/#organization\"},\"potentialAction\":[{\"@type\":\"SearchAction\",\"target\":{\"@type\":\"EntryPoint\",\"urlTemplate\":\"https:\/\/www.oarcanjo.net\/site\/?s={search_term_string}\"},\"query-input\":{\"@type\":\"PropertyValueSpecification\",\"valueRequired\":true,\"valueName\":\"search_term_string\"}}],\"inLanguage\":\"pt-BR\"},{\"@type\":\"Organization\",\"@id\":\"https:\/\/www.oarcanjo.net\/site\/#organization\",\"name\":\"Par\u00f3quia S\u00e3o Miguel Arcanjo\",\"url\":\"https:\/\/www.oarcanjo.net\/site\/\",\"logo\":{\"@type\":\"ImageObject\",\"inLanguage\":\"pt-BR\",\"@id\":\"https:\/\/www.oarcanjo.net\/site\/#\/schema\/logo\/image\/\",\"url\":\"https:\/\/www.oarcanjo.net\/site\/wp-content\/uploads\/LogoOArcanjo.png\",\"contentUrl\":\"https:\/\/www.oarcanjo.net\/site\/wp-content\/uploads\/LogoOArcanjo.png\",\"width\":319,\"height\":99,\"caption\":\"Par\u00f3quia S\u00e3o Miguel Arcanjo\"},\"image\":{\"@id\":\"https:\/\/www.oarcanjo.net\/site\/#\/schema\/logo\/image\/\"},\"sameAs\":[\"https:\/\/www.facebook.com\/OArcanjoNoAr\/\"]},{\"@type\":\"Person\",\"@id\":\"https:\/\/www.oarcanjo.net\/site\/#\/schema\/person\/f7870e710d8c8c30673de3a0ac2e451d\",\"name\":\"carlos\"}]}<\/script>\n<!-- \/ Yoast SEO plugin. -->","yoast_head_json":{"title":"26 anos do Grupo Arco-\u00cdris - O Arcanjo no ar","robots":{"index":"index","follow":"follow","max-snippet":"max-snippet:-1","max-image-preview":"max-image-preview:large","max-video-preview":"max-video-preview:-1"},"canonical":"https:\/\/www.oarcanjo.net\/site\/grupo-arco-iris-26-anos\/","og_locale":"pt_BR","og_type":"article","og_title":"26 anos do Grupo Arco-\u00cdris - O Arcanjo no ar","og_description":"O Grupo Arco-\u00cdris deseja um Santo Natal e um Feliz Ano Novo a todos os amigos da Par\u00f3quia S\u00e3o Miguel Arcanjo, \u00a0da \u00a0Capela e da Universidade S\u00e3o Judas Tadeu, com as B\u00ean\u00e7\u00e3os do Menino Jesus. O aparecimento do Arco-\u00cdris no c\u00e9u significou a Alian\u00e7a que Deus fez com a humanidade, de que nunca mais haveria [&hellip;]","og_url":"https:\/\/www.oarcanjo.net\/site\/grupo-arco-iris-26-anos\/","og_site_name":"O Arcanjo no ar","article_publisher":"https:\/\/www.facebook.com\/OArcanjoNoAr\/","article_published_time":"2011-12-10T01:43:56+00:00","article_modified_time":"2011-12-10T14:20:40+00:00","og_image":[{"width":300,"height":300,"url":"https:\/\/www.oarcanjo.net\/site\/wp-content\/uploads\/logo-o-arcanjo-no-ar-facebook.png","type":"image\/png"}],"author":"carlos","twitter_card":"summary_large_image","twitter_misc":{"Escrito por":"carlos","Est. tempo de leitura":"2 minutos"},"schema":{"@context":"https:\/\/schema.org","@graph":[{"@type":"Article","@id":"https:\/\/www.oarcanjo.net\/site\/grupo-arco-iris-26-anos\/#article","isPartOf":{"@id":"https:\/\/www.oarcanjo.net\/site\/grupo-arco-iris-26-anos\/"},"author":{"name":"carlos","@id":"https:\/\/www.oarcanjo.net\/site\/#\/schema\/person\/f7870e710d8c8c30673de3a0ac2e451d"},"headline":"26 anos do Grupo Arco-\u00cdris","datePublished":"2011-12-10T01:43:56+00:00","dateModified":"2011-12-10T14:20:40+00:00","mainEntityOfPage":{"@id":"https:\/\/www.oarcanjo.net\/site\/grupo-arco-iris-26-anos\/"},"wordCount":330,"commentCount":2,"publisher":{"@id":"https:\/\/www.oarcanjo.net\/site\/#organization"},"articleSection":["Not\u00edcias","Rosto da comunidade"],"inLanguage":"pt-BR","potentialAction":[{"@type":"CommentAction","name":"Comment","target":["https:\/\/www.oarcanjo.net\/site\/grupo-arco-iris-26-anos\/#respond"]}]},{"@type":"WebPage","@id":"https:\/\/www.oarcanjo.net\/site\/grupo-arco-iris-26-anos\/","url":"https:\/\/www.oarcanjo.net\/site\/grupo-arco-iris-26-anos\/","name":"26 anos do Grupo Arco-\u00cdris - O Arcanjo no ar","isPartOf":{"@id":"https:\/\/www.oarcanjo.net\/site\/#website"},"datePublished":"2011-12-10T01:43:56+00:00","dateModified":"2011-12-10T14:20:40+00:00","breadcrumb":{"@id":"https:\/\/www.oarcanjo.net\/site\/grupo-arco-iris-26-anos\/#breadcrumb"},"inLanguage":"pt-BR","potentialAction":[{"@type":"ReadAction","target":["https:\/\/www.oarcanjo.net\/site\/grupo-arco-iris-26-anos\/"]}]},{"@type":"BreadcrumbList","@id":"https:\/\/www.oarcanjo.net\/site\/grupo-arco-iris-26-anos\/#breadcrumb","itemListElement":[{"@type":"ListItem","position":1,"name":"In\u00edcio","item":"https:\/\/www.oarcanjo.net\/site\/"},{"@type":"ListItem","position":2,"name":"26 anos do Grupo Arco-\u00cdris"}]},{"@type":"WebSite","@id":"https:\/\/www.oarcanjo.net\/site\/#website","url":"https:\/\/www.oarcanjo.net\/site\/","name":"O Arcanjo no ar","description":"Site da Par\u00f3quia S\u00e3o Miguel Arcanjo (Arquidiocese de SP)","publisher":{"@id":"https:\/\/www.oarcanjo.net\/site\/#organization"},"potentialAction":[{"@type":"SearchAction","target":{"@type":"EntryPoint","urlTemplate":"https:\/\/www.oarcanjo.net\/site\/?s={search_term_string}"},"query-input":{"@type":"PropertyValueSpecification","valueRequired":true,"valueName":"search_term_string"}}],"inLanguage":"pt-BR"},{"@type":"Organization","@id":"https:\/\/www.oarcanjo.net\/site\/#organization","name":"Par\u00f3quia S\u00e3o Miguel Arcanjo","url":"https:\/\/www.oarcanjo.net\/site\/","logo":{"@type":"ImageObject","inLanguage":"pt-BR","@id":"https:\/\/www.oarcanjo.net\/site\/#\/schema\/logo\/image\/","url":"https:\/\/www.oarcanjo.net\/site\/wp-content\/uploads\/LogoOArcanjo.png","contentUrl":"https:\/\/www.oarcanjo.net\/site\/wp-content\/uploads\/LogoOArcanjo.png","width":319,"height":99,"caption":"Par\u00f3quia S\u00e3o Miguel Arcanjo"},"image":{"@id":"https:\/\/www.oarcanjo.net\/site\/#\/schema\/logo\/image\/"},"sameAs":["https:\/\/www.facebook.com\/OArcanjoNoAr\/"]},{"@type":"Person","@id":"https:\/\/www.oarcanjo.net\/site\/#\/schema\/person\/f7870e710d8c8c30673de3a0ac2e451d","name":"carlos"}]}},"publishpress_future_action":{"enabled":false,"date":"2026-05-09 10:23:49","action":"category","newStatus":"draft","terms":[],"taxonomy":"category"},"publishpress_future_workflow_manual_trigger":{"enabledWorkflows":[]},"_links":{"self":[{"href":"https:\/\/www.oarcanjo.net\/site\/wp-json\/wp\/v2\/posts\/16656"}],"collection":[{"href":"https:\/\/www.oarcanjo.net\/site\/wp-json\/wp\/v2\/posts"}],"about":[{"href":"https:\/\/www.oarcanjo.net\/site\/wp-json\/wp\/v2\/types\/post"}],"author":[{"embeddable":true,"href":"https:\/\/www.oarcanjo.net\/site\/wp-json\/wp\/v2\/users\/10"}],"replies":[{"embeddable":true,"href":"https:\/\/www.oarcanjo.net\/site\/wp-json\/wp\/v2\/comments?post=16656"}],"version-history":[{"count":0,"href":"https:\/\/www.oarcanjo.net\/site\/wp-json\/wp\/v2\/posts\/16656\/revisions"}],"wp:attachment":[{"href":"https:\/\/www.oarcanjo.net\/site\/wp-json\/wp\/v2\/media?parent=16656"}],"wp:term":[{"taxonomy":"category","embeddable":true,"href":"https:\/\/www.oarcanjo.net\/site\/wp-json\/wp\/v2\/categories?post=16656"},{"taxonomy":"post_tag","embeddable":true,"href":"https:\/\/www.oarcanjo.net\/site\/wp-json\/wp\/v2\/tags?post=16656"}],"curies":[{"name":"wp","href":"https:\/\/api.w.org\/{rel}","templated":true}]}}