
{"id":1669,"date":"2009-01-30T16:43:02","date_gmt":"2009-01-30T18:43:02","guid":{"rendered":"http:\/\/www.oarcanjo.net\/site\/?p=1669"},"modified":"2009-02-01T01:26:39","modified_gmt":"2009-02-01T03:26:39","slug":"31-de-janeiro","status":"publish","type":"post","link":"https:\/\/www.oarcanjo.net\/site\/31-de-janeiro\/","title":{"rendered":"31 de Janeiro"},"content":{"rendered":"<p>No \u00faltimo dia do primeiro m\u00eas do ano a Igreja celebra a mem\u00f3ria de S\u00e3o Jo\u00e3o Bosco. Nascido em 1815 \u00e9 um dos santos mais queridos e um grande educador que transformou a vida de muitos jovens que estavam condenados ao abandono e exclus\u00e3o. O m\u00e9todo de D. Bosco \u00e9 chamado de preventivo e supera todo tipo de repress\u00e3o t\u00e3o em voga em seu tempo bem como da permissividade e indiferen\u00e7a. Da fam\u00edlia salesiana fundada por D. Bosco fazem parte Santa Maria Domingas Mazzarelo, S\u00e3o Domingos S\u00e1vio e a Bem aventurada Laura de Vicunha, sem falar de sua mama Margarida. Dizem que D. Bosco morreu extenuado mas realizado, morreu em 31 de janeiro de 1888 e seu corpo se conserva at\u00e9 hoje incorrupto. D. Bosco acreditava nos seus jovens e despertava neles a confian\u00e7a e o amor \u00e0 verdade.<\/p>\n<p>Neste dias tenho rezado por outra grande educadora que encontra-se muito doente e hospitalizada, a Irm\u00e3 Valentina da Escola Montessori da Mooca. Exemplo de virtude e santidade a Ir. Valentina sempre educa com ternura e firmeza e carrega em seu cora\u00e7\u00e3o seus alunos e alunas como por eles \u00e9 tamb\u00e9m carregada.<\/p>\n<p>Educadores como D. Bosco e como a Ir. Valentina nos ajudam a acreditar e a ter esperan\u00e7a que a educa\u00e7\u00e3o \u00e9 capaz de transformar as pessoas e torn\u00e1-las verdadeiramente humanas, mesmo que esse caminho seja o mais dif\u00edcil e custoso de trilhar.<\/p>\n<div id=\"themify_builder_content-1669\" data-postid=\"1669\" class=\"themify_builder_content themify_builder_content-1669 themify_builder themify_builder_front\">\n\t<\/div>\n<!-- \/themify_builder_content -->","protected":false},"excerpt":{"rendered":"<p>No \u00faltimo dia do primeiro m\u00eas do ano a Igreja celebra a mem\u00f3ria de S\u00e3o Jo\u00e3o Bosco. Nascido em 1815 \u00e9 um dos santos mais queridos e um grande educador que transformou a vida de muitos jovens que estavam condenados ao abandono e exclus\u00e3o. O m\u00e9todo de D. Bosco \u00e9 chamado de preventivo e supera [&hellip;]<\/p>\n","protected":false},"author":4,"featured_media":0,"comment_status":"open","ping_status":"open","sticky":false,"template":"","format":"standard","meta":{"ngg_post_thumbnail":0,"footnotes":""},"categories":[4],"tags":[215,217,216],"yoast_head":"<!-- This site is optimized with the Yoast SEO plugin v23.5 - https:\/\/yoast.com\/wordpress\/plugins\/seo\/ -->\n<title>31 de Janeiro - O Arcanjo no ar<\/title>\n<meta name=\"robots\" content=\"index, follow, max-snippet:-1, max-image-preview:large, max-video-preview:-1\" \/>\n<link rel=\"canonical\" href=\"https:\/\/www.oarcanjo.net\/site\/31-de-janeiro\/\" \/>\n<meta property=\"og:locale\" content=\"pt_BR\" \/>\n<meta property=\"og:type\" content=\"article\" \/>\n<meta property=\"og:title\" content=\"31 de Janeiro - O Arcanjo no ar\" \/>\n<meta property=\"og:description\" content=\"No \u00faltimo dia do primeiro m\u00eas do ano a Igreja celebra a mem\u00f3ria de S\u00e3o Jo\u00e3o Bosco. Nascido em 1815 \u00e9 um dos santos mais queridos e um grande educador que transformou a vida de muitos jovens que estavam condenados ao abandono e exclus\u00e3o. O m\u00e9todo de D. Bosco \u00e9 chamado de preventivo e supera [&hellip;]\" \/>\n<meta property=\"og:url\" content=\"https:\/\/www.oarcanjo.net\/site\/31-de-janeiro\/\" \/>\n<meta property=\"og:site_name\" content=\"O Arcanjo no ar\" \/>\n<meta property=\"article:publisher\" content=\"https:\/\/www.facebook.com\/OArcanjoNoAr\/\" \/>\n<meta property=\"article:published_time\" content=\"2009-01-30T18:43:02+00:00\" \/>\n<meta property=\"article:modified_time\" content=\"2009-02-01T03:26:39+00:00\" \/>\n<meta property=\"og:image\" content=\"https:\/\/www.oarcanjo.net\/site\/wp-content\/uploads\/logo-o-arcanjo-no-ar-facebook.png\" \/>\n\t<meta property=\"og:image:width\" content=\"300\" \/>\n\t<meta property=\"og:image:height\" content=\"300\" \/>\n\t<meta property=\"og:image:type\" content=\"image\/png\" \/>\n<meta name=\"author\" content=\"julio\" \/>\n<meta name=\"twitter:card\" content=\"summary_large_image\" \/>\n<meta name=\"twitter:label1\" content=\"Escrito por\" \/>\n\t<meta name=\"twitter:data1\" content=\"julio\" \/>\n\t<meta name=\"twitter:label2\" content=\"Est. tempo de leitura\" \/>\n\t<meta name=\"twitter:data2\" content=\"1 minuto\" \/>\n<script type=\"application\/ld+json\" class=\"yoast-schema-graph\">{\"@context\":\"https:\/\/schema.org\",\"@graph\":[{\"@type\":\"Article\",\"@id\":\"https:\/\/www.oarcanjo.net\/site\/31-de-janeiro\/#article\",\"isPartOf\":{\"@id\":\"https:\/\/www.oarcanjo.net\/site\/31-de-janeiro\/\"},\"author\":{\"name\":\"julio\",\"@id\":\"https:\/\/www.oarcanjo.net\/site\/#\/schema\/person\/d78ea01c648c91e29c364b516767079e\"},\"headline\":\"31 de Janeiro\",\"datePublished\":\"2009-01-30T18:43:02+00:00\",\"dateModified\":\"2009-02-01T03:26:39+00:00\",\"mainEntityOfPage\":{\"@id\":\"https:\/\/www.oarcanjo.net\/site\/31-de-janeiro\/\"},\"wordCount\":245,\"commentCount\":6,\"publisher\":{\"@id\":\"https:\/\/www.oarcanjo.net\/site\/#organization\"},\"keywords\":[\"Dom Bosco\",\"Ir. Valentina\",\"Salesianos\"],\"articleSection\":[\"Blog\"],\"inLanguage\":\"pt-BR\",\"potentialAction\":[{\"@type\":\"CommentAction\",\"name\":\"Comment\",\"target\":[\"https:\/\/www.oarcanjo.net\/site\/31-de-janeiro\/#respond\"]}]},{\"@type\":\"WebPage\",\"@id\":\"https:\/\/www.oarcanjo.net\/site\/31-de-janeiro\/\",\"url\":\"https:\/\/www.oarcanjo.net\/site\/31-de-janeiro\/\",\"name\":\"31 de Janeiro - O Arcanjo no ar\",\"isPartOf\":{\"@id\":\"https:\/\/www.oarcanjo.net\/site\/#website\"},\"datePublished\":\"2009-01-30T18:43:02+00:00\",\"dateModified\":\"2009-02-01T03:26:39+00:00\",\"breadcrumb\":{\"@id\":\"https:\/\/www.oarcanjo.net\/site\/31-de-janeiro\/#breadcrumb\"},\"inLanguage\":\"pt-BR\",\"potentialAction\":[{\"@type\":\"ReadAction\",\"target\":[\"https:\/\/www.oarcanjo.net\/site\/31-de-janeiro\/\"]}]},{\"@type\":\"BreadcrumbList\",\"@id\":\"https:\/\/www.oarcanjo.net\/site\/31-de-janeiro\/#breadcrumb\",\"itemListElement\":[{\"@type\":\"ListItem\",\"position\":1,\"name\":\"In\u00edcio\",\"item\":\"https:\/\/www.oarcanjo.net\/site\/\"},{\"@type\":\"ListItem\",\"position\":2,\"name\":\"31 de Janeiro\"}]},{\"@type\":\"WebSite\",\"@id\":\"https:\/\/www.oarcanjo.net\/site\/#website\",\"url\":\"https:\/\/www.oarcanjo.net\/site\/\",\"name\":\"O Arcanjo no ar\",\"description\":\"Site da Par\u00f3quia S\u00e3o Miguel Arcanjo (Arquidiocese de SP)\",\"publisher\":{\"@id\":\"https:\/\/www.oarcanjo.net\/site\/#organization\"},\"potentialAction\":[{\"@type\":\"SearchAction\",\"target\":{\"@type\":\"EntryPoint\",\"urlTemplate\":\"https:\/\/www.oarcanjo.net\/site\/?s={search_term_string}\"},\"query-input\":{\"@type\":\"PropertyValueSpecification\",\"valueRequired\":true,\"valueName\":\"search_term_string\"}}],\"inLanguage\":\"pt-BR\"},{\"@type\":\"Organization\",\"@id\":\"https:\/\/www.oarcanjo.net\/site\/#organization\",\"name\":\"Par\u00f3quia S\u00e3o Miguel Arcanjo\",\"url\":\"https:\/\/www.oarcanjo.net\/site\/\",\"logo\":{\"@type\":\"ImageObject\",\"inLanguage\":\"pt-BR\",\"@id\":\"https:\/\/www.oarcanjo.net\/site\/#\/schema\/logo\/image\/\",\"url\":\"https:\/\/www.oarcanjo.net\/site\/wp-content\/uploads\/LogoOArcanjo.png\",\"contentUrl\":\"https:\/\/www.oarcanjo.net\/site\/wp-content\/uploads\/LogoOArcanjo.png\",\"width\":319,\"height\":99,\"caption\":\"Par\u00f3quia S\u00e3o Miguel Arcanjo\"},\"image\":{\"@id\":\"https:\/\/www.oarcanjo.net\/site\/#\/schema\/logo\/image\/\"},\"sameAs\":[\"https:\/\/www.facebook.com\/OArcanjoNoAr\/\"]},{\"@type\":\"Person\",\"@id\":\"https:\/\/www.oarcanjo.net\/site\/#\/schema\/person\/d78ea01c648c91e29c364b516767079e\",\"name\":\"julio\",\"sameAs\":[\"http:\/\/www.oarcanjo.net\"]}]}<\/script>\n<!-- \/ Yoast SEO plugin. -->","yoast_head_json":{"title":"31 de Janeiro - O Arcanjo no ar","robots":{"index":"index","follow":"follow","max-snippet":"max-snippet:-1","max-image-preview":"max-image-preview:large","max-video-preview":"max-video-preview:-1"},"canonical":"https:\/\/www.oarcanjo.net\/site\/31-de-janeiro\/","og_locale":"pt_BR","og_type":"article","og_title":"31 de Janeiro - O Arcanjo no ar","og_description":"No \u00faltimo dia do primeiro m\u00eas do ano a Igreja celebra a mem\u00f3ria de S\u00e3o Jo\u00e3o Bosco. Nascido em 1815 \u00e9 um dos santos mais queridos e um grande educador que transformou a vida de muitos jovens que estavam condenados ao abandono e exclus\u00e3o. O m\u00e9todo de D. Bosco \u00e9 chamado de preventivo e supera [&hellip;]","og_url":"https:\/\/www.oarcanjo.net\/site\/31-de-janeiro\/","og_site_name":"O Arcanjo no ar","article_publisher":"https:\/\/www.facebook.com\/OArcanjoNoAr\/","article_published_time":"2009-01-30T18:43:02+00:00","article_modified_time":"2009-02-01T03:26:39+00:00","og_image":[{"width":300,"height":300,"url":"https:\/\/www.oarcanjo.net\/site\/wp-content\/uploads\/logo-o-arcanjo-no-ar-facebook.png","type":"image\/png"}],"author":"julio","twitter_card":"summary_large_image","twitter_misc":{"Escrito por":"julio","Est. tempo de leitura":"1 minuto"},"schema":{"@context":"https:\/\/schema.org","@graph":[{"@type":"Article","@id":"https:\/\/www.oarcanjo.net\/site\/31-de-janeiro\/#article","isPartOf":{"@id":"https:\/\/www.oarcanjo.net\/site\/31-de-janeiro\/"},"author":{"name":"julio","@id":"https:\/\/www.oarcanjo.net\/site\/#\/schema\/person\/d78ea01c648c91e29c364b516767079e"},"headline":"31 de Janeiro","datePublished":"2009-01-30T18:43:02+00:00","dateModified":"2009-02-01T03:26:39+00:00","mainEntityOfPage":{"@id":"https:\/\/www.oarcanjo.net\/site\/31-de-janeiro\/"},"wordCount":245,"commentCount":6,"publisher":{"@id":"https:\/\/www.oarcanjo.net\/site\/#organization"},"keywords":["Dom Bosco","Ir. Valentina","Salesianos"],"articleSection":["Blog"],"inLanguage":"pt-BR","potentialAction":[{"@type":"CommentAction","name":"Comment","target":["https:\/\/www.oarcanjo.net\/site\/31-de-janeiro\/#respond"]}]},{"@type":"WebPage","@id":"https:\/\/www.oarcanjo.net\/site\/31-de-janeiro\/","url":"https:\/\/www.oarcanjo.net\/site\/31-de-janeiro\/","name":"31 de Janeiro - O Arcanjo no ar","isPartOf":{"@id":"https:\/\/www.oarcanjo.net\/site\/#website"},"datePublished":"2009-01-30T18:43:02+00:00","dateModified":"2009-02-01T03:26:39+00:00","breadcrumb":{"@id":"https:\/\/www.oarcanjo.net\/site\/31-de-janeiro\/#breadcrumb"},"inLanguage":"pt-BR","potentialAction":[{"@type":"ReadAction","target":["https:\/\/www.oarcanjo.net\/site\/31-de-janeiro\/"]}]},{"@type":"BreadcrumbList","@id":"https:\/\/www.oarcanjo.net\/site\/31-de-janeiro\/#breadcrumb","itemListElement":[{"@type":"ListItem","position":1,"name":"In\u00edcio","item":"https:\/\/www.oarcanjo.net\/site\/"},{"@type":"ListItem","position":2,"name":"31 de Janeiro"}]},{"@type":"WebSite","@id":"https:\/\/www.oarcanjo.net\/site\/#website","url":"https:\/\/www.oarcanjo.net\/site\/","name":"O Arcanjo no ar","description":"Site da Par\u00f3quia S\u00e3o Miguel Arcanjo (Arquidiocese de SP)","publisher":{"@id":"https:\/\/www.oarcanjo.net\/site\/#organization"},"potentialAction":[{"@type":"SearchAction","target":{"@type":"EntryPoint","urlTemplate":"https:\/\/www.oarcanjo.net\/site\/?s={search_term_string}"},"query-input":{"@type":"PropertyValueSpecification","valueRequired":true,"valueName":"search_term_string"}}],"inLanguage":"pt-BR"},{"@type":"Organization","@id":"https:\/\/www.oarcanjo.net\/site\/#organization","name":"Par\u00f3quia S\u00e3o Miguel Arcanjo","url":"https:\/\/www.oarcanjo.net\/site\/","logo":{"@type":"ImageObject","inLanguage":"pt-BR","@id":"https:\/\/www.oarcanjo.net\/site\/#\/schema\/logo\/image\/","url":"https:\/\/www.oarcanjo.net\/site\/wp-content\/uploads\/LogoOArcanjo.png","contentUrl":"https:\/\/www.oarcanjo.net\/site\/wp-content\/uploads\/LogoOArcanjo.png","width":319,"height":99,"caption":"Par\u00f3quia S\u00e3o Miguel Arcanjo"},"image":{"@id":"https:\/\/www.oarcanjo.net\/site\/#\/schema\/logo\/image\/"},"sameAs":["https:\/\/www.facebook.com\/OArcanjoNoAr\/"]},{"@type":"Person","@id":"https:\/\/www.oarcanjo.net\/site\/#\/schema\/person\/d78ea01c648c91e29c364b516767079e","name":"julio","sameAs":["http:\/\/www.oarcanjo.net"]}]}},"publishpress_future_action":{"enabled":false,"date":"2026-05-07 11:04:24","action":"category","newStatus":"draft","terms":[],"taxonomy":"category"},"publishpress_future_workflow_manual_trigger":{"enabledWorkflows":[]},"_links":{"self":[{"href":"https:\/\/www.oarcanjo.net\/site\/wp-json\/wp\/v2\/posts\/1669"}],"collection":[{"href":"https:\/\/www.oarcanjo.net\/site\/wp-json\/wp\/v2\/posts"}],"about":[{"href":"https:\/\/www.oarcanjo.net\/site\/wp-json\/wp\/v2\/types\/post"}],"author":[{"embeddable":true,"href":"https:\/\/www.oarcanjo.net\/site\/wp-json\/wp\/v2\/users\/4"}],"replies":[{"embeddable":true,"href":"https:\/\/www.oarcanjo.net\/site\/wp-json\/wp\/v2\/comments?post=1669"}],"version-history":[{"count":0,"href":"https:\/\/www.oarcanjo.net\/site\/wp-json\/wp\/v2\/posts\/1669\/revisions"}],"wp:attachment":[{"href":"https:\/\/www.oarcanjo.net\/site\/wp-json\/wp\/v2\/media?parent=1669"}],"wp:term":[{"taxonomy":"category","embeddable":true,"href":"https:\/\/www.oarcanjo.net\/site\/wp-json\/wp\/v2\/categories?post=1669"},{"taxonomy":"post_tag","embeddable":true,"href":"https:\/\/www.oarcanjo.net\/site\/wp-json\/wp\/v2\/tags?post=1669"}],"curies":[{"name":"wp","href":"https:\/\/api.w.org\/{rel}","templated":true}]}}