
{"id":1674,"date":"2009-01-30T16:26:45","date_gmt":"2009-01-30T18:26:45","guid":{"rendered":"http:\/\/www.oarcanjo.net\/site\/?p=1674"},"modified":"2009-01-31T01:30:50","modified_gmt":"2009-01-31T03:30:50","slug":"ha-50-anos-joao-xxiii-convocava-o-vaticano-ii","status":"publish","type":"post","link":"https:\/\/www.oarcanjo.net\/site\/ha-50-anos-joao-xxiii-convocava-o-vaticano-ii\/","title":{"rendered":"H\u00e1 50 anos Jo\u00e3o XXIII convocava o Vaticano II"},"content":{"rendered":"<p>Domingo Riorda *<\/p>\n<p>Em 25 de janeiro de 1959, Jo\u00e3o XXIII convoca \u00e0 realiza\u00e7\u00e3o de um novo Conc\u00edlio. Ningu\u00e9m esperava por isso. Somente tr\u00eas meses antes tinha sido consagrado papa. Tinha 77 anos, longe da idade juvenil, quando s\u00e3o tomadas as decis\u00f5es mais aventureiras, segundo dizem.<\/p>\n<p>Vaticano II, como passa a ser chamado o Conc\u00edlio, revoluciona o catolicismo romano, as igrejas protestantes, modifica o tabuleiro ecum\u00eanico e as coordenadas das rela\u00e7\u00f5es entre a Igreja Cat\u00f3lica Romana e a sociedade e abre as portas e as janelas para que entre ar fresco no recinto eclesial do Vaticano e tamb\u00e9m em outras Igrejas que estavam engessando-se.<\/p>\n<p>O Papa de transi\u00e7\u00e3o que ainda conservava os cheiros e costumes de sua origem camponesa, revoluciona o ambiente de seu tempo com o que ele mesmo catalogou como &#8220;um Novo Pentecostes&#8221;. Tinha raz\u00e3o. A convoca\u00e7\u00e3o n\u00e3o era para defender doutrina alguma em especial, para condenar hereges, para preparar uma nova inquisi\u00e7\u00e3o; mas para abrir os cora\u00e7\u00f5es ao di\u00e1logo, as mentes e o corpo ao compromisso.<\/p>\n<p>Navegante de navegantes, o Jo\u00e3o XXIII sabia que o barco que comandava estava muito carregado com o peso do institucional, as trincheiras defensivas, o h\u00e1bito condenat\u00f3rio, o cora\u00e7\u00e3o e o pensamento centrado na Europa e nos muros da centralidade romana.<\/p>\n<p>Sabia que com essa mercadoria no barco n\u00e3o poderia navegar no mundo que se abria para rotas insuspeitas e para ventos inesperados. Faltava uma renova\u00e7\u00e3o a fundo com uma verdadeira convers\u00e3o dos dirigentes.<\/p>\n<p>B\u00edblia, catequese, liturgia, doutrina, a\u00e7\u00e3o direta, miss\u00e3o. Tudo deveria ser revisado com pontos de partida mais evang\u00e9licos, mais humanos, mais pr\u00f3ximos ao caminhar d\u2019Aquele que andou pelos caminhos da Galil\u00e9ia, Jerusal\u00e9m, que morreu fora da cidade e que Ressuscitou para continuar participando na luta dos homens e mulheres de &#8220;boa vontade&#8221;, para quem o Papa Bom diz que tamb\u00e9m \u00e9 o Vaticano II.<\/p>\n<p>Em fevereiro de 1959 come\u00e7a a prepara\u00e7\u00e3o do Novo Conc\u00edlio. Em in\u00edcios de 1960, j\u00e1 se percebia que a hierarquia cat\u00f3lica romana n\u00e3o era da onda do papa. A figueira n\u00e3o estava disposta a dar frutos aptos para a necessidade humana. No Vaticano s\u00e3o preparados documentos que estavam longe das indica\u00e7\u00f5es papais. S\u00e3o refor\u00e7adas as trincheiras. Solidificam-se os muros.<\/p>\n<p>No dia 11 de outubro de 1962, 2.500 bispos estavam na Pra\u00e7a de S\u00e3o Pedro para a inaugura\u00e7\u00e3o do Conc\u00edlio. As campanas repicam. As pessoas se entusiasmam pela renova\u00e7\u00e3o da Igreja. \u00c9 o in\u00edcio de uma nova \u00e9poca. Em meio a esse cen\u00e1rio est\u00e3o os supostos grandes membros da hierarquia que esperavam frear a iniciativa. Afirmam que ap\u00f3s o Conc\u00edlio, os bispos voltar\u00e3o a suas dioceses e que tudo continuar\u00e1 igual. Nesse tempo, ningu\u00e9m suspeitava que um tal Ratzinger poderia sentar-se na cadeira papal.<\/p>\n<p>O Papa Simples volta a surpreender em sua apresenta\u00e7\u00e3o do Vaticano II. Bonach\u00e3o, apela para a alegria do Esp\u00edrito para descartar temores, exorta \u00e0 aventura da f\u00e9, denuncia os falsos profetas do discurso cheio de desditas, os &#8220;que preveem constantemente a desgra\u00e7a, como se o mundo estivesse a ponto de perecer&#8221;. N\u00e3o temos que repetir o anterior, mas superar vinte s\u00e9culos de cristianismo. Com ousadia, proclama: &#8220;Preocupemo-nos com o que nos une, e deixemos de lado o que nos divide&#8221;. Inclui a &#8220;car\u00edcia \u00e0s crian\u00e7as&#8221;.<\/p>\n<p>Em 8 de dezembro de 1962 foi a \u00faltima vez que Jo\u00e3o XXIII falou no Conc\u00edlio. Pode contabilizar alguns \u00eaxitos. Estavam na retina de seus olhos e no fundo de seu cora\u00e7\u00e3o quando morreu em 3 de junho de 1963, uma segunda-feira de Pentecostes. Epis\u00f3dio ainda aberto se foi envenenado ou n\u00e3o.<\/p>\n<p>H\u00e1 consenso em dez palavras-chave do vaticano II. Aggiornamento. Colegialidade. Di\u00e1logo. Comunh\u00e3o. Liberdade Religiosa. Liturgia. Ecumenismo. Palavra de Deus (B\u00edblia). Povo de Deus. Presen\u00e7a (da Igreja ante Deus e dos Homens e Mulheres).<\/p>\n<p>A diferen\u00e7a entre o prop\u00f3sito original de Jo\u00e3o XXIII e os que o apoiaram sobre o conte\u00fado desses termos e sua realidade atual, a marca da opini\u00e3o daqueles que ainda mant\u00eam sua esperan\u00e7a no Vaticano II. Dizem que a Igreja n\u00e3o estava preparada para esse acontecimento. Que o processo continua, pois ainda n\u00e3o est\u00e1 assimilado. Opini\u00e3o aceita. No entanto, muito limitada, tingida da tristeza do fracasso.<\/p>\n<p>Aquele 25 de janeiro de 1959, o dos 50 anos da convoca\u00e7\u00e3o de Jo\u00e3o XXIII a um novo Conc\u00edlio, foi recordado pelo Papa atual, Bento XVI. No dia 24 de janeiro de 2009, ele publicou o decreto que torna sem efeito a excomunh\u00e3o de quatro bispos consagrados por Marcel Lefebvre, ac\u00e9rrimo inimigo do Vaticano II.<\/p>\n<div id=\"themify_builder_content-1674\" data-postid=\"1674\" class=\"themify_builder_content themify_builder_content-1674 themify_builder themify_builder_front\">\n\t<\/div>\n<!-- \/themify_builder_content -->","protected":false},"excerpt":{"rendered":"<p>Domingo Riorda * Em 25 de janeiro de 1959, Jo\u00e3o XXIII convoca \u00e0 realiza\u00e7\u00e3o de um novo Conc\u00edlio. Ningu\u00e9m esperava por isso. Somente tr\u00eas meses antes tinha sido consagrado papa. Tinha 77 anos, longe da idade juvenil, quando s\u00e3o tomadas as decis\u00f5es mais aventureiras, segundo dizem. Vaticano II, como passa a ser chamado o Conc\u00edlio, [&hellip;]<\/p>\n","protected":false},"author":5,"featured_media":0,"comment_status":"open","ping_status":"open","sticky":false,"template":"","format":"standard","meta":{"ngg_post_thumbnail":0,"footnotes":""},"categories":[8],"tags":[35,218,65],"yoast_head":"<!-- This site is optimized with the Yoast SEO plugin v23.5 - https:\/\/yoast.com\/wordpress\/plugins\/seo\/ -->\n<title>H\u00e1 50 anos Jo\u00e3o XXIII convocava o Vaticano II - O Arcanjo no ar<\/title>\n<meta name=\"robots\" content=\"index, follow, max-snippet:-1, max-image-preview:large, max-video-preview:-1\" \/>\n<link rel=\"canonical\" href=\"https:\/\/www.oarcanjo.net\/site\/ha-50-anos-joao-xxiii-convocava-o-vaticano-ii\/\" \/>\n<meta property=\"og:locale\" content=\"pt_BR\" \/>\n<meta property=\"og:type\" content=\"article\" \/>\n<meta property=\"og:title\" content=\"H\u00e1 50 anos Jo\u00e3o XXIII convocava o Vaticano II - O Arcanjo no ar\" \/>\n<meta property=\"og:description\" content=\"Domingo Riorda * Em 25 de janeiro de 1959, Jo\u00e3o XXIII convoca \u00e0 realiza\u00e7\u00e3o de um novo Conc\u00edlio. Ningu\u00e9m esperava por isso. Somente tr\u00eas meses antes tinha sido consagrado papa. Tinha 77 anos, longe da idade juvenil, quando s\u00e3o tomadas as decis\u00f5es mais aventureiras, segundo dizem. Vaticano II, como passa a ser chamado o Conc\u00edlio, [&hellip;]\" \/>\n<meta property=\"og:url\" content=\"https:\/\/www.oarcanjo.net\/site\/ha-50-anos-joao-xxiii-convocava-o-vaticano-ii\/\" \/>\n<meta property=\"og:site_name\" content=\"O Arcanjo no ar\" \/>\n<meta property=\"article:publisher\" content=\"https:\/\/www.facebook.com\/OArcanjoNoAr\/\" \/>\n<meta property=\"article:published_time\" content=\"2009-01-30T18:26:45+00:00\" \/>\n<meta property=\"article:modified_time\" content=\"2009-01-31T03:30:50+00:00\" \/>\n<meta property=\"og:image\" content=\"https:\/\/www.oarcanjo.net\/site\/wp-content\/uploads\/logo-o-arcanjo-no-ar-facebook.png\" \/>\n\t<meta property=\"og:image:width\" content=\"300\" \/>\n\t<meta property=\"og:image:height\" content=\"300\" \/>\n\t<meta property=\"og:image:type\" content=\"image\/png\" \/>\n<meta name=\"author\" content=\"editor\" \/>\n<meta name=\"twitter:card\" content=\"summary_large_image\" \/>\n<meta name=\"twitter:label1\" content=\"Escrito por\" \/>\n\t<meta name=\"twitter:data1\" content=\"editor\" \/>\n\t<meta name=\"twitter:label2\" content=\"Est. tempo de leitura\" \/>\n\t<meta name=\"twitter:data2\" content=\"4 minutos\" \/>\n<script type=\"application\/ld+json\" class=\"yoast-schema-graph\">{\"@context\":\"https:\/\/schema.org\",\"@graph\":[{\"@type\":\"Article\",\"@id\":\"https:\/\/www.oarcanjo.net\/site\/ha-50-anos-joao-xxiii-convocava-o-vaticano-ii\/#article\",\"isPartOf\":{\"@id\":\"https:\/\/www.oarcanjo.net\/site\/ha-50-anos-joao-xxiii-convocava-o-vaticano-ii\/\"},\"author\":{\"name\":\"editor\",\"@id\":\"https:\/\/www.oarcanjo.net\/site\/#\/schema\/person\/f7024d007863202483a31326673a0838\"},\"headline\":\"H\u00e1 50 anos Jo\u00e3o XXIII convocava o Vaticano II\",\"datePublished\":\"2009-01-30T18:26:45+00:00\",\"dateModified\":\"2009-01-31T03:30:50+00:00\",\"mainEntityOfPage\":{\"@id\":\"https:\/\/www.oarcanjo.net\/site\/ha-50-anos-joao-xxiii-convocava-o-vaticano-ii\/\"},\"wordCount\":816,\"commentCount\":0,\"publisher\":{\"@id\":\"https:\/\/www.oarcanjo.net\/site\/#organization\"},\"keywords\":[\"conc\u00edlio\",\"Jo\u00e3o XXIII\",\"Vaticano II\"],\"articleSection\":[\"Not\u00edcias\"],\"inLanguage\":\"pt-BR\",\"potentialAction\":[{\"@type\":\"CommentAction\",\"name\":\"Comment\",\"target\":[\"https:\/\/www.oarcanjo.net\/site\/ha-50-anos-joao-xxiii-convocava-o-vaticano-ii\/#respond\"]}]},{\"@type\":\"WebPage\",\"@id\":\"https:\/\/www.oarcanjo.net\/site\/ha-50-anos-joao-xxiii-convocava-o-vaticano-ii\/\",\"url\":\"https:\/\/www.oarcanjo.net\/site\/ha-50-anos-joao-xxiii-convocava-o-vaticano-ii\/\",\"name\":\"H\u00e1 50 anos Jo\u00e3o XXIII convocava o Vaticano II - O Arcanjo no ar\",\"isPartOf\":{\"@id\":\"https:\/\/www.oarcanjo.net\/site\/#website\"},\"datePublished\":\"2009-01-30T18:26:45+00:00\",\"dateModified\":\"2009-01-31T03:30:50+00:00\",\"breadcrumb\":{\"@id\":\"https:\/\/www.oarcanjo.net\/site\/ha-50-anos-joao-xxiii-convocava-o-vaticano-ii\/#breadcrumb\"},\"inLanguage\":\"pt-BR\",\"potentialAction\":[{\"@type\":\"ReadAction\",\"target\":[\"https:\/\/www.oarcanjo.net\/site\/ha-50-anos-joao-xxiii-convocava-o-vaticano-ii\/\"]}]},{\"@type\":\"BreadcrumbList\",\"@id\":\"https:\/\/www.oarcanjo.net\/site\/ha-50-anos-joao-xxiii-convocava-o-vaticano-ii\/#breadcrumb\",\"itemListElement\":[{\"@type\":\"ListItem\",\"position\":1,\"name\":\"In\u00edcio\",\"item\":\"https:\/\/www.oarcanjo.net\/site\/\"},{\"@type\":\"ListItem\",\"position\":2,\"name\":\"H\u00e1 50 anos Jo\u00e3o XXIII convocava o Vaticano II\"}]},{\"@type\":\"WebSite\",\"@id\":\"https:\/\/www.oarcanjo.net\/site\/#website\",\"url\":\"https:\/\/www.oarcanjo.net\/site\/\",\"name\":\"O Arcanjo no ar\",\"description\":\"Site da Par\u00f3quia S\u00e3o Miguel Arcanjo (Arquidiocese de SP)\",\"publisher\":{\"@id\":\"https:\/\/www.oarcanjo.net\/site\/#organization\"},\"potentialAction\":[{\"@type\":\"SearchAction\",\"target\":{\"@type\":\"EntryPoint\",\"urlTemplate\":\"https:\/\/www.oarcanjo.net\/site\/?s={search_term_string}\"},\"query-input\":{\"@type\":\"PropertyValueSpecification\",\"valueRequired\":true,\"valueName\":\"search_term_string\"}}],\"inLanguage\":\"pt-BR\"},{\"@type\":\"Organization\",\"@id\":\"https:\/\/www.oarcanjo.net\/site\/#organization\",\"name\":\"Par\u00f3quia S\u00e3o Miguel Arcanjo\",\"url\":\"https:\/\/www.oarcanjo.net\/site\/\",\"logo\":{\"@type\":\"ImageObject\",\"inLanguage\":\"pt-BR\",\"@id\":\"https:\/\/www.oarcanjo.net\/site\/#\/schema\/logo\/image\/\",\"url\":\"https:\/\/www.oarcanjo.net\/site\/wp-content\/uploads\/LogoOArcanjo.png\",\"contentUrl\":\"https:\/\/www.oarcanjo.net\/site\/wp-content\/uploads\/LogoOArcanjo.png\",\"width\":319,\"height\":99,\"caption\":\"Par\u00f3quia S\u00e3o Miguel Arcanjo\"},\"image\":{\"@id\":\"https:\/\/www.oarcanjo.net\/site\/#\/schema\/logo\/image\/\"},\"sameAs\":[\"https:\/\/www.facebook.com\/OArcanjoNoAr\/\"]},{\"@type\":\"Person\",\"@id\":\"https:\/\/www.oarcanjo.net\/site\/#\/schema\/person\/f7024d007863202483a31326673a0838\",\"name\":\"editor\",\"sameAs\":[\"http:\/\/www.oarcanjo.net\"]}]}<\/script>\n<!-- \/ Yoast SEO plugin. -->","yoast_head_json":{"title":"H\u00e1 50 anos Jo\u00e3o XXIII convocava o Vaticano II - O Arcanjo no ar","robots":{"index":"index","follow":"follow","max-snippet":"max-snippet:-1","max-image-preview":"max-image-preview:large","max-video-preview":"max-video-preview:-1"},"canonical":"https:\/\/www.oarcanjo.net\/site\/ha-50-anos-joao-xxiii-convocava-o-vaticano-ii\/","og_locale":"pt_BR","og_type":"article","og_title":"H\u00e1 50 anos Jo\u00e3o XXIII convocava o Vaticano II - O Arcanjo no ar","og_description":"Domingo Riorda * Em 25 de janeiro de 1959, Jo\u00e3o XXIII convoca \u00e0 realiza\u00e7\u00e3o de um novo Conc\u00edlio. Ningu\u00e9m esperava por isso. Somente tr\u00eas meses antes tinha sido consagrado papa. Tinha 77 anos, longe da idade juvenil, quando s\u00e3o tomadas as decis\u00f5es mais aventureiras, segundo dizem. Vaticano II, como passa a ser chamado o Conc\u00edlio, [&hellip;]","og_url":"https:\/\/www.oarcanjo.net\/site\/ha-50-anos-joao-xxiii-convocava-o-vaticano-ii\/","og_site_name":"O Arcanjo no ar","article_publisher":"https:\/\/www.facebook.com\/OArcanjoNoAr\/","article_published_time":"2009-01-30T18:26:45+00:00","article_modified_time":"2009-01-31T03:30:50+00:00","og_image":[{"width":300,"height":300,"url":"https:\/\/www.oarcanjo.net\/site\/wp-content\/uploads\/logo-o-arcanjo-no-ar-facebook.png","type":"image\/png"}],"author":"editor","twitter_card":"summary_large_image","twitter_misc":{"Escrito por":"editor","Est. tempo de leitura":"4 minutos"},"schema":{"@context":"https:\/\/schema.org","@graph":[{"@type":"Article","@id":"https:\/\/www.oarcanjo.net\/site\/ha-50-anos-joao-xxiii-convocava-o-vaticano-ii\/#article","isPartOf":{"@id":"https:\/\/www.oarcanjo.net\/site\/ha-50-anos-joao-xxiii-convocava-o-vaticano-ii\/"},"author":{"name":"editor","@id":"https:\/\/www.oarcanjo.net\/site\/#\/schema\/person\/f7024d007863202483a31326673a0838"},"headline":"H\u00e1 50 anos Jo\u00e3o XXIII convocava o Vaticano II","datePublished":"2009-01-30T18:26:45+00:00","dateModified":"2009-01-31T03:30:50+00:00","mainEntityOfPage":{"@id":"https:\/\/www.oarcanjo.net\/site\/ha-50-anos-joao-xxiii-convocava-o-vaticano-ii\/"},"wordCount":816,"commentCount":0,"publisher":{"@id":"https:\/\/www.oarcanjo.net\/site\/#organization"},"keywords":["conc\u00edlio","Jo\u00e3o XXIII","Vaticano II"],"articleSection":["Not\u00edcias"],"inLanguage":"pt-BR","potentialAction":[{"@type":"CommentAction","name":"Comment","target":["https:\/\/www.oarcanjo.net\/site\/ha-50-anos-joao-xxiii-convocava-o-vaticano-ii\/#respond"]}]},{"@type":"WebPage","@id":"https:\/\/www.oarcanjo.net\/site\/ha-50-anos-joao-xxiii-convocava-o-vaticano-ii\/","url":"https:\/\/www.oarcanjo.net\/site\/ha-50-anos-joao-xxiii-convocava-o-vaticano-ii\/","name":"H\u00e1 50 anos Jo\u00e3o XXIII convocava o Vaticano II - O Arcanjo no ar","isPartOf":{"@id":"https:\/\/www.oarcanjo.net\/site\/#website"},"datePublished":"2009-01-30T18:26:45+00:00","dateModified":"2009-01-31T03:30:50+00:00","breadcrumb":{"@id":"https:\/\/www.oarcanjo.net\/site\/ha-50-anos-joao-xxiii-convocava-o-vaticano-ii\/#breadcrumb"},"inLanguage":"pt-BR","potentialAction":[{"@type":"ReadAction","target":["https:\/\/www.oarcanjo.net\/site\/ha-50-anos-joao-xxiii-convocava-o-vaticano-ii\/"]}]},{"@type":"BreadcrumbList","@id":"https:\/\/www.oarcanjo.net\/site\/ha-50-anos-joao-xxiii-convocava-o-vaticano-ii\/#breadcrumb","itemListElement":[{"@type":"ListItem","position":1,"name":"In\u00edcio","item":"https:\/\/www.oarcanjo.net\/site\/"},{"@type":"ListItem","position":2,"name":"H\u00e1 50 anos Jo\u00e3o XXIII convocava o Vaticano II"}]},{"@type":"WebSite","@id":"https:\/\/www.oarcanjo.net\/site\/#website","url":"https:\/\/www.oarcanjo.net\/site\/","name":"O Arcanjo no ar","description":"Site da Par\u00f3quia S\u00e3o Miguel Arcanjo (Arquidiocese de SP)","publisher":{"@id":"https:\/\/www.oarcanjo.net\/site\/#organization"},"potentialAction":[{"@type":"SearchAction","target":{"@type":"EntryPoint","urlTemplate":"https:\/\/www.oarcanjo.net\/site\/?s={search_term_string}"},"query-input":{"@type":"PropertyValueSpecification","valueRequired":true,"valueName":"search_term_string"}}],"inLanguage":"pt-BR"},{"@type":"Organization","@id":"https:\/\/www.oarcanjo.net\/site\/#organization","name":"Par\u00f3quia S\u00e3o Miguel Arcanjo","url":"https:\/\/www.oarcanjo.net\/site\/","logo":{"@type":"ImageObject","inLanguage":"pt-BR","@id":"https:\/\/www.oarcanjo.net\/site\/#\/schema\/logo\/image\/","url":"https:\/\/www.oarcanjo.net\/site\/wp-content\/uploads\/LogoOArcanjo.png","contentUrl":"https:\/\/www.oarcanjo.net\/site\/wp-content\/uploads\/LogoOArcanjo.png","width":319,"height":99,"caption":"Par\u00f3quia S\u00e3o Miguel Arcanjo"},"image":{"@id":"https:\/\/www.oarcanjo.net\/site\/#\/schema\/logo\/image\/"},"sameAs":["https:\/\/www.facebook.com\/OArcanjoNoAr\/"]},{"@type":"Person","@id":"https:\/\/www.oarcanjo.net\/site\/#\/schema\/person\/f7024d007863202483a31326673a0838","name":"editor","sameAs":["http:\/\/www.oarcanjo.net"]}]}},"publishpress_future_action":{"enabled":false,"date":"2026-05-08 18:10:26","action":"category","newStatus":"draft","terms":[],"taxonomy":"category"},"publishpress_future_workflow_manual_trigger":{"enabledWorkflows":[]},"_links":{"self":[{"href":"https:\/\/www.oarcanjo.net\/site\/wp-json\/wp\/v2\/posts\/1674"}],"collection":[{"href":"https:\/\/www.oarcanjo.net\/site\/wp-json\/wp\/v2\/posts"}],"about":[{"href":"https:\/\/www.oarcanjo.net\/site\/wp-json\/wp\/v2\/types\/post"}],"author":[{"embeddable":true,"href":"https:\/\/www.oarcanjo.net\/site\/wp-json\/wp\/v2\/users\/5"}],"replies":[{"embeddable":true,"href":"https:\/\/www.oarcanjo.net\/site\/wp-json\/wp\/v2\/comments?post=1674"}],"version-history":[{"count":0,"href":"https:\/\/www.oarcanjo.net\/site\/wp-json\/wp\/v2\/posts\/1674\/revisions"}],"wp:attachment":[{"href":"https:\/\/www.oarcanjo.net\/site\/wp-json\/wp\/v2\/media?parent=1674"}],"wp:term":[{"taxonomy":"category","embeddable":true,"href":"https:\/\/www.oarcanjo.net\/site\/wp-json\/wp\/v2\/categories?post=1674"},{"taxonomy":"post_tag","embeddable":true,"href":"https:\/\/www.oarcanjo.net\/site\/wp-json\/wp\/v2\/tags?post=1674"}],"curies":[{"name":"wp","href":"https:\/\/api.w.org\/{rel}","templated":true}]}}