
{"id":1680,"date":"2009-01-31T23:08:52","date_gmt":"2009-02-01T01:08:52","guid":{"rendered":"http:\/\/www.oarcanjo.net\/site\/?p=1680"},"modified":"2009-02-08T13:49:21","modified_gmt":"2009-02-08T15:49:21","slug":"o-surprendente-jesus-de-smarcos","status":"publish","type":"post","link":"https:\/\/www.oarcanjo.net\/site\/o-surprendente-jesus-de-smarcos\/","title":{"rendered":"O surpreendente Jesus de S. Marcos"},"content":{"rendered":"<p><em>Clique abaixo para ouvir a homilia da celebra\u00e7\u00e3o de 01\/02:<\/em><\/p>\n[audio:Homilia20090201.mp3]\n<hr \/>\n<p>Este \u00e9 o t\u00edtulo de um livro de Secundino Castro Sanchez publicado pela Universidad Pontificia Comillas de Madrid. Com o subt\u00edtulo <em>O Evangelho de Marcos por dentro<\/em>. Neste ano o evangelho de S\u00e3o Marcos \u00e9 o evangelho proclamado na litrugia. Marcos \u00e9 o evangelho catequ\u00e9tico e quer responder \u00e0 quest\u00e3o: <strong>Quem \u00e9 Jesus?<\/strong><\/p>\n<p>O trecho que hoje a liturgia nos apresenta \u00e9 uma cena aparentemente simples que mostra um exorcismo e a consequente fama de JESUS. Esta \u00e9 a primeira manifesta\u00e7\u00e3o de Jesus no evangelho de Marcos e acontece em um s\u00e1bado e em uma Sinagoga, o tempo e o espa\u00e7o s\u00e3o muito importantes para entender o que JESUS ensina na pr\u00e1tica e n\u00e3o em palavras e teorias. A novidade de JESUS liberta e livra da aliena\u00e7\u00e3o, coisa que a Sinagoga e o s\u00e1bado n\u00e3o s\u00e3o capazes de fazer. Na Sinagoga, onde o povo vai para conhecer a LEI, \u00e9 que ser\u00e1 surpreendido com a doutrina de JESUS que ir\u00e1 considerar totalmente nova. Nova e ensinada com autoridade ao contr\u00e1rio do que era ensinado pelos Doutores da Lei.<\/p>\n<p>JESUS \u00e9 aquele que veio destruir o mal que aliena e despersonaliza as pessoas e os seus seguidores \u00e9 quem devem manifestar quem ELE \u00c9.<\/p>\n<p>Ao curar o endemoniado Marcos d\u00e1 a entender que JESUS purificou a Sinagoga que se considerava pura e integrou aquele que estava exclu\u00eddo pela lei e pela aliena\u00e7\u00e3o, JESUS subverte a ordem legalista e inaugura o tempo do Amor. O evangelista n\u00e3o diz o que JESUS ensinava mas como ensinava: libertando e humanizando.<\/p>\n<p>Ao pensarmos o novo plano de Pastoral da Arquidiocese de S\u00e3o Paulo precisamos aprender de JESUS esta nova maneira de agir e de ser onde nossas palavras n\u00e3o sejam discursos vazios mas a\u00e7\u00f5es comprometidas que participam da transforma\u00e7\u00e3o da vida na cidade e nas nossas comunidades. Proximamente estaremos refletindo o plano de Pastoral de nossa Arquidiocese, suas implica\u00e7\u00f5es na vida do nosso setor e par\u00f3quia e iluminados pela evangelho de S\u00e3o Marcos deixar-nos surpreender pela Palavra e A\u00e7\u00e3o de JESUS em nossas vidas, pois Ele sempre nos surpreende e faz viver!<\/p>\n<div id=\"themify_builder_content-1680\" data-postid=\"1680\" class=\"themify_builder_content themify_builder_content-1680 themify_builder themify_builder_front\">\n\t<\/div>\n<!-- \/themify_builder_content -->","protected":false},"excerpt":{"rendered":"<p>Clique abaixo para ouvir a homilia da celebra\u00e7\u00e3o de 01\/02: [audio:Homilia20090201.mp3] Este \u00e9 o t\u00edtulo de um livro de Secundino Castro Sanchez publicado pela Universidad Pontificia Comillas de Madrid. Com o subt\u00edtulo O Evangelho de Marcos por dentro. Neste ano o evangelho de S\u00e3o Marcos \u00e9 o evangelho proclamado na litrugia. Marcos \u00e9 o evangelho [&hellip;]<\/p>\n","protected":false},"author":4,"featured_media":0,"comment_status":"open","ping_status":"open","sticky":false,"template":"","format":"standard","meta":{"ngg_post_thumbnail":0,"footnotes":""},"categories":[4,5],"tags":[205,220],"yoast_head":"<!-- This site is optimized with the Yoast SEO plugin v23.5 - https:\/\/yoast.com\/wordpress\/plugins\/seo\/ -->\n<title>O surpreendente Jesus de S. Marcos - O Arcanjo no ar<\/title>\n<meta name=\"robots\" content=\"index, follow, max-snippet:-1, max-image-preview:large, max-video-preview:-1\" \/>\n<link rel=\"canonical\" href=\"https:\/\/www.oarcanjo.net\/site\/o-surprendente-jesus-de-smarcos\/\" \/>\n<meta property=\"og:locale\" content=\"pt_BR\" \/>\n<meta property=\"og:type\" content=\"article\" \/>\n<meta property=\"og:title\" content=\"O surpreendente Jesus de S. Marcos - O Arcanjo no ar\" \/>\n<meta property=\"og:description\" content=\"Clique abaixo para ouvir a homilia da celebra\u00e7\u00e3o de 01\/02: [audio:Homilia20090201.mp3] Este \u00e9 o t\u00edtulo de um livro de Secundino Castro Sanchez publicado pela Universidad Pontificia Comillas de Madrid. Com o subt\u00edtulo O Evangelho de Marcos por dentro. Neste ano o evangelho de S\u00e3o Marcos \u00e9 o evangelho proclamado na litrugia. Marcos \u00e9 o evangelho [&hellip;]\" \/>\n<meta property=\"og:url\" content=\"https:\/\/www.oarcanjo.net\/site\/o-surprendente-jesus-de-smarcos\/\" \/>\n<meta property=\"og:site_name\" content=\"O Arcanjo no ar\" \/>\n<meta property=\"article:publisher\" content=\"https:\/\/www.facebook.com\/OArcanjoNoAr\/\" \/>\n<meta property=\"article:published_time\" content=\"2009-02-01T01:08:52+00:00\" \/>\n<meta property=\"article:modified_time\" content=\"2009-02-08T15:49:21+00:00\" \/>\n<meta property=\"og:image\" content=\"https:\/\/www.oarcanjo.net\/site\/wp-content\/uploads\/logo-o-arcanjo-no-ar-facebook.png\" \/>\n\t<meta property=\"og:image:width\" content=\"300\" \/>\n\t<meta property=\"og:image:height\" content=\"300\" \/>\n\t<meta property=\"og:image:type\" content=\"image\/png\" \/>\n<meta name=\"author\" content=\"julio\" \/>\n<meta name=\"twitter:card\" content=\"summary_large_image\" \/>\n<meta name=\"twitter:label1\" content=\"Escrito por\" \/>\n\t<meta name=\"twitter:data1\" content=\"julio\" \/>\n\t<meta name=\"twitter:label2\" content=\"Est. tempo de leitura\" \/>\n\t<meta name=\"twitter:data2\" content=\"2 minutos\" \/>\n<script type=\"application\/ld+json\" class=\"yoast-schema-graph\">{\"@context\":\"https:\/\/schema.org\",\"@graph\":[{\"@type\":\"Article\",\"@id\":\"https:\/\/www.oarcanjo.net\/site\/o-surprendente-jesus-de-smarcos\/#article\",\"isPartOf\":{\"@id\":\"https:\/\/www.oarcanjo.net\/site\/o-surprendente-jesus-de-smarcos\/\"},\"author\":{\"name\":\"julio\",\"@id\":\"https:\/\/www.oarcanjo.net\/site\/#\/schema\/person\/d78ea01c648c91e29c364b516767079e\"},\"headline\":\"O surpreendente Jesus de S. Marcos\",\"datePublished\":\"2009-02-01T01:08:52+00:00\",\"dateModified\":\"2009-02-08T15:49:21+00:00\",\"mainEntityOfPage\":{\"@id\":\"https:\/\/www.oarcanjo.net\/site\/o-surprendente-jesus-de-smarcos\/\"},\"wordCount\":382,\"commentCount\":6,\"publisher\":{\"@id\":\"https:\/\/www.oarcanjo.net\/site\/#organization\"},\"keywords\":[\"Plano de Pastoral\",\"S\u00e3o Marcos\"],\"articleSection\":[\"Blog\",\"Voz do Arcanjo\"],\"inLanguage\":\"pt-BR\",\"potentialAction\":[{\"@type\":\"CommentAction\",\"name\":\"Comment\",\"target\":[\"https:\/\/www.oarcanjo.net\/site\/o-surprendente-jesus-de-smarcos\/#respond\"]}]},{\"@type\":\"WebPage\",\"@id\":\"https:\/\/www.oarcanjo.net\/site\/o-surprendente-jesus-de-smarcos\/\",\"url\":\"https:\/\/www.oarcanjo.net\/site\/o-surprendente-jesus-de-smarcos\/\",\"name\":\"O surpreendente Jesus de S. Marcos - O Arcanjo no ar\",\"isPartOf\":{\"@id\":\"https:\/\/www.oarcanjo.net\/site\/#website\"},\"datePublished\":\"2009-02-01T01:08:52+00:00\",\"dateModified\":\"2009-02-08T15:49:21+00:00\",\"breadcrumb\":{\"@id\":\"https:\/\/www.oarcanjo.net\/site\/o-surprendente-jesus-de-smarcos\/#breadcrumb\"},\"inLanguage\":\"pt-BR\",\"potentialAction\":[{\"@type\":\"ReadAction\",\"target\":[\"https:\/\/www.oarcanjo.net\/site\/o-surprendente-jesus-de-smarcos\/\"]}]},{\"@type\":\"BreadcrumbList\",\"@id\":\"https:\/\/www.oarcanjo.net\/site\/o-surprendente-jesus-de-smarcos\/#breadcrumb\",\"itemListElement\":[{\"@type\":\"ListItem\",\"position\":1,\"name\":\"In\u00edcio\",\"item\":\"https:\/\/www.oarcanjo.net\/site\/\"},{\"@type\":\"ListItem\",\"position\":2,\"name\":\"O surpreendente Jesus de S. Marcos\"}]},{\"@type\":\"WebSite\",\"@id\":\"https:\/\/www.oarcanjo.net\/site\/#website\",\"url\":\"https:\/\/www.oarcanjo.net\/site\/\",\"name\":\"O Arcanjo no ar\",\"description\":\"Site da Par\u00f3quia S\u00e3o Miguel Arcanjo (Arquidiocese de SP)\",\"publisher\":{\"@id\":\"https:\/\/www.oarcanjo.net\/site\/#organization\"},\"potentialAction\":[{\"@type\":\"SearchAction\",\"target\":{\"@type\":\"EntryPoint\",\"urlTemplate\":\"https:\/\/www.oarcanjo.net\/site\/?s={search_term_string}\"},\"query-input\":{\"@type\":\"PropertyValueSpecification\",\"valueRequired\":true,\"valueName\":\"search_term_string\"}}],\"inLanguage\":\"pt-BR\"},{\"@type\":\"Organization\",\"@id\":\"https:\/\/www.oarcanjo.net\/site\/#organization\",\"name\":\"Par\u00f3quia S\u00e3o Miguel Arcanjo\",\"url\":\"https:\/\/www.oarcanjo.net\/site\/\",\"logo\":{\"@type\":\"ImageObject\",\"inLanguage\":\"pt-BR\",\"@id\":\"https:\/\/www.oarcanjo.net\/site\/#\/schema\/logo\/image\/\",\"url\":\"https:\/\/www.oarcanjo.net\/site\/wp-content\/uploads\/LogoOArcanjo.png\",\"contentUrl\":\"https:\/\/www.oarcanjo.net\/site\/wp-content\/uploads\/LogoOArcanjo.png\",\"width\":319,\"height\":99,\"caption\":\"Par\u00f3quia S\u00e3o Miguel Arcanjo\"},\"image\":{\"@id\":\"https:\/\/www.oarcanjo.net\/site\/#\/schema\/logo\/image\/\"},\"sameAs\":[\"https:\/\/www.facebook.com\/OArcanjoNoAr\/\"]},{\"@type\":\"Person\",\"@id\":\"https:\/\/www.oarcanjo.net\/site\/#\/schema\/person\/d78ea01c648c91e29c364b516767079e\",\"name\":\"julio\",\"sameAs\":[\"http:\/\/www.oarcanjo.net\"]}]}<\/script>\n<!-- \/ Yoast SEO plugin. -->","yoast_head_json":{"title":"O surpreendente Jesus de S. Marcos - O Arcanjo no ar","robots":{"index":"index","follow":"follow","max-snippet":"max-snippet:-1","max-image-preview":"max-image-preview:large","max-video-preview":"max-video-preview:-1"},"canonical":"https:\/\/www.oarcanjo.net\/site\/o-surprendente-jesus-de-smarcos\/","og_locale":"pt_BR","og_type":"article","og_title":"O surpreendente Jesus de S. Marcos - O Arcanjo no ar","og_description":"Clique abaixo para ouvir a homilia da celebra\u00e7\u00e3o de 01\/02: [audio:Homilia20090201.mp3] Este \u00e9 o t\u00edtulo de um livro de Secundino Castro Sanchez publicado pela Universidad Pontificia Comillas de Madrid. Com o subt\u00edtulo O Evangelho de Marcos por dentro. Neste ano o evangelho de S\u00e3o Marcos \u00e9 o evangelho proclamado na litrugia. Marcos \u00e9 o evangelho [&hellip;]","og_url":"https:\/\/www.oarcanjo.net\/site\/o-surprendente-jesus-de-smarcos\/","og_site_name":"O Arcanjo no ar","article_publisher":"https:\/\/www.facebook.com\/OArcanjoNoAr\/","article_published_time":"2009-02-01T01:08:52+00:00","article_modified_time":"2009-02-08T15:49:21+00:00","og_image":[{"width":300,"height":300,"url":"https:\/\/www.oarcanjo.net\/site\/wp-content\/uploads\/logo-o-arcanjo-no-ar-facebook.png","type":"image\/png"}],"author":"julio","twitter_card":"summary_large_image","twitter_misc":{"Escrito por":"julio","Est. tempo de leitura":"2 minutos"},"schema":{"@context":"https:\/\/schema.org","@graph":[{"@type":"Article","@id":"https:\/\/www.oarcanjo.net\/site\/o-surprendente-jesus-de-smarcos\/#article","isPartOf":{"@id":"https:\/\/www.oarcanjo.net\/site\/o-surprendente-jesus-de-smarcos\/"},"author":{"name":"julio","@id":"https:\/\/www.oarcanjo.net\/site\/#\/schema\/person\/d78ea01c648c91e29c364b516767079e"},"headline":"O surpreendente Jesus de S. Marcos","datePublished":"2009-02-01T01:08:52+00:00","dateModified":"2009-02-08T15:49:21+00:00","mainEntityOfPage":{"@id":"https:\/\/www.oarcanjo.net\/site\/o-surprendente-jesus-de-smarcos\/"},"wordCount":382,"commentCount":6,"publisher":{"@id":"https:\/\/www.oarcanjo.net\/site\/#organization"},"keywords":["Plano de Pastoral","S\u00e3o Marcos"],"articleSection":["Blog","Voz do Arcanjo"],"inLanguage":"pt-BR","potentialAction":[{"@type":"CommentAction","name":"Comment","target":["https:\/\/www.oarcanjo.net\/site\/o-surprendente-jesus-de-smarcos\/#respond"]}]},{"@type":"WebPage","@id":"https:\/\/www.oarcanjo.net\/site\/o-surprendente-jesus-de-smarcos\/","url":"https:\/\/www.oarcanjo.net\/site\/o-surprendente-jesus-de-smarcos\/","name":"O surpreendente Jesus de S. Marcos - O Arcanjo no ar","isPartOf":{"@id":"https:\/\/www.oarcanjo.net\/site\/#website"},"datePublished":"2009-02-01T01:08:52+00:00","dateModified":"2009-02-08T15:49:21+00:00","breadcrumb":{"@id":"https:\/\/www.oarcanjo.net\/site\/o-surprendente-jesus-de-smarcos\/#breadcrumb"},"inLanguage":"pt-BR","potentialAction":[{"@type":"ReadAction","target":["https:\/\/www.oarcanjo.net\/site\/o-surprendente-jesus-de-smarcos\/"]}]},{"@type":"BreadcrumbList","@id":"https:\/\/www.oarcanjo.net\/site\/o-surprendente-jesus-de-smarcos\/#breadcrumb","itemListElement":[{"@type":"ListItem","position":1,"name":"In\u00edcio","item":"https:\/\/www.oarcanjo.net\/site\/"},{"@type":"ListItem","position":2,"name":"O surpreendente Jesus de S. Marcos"}]},{"@type":"WebSite","@id":"https:\/\/www.oarcanjo.net\/site\/#website","url":"https:\/\/www.oarcanjo.net\/site\/","name":"O Arcanjo no ar","description":"Site da Par\u00f3quia S\u00e3o Miguel Arcanjo (Arquidiocese de SP)","publisher":{"@id":"https:\/\/www.oarcanjo.net\/site\/#organization"},"potentialAction":[{"@type":"SearchAction","target":{"@type":"EntryPoint","urlTemplate":"https:\/\/www.oarcanjo.net\/site\/?s={search_term_string}"},"query-input":{"@type":"PropertyValueSpecification","valueRequired":true,"valueName":"search_term_string"}}],"inLanguage":"pt-BR"},{"@type":"Organization","@id":"https:\/\/www.oarcanjo.net\/site\/#organization","name":"Par\u00f3quia S\u00e3o Miguel Arcanjo","url":"https:\/\/www.oarcanjo.net\/site\/","logo":{"@type":"ImageObject","inLanguage":"pt-BR","@id":"https:\/\/www.oarcanjo.net\/site\/#\/schema\/logo\/image\/","url":"https:\/\/www.oarcanjo.net\/site\/wp-content\/uploads\/LogoOArcanjo.png","contentUrl":"https:\/\/www.oarcanjo.net\/site\/wp-content\/uploads\/LogoOArcanjo.png","width":319,"height":99,"caption":"Par\u00f3quia S\u00e3o Miguel Arcanjo"},"image":{"@id":"https:\/\/www.oarcanjo.net\/site\/#\/schema\/logo\/image\/"},"sameAs":["https:\/\/www.facebook.com\/OArcanjoNoAr\/"]},{"@type":"Person","@id":"https:\/\/www.oarcanjo.net\/site\/#\/schema\/person\/d78ea01c648c91e29c364b516767079e","name":"julio","sameAs":["http:\/\/www.oarcanjo.net"]}]}},"publishpress_future_action":{"enabled":false,"date":"2026-05-07 09:36:26","action":"category","newStatus":"draft","terms":[],"taxonomy":"category"},"publishpress_future_workflow_manual_trigger":{"enabledWorkflows":[]},"_links":{"self":[{"href":"https:\/\/www.oarcanjo.net\/site\/wp-json\/wp\/v2\/posts\/1680"}],"collection":[{"href":"https:\/\/www.oarcanjo.net\/site\/wp-json\/wp\/v2\/posts"}],"about":[{"href":"https:\/\/www.oarcanjo.net\/site\/wp-json\/wp\/v2\/types\/post"}],"author":[{"embeddable":true,"href":"https:\/\/www.oarcanjo.net\/site\/wp-json\/wp\/v2\/users\/4"}],"replies":[{"embeddable":true,"href":"https:\/\/www.oarcanjo.net\/site\/wp-json\/wp\/v2\/comments?post=1680"}],"version-history":[{"count":0,"href":"https:\/\/www.oarcanjo.net\/site\/wp-json\/wp\/v2\/posts\/1680\/revisions"}],"wp:attachment":[{"href":"https:\/\/www.oarcanjo.net\/site\/wp-json\/wp\/v2\/media?parent=1680"}],"wp:term":[{"taxonomy":"category","embeddable":true,"href":"https:\/\/www.oarcanjo.net\/site\/wp-json\/wp\/v2\/categories?post=1680"},{"taxonomy":"post_tag","embeddable":true,"href":"https:\/\/www.oarcanjo.net\/site\/wp-json\/wp\/v2\/tags?post=1680"}],"curies":[{"name":"wp","href":"https:\/\/api.w.org\/{rel}","templated":true}]}}