
{"id":16926,"date":"2011-12-19T13:27:00","date_gmt":"2011-12-19T15:27:00","guid":{"rendered":"http:\/\/www.oarcanjo.net\/site\/?p=16926"},"modified":"2012-01-10T00:56:33","modified_gmt":"2012-01-10T02:56:33","slug":"batizado-de-dezembro-de-2011","status":"publish","type":"post","link":"https:\/\/www.oarcanjo.net\/site\/batizado-de-dezembro-de-2011\/","title":{"rendered":"Batizado de Dezembro de 2011"},"content":{"rendered":"<p style=\"text-align: justify;\">Estando pr\u00f3ximos do Natal, neste dia 18\/12\/11,\u00a0quarto domingo do Advento e nos preparando para a proclama\u00e7\u00e3o da anuncia\u00e7\u00e3o do Senhor, enaltecendo a figura da Virgem Maria como s\u00edmbolo da humaniza\u00e7\u00e3o, que abre o mist\u00e9rio de Deus e acolhe o Redentor, foram batizadas mais 17 crian\u00e7as.<\/p>\n<p style=\"text-align: justify;\">As fotos mostram o batizados\u00a0 da Alicia Pimenta Manquini, \u00a0Arthur Lib\u00f3rio Costa e seu irm\u00e3o Bernardo Lib\u00f3rio Costa, B\u00e1rbara V. de N. Alvarenga Veronezzi, \u00a0Elisabeth Naomi \u00a0Mukai Novella, Felipe \u00a0Aureli, \u00a0Gabriel \u00a0Rabelo, J\u00e9ssica Frias Faria, Jo\u00e3o Lopes Marconini, Lara de Ara\u00fajo Rodrigues, Laura Panzuto Mathias, Manuela Barelli de Pinho, Maria Eduarda Luzzi Russo, Maria Sophia Bim Paulin, Mariana dos Santos Mendes, Murilo Luca Marcos Botelho e Raul Oliveira Nadim.<\/p>\n<p>\u00a0Vejam\u00a0as fotos desse dia emocionante:<\/p>\nngg_shortcode_0_placeholder\n<div id=\"themify_builder_content-16926\" data-postid=\"16926\" class=\"themify_builder_content themify_builder_content-16926 themify_builder themify_builder_front\">\n\t<\/div>\n<!-- \/themify_builder_content -->","protected":false},"excerpt":{"rendered":"<p>Estando pr\u00f3ximos do Natal, neste dia 18\/12\/11,\u00a0quarto domingo do Advento e nos preparando para a proclama\u00e7\u00e3o da anuncia\u00e7\u00e3o do Senhor, enaltecendo a figura da Virgem Maria como s\u00edmbolo da humaniza\u00e7\u00e3o, que abre o mist\u00e9rio de Deus e acolhe o Redentor, foram batizadas mais 17 crian\u00e7as. As fotos mostram o batizados\u00a0 da Alicia Pimenta Manquini, \u00a0Arthur [&hellip;]<\/p>\n","protected":false},"author":10,"featured_media":0,"comment_status":"open","ping_status":"open","sticky":false,"template":"","format":"standard","meta":{"ngg_post_thumbnail":0,"footnotes":""},"categories":[3,7],"tags":[],"yoast_head":"<!-- This site is optimized with the Yoast SEO plugin v23.5 - https:\/\/yoast.com\/wordpress\/plugins\/seo\/ -->\n<title>Batizado de Dezembro de 2011 - O Arcanjo no ar<\/title>\n<meta name=\"robots\" content=\"index, follow, max-snippet:-1, max-image-preview:large, max-video-preview:-1\" \/>\n<link rel=\"canonical\" href=\"https:\/\/www.oarcanjo.net\/site\/batizado-de-dezembro-de-2011\/\" \/>\n<meta property=\"og:locale\" content=\"pt_BR\" \/>\n<meta property=\"og:type\" content=\"article\" \/>\n<meta property=\"og:title\" content=\"Batizado de Dezembro de 2011 - O Arcanjo no ar\" \/>\n<meta property=\"og:description\" content=\"Estando pr\u00f3ximos do Natal, neste dia 18\/12\/11,\u00a0quarto domingo do Advento e nos preparando para a proclama\u00e7\u00e3o da anuncia\u00e7\u00e3o do Senhor, enaltecendo a figura da Virgem Maria como s\u00edmbolo da humaniza\u00e7\u00e3o, que abre o mist\u00e9rio de Deus e acolhe o Redentor, foram batizadas mais 17 crian\u00e7as. As fotos mostram o batizados\u00a0 da Alicia Pimenta Manquini, \u00a0Arthur [&hellip;]\" \/>\n<meta property=\"og:url\" content=\"https:\/\/www.oarcanjo.net\/site\/batizado-de-dezembro-de-2011\/\" \/>\n<meta property=\"og:site_name\" content=\"O Arcanjo no ar\" \/>\n<meta property=\"article:publisher\" content=\"https:\/\/www.facebook.com\/OArcanjoNoAr\/\" \/>\n<meta property=\"article:published_time\" content=\"2011-12-19T15:27:00+00:00\" \/>\n<meta property=\"article:modified_time\" content=\"2012-01-10T02:56:33+00:00\" \/>\n<meta property=\"og:image\" content=\"https:\/\/www.oarcanjo.net\/site\/wp-content\/uploads\/logo-o-arcanjo-no-ar-facebook.png\" \/>\n\t<meta property=\"og:image:width\" content=\"300\" \/>\n\t<meta property=\"og:image:height\" content=\"300\" \/>\n\t<meta property=\"og:image:type\" content=\"image\/png\" \/>\n<meta name=\"author\" content=\"carlos\" \/>\n<meta name=\"twitter:card\" content=\"summary_large_image\" \/>\n<meta name=\"twitter:label1\" content=\"Escrito por\" \/>\n\t<meta name=\"twitter:data1\" content=\"carlos\" \/>\n\t<meta name=\"twitter:label2\" content=\"Est. tempo de leitura\" \/>\n\t<meta name=\"twitter:data2\" content=\"1 minuto\" \/>\n<script type=\"application\/ld+json\" class=\"yoast-schema-graph\">{\"@context\":\"https:\/\/schema.org\",\"@graph\":[{\"@type\":\"Article\",\"@id\":\"https:\/\/www.oarcanjo.net\/site\/batizado-de-dezembro-de-2011\/#article\",\"isPartOf\":{\"@id\":\"https:\/\/www.oarcanjo.net\/site\/batizado-de-dezembro-de-2011\/\"},\"author\":{\"name\":\"carlos\",\"@id\":\"https:\/\/www.oarcanjo.net\/site\/#\/schema\/person\/f7870e710d8c8c30673de3a0ac2e451d\"},\"headline\":\"Batizado de Dezembro de 2011\",\"datePublished\":\"2011-12-19T15:27:00+00:00\",\"dateModified\":\"2012-01-10T02:56:33+00:00\",\"mainEntityOfPage\":{\"@id\":\"https:\/\/www.oarcanjo.net\/site\/batizado-de-dezembro-de-2011\/\"},\"wordCount\":139,\"commentCount\":0,\"publisher\":{\"@id\":\"https:\/\/www.oarcanjo.net\/site\/#organization\"},\"articleSection\":[\"Destaques\",\"Rosto da comunidade\"],\"inLanguage\":\"pt-BR\",\"potentialAction\":[{\"@type\":\"CommentAction\",\"name\":\"Comment\",\"target\":[\"https:\/\/www.oarcanjo.net\/site\/batizado-de-dezembro-de-2011\/#respond\"]}]},{\"@type\":\"WebPage\",\"@id\":\"https:\/\/www.oarcanjo.net\/site\/batizado-de-dezembro-de-2011\/\",\"url\":\"https:\/\/www.oarcanjo.net\/site\/batizado-de-dezembro-de-2011\/\",\"name\":\"Batizado de Dezembro de 2011 - O Arcanjo no ar\",\"isPartOf\":{\"@id\":\"https:\/\/www.oarcanjo.net\/site\/#website\"},\"datePublished\":\"2011-12-19T15:27:00+00:00\",\"dateModified\":\"2012-01-10T02:56:33+00:00\",\"breadcrumb\":{\"@id\":\"https:\/\/www.oarcanjo.net\/site\/batizado-de-dezembro-de-2011\/#breadcrumb\"},\"inLanguage\":\"pt-BR\",\"potentialAction\":[{\"@type\":\"ReadAction\",\"target\":[\"https:\/\/www.oarcanjo.net\/site\/batizado-de-dezembro-de-2011\/\"]}]},{\"@type\":\"BreadcrumbList\",\"@id\":\"https:\/\/www.oarcanjo.net\/site\/batizado-de-dezembro-de-2011\/#breadcrumb\",\"itemListElement\":[{\"@type\":\"ListItem\",\"position\":1,\"name\":\"In\u00edcio\",\"item\":\"https:\/\/www.oarcanjo.net\/site\/\"},{\"@type\":\"ListItem\",\"position\":2,\"name\":\"Batizado de Dezembro de 2011\"}]},{\"@type\":\"WebSite\",\"@id\":\"https:\/\/www.oarcanjo.net\/site\/#website\",\"url\":\"https:\/\/www.oarcanjo.net\/site\/\",\"name\":\"O Arcanjo no ar\",\"description\":\"Site da Par\u00f3quia S\u00e3o Miguel Arcanjo (Arquidiocese de SP)\",\"publisher\":{\"@id\":\"https:\/\/www.oarcanjo.net\/site\/#organization\"},\"potentialAction\":[{\"@type\":\"SearchAction\",\"target\":{\"@type\":\"EntryPoint\",\"urlTemplate\":\"https:\/\/www.oarcanjo.net\/site\/?s={search_term_string}\"},\"query-input\":{\"@type\":\"PropertyValueSpecification\",\"valueRequired\":true,\"valueName\":\"search_term_string\"}}],\"inLanguage\":\"pt-BR\"},{\"@type\":\"Organization\",\"@id\":\"https:\/\/www.oarcanjo.net\/site\/#organization\",\"name\":\"Par\u00f3quia S\u00e3o Miguel Arcanjo\",\"url\":\"https:\/\/www.oarcanjo.net\/site\/\",\"logo\":{\"@type\":\"ImageObject\",\"inLanguage\":\"pt-BR\",\"@id\":\"https:\/\/www.oarcanjo.net\/site\/#\/schema\/logo\/image\/\",\"url\":\"https:\/\/www.oarcanjo.net\/site\/wp-content\/uploads\/LogoOArcanjo.png\",\"contentUrl\":\"https:\/\/www.oarcanjo.net\/site\/wp-content\/uploads\/LogoOArcanjo.png\",\"width\":319,\"height\":99,\"caption\":\"Par\u00f3quia S\u00e3o Miguel Arcanjo\"},\"image\":{\"@id\":\"https:\/\/www.oarcanjo.net\/site\/#\/schema\/logo\/image\/\"},\"sameAs\":[\"https:\/\/www.facebook.com\/OArcanjoNoAr\/\"]},{\"@type\":\"Person\",\"@id\":\"https:\/\/www.oarcanjo.net\/site\/#\/schema\/person\/f7870e710d8c8c30673de3a0ac2e451d\",\"name\":\"carlos\"}]}<\/script>\n<!-- \/ Yoast SEO plugin. -->","yoast_head_json":{"title":"Batizado de Dezembro de 2011 - O Arcanjo no ar","robots":{"index":"index","follow":"follow","max-snippet":"max-snippet:-1","max-image-preview":"max-image-preview:large","max-video-preview":"max-video-preview:-1"},"canonical":"https:\/\/www.oarcanjo.net\/site\/batizado-de-dezembro-de-2011\/","og_locale":"pt_BR","og_type":"article","og_title":"Batizado de Dezembro de 2011 - O Arcanjo no ar","og_description":"Estando pr\u00f3ximos do Natal, neste dia 18\/12\/11,\u00a0quarto domingo do Advento e nos preparando para a proclama\u00e7\u00e3o da anuncia\u00e7\u00e3o do Senhor, enaltecendo a figura da Virgem Maria como s\u00edmbolo da humaniza\u00e7\u00e3o, que abre o mist\u00e9rio de Deus e acolhe o Redentor, foram batizadas mais 17 crian\u00e7as. As fotos mostram o batizados\u00a0 da Alicia Pimenta Manquini, \u00a0Arthur [&hellip;]","og_url":"https:\/\/www.oarcanjo.net\/site\/batizado-de-dezembro-de-2011\/","og_site_name":"O Arcanjo no ar","article_publisher":"https:\/\/www.facebook.com\/OArcanjoNoAr\/","article_published_time":"2011-12-19T15:27:00+00:00","article_modified_time":"2012-01-10T02:56:33+00:00","og_image":[{"width":300,"height":300,"url":"https:\/\/www.oarcanjo.net\/site\/wp-content\/uploads\/logo-o-arcanjo-no-ar-facebook.png","type":"image\/png"}],"author":"carlos","twitter_card":"summary_large_image","twitter_misc":{"Escrito por":"carlos","Est. tempo de leitura":"1 minuto"},"schema":{"@context":"https:\/\/schema.org","@graph":[{"@type":"Article","@id":"https:\/\/www.oarcanjo.net\/site\/batizado-de-dezembro-de-2011\/#article","isPartOf":{"@id":"https:\/\/www.oarcanjo.net\/site\/batizado-de-dezembro-de-2011\/"},"author":{"name":"carlos","@id":"https:\/\/www.oarcanjo.net\/site\/#\/schema\/person\/f7870e710d8c8c30673de3a0ac2e451d"},"headline":"Batizado de Dezembro de 2011","datePublished":"2011-12-19T15:27:00+00:00","dateModified":"2012-01-10T02:56:33+00:00","mainEntityOfPage":{"@id":"https:\/\/www.oarcanjo.net\/site\/batizado-de-dezembro-de-2011\/"},"wordCount":139,"commentCount":0,"publisher":{"@id":"https:\/\/www.oarcanjo.net\/site\/#organization"},"articleSection":["Destaques","Rosto da comunidade"],"inLanguage":"pt-BR","potentialAction":[{"@type":"CommentAction","name":"Comment","target":["https:\/\/www.oarcanjo.net\/site\/batizado-de-dezembro-de-2011\/#respond"]}]},{"@type":"WebPage","@id":"https:\/\/www.oarcanjo.net\/site\/batizado-de-dezembro-de-2011\/","url":"https:\/\/www.oarcanjo.net\/site\/batizado-de-dezembro-de-2011\/","name":"Batizado de Dezembro de 2011 - O Arcanjo no ar","isPartOf":{"@id":"https:\/\/www.oarcanjo.net\/site\/#website"},"datePublished":"2011-12-19T15:27:00+00:00","dateModified":"2012-01-10T02:56:33+00:00","breadcrumb":{"@id":"https:\/\/www.oarcanjo.net\/site\/batizado-de-dezembro-de-2011\/#breadcrumb"},"inLanguage":"pt-BR","potentialAction":[{"@type":"ReadAction","target":["https:\/\/www.oarcanjo.net\/site\/batizado-de-dezembro-de-2011\/"]}]},{"@type":"BreadcrumbList","@id":"https:\/\/www.oarcanjo.net\/site\/batizado-de-dezembro-de-2011\/#breadcrumb","itemListElement":[{"@type":"ListItem","position":1,"name":"In\u00edcio","item":"https:\/\/www.oarcanjo.net\/site\/"},{"@type":"ListItem","position":2,"name":"Batizado de Dezembro de 2011"}]},{"@type":"WebSite","@id":"https:\/\/www.oarcanjo.net\/site\/#website","url":"https:\/\/www.oarcanjo.net\/site\/","name":"O Arcanjo no ar","description":"Site da Par\u00f3quia S\u00e3o Miguel Arcanjo (Arquidiocese de SP)","publisher":{"@id":"https:\/\/www.oarcanjo.net\/site\/#organization"},"potentialAction":[{"@type":"SearchAction","target":{"@type":"EntryPoint","urlTemplate":"https:\/\/www.oarcanjo.net\/site\/?s={search_term_string}"},"query-input":{"@type":"PropertyValueSpecification","valueRequired":true,"valueName":"search_term_string"}}],"inLanguage":"pt-BR"},{"@type":"Organization","@id":"https:\/\/www.oarcanjo.net\/site\/#organization","name":"Par\u00f3quia S\u00e3o Miguel Arcanjo","url":"https:\/\/www.oarcanjo.net\/site\/","logo":{"@type":"ImageObject","inLanguage":"pt-BR","@id":"https:\/\/www.oarcanjo.net\/site\/#\/schema\/logo\/image\/","url":"https:\/\/www.oarcanjo.net\/site\/wp-content\/uploads\/LogoOArcanjo.png","contentUrl":"https:\/\/www.oarcanjo.net\/site\/wp-content\/uploads\/LogoOArcanjo.png","width":319,"height":99,"caption":"Par\u00f3quia S\u00e3o Miguel Arcanjo"},"image":{"@id":"https:\/\/www.oarcanjo.net\/site\/#\/schema\/logo\/image\/"},"sameAs":["https:\/\/www.facebook.com\/OArcanjoNoAr\/"]},{"@type":"Person","@id":"https:\/\/www.oarcanjo.net\/site\/#\/schema\/person\/f7870e710d8c8c30673de3a0ac2e451d","name":"carlos"}]}},"publishpress_future_action":{"enabled":false,"date":"2026-05-08 11:08:45","action":"category","newStatus":"draft","terms":[],"taxonomy":"category"},"publishpress_future_workflow_manual_trigger":{"enabledWorkflows":[]},"_links":{"self":[{"href":"https:\/\/www.oarcanjo.net\/site\/wp-json\/wp\/v2\/posts\/16926"}],"collection":[{"href":"https:\/\/www.oarcanjo.net\/site\/wp-json\/wp\/v2\/posts"}],"about":[{"href":"https:\/\/www.oarcanjo.net\/site\/wp-json\/wp\/v2\/types\/post"}],"author":[{"embeddable":true,"href":"https:\/\/www.oarcanjo.net\/site\/wp-json\/wp\/v2\/users\/10"}],"replies":[{"embeddable":true,"href":"https:\/\/www.oarcanjo.net\/site\/wp-json\/wp\/v2\/comments?post=16926"}],"version-history":[{"count":0,"href":"https:\/\/www.oarcanjo.net\/site\/wp-json\/wp\/v2\/posts\/16926\/revisions"}],"wp:attachment":[{"href":"https:\/\/www.oarcanjo.net\/site\/wp-json\/wp\/v2\/media?parent=16926"}],"wp:term":[{"taxonomy":"category","embeddable":true,"href":"https:\/\/www.oarcanjo.net\/site\/wp-json\/wp\/v2\/categories?post=16926"},{"taxonomy":"post_tag","embeddable":true,"href":"https:\/\/www.oarcanjo.net\/site\/wp-json\/wp\/v2\/tags?post=16926"}],"curies":[{"name":"wp","href":"https:\/\/api.w.org\/{rel}","templated":true}]}}