
{"id":16947,"date":"2011-12-23T20:49:15","date_gmt":"2011-12-23T22:49:15","guid":{"rendered":"http:\/\/www.oarcanjo.net\/site\/?p=16947"},"modified":"2011-12-23T20:58:33","modified_gmt":"2011-12-23T22:58:33","slug":"catadores-e-povo-da-rua-celebram-o-natal-com-a-presidenta-dilma-rousseff","status":"publish","type":"post","link":"https:\/\/www.oarcanjo.net\/site\/catadores-e-povo-da-rua-celebram-o-natal-com-a-presidenta-dilma-rousseff\/","title":{"rendered":"Catadores e povo da rua celebram o Natal com a presidenta Dilma Rousseff"},"content":{"rendered":"<p><em>&#8220;Quem vive na rua n\u00e3o \u00e9 rei, quem vive na rua n\u00e3o \u00e9 r\u00e9u.&#8221;<\/em><\/p>\n<p>Com cantos, encena\u00e7\u00f5es e falas,\u00a0catadores de materiais recicl\u00e1veis e moradores de rua realizaram na quinta-feira, 22\/12, a celebra\u00e7\u00e3o de Natal com a  presidenta Dilma Rousseff. O evento aconteceu na quadra do Sindicato dos Banc\u00e1rios e contou com a presen\u00e7a do Pe. Julio Lancellotti, vig\u00e1rio episcopal para a Pastoral do Povo da Rua da Arquidiocese de S\u00e3o Paulo, e de diversas autoridades como os ministros da Educa\u00e7\u00e3o, Sa\u00fade, Trabalho, Desenvolvimento Social, Direitos Humanos, Ci\u00eancia e Tecnologia, Secretaria Geral da Presid\u00eancia, senadores, deputados e do secret\u00e1rio do Meio Ambiente do Estado de S\u00e3o Paulo.<\/p>\n<p>Como de costume, os organizadores entregaram o &#8220;Selo Amigo do Catador&#8221; a autoridades que apoiaram o trabalho das cooperativas. Este ano, foram  homenageados os prefeitos de Diadema, Ourinhos e Natal, al\u00e9m da Petrobras e do ministro da Sa\u00fade, Alexandre Padilha.<\/p>\n<p>A festa teve tamb\u00e9m desfile de roupas produzidas com materiais reciclados, assinatura de conv\u00eanios, den\u00fancias e ora\u00e7\u00e3o. Os participantes rezaram pela recupera\u00e7\u00e3o do ex-presidente Lula, considerado &#8220;o primeiro amigo dos catadores&#8221;. Ele n\u00e3o pode comparecer por motivos de sa\u00fade, mas esteve presente em todos as celebra\u00e7\u00f5es desde que chegou \u00e0 Presid\u00eancia da Rep\u00fablica.<\/p>\n<p>Assista \u00e0 \u00edntegra do evento, com imagens gravadas pela NBR:<\/p>\n<p><iframe loading=\"lazy\" frameborder=\"0\" height=\"410\" src=\"http:\/\/www.youtube.com\/embed\/iWts00A1JiY?rel=0\" width=\"560\"><\/iframe><\/p>\n<div id=\"themify_builder_content-16947\" data-postid=\"16947\" class=\"themify_builder_content themify_builder_content-16947 themify_builder themify_builder_front\">\n\t<\/div>\n<!-- \/themify_builder_content -->","protected":false},"excerpt":{"rendered":"<p>&#8220;Quem vive na rua n\u00e3o \u00e9 rei, quem vive na rua n\u00e3o \u00e9 r\u00e9u.&#8221; Com cantos, encena\u00e7\u00f5es e falas,\u00a0catadores de materiais recicl\u00e1veis e moradores de rua realizaram na quinta-feira, 22\/12, a celebra\u00e7\u00e3o de Natal com a presidenta Dilma Rousseff. O evento aconteceu na quadra do Sindicato dos Banc\u00e1rios e contou com a presen\u00e7a do Pe. [&hellip;]<\/p>\n","protected":false},"author":5,"featured_media":0,"comment_status":"open","ping_status":"open","sticky":false,"template":"","format":"standard","meta":{"ngg_post_thumbnail":0,"footnotes":""},"categories":[8,280],"tags":[414,1748,1362,518,1080,91,1794],"yoast_head":"<!-- This site is optimized with the Yoast SEO plugin v23.5 - https:\/\/yoast.com\/wordpress\/plugins\/seo\/ -->\n<title>Catadores e povo da rua celebram o Natal com a presidenta Dilma Rousseff - O Arcanjo no ar<\/title>\n<meta name=\"robots\" content=\"index, follow, max-snippet:-1, max-image-preview:large, max-video-preview:-1\" \/>\n<link rel=\"canonical\" href=\"https:\/\/www.oarcanjo.net\/site\/catadores-e-povo-da-rua-celebram-o-natal-com-a-presidenta-dilma-rousseff\/\" \/>\n<meta property=\"og:locale\" content=\"pt_BR\" \/>\n<meta property=\"og:type\" content=\"article\" \/>\n<meta property=\"og:title\" content=\"Catadores e povo da rua celebram o Natal com a presidenta Dilma Rousseff - O Arcanjo no ar\" \/>\n<meta property=\"og:description\" content=\"&#8220;Quem vive na rua n\u00e3o \u00e9 rei, quem vive na rua n\u00e3o \u00e9 r\u00e9u.&#8221; Com cantos, encena\u00e7\u00f5es e falas,\u00a0catadores de materiais recicl\u00e1veis e moradores de rua realizaram na quinta-feira, 22\/12, a celebra\u00e7\u00e3o de Natal com a presidenta Dilma Rousseff. O evento aconteceu na quadra do Sindicato dos Banc\u00e1rios e contou com a presen\u00e7a do Pe. [&hellip;]\" \/>\n<meta property=\"og:url\" content=\"https:\/\/www.oarcanjo.net\/site\/catadores-e-povo-da-rua-celebram-o-natal-com-a-presidenta-dilma-rousseff\/\" \/>\n<meta property=\"og:site_name\" content=\"O Arcanjo no ar\" \/>\n<meta property=\"article:publisher\" content=\"https:\/\/www.facebook.com\/OArcanjoNoAr\/\" \/>\n<meta property=\"article:published_time\" content=\"2011-12-23T22:49:15+00:00\" \/>\n<meta property=\"article:modified_time\" content=\"2011-12-23T22:58:33+00:00\" \/>\n<meta property=\"og:image\" content=\"https:\/\/www.oarcanjo.net\/site\/wp-content\/uploads\/logo-o-arcanjo-no-ar-facebook.png\" \/>\n\t<meta property=\"og:image:width\" content=\"300\" \/>\n\t<meta property=\"og:image:height\" content=\"300\" \/>\n\t<meta property=\"og:image:type\" content=\"image\/png\" \/>\n<meta name=\"author\" content=\"editor\" \/>\n<meta name=\"twitter:card\" content=\"summary_large_image\" \/>\n<meta name=\"twitter:label1\" content=\"Escrito por\" \/>\n\t<meta name=\"twitter:data1\" content=\"editor\" \/>\n\t<meta name=\"twitter:label2\" content=\"Est. tempo de leitura\" \/>\n\t<meta name=\"twitter:data2\" content=\"1 minuto\" \/>\n<script type=\"application\/ld+json\" class=\"yoast-schema-graph\">{\"@context\":\"https:\/\/schema.org\",\"@graph\":[{\"@type\":\"Article\",\"@id\":\"https:\/\/www.oarcanjo.net\/site\/catadores-e-povo-da-rua-celebram-o-natal-com-a-presidenta-dilma-rousseff\/#article\",\"isPartOf\":{\"@id\":\"https:\/\/www.oarcanjo.net\/site\/catadores-e-povo-da-rua-celebram-o-natal-com-a-presidenta-dilma-rousseff\/\"},\"author\":{\"name\":\"editor\",\"@id\":\"https:\/\/www.oarcanjo.net\/site\/#\/schema\/person\/f7024d007863202483a31326673a0838\"},\"headline\":\"Catadores e povo da rua celebram o Natal com a presidenta Dilma Rousseff\",\"datePublished\":\"2011-12-23T22:49:15+00:00\",\"dateModified\":\"2011-12-23T22:58:33+00:00\",\"mainEntityOfPage\":{\"@id\":\"https:\/\/www.oarcanjo.net\/site\/catadores-e-povo-da-rua-celebram-o-natal-com-a-presidenta-dilma-rousseff\/\"},\"wordCount\":246,\"commentCount\":2,\"publisher\":{\"@id\":\"https:\/\/www.oarcanjo.net\/site\/#organization\"},\"keywords\":[\"catadores\",\"Dilma Rousseff\",\"Lula\",\"moradores de rua\",\"movimento social\",\"povo da rua\",\"reciclagem\"],\"articleSection\":[\"Not\u00edcias\",\"V\u00eddeos\"],\"inLanguage\":\"pt-BR\",\"potentialAction\":[{\"@type\":\"CommentAction\",\"name\":\"Comment\",\"target\":[\"https:\/\/www.oarcanjo.net\/site\/catadores-e-povo-da-rua-celebram-o-natal-com-a-presidenta-dilma-rousseff\/#respond\"]}]},{\"@type\":\"WebPage\",\"@id\":\"https:\/\/www.oarcanjo.net\/site\/catadores-e-povo-da-rua-celebram-o-natal-com-a-presidenta-dilma-rousseff\/\",\"url\":\"https:\/\/www.oarcanjo.net\/site\/catadores-e-povo-da-rua-celebram-o-natal-com-a-presidenta-dilma-rousseff\/\",\"name\":\"Catadores e povo da rua celebram o Natal com a presidenta Dilma Rousseff - O Arcanjo no ar\",\"isPartOf\":{\"@id\":\"https:\/\/www.oarcanjo.net\/site\/#website\"},\"datePublished\":\"2011-12-23T22:49:15+00:00\",\"dateModified\":\"2011-12-23T22:58:33+00:00\",\"breadcrumb\":{\"@id\":\"https:\/\/www.oarcanjo.net\/site\/catadores-e-povo-da-rua-celebram-o-natal-com-a-presidenta-dilma-rousseff\/#breadcrumb\"},\"inLanguage\":\"pt-BR\",\"potentialAction\":[{\"@type\":\"ReadAction\",\"target\":[\"https:\/\/www.oarcanjo.net\/site\/catadores-e-povo-da-rua-celebram-o-natal-com-a-presidenta-dilma-rousseff\/\"]}]},{\"@type\":\"BreadcrumbList\",\"@id\":\"https:\/\/www.oarcanjo.net\/site\/catadores-e-povo-da-rua-celebram-o-natal-com-a-presidenta-dilma-rousseff\/#breadcrumb\",\"itemListElement\":[{\"@type\":\"ListItem\",\"position\":1,\"name\":\"In\u00edcio\",\"item\":\"https:\/\/www.oarcanjo.net\/site\/\"},{\"@type\":\"ListItem\",\"position\":2,\"name\":\"Catadores e povo da rua celebram o Natal com a presidenta Dilma Rousseff\"}]},{\"@type\":\"WebSite\",\"@id\":\"https:\/\/www.oarcanjo.net\/site\/#website\",\"url\":\"https:\/\/www.oarcanjo.net\/site\/\",\"name\":\"O Arcanjo no ar\",\"description\":\"Site da Par\u00f3quia S\u00e3o Miguel Arcanjo (Arquidiocese de SP)\",\"publisher\":{\"@id\":\"https:\/\/www.oarcanjo.net\/site\/#organization\"},\"potentialAction\":[{\"@type\":\"SearchAction\",\"target\":{\"@type\":\"EntryPoint\",\"urlTemplate\":\"https:\/\/www.oarcanjo.net\/site\/?s={search_term_string}\"},\"query-input\":{\"@type\":\"PropertyValueSpecification\",\"valueRequired\":true,\"valueName\":\"search_term_string\"}}],\"inLanguage\":\"pt-BR\"},{\"@type\":\"Organization\",\"@id\":\"https:\/\/www.oarcanjo.net\/site\/#organization\",\"name\":\"Par\u00f3quia S\u00e3o Miguel Arcanjo\",\"url\":\"https:\/\/www.oarcanjo.net\/site\/\",\"logo\":{\"@type\":\"ImageObject\",\"inLanguage\":\"pt-BR\",\"@id\":\"https:\/\/www.oarcanjo.net\/site\/#\/schema\/logo\/image\/\",\"url\":\"https:\/\/www.oarcanjo.net\/site\/wp-content\/uploads\/LogoOArcanjo.png\",\"contentUrl\":\"https:\/\/www.oarcanjo.net\/site\/wp-content\/uploads\/LogoOArcanjo.png\",\"width\":319,\"height\":99,\"caption\":\"Par\u00f3quia S\u00e3o Miguel Arcanjo\"},\"image\":{\"@id\":\"https:\/\/www.oarcanjo.net\/site\/#\/schema\/logo\/image\/\"},\"sameAs\":[\"https:\/\/www.facebook.com\/OArcanjoNoAr\/\"]},{\"@type\":\"Person\",\"@id\":\"https:\/\/www.oarcanjo.net\/site\/#\/schema\/person\/f7024d007863202483a31326673a0838\",\"name\":\"editor\",\"sameAs\":[\"http:\/\/www.oarcanjo.net\"]}]}<\/script>\n<!-- \/ Yoast SEO plugin. -->","yoast_head_json":{"title":"Catadores e povo da rua celebram o Natal com a presidenta Dilma Rousseff - O Arcanjo no ar","robots":{"index":"index","follow":"follow","max-snippet":"max-snippet:-1","max-image-preview":"max-image-preview:large","max-video-preview":"max-video-preview:-1"},"canonical":"https:\/\/www.oarcanjo.net\/site\/catadores-e-povo-da-rua-celebram-o-natal-com-a-presidenta-dilma-rousseff\/","og_locale":"pt_BR","og_type":"article","og_title":"Catadores e povo da rua celebram o Natal com a presidenta Dilma Rousseff - O Arcanjo no ar","og_description":"&#8220;Quem vive na rua n\u00e3o \u00e9 rei, quem vive na rua n\u00e3o \u00e9 r\u00e9u.&#8221; Com cantos, encena\u00e7\u00f5es e falas,\u00a0catadores de materiais recicl\u00e1veis e moradores de rua realizaram na quinta-feira, 22\/12, a celebra\u00e7\u00e3o de Natal com a presidenta Dilma Rousseff. O evento aconteceu na quadra do Sindicato dos Banc\u00e1rios e contou com a presen\u00e7a do Pe. [&hellip;]","og_url":"https:\/\/www.oarcanjo.net\/site\/catadores-e-povo-da-rua-celebram-o-natal-com-a-presidenta-dilma-rousseff\/","og_site_name":"O Arcanjo no ar","article_publisher":"https:\/\/www.facebook.com\/OArcanjoNoAr\/","article_published_time":"2011-12-23T22:49:15+00:00","article_modified_time":"2011-12-23T22:58:33+00:00","og_image":[{"width":300,"height":300,"url":"https:\/\/www.oarcanjo.net\/site\/wp-content\/uploads\/logo-o-arcanjo-no-ar-facebook.png","type":"image\/png"}],"author":"editor","twitter_card":"summary_large_image","twitter_misc":{"Escrito por":"editor","Est. tempo de leitura":"1 minuto"},"schema":{"@context":"https:\/\/schema.org","@graph":[{"@type":"Article","@id":"https:\/\/www.oarcanjo.net\/site\/catadores-e-povo-da-rua-celebram-o-natal-com-a-presidenta-dilma-rousseff\/#article","isPartOf":{"@id":"https:\/\/www.oarcanjo.net\/site\/catadores-e-povo-da-rua-celebram-o-natal-com-a-presidenta-dilma-rousseff\/"},"author":{"name":"editor","@id":"https:\/\/www.oarcanjo.net\/site\/#\/schema\/person\/f7024d007863202483a31326673a0838"},"headline":"Catadores e povo da rua celebram o Natal com a presidenta Dilma Rousseff","datePublished":"2011-12-23T22:49:15+00:00","dateModified":"2011-12-23T22:58:33+00:00","mainEntityOfPage":{"@id":"https:\/\/www.oarcanjo.net\/site\/catadores-e-povo-da-rua-celebram-o-natal-com-a-presidenta-dilma-rousseff\/"},"wordCount":246,"commentCount":2,"publisher":{"@id":"https:\/\/www.oarcanjo.net\/site\/#organization"},"keywords":["catadores","Dilma Rousseff","Lula","moradores de rua","movimento social","povo da rua","reciclagem"],"articleSection":["Not\u00edcias","V\u00eddeos"],"inLanguage":"pt-BR","potentialAction":[{"@type":"CommentAction","name":"Comment","target":["https:\/\/www.oarcanjo.net\/site\/catadores-e-povo-da-rua-celebram-o-natal-com-a-presidenta-dilma-rousseff\/#respond"]}]},{"@type":"WebPage","@id":"https:\/\/www.oarcanjo.net\/site\/catadores-e-povo-da-rua-celebram-o-natal-com-a-presidenta-dilma-rousseff\/","url":"https:\/\/www.oarcanjo.net\/site\/catadores-e-povo-da-rua-celebram-o-natal-com-a-presidenta-dilma-rousseff\/","name":"Catadores e povo da rua celebram o Natal com a presidenta Dilma Rousseff - O Arcanjo no ar","isPartOf":{"@id":"https:\/\/www.oarcanjo.net\/site\/#website"},"datePublished":"2011-12-23T22:49:15+00:00","dateModified":"2011-12-23T22:58:33+00:00","breadcrumb":{"@id":"https:\/\/www.oarcanjo.net\/site\/catadores-e-povo-da-rua-celebram-o-natal-com-a-presidenta-dilma-rousseff\/#breadcrumb"},"inLanguage":"pt-BR","potentialAction":[{"@type":"ReadAction","target":["https:\/\/www.oarcanjo.net\/site\/catadores-e-povo-da-rua-celebram-o-natal-com-a-presidenta-dilma-rousseff\/"]}]},{"@type":"BreadcrumbList","@id":"https:\/\/www.oarcanjo.net\/site\/catadores-e-povo-da-rua-celebram-o-natal-com-a-presidenta-dilma-rousseff\/#breadcrumb","itemListElement":[{"@type":"ListItem","position":1,"name":"In\u00edcio","item":"https:\/\/www.oarcanjo.net\/site\/"},{"@type":"ListItem","position":2,"name":"Catadores e povo da rua celebram o Natal com a presidenta Dilma Rousseff"}]},{"@type":"WebSite","@id":"https:\/\/www.oarcanjo.net\/site\/#website","url":"https:\/\/www.oarcanjo.net\/site\/","name":"O Arcanjo no ar","description":"Site da Par\u00f3quia S\u00e3o Miguel Arcanjo (Arquidiocese de SP)","publisher":{"@id":"https:\/\/www.oarcanjo.net\/site\/#organization"},"potentialAction":[{"@type":"SearchAction","target":{"@type":"EntryPoint","urlTemplate":"https:\/\/www.oarcanjo.net\/site\/?s={search_term_string}"},"query-input":{"@type":"PropertyValueSpecification","valueRequired":true,"valueName":"search_term_string"}}],"inLanguage":"pt-BR"},{"@type":"Organization","@id":"https:\/\/www.oarcanjo.net\/site\/#organization","name":"Par\u00f3quia S\u00e3o Miguel Arcanjo","url":"https:\/\/www.oarcanjo.net\/site\/","logo":{"@type":"ImageObject","inLanguage":"pt-BR","@id":"https:\/\/www.oarcanjo.net\/site\/#\/schema\/logo\/image\/","url":"https:\/\/www.oarcanjo.net\/site\/wp-content\/uploads\/LogoOArcanjo.png","contentUrl":"https:\/\/www.oarcanjo.net\/site\/wp-content\/uploads\/LogoOArcanjo.png","width":319,"height":99,"caption":"Par\u00f3quia S\u00e3o Miguel Arcanjo"},"image":{"@id":"https:\/\/www.oarcanjo.net\/site\/#\/schema\/logo\/image\/"},"sameAs":["https:\/\/www.facebook.com\/OArcanjoNoAr\/"]},{"@type":"Person","@id":"https:\/\/www.oarcanjo.net\/site\/#\/schema\/person\/f7024d007863202483a31326673a0838","name":"editor","sameAs":["http:\/\/www.oarcanjo.net"]}]}},"publishpress_future_action":{"enabled":false,"date":"2026-05-08 14:14:42","action":"category","newStatus":"draft","terms":[],"taxonomy":"category"},"publishpress_future_workflow_manual_trigger":{"enabledWorkflows":[]},"_links":{"self":[{"href":"https:\/\/www.oarcanjo.net\/site\/wp-json\/wp\/v2\/posts\/16947"}],"collection":[{"href":"https:\/\/www.oarcanjo.net\/site\/wp-json\/wp\/v2\/posts"}],"about":[{"href":"https:\/\/www.oarcanjo.net\/site\/wp-json\/wp\/v2\/types\/post"}],"author":[{"embeddable":true,"href":"https:\/\/www.oarcanjo.net\/site\/wp-json\/wp\/v2\/users\/5"}],"replies":[{"embeddable":true,"href":"https:\/\/www.oarcanjo.net\/site\/wp-json\/wp\/v2\/comments?post=16947"}],"version-history":[{"count":0,"href":"https:\/\/www.oarcanjo.net\/site\/wp-json\/wp\/v2\/posts\/16947\/revisions"}],"wp:attachment":[{"href":"https:\/\/www.oarcanjo.net\/site\/wp-json\/wp\/v2\/media?parent=16947"}],"wp:term":[{"taxonomy":"category","embeddable":true,"href":"https:\/\/www.oarcanjo.net\/site\/wp-json\/wp\/v2\/categories?post=16947"},{"taxonomy":"post_tag","embeddable":true,"href":"https:\/\/www.oarcanjo.net\/site\/wp-json\/wp\/v2\/tags?post=16947"}],"curies":[{"name":"wp","href":"https:\/\/api.w.org\/{rel}","templated":true}]}}