
{"id":16964,"date":"2011-12-23T09:16:25","date_gmt":"2011-12-23T11:16:25","guid":{"rendered":"http:\/\/www.oarcanjo.net\/site\/?p=16964"},"modified":"2011-12-23T09:16:25","modified_gmt":"2011-12-23T11:16:25","slug":"feliz-natal-a-toda-a-arquidiocese-de-sao-paulo-ele-esta-no-meio-de-nos","status":"publish","type":"post","link":"https:\/\/www.oarcanjo.net\/site\/feliz-natal-a-toda-a-arquidiocese-de-sao-paulo-ele-esta-no-meio-de-nos\/","title":{"rendered":"Feliz Natal a toda a Arquidiocese de S\u00e3o Paulo: Ele est\u00e1 no meio de n\u00f3s!"},"content":{"rendered":"<p>Dom Odilo Pedro Scherer<\/p>\n<p>Desejo que a comemora\u00e7\u00e3o do nascimento de Jesus seja motivo de alegria e consolo para todos. \u201cDeus tanto amou o mundo, que lhe enviou seu Filho \u00fanico, para que todo o que nele crer n\u00e3o pere\u00e7a, mas tenha a vida eterna!\u201d (Jo 3,16). No Natal, o c\u00e9u aproximou-se da Terra e o mundo est\u00e1 menos sozinho; Deus veio at\u00e9 n\u00f3s com infinita ternura e manifestou-se a n\u00f3s na figura de uma crian\u00e7a!<\/p>\n<p>Que sintam isso, de maneira especial, os pobres, as pessoas com defici\u00eancia, doentes, prisioneiros, humilhados e desiludidos da vida; alegrem-se os jovens, que buscam luzes para sua vida, e as crian\u00e7as, capazes de se surpreender diante das maravilhas de Deus.<\/p>\n<p>Que sintam isso os pais, preocupados pelo bem dos filhos; os que se esfor\u00e7am no desempenho de suas responsabilidades sociais e p\u00fablicas. Que se alegrem tamb\u00e9m os que n\u00e3o creem: Ele veio ao encontro de todos e est\u00e1 no meio de n\u00f3s!<\/p>\n<p>Na Novena de Natal deste ano, em nossa Arquidiocese, refletimos e rezamos sobre as par\u00f3quias, \u201ccomunidades de comunidades\u201d; cada comunidade da Igreja tem a miss\u00e3o de ser uma express\u00e3o viva e alegre da presen\u00e7a e atua\u00e7\u00e3o de Jesus Cristo Salvador na cidade de S\u00e3o Paulo. O an\u00fancio da Palavra de Deus, a celebra\u00e7\u00e3o da Eucaristia, a aten\u00e7\u00e3o a cada pessoa, a caridade pessoal e comunit\u00e1ria irradiam sua presen\u00e7a.<\/p>\n<p>Mas tamb\u00e9m cada fam\u00edlia crist\u00e3 \u00e9 um n\u00facleo de vida crist\u00e3, onde Jesus Salvador \u00e9 acolhido e anunciado. Lembremos sempre que Jesus Cristo, o Salvador, nasceu para este mundo numa fam\u00edlia; nela cresceu e se desenvolveu, humanamente. Encorajo, portanto, cada fam\u00edlia a ser um lugar de acolhida de Cristo e de irradia\u00e7\u00e3o da sua presen\u00e7a para os outros e para a cidade.<\/p>\n<p>Num mundo que passa por tantos problemas, alegra-nos anunciar a Boa Nova, como o anjo na noite de Bel\u00e9m, h\u00e1 2 mil anos: \u201cNasceu-vos hoje um Salvador, que \u00e9 Cristo, o Senhor!\u201d (cf Lc 2,11). Faz bem pensar que a cada um de n\u00f3s, como ao mundo inteiro, envolve a misteriosa ternura de Deus, que se inclina para n\u00f3s e nos faz olhar para o alto, fazendo-nos sentir amados e menos s\u00f3s neste mundo!<\/p>\n<p>Alegro-me, de modo especial, porque muitas pessoas e fam\u00edlias responderam ao nosso convite para recuperarmos o sentido crist\u00e3o do Natal de Jesus. Muitos fizeram as Novenas do Natal em fam\u00edlia; muitos fizeram um pres\u00e9pio em casa; houve muitas a\u00e7\u00f5es de solidariedade fraterna para com os doentes, pobres, prisioneiros&#8230; Muitos confessaram e rezaram mais intensamente durante o Advento&#8230; Mesmo em nossa cidade, j\u00e1 apareceram mais sinais do Natal de Jesus. Deus seja louvado!<\/p>\n<p>Agora celebramos mais uma vez esse mist\u00e9rio de amor! Ele est\u00e1 no meio de n\u00f3s! Deus habita esta cidade! E n\u00e3o apenas hoje: Ele permanece conosco e caminha \u00e0 nossa frente. Caminhemos com ele pela vida afora e seremos felizes.<\/p>\n<p>Feliz e santo Natal a todos! Deus esteja ao seu lado em todos os dias do ano novo!<\/p>\n<div id=\"themify_builder_content-16964\" data-postid=\"16964\" class=\"themify_builder_content themify_builder_content-16964 themify_builder themify_builder_front\">\n\t<\/div>\n<!-- \/themify_builder_content -->","protected":false},"excerpt":{"rendered":"<p>Dom Odilo Pedro Scherer Desejo que a comemora\u00e7\u00e3o do nascimento de Jesus seja motivo de alegria e consolo para todos. \u201cDeus tanto amou o mundo, que lhe enviou seu Filho \u00fanico, para que todo o que nele crer n\u00e3o pere\u00e7a, mas tenha a vida eterna!\u201d (Jo 3,16). No Natal, o c\u00e9u aproximou-se da Terra e [&hellip;]<\/p>\n","protected":false},"author":5,"featured_media":0,"comment_status":"open","ping_status":"open","sticky":false,"template":"","format":"standard","meta":{"ngg_post_thumbnail":0,"footnotes":""},"categories":[8],"tags":[60],"yoast_head":"<!-- This site is optimized with the Yoast SEO plugin v23.5 - https:\/\/yoast.com\/wordpress\/plugins\/seo\/ -->\n<title>Feliz Natal a toda a Arquidiocese de S\u00e3o Paulo: Ele est\u00e1 no meio de n\u00f3s! - O Arcanjo no ar<\/title>\n<meta name=\"robots\" content=\"index, follow, max-snippet:-1, max-image-preview:large, max-video-preview:-1\" \/>\n<link rel=\"canonical\" href=\"https:\/\/www.oarcanjo.net\/site\/feliz-natal-a-toda-a-arquidiocese-de-sao-paulo-ele-esta-no-meio-de-nos\/\" \/>\n<meta property=\"og:locale\" content=\"pt_BR\" \/>\n<meta property=\"og:type\" content=\"article\" \/>\n<meta property=\"og:title\" content=\"Feliz Natal a toda a Arquidiocese de S\u00e3o Paulo: Ele est\u00e1 no meio de n\u00f3s! - O Arcanjo no ar\" \/>\n<meta property=\"og:description\" content=\"Dom Odilo Pedro Scherer Desejo que a comemora\u00e7\u00e3o do nascimento de Jesus seja motivo de alegria e consolo para todos. \u201cDeus tanto amou o mundo, que lhe enviou seu Filho \u00fanico, para que todo o que nele crer n\u00e3o pere\u00e7a, mas tenha a vida eterna!\u201d (Jo 3,16). No Natal, o c\u00e9u aproximou-se da Terra e [&hellip;]\" \/>\n<meta property=\"og:url\" content=\"https:\/\/www.oarcanjo.net\/site\/feliz-natal-a-toda-a-arquidiocese-de-sao-paulo-ele-esta-no-meio-de-nos\/\" \/>\n<meta property=\"og:site_name\" content=\"O Arcanjo no ar\" \/>\n<meta property=\"article:publisher\" content=\"https:\/\/www.facebook.com\/OArcanjoNoAr\/\" \/>\n<meta property=\"article:published_time\" content=\"2011-12-23T11:16:25+00:00\" \/>\n<meta property=\"og:image\" content=\"https:\/\/www.oarcanjo.net\/site\/wp-content\/uploads\/logo-o-arcanjo-no-ar-facebook.png\" \/>\n\t<meta property=\"og:image:width\" content=\"300\" \/>\n\t<meta property=\"og:image:height\" content=\"300\" \/>\n\t<meta property=\"og:image:type\" content=\"image\/png\" \/>\n<meta name=\"author\" content=\"editor\" \/>\n<meta name=\"twitter:card\" content=\"summary_large_image\" \/>\n<meta name=\"twitter:label1\" content=\"Escrito por\" \/>\n\t<meta name=\"twitter:data1\" content=\"editor\" \/>\n\t<meta name=\"twitter:label2\" content=\"Est. tempo de leitura\" \/>\n\t<meta name=\"twitter:data2\" content=\"3 minutos\" \/>\n<script type=\"application\/ld+json\" class=\"yoast-schema-graph\">{\"@context\":\"https:\/\/schema.org\",\"@graph\":[{\"@type\":\"Article\",\"@id\":\"https:\/\/www.oarcanjo.net\/site\/feliz-natal-a-toda-a-arquidiocese-de-sao-paulo-ele-esta-no-meio-de-nos\/#article\",\"isPartOf\":{\"@id\":\"https:\/\/www.oarcanjo.net\/site\/feliz-natal-a-toda-a-arquidiocese-de-sao-paulo-ele-esta-no-meio-de-nos\/\"},\"author\":{\"name\":\"editor\",\"@id\":\"https:\/\/www.oarcanjo.net\/site\/#\/schema\/person\/f7024d007863202483a31326673a0838\"},\"headline\":\"Feliz Natal a toda a Arquidiocese de S\u00e3o Paulo: Ele est\u00e1 no meio de n\u00f3s!\",\"datePublished\":\"2011-12-23T11:16:25+00:00\",\"dateModified\":\"2011-12-23T11:16:25+00:00\",\"mainEntityOfPage\":{\"@id\":\"https:\/\/www.oarcanjo.net\/site\/feliz-natal-a-toda-a-arquidiocese-de-sao-paulo-ele-esta-no-meio-de-nos\/\"},\"wordCount\":546,\"commentCount\":0,\"publisher\":{\"@id\":\"https:\/\/www.oarcanjo.net\/site\/#organization\"},\"keywords\":[\"natal\"],\"articleSection\":[\"Not\u00edcias\"],\"inLanguage\":\"pt-BR\",\"potentialAction\":[{\"@type\":\"CommentAction\",\"name\":\"Comment\",\"target\":[\"https:\/\/www.oarcanjo.net\/site\/feliz-natal-a-toda-a-arquidiocese-de-sao-paulo-ele-esta-no-meio-de-nos\/#respond\"]}]},{\"@type\":\"WebPage\",\"@id\":\"https:\/\/www.oarcanjo.net\/site\/feliz-natal-a-toda-a-arquidiocese-de-sao-paulo-ele-esta-no-meio-de-nos\/\",\"url\":\"https:\/\/www.oarcanjo.net\/site\/feliz-natal-a-toda-a-arquidiocese-de-sao-paulo-ele-esta-no-meio-de-nos\/\",\"name\":\"Feliz Natal a toda a Arquidiocese de S\u00e3o Paulo: Ele est\u00e1 no meio de n\u00f3s! - O Arcanjo no ar\",\"isPartOf\":{\"@id\":\"https:\/\/www.oarcanjo.net\/site\/#website\"},\"datePublished\":\"2011-12-23T11:16:25+00:00\",\"dateModified\":\"2011-12-23T11:16:25+00:00\",\"breadcrumb\":{\"@id\":\"https:\/\/www.oarcanjo.net\/site\/feliz-natal-a-toda-a-arquidiocese-de-sao-paulo-ele-esta-no-meio-de-nos\/#breadcrumb\"},\"inLanguage\":\"pt-BR\",\"potentialAction\":[{\"@type\":\"ReadAction\",\"target\":[\"https:\/\/www.oarcanjo.net\/site\/feliz-natal-a-toda-a-arquidiocese-de-sao-paulo-ele-esta-no-meio-de-nos\/\"]}]},{\"@type\":\"BreadcrumbList\",\"@id\":\"https:\/\/www.oarcanjo.net\/site\/feliz-natal-a-toda-a-arquidiocese-de-sao-paulo-ele-esta-no-meio-de-nos\/#breadcrumb\",\"itemListElement\":[{\"@type\":\"ListItem\",\"position\":1,\"name\":\"In\u00edcio\",\"item\":\"https:\/\/www.oarcanjo.net\/site\/\"},{\"@type\":\"ListItem\",\"position\":2,\"name\":\"Feliz Natal a toda a Arquidiocese de S\u00e3o Paulo: Ele est\u00e1 no meio de n\u00f3s!\"}]},{\"@type\":\"WebSite\",\"@id\":\"https:\/\/www.oarcanjo.net\/site\/#website\",\"url\":\"https:\/\/www.oarcanjo.net\/site\/\",\"name\":\"O Arcanjo no ar\",\"description\":\"Site da Par\u00f3quia S\u00e3o Miguel Arcanjo (Arquidiocese de SP)\",\"publisher\":{\"@id\":\"https:\/\/www.oarcanjo.net\/site\/#organization\"},\"potentialAction\":[{\"@type\":\"SearchAction\",\"target\":{\"@type\":\"EntryPoint\",\"urlTemplate\":\"https:\/\/www.oarcanjo.net\/site\/?s={search_term_string}\"},\"query-input\":{\"@type\":\"PropertyValueSpecification\",\"valueRequired\":true,\"valueName\":\"search_term_string\"}}],\"inLanguage\":\"pt-BR\"},{\"@type\":\"Organization\",\"@id\":\"https:\/\/www.oarcanjo.net\/site\/#organization\",\"name\":\"Par\u00f3quia S\u00e3o Miguel Arcanjo\",\"url\":\"https:\/\/www.oarcanjo.net\/site\/\",\"logo\":{\"@type\":\"ImageObject\",\"inLanguage\":\"pt-BR\",\"@id\":\"https:\/\/www.oarcanjo.net\/site\/#\/schema\/logo\/image\/\",\"url\":\"https:\/\/www.oarcanjo.net\/site\/wp-content\/uploads\/LogoOArcanjo.png\",\"contentUrl\":\"https:\/\/www.oarcanjo.net\/site\/wp-content\/uploads\/LogoOArcanjo.png\",\"width\":319,\"height\":99,\"caption\":\"Par\u00f3quia S\u00e3o Miguel Arcanjo\"},\"image\":{\"@id\":\"https:\/\/www.oarcanjo.net\/site\/#\/schema\/logo\/image\/\"},\"sameAs\":[\"https:\/\/www.facebook.com\/OArcanjoNoAr\/\"]},{\"@type\":\"Person\",\"@id\":\"https:\/\/www.oarcanjo.net\/site\/#\/schema\/person\/f7024d007863202483a31326673a0838\",\"name\":\"editor\",\"sameAs\":[\"http:\/\/www.oarcanjo.net\"]}]}<\/script>\n<!-- \/ Yoast SEO plugin. -->","yoast_head_json":{"title":"Feliz Natal a toda a Arquidiocese de S\u00e3o Paulo: Ele est\u00e1 no meio de n\u00f3s! - O Arcanjo no ar","robots":{"index":"index","follow":"follow","max-snippet":"max-snippet:-1","max-image-preview":"max-image-preview:large","max-video-preview":"max-video-preview:-1"},"canonical":"https:\/\/www.oarcanjo.net\/site\/feliz-natal-a-toda-a-arquidiocese-de-sao-paulo-ele-esta-no-meio-de-nos\/","og_locale":"pt_BR","og_type":"article","og_title":"Feliz Natal a toda a Arquidiocese de S\u00e3o Paulo: Ele est\u00e1 no meio de n\u00f3s! - O Arcanjo no ar","og_description":"Dom Odilo Pedro Scherer Desejo que a comemora\u00e7\u00e3o do nascimento de Jesus seja motivo de alegria e consolo para todos. \u201cDeus tanto amou o mundo, que lhe enviou seu Filho \u00fanico, para que todo o que nele crer n\u00e3o pere\u00e7a, mas tenha a vida eterna!\u201d (Jo 3,16). No Natal, o c\u00e9u aproximou-se da Terra e [&hellip;]","og_url":"https:\/\/www.oarcanjo.net\/site\/feliz-natal-a-toda-a-arquidiocese-de-sao-paulo-ele-esta-no-meio-de-nos\/","og_site_name":"O Arcanjo no ar","article_publisher":"https:\/\/www.facebook.com\/OArcanjoNoAr\/","article_published_time":"2011-12-23T11:16:25+00:00","og_image":[{"width":300,"height":300,"url":"https:\/\/www.oarcanjo.net\/site\/wp-content\/uploads\/logo-o-arcanjo-no-ar-facebook.png","type":"image\/png"}],"author":"editor","twitter_card":"summary_large_image","twitter_misc":{"Escrito por":"editor","Est. tempo de leitura":"3 minutos"},"schema":{"@context":"https:\/\/schema.org","@graph":[{"@type":"Article","@id":"https:\/\/www.oarcanjo.net\/site\/feliz-natal-a-toda-a-arquidiocese-de-sao-paulo-ele-esta-no-meio-de-nos\/#article","isPartOf":{"@id":"https:\/\/www.oarcanjo.net\/site\/feliz-natal-a-toda-a-arquidiocese-de-sao-paulo-ele-esta-no-meio-de-nos\/"},"author":{"name":"editor","@id":"https:\/\/www.oarcanjo.net\/site\/#\/schema\/person\/f7024d007863202483a31326673a0838"},"headline":"Feliz Natal a toda a Arquidiocese de S\u00e3o Paulo: Ele est\u00e1 no meio de n\u00f3s!","datePublished":"2011-12-23T11:16:25+00:00","dateModified":"2011-12-23T11:16:25+00:00","mainEntityOfPage":{"@id":"https:\/\/www.oarcanjo.net\/site\/feliz-natal-a-toda-a-arquidiocese-de-sao-paulo-ele-esta-no-meio-de-nos\/"},"wordCount":546,"commentCount":0,"publisher":{"@id":"https:\/\/www.oarcanjo.net\/site\/#organization"},"keywords":["natal"],"articleSection":["Not\u00edcias"],"inLanguage":"pt-BR","potentialAction":[{"@type":"CommentAction","name":"Comment","target":["https:\/\/www.oarcanjo.net\/site\/feliz-natal-a-toda-a-arquidiocese-de-sao-paulo-ele-esta-no-meio-de-nos\/#respond"]}]},{"@type":"WebPage","@id":"https:\/\/www.oarcanjo.net\/site\/feliz-natal-a-toda-a-arquidiocese-de-sao-paulo-ele-esta-no-meio-de-nos\/","url":"https:\/\/www.oarcanjo.net\/site\/feliz-natal-a-toda-a-arquidiocese-de-sao-paulo-ele-esta-no-meio-de-nos\/","name":"Feliz Natal a toda a Arquidiocese de S\u00e3o Paulo: Ele est\u00e1 no meio de n\u00f3s! - O Arcanjo no ar","isPartOf":{"@id":"https:\/\/www.oarcanjo.net\/site\/#website"},"datePublished":"2011-12-23T11:16:25+00:00","dateModified":"2011-12-23T11:16:25+00:00","breadcrumb":{"@id":"https:\/\/www.oarcanjo.net\/site\/feliz-natal-a-toda-a-arquidiocese-de-sao-paulo-ele-esta-no-meio-de-nos\/#breadcrumb"},"inLanguage":"pt-BR","potentialAction":[{"@type":"ReadAction","target":["https:\/\/www.oarcanjo.net\/site\/feliz-natal-a-toda-a-arquidiocese-de-sao-paulo-ele-esta-no-meio-de-nos\/"]}]},{"@type":"BreadcrumbList","@id":"https:\/\/www.oarcanjo.net\/site\/feliz-natal-a-toda-a-arquidiocese-de-sao-paulo-ele-esta-no-meio-de-nos\/#breadcrumb","itemListElement":[{"@type":"ListItem","position":1,"name":"In\u00edcio","item":"https:\/\/www.oarcanjo.net\/site\/"},{"@type":"ListItem","position":2,"name":"Feliz Natal a toda a Arquidiocese de S\u00e3o Paulo: Ele est\u00e1 no meio de n\u00f3s!"}]},{"@type":"WebSite","@id":"https:\/\/www.oarcanjo.net\/site\/#website","url":"https:\/\/www.oarcanjo.net\/site\/","name":"O Arcanjo no ar","description":"Site da Par\u00f3quia S\u00e3o Miguel Arcanjo (Arquidiocese de SP)","publisher":{"@id":"https:\/\/www.oarcanjo.net\/site\/#organization"},"potentialAction":[{"@type":"SearchAction","target":{"@type":"EntryPoint","urlTemplate":"https:\/\/www.oarcanjo.net\/site\/?s={search_term_string}"},"query-input":{"@type":"PropertyValueSpecification","valueRequired":true,"valueName":"search_term_string"}}],"inLanguage":"pt-BR"},{"@type":"Organization","@id":"https:\/\/www.oarcanjo.net\/site\/#organization","name":"Par\u00f3quia S\u00e3o Miguel Arcanjo","url":"https:\/\/www.oarcanjo.net\/site\/","logo":{"@type":"ImageObject","inLanguage":"pt-BR","@id":"https:\/\/www.oarcanjo.net\/site\/#\/schema\/logo\/image\/","url":"https:\/\/www.oarcanjo.net\/site\/wp-content\/uploads\/LogoOArcanjo.png","contentUrl":"https:\/\/www.oarcanjo.net\/site\/wp-content\/uploads\/LogoOArcanjo.png","width":319,"height":99,"caption":"Par\u00f3quia S\u00e3o Miguel Arcanjo"},"image":{"@id":"https:\/\/www.oarcanjo.net\/site\/#\/schema\/logo\/image\/"},"sameAs":["https:\/\/www.facebook.com\/OArcanjoNoAr\/"]},{"@type":"Person","@id":"https:\/\/www.oarcanjo.net\/site\/#\/schema\/person\/f7024d007863202483a31326673a0838","name":"editor","sameAs":["http:\/\/www.oarcanjo.net"]}]}},"publishpress_future_action":{"enabled":false,"date":"2026-05-08 11:07:40","action":"category","newStatus":"draft","terms":[],"taxonomy":"category"},"publishpress_future_workflow_manual_trigger":{"enabledWorkflows":[]},"_links":{"self":[{"href":"https:\/\/www.oarcanjo.net\/site\/wp-json\/wp\/v2\/posts\/16964"}],"collection":[{"href":"https:\/\/www.oarcanjo.net\/site\/wp-json\/wp\/v2\/posts"}],"about":[{"href":"https:\/\/www.oarcanjo.net\/site\/wp-json\/wp\/v2\/types\/post"}],"author":[{"embeddable":true,"href":"https:\/\/www.oarcanjo.net\/site\/wp-json\/wp\/v2\/users\/5"}],"replies":[{"embeddable":true,"href":"https:\/\/www.oarcanjo.net\/site\/wp-json\/wp\/v2\/comments?post=16964"}],"version-history":[{"count":0,"href":"https:\/\/www.oarcanjo.net\/site\/wp-json\/wp\/v2\/posts\/16964\/revisions"}],"wp:attachment":[{"href":"https:\/\/www.oarcanjo.net\/site\/wp-json\/wp\/v2\/media?parent=16964"}],"wp:term":[{"taxonomy":"category","embeddable":true,"href":"https:\/\/www.oarcanjo.net\/site\/wp-json\/wp\/v2\/categories?post=16964"},{"taxonomy":"post_tag","embeddable":true,"href":"https:\/\/www.oarcanjo.net\/site\/wp-json\/wp\/v2\/tags?post=16964"}],"curies":[{"name":"wp","href":"https:\/\/api.w.org\/{rel}","templated":true}]}}