
{"id":16980,"date":"2011-12-25T04:23:41","date_gmt":"2011-12-25T06:23:41","guid":{"rendered":"http:\/\/www.oarcanjo.net\/site\/?p=16980"},"modified":"2011-12-30T11:40:45","modified_gmt":"2011-12-30T13:40:45","slug":"noite-de-natal-de-2011","status":"publish","type":"post","link":"https:\/\/www.oarcanjo.net\/site\/noite-de-natal-de-2011\/","title":{"rendered":"Noite de Natal de 2011 &#8211; COM V\u00cdDEO"},"content":{"rendered":"<p>Nesta\u00a0 noite de Natal de 2011, de fato celebramos o nascimento de Jesus. Nasceu na periferia de seu tempo, em Bel\u00e9m, no campo, logo colocado numa manjedoura. Nasceu por Maria, jovem escolhida por Deus, tendo como companheiro Jos\u00e9. Ali se constituiu a sagrada fam\u00edlia.<\/p>\n<p>O Padre Julio, trazendo para o presente, salientou que Jesus certamente estaria nascendo na Favela do Moinho, recentemente esfacelada por um inc\u00eandio. Local de pobres, como aquele dos pastores no tempo do nascimento de Jesus. Tamb\u00e9m acentuou:<\/p>\n<p>\u201cQue celebrar o Natal nos torne mais humanos e comprometidos com os mais pobres e abandonados!\u201d<\/p>\n<p><iframe loading=\"lazy\" width=\"560\" height=\"315\" src=\"http:\/\/www.youtube.com\/embed\/DBRPSA0MwJc?rel=0\" frameborder=\"0\" allowfullscreen><\/iframe><\/p>\n<p>Noite de profunda f\u00e9. A Igreja S\u00e3o Miguel Arcanjo ficou lotada, inclusive nas suas depend\u00eancias externas, mesmo com a chuva. Do outro lado da rua, um sofredor de rua tamb\u00e9m participava da celebra\u00e7\u00e3o, rezando com fervor.<\/p>\n<p>No final da missa, a encena\u00e7\u00e3o do nascimento de Jesus. Uma crian\u00e7a sempre \u00e9 escolhida para compor a cena no nascimento, com Maria, Jos\u00e9, pastores e os reis magos.\u00a0A\u00a0Camila, filha da Rosangela e neta da Roseli, representou Jesus no seu nascimento, com a mesma simplicidade.<\/p>\n<p><iframe loading=\"lazy\" width=\"560\" height=\"315\" src=\"http:\/\/www.youtube.com\/embed\/sKd9QbLZRlg?rel=0\" frameborder=\"0\" allowfullscreen><\/iframe><\/p>\n<p>Fotos por Carlos A. Beatriz<\/p>\nngg_shortcode_0_placeholder\n<div id=\"themify_builder_content-16980\" data-postid=\"16980\" class=\"themify_builder_content themify_builder_content-16980 themify_builder themify_builder_front\">\n\t<\/div>\n<!-- \/themify_builder_content -->","protected":false},"excerpt":{"rendered":"<p>Nesta\u00a0 noite de Natal de 2011, de fato celebramos o nascimento de Jesus. Nasceu na periferia de seu tempo, em Bel\u00e9m, no campo, logo colocado numa manjedoura. Nasceu por Maria, jovem escolhida por Deus, tendo como companheiro Jos\u00e9. Ali se constituiu a sagrada fam\u00edlia. O Padre Julio, trazendo para o presente, salientou que Jesus certamente [&hellip;]<\/p>\n","protected":false},"author":10,"featured_media":0,"comment_status":"open","ping_status":"open","sticky":false,"template":"","format":"standard","meta":{"ngg_post_thumbnail":0,"footnotes":""},"categories":[475,8,7,280],"tags":[1367,60,2145,150],"yoast_head":"<!-- This site is optimized with the Yoast SEO plugin v23.5 - https:\/\/yoast.com\/wordpress\/plugins\/seo\/ -->\n<title>Noite de Natal de 2011 - COM V\u00cdDEO - O Arcanjo no ar<\/title>\n<meta name=\"robots\" content=\"index, follow, max-snippet:-1, max-image-preview:large, max-video-preview:-1\" \/>\n<link rel=\"canonical\" href=\"https:\/\/www.oarcanjo.net\/site\/noite-de-natal-de-2011\/\" \/>\n<meta property=\"og:locale\" content=\"pt_BR\" \/>\n<meta property=\"og:type\" content=\"article\" \/>\n<meta property=\"og:title\" content=\"Noite de Natal de 2011 - COM V\u00cdDEO - O Arcanjo no ar\" \/>\n<meta property=\"og:description\" content=\"Nesta\u00a0 noite de Natal de 2011, de fato celebramos o nascimento de Jesus. Nasceu na periferia de seu tempo, em Bel\u00e9m, no campo, logo colocado numa manjedoura. Nasceu por Maria, jovem escolhida por Deus, tendo como companheiro Jos\u00e9. Ali se constituiu a sagrada fam\u00edlia. O Padre Julio, trazendo para o presente, salientou que Jesus certamente [&hellip;]\" \/>\n<meta property=\"og:url\" content=\"https:\/\/www.oarcanjo.net\/site\/noite-de-natal-de-2011\/\" \/>\n<meta property=\"og:site_name\" content=\"O Arcanjo no ar\" \/>\n<meta property=\"article:publisher\" content=\"https:\/\/www.facebook.com\/OArcanjoNoAr\/\" \/>\n<meta property=\"article:published_time\" content=\"2011-12-25T06:23:41+00:00\" \/>\n<meta property=\"article:modified_time\" content=\"2011-12-30T13:40:45+00:00\" \/>\n<meta property=\"og:image\" content=\"https:\/\/www.oarcanjo.net\/site\/wp-content\/uploads\/logo-o-arcanjo-no-ar-facebook.png\" \/>\n\t<meta property=\"og:image:width\" content=\"300\" \/>\n\t<meta property=\"og:image:height\" content=\"300\" \/>\n\t<meta property=\"og:image:type\" content=\"image\/png\" \/>\n<meta name=\"author\" content=\"carlos\" \/>\n<meta name=\"twitter:card\" content=\"summary_large_image\" \/>\n<meta name=\"twitter:label1\" content=\"Escrito por\" \/>\n\t<meta name=\"twitter:data1\" content=\"carlos\" \/>\n\t<meta name=\"twitter:label2\" content=\"Est. tempo de leitura\" \/>\n\t<meta name=\"twitter:data2\" content=\"1 minuto\" \/>\n<script type=\"application\/ld+json\" class=\"yoast-schema-graph\">{\"@context\":\"https:\/\/schema.org\",\"@graph\":[{\"@type\":\"Article\",\"@id\":\"https:\/\/www.oarcanjo.net\/site\/noite-de-natal-de-2011\/#article\",\"isPartOf\":{\"@id\":\"https:\/\/www.oarcanjo.net\/site\/noite-de-natal-de-2011\/\"},\"author\":{\"name\":\"carlos\",\"@id\":\"https:\/\/www.oarcanjo.net\/site\/#\/schema\/person\/f7870e710d8c8c30673de3a0ac2e451d\"},\"headline\":\"Noite de Natal de 2011 &#8211; COM V\u00cdDEO\",\"datePublished\":\"2011-12-25T06:23:41+00:00\",\"dateModified\":\"2011-12-30T13:40:45+00:00\",\"mainEntityOfPage\":{\"@id\":\"https:\/\/www.oarcanjo.net\/site\/noite-de-natal-de-2011\/\"},\"wordCount\":203,\"commentCount\":1,\"publisher\":{\"@id\":\"https:\/\/www.oarcanjo.net\/site\/#organization\"},\"keywords\":[\"Menino Jesus\",\"natal\",\"Noite Feliz\",\"pres\u00e9pio\"],\"articleSection\":[\"Homilias\",\"Not\u00edcias\",\"Rosto da comunidade\",\"V\u00eddeos\"],\"inLanguage\":\"pt-BR\",\"potentialAction\":[{\"@type\":\"CommentAction\",\"name\":\"Comment\",\"target\":[\"https:\/\/www.oarcanjo.net\/site\/noite-de-natal-de-2011\/#respond\"]}]},{\"@type\":\"WebPage\",\"@id\":\"https:\/\/www.oarcanjo.net\/site\/noite-de-natal-de-2011\/\",\"url\":\"https:\/\/www.oarcanjo.net\/site\/noite-de-natal-de-2011\/\",\"name\":\"Noite de Natal de 2011 - COM V\u00cdDEO - O Arcanjo no ar\",\"isPartOf\":{\"@id\":\"https:\/\/www.oarcanjo.net\/site\/#website\"},\"datePublished\":\"2011-12-25T06:23:41+00:00\",\"dateModified\":\"2011-12-30T13:40:45+00:00\",\"breadcrumb\":{\"@id\":\"https:\/\/www.oarcanjo.net\/site\/noite-de-natal-de-2011\/#breadcrumb\"},\"inLanguage\":\"pt-BR\",\"potentialAction\":[{\"@type\":\"ReadAction\",\"target\":[\"https:\/\/www.oarcanjo.net\/site\/noite-de-natal-de-2011\/\"]}]},{\"@type\":\"BreadcrumbList\",\"@id\":\"https:\/\/www.oarcanjo.net\/site\/noite-de-natal-de-2011\/#breadcrumb\",\"itemListElement\":[{\"@type\":\"ListItem\",\"position\":1,\"name\":\"In\u00edcio\",\"item\":\"https:\/\/www.oarcanjo.net\/site\/\"},{\"@type\":\"ListItem\",\"position\":2,\"name\":\"Noite de Natal de 2011 &#8211; COM V\u00cdDEO\"}]},{\"@type\":\"WebSite\",\"@id\":\"https:\/\/www.oarcanjo.net\/site\/#website\",\"url\":\"https:\/\/www.oarcanjo.net\/site\/\",\"name\":\"O Arcanjo no ar\",\"description\":\"Site da Par\u00f3quia S\u00e3o Miguel Arcanjo (Arquidiocese de SP)\",\"publisher\":{\"@id\":\"https:\/\/www.oarcanjo.net\/site\/#organization\"},\"potentialAction\":[{\"@type\":\"SearchAction\",\"target\":{\"@type\":\"EntryPoint\",\"urlTemplate\":\"https:\/\/www.oarcanjo.net\/site\/?s={search_term_string}\"},\"query-input\":{\"@type\":\"PropertyValueSpecification\",\"valueRequired\":true,\"valueName\":\"search_term_string\"}}],\"inLanguage\":\"pt-BR\"},{\"@type\":\"Organization\",\"@id\":\"https:\/\/www.oarcanjo.net\/site\/#organization\",\"name\":\"Par\u00f3quia S\u00e3o Miguel Arcanjo\",\"url\":\"https:\/\/www.oarcanjo.net\/site\/\",\"logo\":{\"@type\":\"ImageObject\",\"inLanguage\":\"pt-BR\",\"@id\":\"https:\/\/www.oarcanjo.net\/site\/#\/schema\/logo\/image\/\",\"url\":\"https:\/\/www.oarcanjo.net\/site\/wp-content\/uploads\/LogoOArcanjo.png\",\"contentUrl\":\"https:\/\/www.oarcanjo.net\/site\/wp-content\/uploads\/LogoOArcanjo.png\",\"width\":319,\"height\":99,\"caption\":\"Par\u00f3quia S\u00e3o Miguel Arcanjo\"},\"image\":{\"@id\":\"https:\/\/www.oarcanjo.net\/site\/#\/schema\/logo\/image\/\"},\"sameAs\":[\"https:\/\/www.facebook.com\/OArcanjoNoAr\/\"]},{\"@type\":\"Person\",\"@id\":\"https:\/\/www.oarcanjo.net\/site\/#\/schema\/person\/f7870e710d8c8c30673de3a0ac2e451d\",\"name\":\"carlos\"}]}<\/script>\n<!-- \/ Yoast SEO plugin. -->","yoast_head_json":{"title":"Noite de Natal de 2011 - COM V\u00cdDEO - O Arcanjo no ar","robots":{"index":"index","follow":"follow","max-snippet":"max-snippet:-1","max-image-preview":"max-image-preview:large","max-video-preview":"max-video-preview:-1"},"canonical":"https:\/\/www.oarcanjo.net\/site\/noite-de-natal-de-2011\/","og_locale":"pt_BR","og_type":"article","og_title":"Noite de Natal de 2011 - COM V\u00cdDEO - O Arcanjo no ar","og_description":"Nesta\u00a0 noite de Natal de 2011, de fato celebramos o nascimento de Jesus. Nasceu na periferia de seu tempo, em Bel\u00e9m, no campo, logo colocado numa manjedoura. Nasceu por Maria, jovem escolhida por Deus, tendo como companheiro Jos\u00e9. Ali se constituiu a sagrada fam\u00edlia. O Padre Julio, trazendo para o presente, salientou que Jesus certamente [&hellip;]","og_url":"https:\/\/www.oarcanjo.net\/site\/noite-de-natal-de-2011\/","og_site_name":"O Arcanjo no ar","article_publisher":"https:\/\/www.facebook.com\/OArcanjoNoAr\/","article_published_time":"2011-12-25T06:23:41+00:00","article_modified_time":"2011-12-30T13:40:45+00:00","og_image":[{"width":300,"height":300,"url":"https:\/\/www.oarcanjo.net\/site\/wp-content\/uploads\/logo-o-arcanjo-no-ar-facebook.png","type":"image\/png"}],"author":"carlos","twitter_card":"summary_large_image","twitter_misc":{"Escrito por":"carlos","Est. tempo de leitura":"1 minuto"},"schema":{"@context":"https:\/\/schema.org","@graph":[{"@type":"Article","@id":"https:\/\/www.oarcanjo.net\/site\/noite-de-natal-de-2011\/#article","isPartOf":{"@id":"https:\/\/www.oarcanjo.net\/site\/noite-de-natal-de-2011\/"},"author":{"name":"carlos","@id":"https:\/\/www.oarcanjo.net\/site\/#\/schema\/person\/f7870e710d8c8c30673de3a0ac2e451d"},"headline":"Noite de Natal de 2011 &#8211; COM V\u00cdDEO","datePublished":"2011-12-25T06:23:41+00:00","dateModified":"2011-12-30T13:40:45+00:00","mainEntityOfPage":{"@id":"https:\/\/www.oarcanjo.net\/site\/noite-de-natal-de-2011\/"},"wordCount":203,"commentCount":1,"publisher":{"@id":"https:\/\/www.oarcanjo.net\/site\/#organization"},"keywords":["Menino Jesus","natal","Noite Feliz","pres\u00e9pio"],"articleSection":["Homilias","Not\u00edcias","Rosto da comunidade","V\u00eddeos"],"inLanguage":"pt-BR","potentialAction":[{"@type":"CommentAction","name":"Comment","target":["https:\/\/www.oarcanjo.net\/site\/noite-de-natal-de-2011\/#respond"]}]},{"@type":"WebPage","@id":"https:\/\/www.oarcanjo.net\/site\/noite-de-natal-de-2011\/","url":"https:\/\/www.oarcanjo.net\/site\/noite-de-natal-de-2011\/","name":"Noite de Natal de 2011 - COM V\u00cdDEO - O Arcanjo no ar","isPartOf":{"@id":"https:\/\/www.oarcanjo.net\/site\/#website"},"datePublished":"2011-12-25T06:23:41+00:00","dateModified":"2011-12-30T13:40:45+00:00","breadcrumb":{"@id":"https:\/\/www.oarcanjo.net\/site\/noite-de-natal-de-2011\/#breadcrumb"},"inLanguage":"pt-BR","potentialAction":[{"@type":"ReadAction","target":["https:\/\/www.oarcanjo.net\/site\/noite-de-natal-de-2011\/"]}]},{"@type":"BreadcrumbList","@id":"https:\/\/www.oarcanjo.net\/site\/noite-de-natal-de-2011\/#breadcrumb","itemListElement":[{"@type":"ListItem","position":1,"name":"In\u00edcio","item":"https:\/\/www.oarcanjo.net\/site\/"},{"@type":"ListItem","position":2,"name":"Noite de Natal de 2011 &#8211; COM V\u00cdDEO"}]},{"@type":"WebSite","@id":"https:\/\/www.oarcanjo.net\/site\/#website","url":"https:\/\/www.oarcanjo.net\/site\/","name":"O Arcanjo no ar","description":"Site da Par\u00f3quia S\u00e3o Miguel Arcanjo (Arquidiocese de SP)","publisher":{"@id":"https:\/\/www.oarcanjo.net\/site\/#organization"},"potentialAction":[{"@type":"SearchAction","target":{"@type":"EntryPoint","urlTemplate":"https:\/\/www.oarcanjo.net\/site\/?s={search_term_string}"},"query-input":{"@type":"PropertyValueSpecification","valueRequired":true,"valueName":"search_term_string"}}],"inLanguage":"pt-BR"},{"@type":"Organization","@id":"https:\/\/www.oarcanjo.net\/site\/#organization","name":"Par\u00f3quia S\u00e3o Miguel Arcanjo","url":"https:\/\/www.oarcanjo.net\/site\/","logo":{"@type":"ImageObject","inLanguage":"pt-BR","@id":"https:\/\/www.oarcanjo.net\/site\/#\/schema\/logo\/image\/","url":"https:\/\/www.oarcanjo.net\/site\/wp-content\/uploads\/LogoOArcanjo.png","contentUrl":"https:\/\/www.oarcanjo.net\/site\/wp-content\/uploads\/LogoOArcanjo.png","width":319,"height":99,"caption":"Par\u00f3quia S\u00e3o Miguel Arcanjo"},"image":{"@id":"https:\/\/www.oarcanjo.net\/site\/#\/schema\/logo\/image\/"},"sameAs":["https:\/\/www.facebook.com\/OArcanjoNoAr\/"]},{"@type":"Person","@id":"https:\/\/www.oarcanjo.net\/site\/#\/schema\/person\/f7870e710d8c8c30673de3a0ac2e451d","name":"carlos"}]}},"publishpress_future_action":{"enabled":false,"date":"2026-05-08 14:14:44","action":"category","newStatus":"draft","terms":[],"taxonomy":"category"},"publishpress_future_workflow_manual_trigger":{"enabledWorkflows":[]},"_links":{"self":[{"href":"https:\/\/www.oarcanjo.net\/site\/wp-json\/wp\/v2\/posts\/16980"}],"collection":[{"href":"https:\/\/www.oarcanjo.net\/site\/wp-json\/wp\/v2\/posts"}],"about":[{"href":"https:\/\/www.oarcanjo.net\/site\/wp-json\/wp\/v2\/types\/post"}],"author":[{"embeddable":true,"href":"https:\/\/www.oarcanjo.net\/site\/wp-json\/wp\/v2\/users\/10"}],"replies":[{"embeddable":true,"href":"https:\/\/www.oarcanjo.net\/site\/wp-json\/wp\/v2\/comments?post=16980"}],"version-history":[{"count":0,"href":"https:\/\/www.oarcanjo.net\/site\/wp-json\/wp\/v2\/posts\/16980\/revisions"}],"wp:attachment":[{"href":"https:\/\/www.oarcanjo.net\/site\/wp-json\/wp\/v2\/media?parent=16980"}],"wp:term":[{"taxonomy":"category","embeddable":true,"href":"https:\/\/www.oarcanjo.net\/site\/wp-json\/wp\/v2\/categories?post=16980"},{"taxonomy":"post_tag","embeddable":true,"href":"https:\/\/www.oarcanjo.net\/site\/wp-json\/wp\/v2\/tags?post=16980"}],"curies":[{"name":"wp","href":"https:\/\/api.w.org\/{rel}","templated":true}]}}