
{"id":17,"date":"2008-09-23T08:10:50","date_gmt":"2008-09-23T11:10:50","guid":{"rendered":"http:\/\/www.oarcanjo.net\/site\/?p=17"},"modified":"2008-12-10T09:10:10","modified_gmt":"2008-12-10T12:10:10","slug":"bem-vindo-ao-site-o-arcanjo-no-ar","status":"publish","type":"post","link":"https:\/\/www.oarcanjo.net\/site\/bem-vindo-ao-site-o-arcanjo-no-ar\/","title":{"rendered":"Bem-vindo ao site &#8220;O Arcanjo no ar&#8221;!"},"content":{"rendered":"<p>Na festa do padroeiro, a par\u00f3quia S\u00e3o Miguel Arcanjo, na Arquidiocese de S\u00e3o Paulo, lan\u00e7a o s\u00edtio &#8220;O Arcanjo no ar&#8221;, um espa\u00e7o interativo de evangeliza\u00e7\u00e3o e reflex\u00e3o.<\/p>\n<p>Constru\u00eddo coletivamente, este novo canal pretende contribuir com a miss\u00e3o pastoral da comunidade, registrar a caminhada, subsidiar debates, ser enfim um ambiente de comunica\u00e7\u00e3o e di\u00e1logo.<\/p>\n<p>Al\u00e9m das p\u00e1ginas institucionais, apresentando a par\u00f3quia S\u00e3o Miguel e a capela S\u00e3o Judas Tadeu, o s\u00edtio estr\u00e9ia com se\u00e7\u00f5es de not\u00edcias, reflex\u00f5es, blog e conte\u00fados multim\u00eddia, como v\u00eddeos e a &#8220;Voz do Arcanjo&#8221;, podcast em que o Pe. J\u00falio Lancellotti conta a hist\u00f3ria dos santos.<\/p>\n<p>N\u00e3o se trata de uma &#8220;obra acabada&#8221;, mas de uma vers\u00e3o inicial, aberta portanto a cr\u00edticas, sugest\u00f5es e coment\u00e1rios que poder\u00e3o aprimorar este ve\u00edculo &#8211; contamos com sua participa\u00e7\u00e3o!<\/p>\n<div id=\"themify_builder_content-17\" data-postid=\"17\" class=\"themify_builder_content themify_builder_content-17 themify_builder themify_builder_front\">\n\t<\/div>\n<!-- \/themify_builder_content -->","protected":false},"excerpt":{"rendered":"<p>Na festa do padroeiro, a par\u00f3quia S\u00e3o Miguel Arcanjo, na Arquidiocese de S\u00e3o Paulo, lan\u00e7a o s\u00edtio &#8220;O Arcanjo no ar&#8221;, um espa\u00e7o interativo de evangeliza\u00e7\u00e3o e reflex\u00e3o. Constru\u00eddo coletivamente, este novo canal pretende contribuir com a miss\u00e3o pastoral da comunidade, registrar a caminhada, subsidiar debates, ser enfim um ambiente de comunica\u00e7\u00e3o e di\u00e1logo. Al\u00e9m [&hellip;]<\/p>\n","protected":false},"author":5,"featured_media":0,"comment_status":"open","ping_status":"open","sticky":false,"template":"","format":"standard","meta":{"ngg_post_thumbnail":0,"footnotes":""},"categories":[8],"tags":[24,18,21,22,23],"yoast_head":"<!-- This site is optimized with the Yoast SEO plugin v23.5 - https:\/\/yoast.com\/wordpress\/plugins\/seo\/ -->\n<title>Bem-vindo ao site &quot;O Arcanjo no ar&quot;! - O Arcanjo no ar<\/title>\n<meta name=\"robots\" content=\"index, follow, max-snippet:-1, max-image-preview:large, max-video-preview:-1\" \/>\n<link rel=\"canonical\" href=\"https:\/\/www.oarcanjo.net\/site\/bem-vindo-ao-site-o-arcanjo-no-ar\/\" \/>\n<meta property=\"og:locale\" content=\"pt_BR\" \/>\n<meta property=\"og:type\" content=\"article\" \/>\n<meta property=\"og:title\" content=\"Bem-vindo ao site &quot;O Arcanjo no ar&quot;! - O Arcanjo no ar\" \/>\n<meta property=\"og:description\" content=\"Na festa do padroeiro, a par\u00f3quia S\u00e3o Miguel Arcanjo, na Arquidiocese de S\u00e3o Paulo, lan\u00e7a o s\u00edtio &#8220;O Arcanjo no ar&#8221;, um espa\u00e7o interativo de evangeliza\u00e7\u00e3o e reflex\u00e3o. Constru\u00eddo coletivamente, este novo canal pretende contribuir com a miss\u00e3o pastoral da comunidade, registrar a caminhada, subsidiar debates, ser enfim um ambiente de comunica\u00e7\u00e3o e di\u00e1logo. Al\u00e9m [&hellip;]\" \/>\n<meta property=\"og:url\" content=\"https:\/\/www.oarcanjo.net\/site\/bem-vindo-ao-site-o-arcanjo-no-ar\/\" \/>\n<meta property=\"og:site_name\" content=\"O Arcanjo no ar\" \/>\n<meta property=\"article:publisher\" content=\"https:\/\/www.facebook.com\/OArcanjoNoAr\/\" \/>\n<meta property=\"article:published_time\" content=\"2008-09-23T11:10:50+00:00\" \/>\n<meta property=\"article:modified_time\" content=\"2008-12-10T12:10:10+00:00\" \/>\n<meta property=\"og:image\" content=\"https:\/\/www.oarcanjo.net\/site\/wp-content\/uploads\/logo-o-arcanjo-no-ar-facebook.png\" \/>\n\t<meta property=\"og:image:width\" content=\"300\" \/>\n\t<meta property=\"og:image:height\" content=\"300\" \/>\n\t<meta property=\"og:image:type\" content=\"image\/png\" \/>\n<meta name=\"author\" content=\"editor\" \/>\n<meta name=\"twitter:card\" content=\"summary_large_image\" \/>\n<meta name=\"twitter:label1\" content=\"Escrito por\" \/>\n\t<meta name=\"twitter:data1\" content=\"editor\" \/>\n\t<meta name=\"twitter:label2\" content=\"Est. tempo de leitura\" \/>\n\t<meta name=\"twitter:data2\" content=\"1 minuto\" \/>\n<script type=\"application\/ld+json\" class=\"yoast-schema-graph\">{\"@context\":\"https:\/\/schema.org\",\"@graph\":[{\"@type\":\"Article\",\"@id\":\"https:\/\/www.oarcanjo.net\/site\/bem-vindo-ao-site-o-arcanjo-no-ar\/#article\",\"isPartOf\":{\"@id\":\"https:\/\/www.oarcanjo.net\/site\/bem-vindo-ao-site-o-arcanjo-no-ar\/\"},\"author\":{\"name\":\"editor\",\"@id\":\"https:\/\/www.oarcanjo.net\/site\/#\/schema\/person\/f7024d007863202483a31326673a0838\"},\"headline\":\"Bem-vindo ao site &#8220;O Arcanjo no ar&#8221;!\",\"datePublished\":\"2008-09-23T11:10:50+00:00\",\"dateModified\":\"2008-12-10T12:10:10+00:00\",\"mainEntityOfPage\":{\"@id\":\"https:\/\/www.oarcanjo.net\/site\/bem-vindo-ao-site-o-arcanjo-no-ar\/\"},\"wordCount\":171,\"commentCount\":14,\"publisher\":{\"@id\":\"https:\/\/www.oarcanjo.net\/site\/#organization\"},\"keywords\":[\"comunidade\",\"evangeliza\u00e7\u00e3o\",\"internet\",\"site\",\"s\u00edtio\"],\"articleSection\":[\"Not\u00edcias\"],\"inLanguage\":\"pt-BR\",\"potentialAction\":[{\"@type\":\"CommentAction\",\"name\":\"Comment\",\"target\":[\"https:\/\/www.oarcanjo.net\/site\/bem-vindo-ao-site-o-arcanjo-no-ar\/#respond\"]}]},{\"@type\":\"WebPage\",\"@id\":\"https:\/\/www.oarcanjo.net\/site\/bem-vindo-ao-site-o-arcanjo-no-ar\/\",\"url\":\"https:\/\/www.oarcanjo.net\/site\/bem-vindo-ao-site-o-arcanjo-no-ar\/\",\"name\":\"Bem-vindo ao site \\\"O Arcanjo no ar\\\"! - O Arcanjo no ar\",\"isPartOf\":{\"@id\":\"https:\/\/www.oarcanjo.net\/site\/#website\"},\"datePublished\":\"2008-09-23T11:10:50+00:00\",\"dateModified\":\"2008-12-10T12:10:10+00:00\",\"breadcrumb\":{\"@id\":\"https:\/\/www.oarcanjo.net\/site\/bem-vindo-ao-site-o-arcanjo-no-ar\/#breadcrumb\"},\"inLanguage\":\"pt-BR\",\"potentialAction\":[{\"@type\":\"ReadAction\",\"target\":[\"https:\/\/www.oarcanjo.net\/site\/bem-vindo-ao-site-o-arcanjo-no-ar\/\"]}]},{\"@type\":\"BreadcrumbList\",\"@id\":\"https:\/\/www.oarcanjo.net\/site\/bem-vindo-ao-site-o-arcanjo-no-ar\/#breadcrumb\",\"itemListElement\":[{\"@type\":\"ListItem\",\"position\":1,\"name\":\"In\u00edcio\",\"item\":\"https:\/\/www.oarcanjo.net\/site\/\"},{\"@type\":\"ListItem\",\"position\":2,\"name\":\"Bem-vindo ao site &#8220;O Arcanjo no ar&#8221;!\"}]},{\"@type\":\"WebSite\",\"@id\":\"https:\/\/www.oarcanjo.net\/site\/#website\",\"url\":\"https:\/\/www.oarcanjo.net\/site\/\",\"name\":\"O Arcanjo no ar\",\"description\":\"Site da Par\u00f3quia S\u00e3o Miguel Arcanjo (Arquidiocese de SP)\",\"publisher\":{\"@id\":\"https:\/\/www.oarcanjo.net\/site\/#organization\"},\"potentialAction\":[{\"@type\":\"SearchAction\",\"target\":{\"@type\":\"EntryPoint\",\"urlTemplate\":\"https:\/\/www.oarcanjo.net\/site\/?s={search_term_string}\"},\"query-input\":{\"@type\":\"PropertyValueSpecification\",\"valueRequired\":true,\"valueName\":\"search_term_string\"}}],\"inLanguage\":\"pt-BR\"},{\"@type\":\"Organization\",\"@id\":\"https:\/\/www.oarcanjo.net\/site\/#organization\",\"name\":\"Par\u00f3quia S\u00e3o Miguel Arcanjo\",\"url\":\"https:\/\/www.oarcanjo.net\/site\/\",\"logo\":{\"@type\":\"ImageObject\",\"inLanguage\":\"pt-BR\",\"@id\":\"https:\/\/www.oarcanjo.net\/site\/#\/schema\/logo\/image\/\",\"url\":\"https:\/\/www.oarcanjo.net\/site\/wp-content\/uploads\/LogoOArcanjo.png\",\"contentUrl\":\"https:\/\/www.oarcanjo.net\/site\/wp-content\/uploads\/LogoOArcanjo.png\",\"width\":319,\"height\":99,\"caption\":\"Par\u00f3quia S\u00e3o Miguel Arcanjo\"},\"image\":{\"@id\":\"https:\/\/www.oarcanjo.net\/site\/#\/schema\/logo\/image\/\"},\"sameAs\":[\"https:\/\/www.facebook.com\/OArcanjoNoAr\/\"]},{\"@type\":\"Person\",\"@id\":\"https:\/\/www.oarcanjo.net\/site\/#\/schema\/person\/f7024d007863202483a31326673a0838\",\"name\":\"editor\",\"sameAs\":[\"http:\/\/www.oarcanjo.net\"]}]}<\/script>\n<!-- \/ Yoast SEO plugin. -->","yoast_head_json":{"title":"Bem-vindo ao site \"O Arcanjo no ar\"! - O Arcanjo no ar","robots":{"index":"index","follow":"follow","max-snippet":"max-snippet:-1","max-image-preview":"max-image-preview:large","max-video-preview":"max-video-preview:-1"},"canonical":"https:\/\/www.oarcanjo.net\/site\/bem-vindo-ao-site-o-arcanjo-no-ar\/","og_locale":"pt_BR","og_type":"article","og_title":"Bem-vindo ao site \"O Arcanjo no ar\"! - O Arcanjo no ar","og_description":"Na festa do padroeiro, a par\u00f3quia S\u00e3o Miguel Arcanjo, na Arquidiocese de S\u00e3o Paulo, lan\u00e7a o s\u00edtio &#8220;O Arcanjo no ar&#8221;, um espa\u00e7o interativo de evangeliza\u00e7\u00e3o e reflex\u00e3o. Constru\u00eddo coletivamente, este novo canal pretende contribuir com a miss\u00e3o pastoral da comunidade, registrar a caminhada, subsidiar debates, ser enfim um ambiente de comunica\u00e7\u00e3o e di\u00e1logo. Al\u00e9m [&hellip;]","og_url":"https:\/\/www.oarcanjo.net\/site\/bem-vindo-ao-site-o-arcanjo-no-ar\/","og_site_name":"O Arcanjo no ar","article_publisher":"https:\/\/www.facebook.com\/OArcanjoNoAr\/","article_published_time":"2008-09-23T11:10:50+00:00","article_modified_time":"2008-12-10T12:10:10+00:00","og_image":[{"width":300,"height":300,"url":"https:\/\/www.oarcanjo.net\/site\/wp-content\/uploads\/logo-o-arcanjo-no-ar-facebook.png","type":"image\/png"}],"author":"editor","twitter_card":"summary_large_image","twitter_misc":{"Escrito por":"editor","Est. tempo de leitura":"1 minuto"},"schema":{"@context":"https:\/\/schema.org","@graph":[{"@type":"Article","@id":"https:\/\/www.oarcanjo.net\/site\/bem-vindo-ao-site-o-arcanjo-no-ar\/#article","isPartOf":{"@id":"https:\/\/www.oarcanjo.net\/site\/bem-vindo-ao-site-o-arcanjo-no-ar\/"},"author":{"name":"editor","@id":"https:\/\/www.oarcanjo.net\/site\/#\/schema\/person\/f7024d007863202483a31326673a0838"},"headline":"Bem-vindo ao site &#8220;O Arcanjo no ar&#8221;!","datePublished":"2008-09-23T11:10:50+00:00","dateModified":"2008-12-10T12:10:10+00:00","mainEntityOfPage":{"@id":"https:\/\/www.oarcanjo.net\/site\/bem-vindo-ao-site-o-arcanjo-no-ar\/"},"wordCount":171,"commentCount":14,"publisher":{"@id":"https:\/\/www.oarcanjo.net\/site\/#organization"},"keywords":["comunidade","evangeliza\u00e7\u00e3o","internet","site","s\u00edtio"],"articleSection":["Not\u00edcias"],"inLanguage":"pt-BR","potentialAction":[{"@type":"CommentAction","name":"Comment","target":["https:\/\/www.oarcanjo.net\/site\/bem-vindo-ao-site-o-arcanjo-no-ar\/#respond"]}]},{"@type":"WebPage","@id":"https:\/\/www.oarcanjo.net\/site\/bem-vindo-ao-site-o-arcanjo-no-ar\/","url":"https:\/\/www.oarcanjo.net\/site\/bem-vindo-ao-site-o-arcanjo-no-ar\/","name":"Bem-vindo ao site \"O Arcanjo no ar\"! - O Arcanjo no ar","isPartOf":{"@id":"https:\/\/www.oarcanjo.net\/site\/#website"},"datePublished":"2008-09-23T11:10:50+00:00","dateModified":"2008-12-10T12:10:10+00:00","breadcrumb":{"@id":"https:\/\/www.oarcanjo.net\/site\/bem-vindo-ao-site-o-arcanjo-no-ar\/#breadcrumb"},"inLanguage":"pt-BR","potentialAction":[{"@type":"ReadAction","target":["https:\/\/www.oarcanjo.net\/site\/bem-vindo-ao-site-o-arcanjo-no-ar\/"]}]},{"@type":"BreadcrumbList","@id":"https:\/\/www.oarcanjo.net\/site\/bem-vindo-ao-site-o-arcanjo-no-ar\/#breadcrumb","itemListElement":[{"@type":"ListItem","position":1,"name":"In\u00edcio","item":"https:\/\/www.oarcanjo.net\/site\/"},{"@type":"ListItem","position":2,"name":"Bem-vindo ao site &#8220;O Arcanjo no ar&#8221;!"}]},{"@type":"WebSite","@id":"https:\/\/www.oarcanjo.net\/site\/#website","url":"https:\/\/www.oarcanjo.net\/site\/","name":"O Arcanjo no ar","description":"Site da Par\u00f3quia S\u00e3o Miguel Arcanjo (Arquidiocese de SP)","publisher":{"@id":"https:\/\/www.oarcanjo.net\/site\/#organization"},"potentialAction":[{"@type":"SearchAction","target":{"@type":"EntryPoint","urlTemplate":"https:\/\/www.oarcanjo.net\/site\/?s={search_term_string}"},"query-input":{"@type":"PropertyValueSpecification","valueRequired":true,"valueName":"search_term_string"}}],"inLanguage":"pt-BR"},{"@type":"Organization","@id":"https:\/\/www.oarcanjo.net\/site\/#organization","name":"Par\u00f3quia S\u00e3o Miguel Arcanjo","url":"https:\/\/www.oarcanjo.net\/site\/","logo":{"@type":"ImageObject","inLanguage":"pt-BR","@id":"https:\/\/www.oarcanjo.net\/site\/#\/schema\/logo\/image\/","url":"https:\/\/www.oarcanjo.net\/site\/wp-content\/uploads\/LogoOArcanjo.png","contentUrl":"https:\/\/www.oarcanjo.net\/site\/wp-content\/uploads\/LogoOArcanjo.png","width":319,"height":99,"caption":"Par\u00f3quia S\u00e3o Miguel Arcanjo"},"image":{"@id":"https:\/\/www.oarcanjo.net\/site\/#\/schema\/logo\/image\/"},"sameAs":["https:\/\/www.facebook.com\/OArcanjoNoAr\/"]},{"@type":"Person","@id":"https:\/\/www.oarcanjo.net\/site\/#\/schema\/person\/f7024d007863202483a31326673a0838","name":"editor","sameAs":["http:\/\/www.oarcanjo.net"]}]}},"publishpress_future_action":{"enabled":false,"date":"2026-05-06 05:47:37","action":"category","newStatus":"draft","terms":[],"taxonomy":"category"},"publishpress_future_workflow_manual_trigger":{"enabledWorkflows":[]},"_links":{"self":[{"href":"https:\/\/www.oarcanjo.net\/site\/wp-json\/wp\/v2\/posts\/17"}],"collection":[{"href":"https:\/\/www.oarcanjo.net\/site\/wp-json\/wp\/v2\/posts"}],"about":[{"href":"https:\/\/www.oarcanjo.net\/site\/wp-json\/wp\/v2\/types\/post"}],"author":[{"embeddable":true,"href":"https:\/\/www.oarcanjo.net\/site\/wp-json\/wp\/v2\/users\/5"}],"replies":[{"embeddable":true,"href":"https:\/\/www.oarcanjo.net\/site\/wp-json\/wp\/v2\/comments?post=17"}],"version-history":[{"count":0,"href":"https:\/\/www.oarcanjo.net\/site\/wp-json\/wp\/v2\/posts\/17\/revisions"}],"wp:attachment":[{"href":"https:\/\/www.oarcanjo.net\/site\/wp-json\/wp\/v2\/media?parent=17"}],"wp:term":[{"taxonomy":"category","embeddable":true,"href":"https:\/\/www.oarcanjo.net\/site\/wp-json\/wp\/v2\/categories?post=17"},{"taxonomy":"post_tag","embeddable":true,"href":"https:\/\/www.oarcanjo.net\/site\/wp-json\/wp\/v2\/tags?post=17"}],"curies":[{"name":"wp","href":"https:\/\/api.w.org\/{rel}","templated":true}]}}