
{"id":1700,"date":"2009-02-01T22:07:29","date_gmt":"2009-02-02T00:07:29","guid":{"rendered":"http:\/\/www.oarcanjo.net\/site\/?p=1700"},"modified":"2009-02-01T22:07:29","modified_gmt":"2009-02-02T00:07:29","slug":"in-manus-tuas","status":"publish","type":"post","link":"https:\/\/www.oarcanjo.net\/site\/in-manus-tuas\/","title":{"rendered":"In manus tuas"},"content":{"rendered":"<p>Pe. Geovane Saraiva<\/p>\n<p>Dom Helder colocou sua vida nas m\u00e3os de Deus com muita disposi\u00e7\u00e3o interior e com muita generosidade a exemplo do profeta Jeremias que tamb\u00e9m ofereceu a Deus sua vida sem medir esfor\u00e7os mesmo diante dos conflitos, dos sofrimentos, das dores e das incompreens\u00f5es. Eis aqui a raz\u00e3o do lema de seu episcopado: In Manus Tuas \u2013 Em tuas m\u00e3os &#8211; que ele viveu, em toda sua plenitude, com rigor e coer\u00eancia.<\/p>\n<p>Jeremias, diante das exig\u00eancias, da viol\u00eancia e da opress\u00e3o, disse, numa paix\u00e3o muito profunda: \u201cSeduziste-me, Senhor, e eu me deixei seduzir\u201d (Jr 20,7) e Dom Helder, sobre Deus, afirmava: \u201cTeu nome \u00e9 e s\u00f3 podia ser Amor\u201d. Por isso, agarrou-se, com todas as for\u00e7as, no amor de Deus e por Ele deu sua vida, foi \u2013 lhe fiel e perseverou nessa fidelidade at\u00e9 o fim.<\/p>\n<p>Desde os primeiros dias de sacerdote, ordenado no dia 15 de agosto de 1931 com 22 anos de idade, trabalhou de modo incans\u00e1vel, dedicou-se aos mais simples, aos oper\u00e1rios, aos letrados da sua cidade \u2013 Fortaleza \u2013 e foi, a partir da\u00ed toda \u201cuma vida pelos irm\u00e3os\u201d.<\/p>\n<p>Em 1936, partiu para a cidade do Rio de Janeiro e l\u00e1 teve um objetivo a perseguir: a luta em defesa dos menos favorecidos, dos exclu\u00eddos e dos esquecidos. Agiu, n\u00e3o s\u00f3 com palavras, sempre oportunas e confortadoras, dirigidas, especialmente, \u00e0s pessoas de boa vontade, mas, sobretudo, com a\u00e7\u00f5es concretas. Basta olhar para os organismos que ele fundou, os projetos que executou e as campanhas que promoveu.<\/p>\n<p>Em 1964, ao chegar \u00e0 Arquidiocese de Olinda e Recife, Dom Helder dizia: \u201cA m\u00fasica \u00e9 divina! E se a m\u00fasica ajudasse?\u201d Ent\u00e3o foi ao encontro do compositor su\u00ed\u00e7o, Pierre Koelin, com uma vontade enorme, buscando criar um mundo mais justo, mais fraterno e mais humano. Assim nasceu a bel\u00edssima \u201cSinfonia dos Dois Mundos\u201d. O movimento de Evangeliza\u00e7\u00e3o \u201cEncontro de Irm\u00e3os\u201d foi a menina dos olhos do grande pastor dos empobrecidos, porque a\u00ed  ele via os \u201cpobres evangelizando os pobres\u201d.<\/p>\n<p>E a \u201cOpera\u00e7\u00e3o Esperan\u00e7a\u201d? Ela nasceu num momento de desespero, como uma urgente necessidade de criar sinais de vida e de esperan\u00e7a no meio da popula\u00e7\u00e3o marcada pelo sofrimento e pela desesperan\u00e7a.<\/p>\n<p>Dom Helder, pequeno na estatura, mas grande nos sonhos, nos ideais e na santidade, colocou sua vida nas m\u00e3os do Pai com a firme convic\u00e7\u00e3o e com a inabal\u00e1vel certeza de que a pessoa humana \u00e9 objeto do amor de Deus.<\/p>\n<p>Percebendo, tamb\u00e9m, claramente, que ela \u00e9 sujeito da sua pr\u00f3pria hist\u00f3ria, procurou sempre valoriz\u00e1-la como instrumento desse amor e, ao mesmo tempo, numa grande s\u00faplica, desejava que o Reino de Deus fosse implantado e que se tornasse a realidade mais bela, bonita e solid\u00e1ria, sonhada pelo Pai. Que o centen\u00e1rio de seu nascimento, celebrado a 07 de fevereiro de 2009, produza em n\u00f3s os frutos que esperamos.<\/p>\n<div id=\"themify_builder_content-1700\" data-postid=\"1700\" class=\"themify_builder_content themify_builder_content-1700 themify_builder themify_builder_front\">\n\t<\/div>\n<!-- \/themify_builder_content -->","protected":false},"excerpt":{"rendered":"<p>Pe. Geovane Saraiva Dom Helder colocou sua vida nas m\u00e3os de Deus com muita disposi\u00e7\u00e3o interior e com muita generosidade a exemplo do profeta Jeremias que tamb\u00e9m ofereceu a Deus sua vida sem medir esfor\u00e7os mesmo diante dos conflitos, dos sofrimentos, das dores e das incompreens\u00f5es. Eis aqui a raz\u00e3o do lema de seu episcopado: [&hellip;]<\/p>\n","protected":false},"author":5,"featured_media":0,"comment_status":"open","ping_status":"open","sticky":false,"template":"","format":"standard","meta":{"ngg_post_thumbnail":0,"footnotes":""},"categories":[192],"tags":[210],"yoast_head":"<!-- This site is optimized with the Yoast SEO plugin v23.5 - https:\/\/yoast.com\/wordpress\/plugins\/seo\/ -->\n<title>In manus tuas - O Arcanjo no ar<\/title>\n<meta name=\"robots\" content=\"index, follow, max-snippet:-1, max-image-preview:large, max-video-preview:-1\" \/>\n<link rel=\"canonical\" href=\"https:\/\/www.oarcanjo.net\/site\/in-manus-tuas\/\" \/>\n<meta property=\"og:locale\" content=\"pt_BR\" \/>\n<meta property=\"og:type\" content=\"article\" \/>\n<meta property=\"og:title\" content=\"In manus tuas - O Arcanjo no ar\" \/>\n<meta property=\"og:description\" content=\"Pe. Geovane Saraiva Dom Helder colocou sua vida nas m\u00e3os de Deus com muita disposi\u00e7\u00e3o interior e com muita generosidade a exemplo do profeta Jeremias que tamb\u00e9m ofereceu a Deus sua vida sem medir esfor\u00e7os mesmo diante dos conflitos, dos sofrimentos, das dores e das incompreens\u00f5es. Eis aqui a raz\u00e3o do lema de seu episcopado: [&hellip;]\" \/>\n<meta property=\"og:url\" content=\"https:\/\/www.oarcanjo.net\/site\/in-manus-tuas\/\" \/>\n<meta property=\"og:site_name\" content=\"O Arcanjo no ar\" \/>\n<meta property=\"article:publisher\" content=\"https:\/\/www.facebook.com\/OArcanjoNoAr\/\" \/>\n<meta property=\"article:published_time\" content=\"2009-02-02T00:07:29+00:00\" \/>\n<meta property=\"og:image\" content=\"https:\/\/www.oarcanjo.net\/site\/wp-content\/uploads\/logo-o-arcanjo-no-ar-facebook.png\" \/>\n\t<meta property=\"og:image:width\" content=\"300\" \/>\n\t<meta property=\"og:image:height\" content=\"300\" \/>\n\t<meta property=\"og:image:type\" content=\"image\/png\" \/>\n<meta name=\"author\" content=\"editor\" \/>\n<meta name=\"twitter:card\" content=\"summary_large_image\" \/>\n<meta name=\"twitter:label1\" content=\"Escrito por\" \/>\n\t<meta name=\"twitter:data1\" content=\"editor\" \/>\n\t<meta name=\"twitter:label2\" content=\"Est. tempo de leitura\" \/>\n\t<meta name=\"twitter:data2\" content=\"2 minutos\" \/>\n<script type=\"application\/ld+json\" class=\"yoast-schema-graph\">{\"@context\":\"https:\/\/schema.org\",\"@graph\":[{\"@type\":\"Article\",\"@id\":\"https:\/\/www.oarcanjo.net\/site\/in-manus-tuas\/#article\",\"isPartOf\":{\"@id\":\"https:\/\/www.oarcanjo.net\/site\/in-manus-tuas\/\"},\"author\":{\"name\":\"editor\",\"@id\":\"https:\/\/www.oarcanjo.net\/site\/#\/schema\/person\/f7024d007863202483a31326673a0838\"},\"headline\":\"In manus tuas\",\"datePublished\":\"2009-02-02T00:07:29+00:00\",\"dateModified\":\"2009-02-02T00:07:29+00:00\",\"mainEntityOfPage\":{\"@id\":\"https:\/\/www.oarcanjo.net\/site\/in-manus-tuas\/\"},\"wordCount\":501,\"commentCount\":1,\"publisher\":{\"@id\":\"https:\/\/www.oarcanjo.net\/site\/#organization\"},\"keywords\":[\"Dom Helder Camara\"],\"articleSection\":[\"D. Helder C\u00e2mara\"],\"inLanguage\":\"pt-BR\",\"potentialAction\":[{\"@type\":\"CommentAction\",\"name\":\"Comment\",\"target\":[\"https:\/\/www.oarcanjo.net\/site\/in-manus-tuas\/#respond\"]}]},{\"@type\":\"WebPage\",\"@id\":\"https:\/\/www.oarcanjo.net\/site\/in-manus-tuas\/\",\"url\":\"https:\/\/www.oarcanjo.net\/site\/in-manus-tuas\/\",\"name\":\"In manus tuas - O Arcanjo no ar\",\"isPartOf\":{\"@id\":\"https:\/\/www.oarcanjo.net\/site\/#website\"},\"datePublished\":\"2009-02-02T00:07:29+00:00\",\"dateModified\":\"2009-02-02T00:07:29+00:00\",\"breadcrumb\":{\"@id\":\"https:\/\/www.oarcanjo.net\/site\/in-manus-tuas\/#breadcrumb\"},\"inLanguage\":\"pt-BR\",\"potentialAction\":[{\"@type\":\"ReadAction\",\"target\":[\"https:\/\/www.oarcanjo.net\/site\/in-manus-tuas\/\"]}]},{\"@type\":\"BreadcrumbList\",\"@id\":\"https:\/\/www.oarcanjo.net\/site\/in-manus-tuas\/#breadcrumb\",\"itemListElement\":[{\"@type\":\"ListItem\",\"position\":1,\"name\":\"In\u00edcio\",\"item\":\"https:\/\/www.oarcanjo.net\/site\/\"},{\"@type\":\"ListItem\",\"position\":2,\"name\":\"In manus tuas\"}]},{\"@type\":\"WebSite\",\"@id\":\"https:\/\/www.oarcanjo.net\/site\/#website\",\"url\":\"https:\/\/www.oarcanjo.net\/site\/\",\"name\":\"O Arcanjo no ar\",\"description\":\"Site da Par\u00f3quia S\u00e3o Miguel Arcanjo (Arquidiocese de SP)\",\"publisher\":{\"@id\":\"https:\/\/www.oarcanjo.net\/site\/#organization\"},\"potentialAction\":[{\"@type\":\"SearchAction\",\"target\":{\"@type\":\"EntryPoint\",\"urlTemplate\":\"https:\/\/www.oarcanjo.net\/site\/?s={search_term_string}\"},\"query-input\":{\"@type\":\"PropertyValueSpecification\",\"valueRequired\":true,\"valueName\":\"search_term_string\"}}],\"inLanguage\":\"pt-BR\"},{\"@type\":\"Organization\",\"@id\":\"https:\/\/www.oarcanjo.net\/site\/#organization\",\"name\":\"Par\u00f3quia S\u00e3o Miguel Arcanjo\",\"url\":\"https:\/\/www.oarcanjo.net\/site\/\",\"logo\":{\"@type\":\"ImageObject\",\"inLanguage\":\"pt-BR\",\"@id\":\"https:\/\/www.oarcanjo.net\/site\/#\/schema\/logo\/image\/\",\"url\":\"https:\/\/www.oarcanjo.net\/site\/wp-content\/uploads\/LogoOArcanjo.png\",\"contentUrl\":\"https:\/\/www.oarcanjo.net\/site\/wp-content\/uploads\/LogoOArcanjo.png\",\"width\":319,\"height\":99,\"caption\":\"Par\u00f3quia S\u00e3o Miguel Arcanjo\"},\"image\":{\"@id\":\"https:\/\/www.oarcanjo.net\/site\/#\/schema\/logo\/image\/\"},\"sameAs\":[\"https:\/\/www.facebook.com\/OArcanjoNoAr\/\"]},{\"@type\":\"Person\",\"@id\":\"https:\/\/www.oarcanjo.net\/site\/#\/schema\/person\/f7024d007863202483a31326673a0838\",\"name\":\"editor\",\"sameAs\":[\"http:\/\/www.oarcanjo.net\"]}]}<\/script>\n<!-- \/ Yoast SEO plugin. -->","yoast_head_json":{"title":"In manus tuas - O Arcanjo no ar","robots":{"index":"index","follow":"follow","max-snippet":"max-snippet:-1","max-image-preview":"max-image-preview:large","max-video-preview":"max-video-preview:-1"},"canonical":"https:\/\/www.oarcanjo.net\/site\/in-manus-tuas\/","og_locale":"pt_BR","og_type":"article","og_title":"In manus tuas - O Arcanjo no ar","og_description":"Pe. Geovane Saraiva Dom Helder colocou sua vida nas m\u00e3os de Deus com muita disposi\u00e7\u00e3o interior e com muita generosidade a exemplo do profeta Jeremias que tamb\u00e9m ofereceu a Deus sua vida sem medir esfor\u00e7os mesmo diante dos conflitos, dos sofrimentos, das dores e das incompreens\u00f5es. Eis aqui a raz\u00e3o do lema de seu episcopado: [&hellip;]","og_url":"https:\/\/www.oarcanjo.net\/site\/in-manus-tuas\/","og_site_name":"O Arcanjo no ar","article_publisher":"https:\/\/www.facebook.com\/OArcanjoNoAr\/","article_published_time":"2009-02-02T00:07:29+00:00","og_image":[{"width":300,"height":300,"url":"https:\/\/www.oarcanjo.net\/site\/wp-content\/uploads\/logo-o-arcanjo-no-ar-facebook.png","type":"image\/png"}],"author":"editor","twitter_card":"summary_large_image","twitter_misc":{"Escrito por":"editor","Est. tempo de leitura":"2 minutos"},"schema":{"@context":"https:\/\/schema.org","@graph":[{"@type":"Article","@id":"https:\/\/www.oarcanjo.net\/site\/in-manus-tuas\/#article","isPartOf":{"@id":"https:\/\/www.oarcanjo.net\/site\/in-manus-tuas\/"},"author":{"name":"editor","@id":"https:\/\/www.oarcanjo.net\/site\/#\/schema\/person\/f7024d007863202483a31326673a0838"},"headline":"In manus tuas","datePublished":"2009-02-02T00:07:29+00:00","dateModified":"2009-02-02T00:07:29+00:00","mainEntityOfPage":{"@id":"https:\/\/www.oarcanjo.net\/site\/in-manus-tuas\/"},"wordCount":501,"commentCount":1,"publisher":{"@id":"https:\/\/www.oarcanjo.net\/site\/#organization"},"keywords":["Dom Helder Camara"],"articleSection":["D. Helder C\u00e2mara"],"inLanguage":"pt-BR","potentialAction":[{"@type":"CommentAction","name":"Comment","target":["https:\/\/www.oarcanjo.net\/site\/in-manus-tuas\/#respond"]}]},{"@type":"WebPage","@id":"https:\/\/www.oarcanjo.net\/site\/in-manus-tuas\/","url":"https:\/\/www.oarcanjo.net\/site\/in-manus-tuas\/","name":"In manus tuas - O Arcanjo no ar","isPartOf":{"@id":"https:\/\/www.oarcanjo.net\/site\/#website"},"datePublished":"2009-02-02T00:07:29+00:00","dateModified":"2009-02-02T00:07:29+00:00","breadcrumb":{"@id":"https:\/\/www.oarcanjo.net\/site\/in-manus-tuas\/#breadcrumb"},"inLanguage":"pt-BR","potentialAction":[{"@type":"ReadAction","target":["https:\/\/www.oarcanjo.net\/site\/in-manus-tuas\/"]}]},{"@type":"BreadcrumbList","@id":"https:\/\/www.oarcanjo.net\/site\/in-manus-tuas\/#breadcrumb","itemListElement":[{"@type":"ListItem","position":1,"name":"In\u00edcio","item":"https:\/\/www.oarcanjo.net\/site\/"},{"@type":"ListItem","position":2,"name":"In manus tuas"}]},{"@type":"WebSite","@id":"https:\/\/www.oarcanjo.net\/site\/#website","url":"https:\/\/www.oarcanjo.net\/site\/","name":"O Arcanjo no ar","description":"Site da Par\u00f3quia S\u00e3o Miguel Arcanjo (Arquidiocese de SP)","publisher":{"@id":"https:\/\/www.oarcanjo.net\/site\/#organization"},"potentialAction":[{"@type":"SearchAction","target":{"@type":"EntryPoint","urlTemplate":"https:\/\/www.oarcanjo.net\/site\/?s={search_term_string}"},"query-input":{"@type":"PropertyValueSpecification","valueRequired":true,"valueName":"search_term_string"}}],"inLanguage":"pt-BR"},{"@type":"Organization","@id":"https:\/\/www.oarcanjo.net\/site\/#organization","name":"Par\u00f3quia S\u00e3o Miguel Arcanjo","url":"https:\/\/www.oarcanjo.net\/site\/","logo":{"@type":"ImageObject","inLanguage":"pt-BR","@id":"https:\/\/www.oarcanjo.net\/site\/#\/schema\/logo\/image\/","url":"https:\/\/www.oarcanjo.net\/site\/wp-content\/uploads\/LogoOArcanjo.png","contentUrl":"https:\/\/www.oarcanjo.net\/site\/wp-content\/uploads\/LogoOArcanjo.png","width":319,"height":99,"caption":"Par\u00f3quia S\u00e3o Miguel Arcanjo"},"image":{"@id":"https:\/\/www.oarcanjo.net\/site\/#\/schema\/logo\/image\/"},"sameAs":["https:\/\/www.facebook.com\/OArcanjoNoAr\/"]},{"@type":"Person","@id":"https:\/\/www.oarcanjo.net\/site\/#\/schema\/person\/f7024d007863202483a31326673a0838","name":"editor","sameAs":["http:\/\/www.oarcanjo.net"]}]}},"publishpress_future_action":{"enabled":false,"date":"2026-05-08 03:40:27","action":"category","newStatus":"draft","terms":[],"taxonomy":"category"},"publishpress_future_workflow_manual_trigger":{"enabledWorkflows":[]},"_links":{"self":[{"href":"https:\/\/www.oarcanjo.net\/site\/wp-json\/wp\/v2\/posts\/1700"}],"collection":[{"href":"https:\/\/www.oarcanjo.net\/site\/wp-json\/wp\/v2\/posts"}],"about":[{"href":"https:\/\/www.oarcanjo.net\/site\/wp-json\/wp\/v2\/types\/post"}],"author":[{"embeddable":true,"href":"https:\/\/www.oarcanjo.net\/site\/wp-json\/wp\/v2\/users\/5"}],"replies":[{"embeddable":true,"href":"https:\/\/www.oarcanjo.net\/site\/wp-json\/wp\/v2\/comments?post=1700"}],"version-history":[{"count":0,"href":"https:\/\/www.oarcanjo.net\/site\/wp-json\/wp\/v2\/posts\/1700\/revisions"}],"wp:attachment":[{"href":"https:\/\/www.oarcanjo.net\/site\/wp-json\/wp\/v2\/media?parent=1700"}],"wp:term":[{"taxonomy":"category","embeddable":true,"href":"https:\/\/www.oarcanjo.net\/site\/wp-json\/wp\/v2\/categories?post=1700"},{"taxonomy":"post_tag","embeddable":true,"href":"https:\/\/www.oarcanjo.net\/site\/wp-json\/wp\/v2\/tags?post=1700"}],"curies":[{"name":"wp","href":"https:\/\/api.w.org\/{rel}","templated":true}]}}