
{"id":17001,"date":"2011-12-30T17:56:29","date_gmt":"2011-12-30T19:56:29","guid":{"rendered":"http:\/\/www.oarcanjo.net\/site\/?p=17001"},"modified":"2011-12-30T17:56:53","modified_gmt":"2011-12-30T19:56:53","slug":"a-ultima-cronica-de-fernando-sabino","status":"publish","type":"post","link":"https:\/\/www.oarcanjo.net\/site\/a-ultima-cronica-de-fernando-sabino\/","title":{"rendered":"A \u00daltima Cr\u00f4nica de Fernando Sabino"},"content":{"rendered":"<p>Est\u00e1 \u00e9 uma cr\u00f4nica do autor Fernando Sabino , \u00e9 um texto que \u00a0toca nossos cora\u00e7\u00f5es.<\/p>\n<p>A \u00daltima Cr\u00f4nica<\/p>\n<p>A caminho de casa, entro num botequim da G\u00e1vea para tomar um caf\u00e9 junto ao balc\u00e3o. Na realidade estou adiando o momento de escrever. A perspectiva me assusta. Gostaria de estar inspirado, de coroar com \u00eaxito mais um ano nesta busca do pitoresco ou do irris\u00f3rio no cotidiano de cada um. Eu pretendia apenas recolher da vida di\u00e1ria algo de seu disperso conte\u00fado humano, fruto da conviv\u00eancia, que a faz mais digna de ser vivida. Visava ao circunstancial, ao epis\u00f3dico. Nesta persegui\u00e7\u00e3o do acidental, quer num flagrante de esquina, quer nas palavras de uma crian\u00e7a ou num acidente dom\u00e9stico, torno-me simples espectador e perco a no\u00e7\u00e3o do essencial. Sem mais nada para contar, curvo a cabe\u00e7a e tomo meu caf\u00e9, enquanto o verso do poeta se repete na lembran\u00e7a: &#8220;assim eu quereria o meu \u00faltimo poema&#8221;. N\u00e3o sou poeta e estou sem assunto. Lan\u00e7o ent\u00e3o um \u00faltimo olhar fora de mim, onde vivem os assuntos que merecem uma cr\u00f4nica.<\/p>\n<p>Ao fundo do botequim um casal de pretos acaba de sentar-se, numa das \u00faltimas mesas de m\u00e1rmore ao longo da parede de espelhos. A compostura da humildade, na conten\u00e7\u00e3o de gestos e palavras, deixa-se acrescentar pela presen\u00e7a de uma negrinha de seus tr\u00eas anos, la\u00e7o na cabe\u00e7a, toda arrumadinha no vestido pobre, que se instalou tamb\u00e9m \u00e0 mesa: mal ousa balan\u00e7ar as perninhas curtas ou correr os olhos grandes de curiosidade ao redor. Tr\u00eas seres esquivos que comp\u00f5em em torno \u00e0 mesa a institui\u00e7\u00e3o tradicional da fam\u00edlia, c\u00e9lula da sociedade. Vejo, por\u00e9m, que se preparam para algo mais que matar a fome.<\/p>\n<p>Passo a observ\u00e1-los. O pai, depois de contar o dinheiro que discretamente retirou do bolso, aborda o gar\u00e7om, inclinando-se para tr\u00e1s na cadeira, e aponta no balc\u00e3o um peda\u00e7o de bolo sob a redoma. A m\u00e3e limita-se a ficar olhando im\u00f3vel, vagamente ansiosa, como se aguardasse a aprova\u00e7\u00e3o do gar\u00e7om. Este ouve, concentrado, o pedido do homem e depois se afasta para atend\u00ea-lo. A mulher suspira, olhando para os lados, a reassegurar-se da naturalidade de sua presen\u00e7a ali. A meu lado o gar\u00e7om encaminha a ordem do fregu\u00eas.<\/p>\n<p>O homem atr\u00e1s do balc\u00e3o apanha a por\u00e7\u00e3o do bolo com a m\u00e3o, larga-o no pratinho &#8211; um bolo simples, amarelo-escuro, apenas uma pequena fatia triangular. A negrinha, contida na sua expectativa, olha a garrafa de Coca-Cola e o pratinho que o gar\u00e7om deixou \u00e0 sua frente. Por que n\u00e3o come\u00e7a a comer? Vejo que os tr\u00eas, pai, m\u00e3e e filha, obedecem em torno \u00e0 mesa um discreto ritual. A m\u00e3e remexe na bolsa de pl\u00e1stico preto e brilhante, retira qualquer coisa. O pai se mune de uma caixa de f\u00f3sforos, e espera. A filha aguarda tamb\u00e9m, atenta como um animalzinho. Ningu\u00e9m mais os observa al\u00e9m de mim.<\/p>\n<p>S\u00e3o tr\u00eas velinhas brancas, min\u00fasculas, que a m\u00e3e espeta caprichosamente na fatia do bolo. E enquanto ela serve a Coca-Cola, o pai risca o f\u00f3sforo e acende as velas. Como a um gesto ensaiado, a menininha repousa o queixo no m\u00e1rmore e sopra com for\u00e7a, apagando as chamas. Imediatamente p\u00f5e-se a bater palmas, muito compenetrada, cantando num balbucio, a que os pais se juntam, discretos: &#8220;Parab\u00e9ns pra voc\u00ea, parab\u00e9ns pra voc\u00ea&#8230;&#8221; Depois a m\u00e3e recolhe as velas, torna a guard\u00e1-las na bolsa. A negrinha agarra finalmente o bolo com as duas m\u00e3os s\u00f4fregas e p\u00f5e-se a com\u00ea-lo. A mulher est\u00e1 olhando para ela com ternura &#8211; ajeita-lhe a fitinha no cabelo crespo, limpa o farelo de bolo que lhe cai ao colo. O pai corre os olhos pelo botequim, satisfeito, como a se convencer intimamente do sucesso da celebra\u00e7\u00e3o. D\u00e1 comigo de s\u00fabito, a observ\u00e1-lo, nossos olhos se encontram, ele se perturba, constrangido &#8211; vacila, amea\u00e7a abaixar a cabe\u00e7a, mas acaba sustentando o olhar e enfim se abre num sorriso.<\/p>\n<p>Assim eu quereria minha \u00faltima cr\u00f4nica: que fosse pura como esse sorriso.&#8221;<\/p>\n<p>Fernando Sabino<\/p>\n<div id=\"themify_builder_content-17001\" data-postid=\"17001\" class=\"themify_builder_content themify_builder_content-17001 themify_builder themify_builder_front\">\n\t<\/div>\n<!-- \/themify_builder_content -->","protected":false},"excerpt":{"rendered":"<p>Est\u00e1 \u00e9 uma cr\u00f4nica do autor Fernando Sabino , \u00e9 um texto que \u00a0toca nossos cora\u00e7\u00f5es. A \u00daltima Cr\u00f4nica A caminho de casa, entro num botequim da G\u00e1vea para tomar um caf\u00e9 junto ao balc\u00e3o. Na realidade estou adiando o momento de escrever. A perspectiva me assusta. Gostaria de estar inspirado, de coroar com \u00eaxito [&hellip;]<\/p>\n","protected":false},"author":12,"featured_media":0,"comment_status":"open","ping_status":"open","sticky":false,"template":"","format":"standard","meta":{"ngg_post_thumbnail":0,"footnotes":""},"categories":[395],"tags":[],"yoast_head":"<!-- This site is optimized with the Yoast SEO plugin v23.5 - https:\/\/yoast.com\/wordpress\/plugins\/seo\/ -->\n<title>A \u00daltima Cr\u00f4nica de Fernando Sabino - O Arcanjo no ar<\/title>\n<meta name=\"robots\" content=\"index, follow, max-snippet:-1, max-image-preview:large, max-video-preview:-1\" \/>\n<link rel=\"canonical\" href=\"https:\/\/www.oarcanjo.net\/site\/a-ultima-cronica-de-fernando-sabino\/\" \/>\n<meta property=\"og:locale\" content=\"pt_BR\" \/>\n<meta property=\"og:type\" content=\"article\" \/>\n<meta property=\"og:title\" content=\"A \u00daltima Cr\u00f4nica de Fernando Sabino - O Arcanjo no ar\" \/>\n<meta property=\"og:description\" content=\"Est\u00e1 \u00e9 uma cr\u00f4nica do autor Fernando Sabino , \u00e9 um texto que \u00a0toca nossos cora\u00e7\u00f5es. A \u00daltima Cr\u00f4nica A caminho de casa, entro num botequim da G\u00e1vea para tomar um caf\u00e9 junto ao balc\u00e3o. Na realidade estou adiando o momento de escrever. A perspectiva me assusta. Gostaria de estar inspirado, de coroar com \u00eaxito [&hellip;]\" \/>\n<meta property=\"og:url\" content=\"https:\/\/www.oarcanjo.net\/site\/a-ultima-cronica-de-fernando-sabino\/\" \/>\n<meta property=\"og:site_name\" content=\"O Arcanjo no ar\" \/>\n<meta property=\"article:publisher\" content=\"https:\/\/www.facebook.com\/OArcanjoNoAr\/\" \/>\n<meta property=\"article:published_time\" content=\"2011-12-30T19:56:29+00:00\" \/>\n<meta property=\"article:modified_time\" content=\"2011-12-30T19:56:53+00:00\" \/>\n<meta property=\"og:image\" content=\"https:\/\/www.oarcanjo.net\/site\/wp-content\/uploads\/logo-o-arcanjo-no-ar-facebook.png\" \/>\n\t<meta property=\"og:image:width\" content=\"300\" \/>\n\t<meta property=\"og:image:height\" content=\"300\" \/>\n\t<meta property=\"og:image:type\" content=\"image\/png\" \/>\n<meta name=\"author\" content=\"mariana\" \/>\n<meta name=\"twitter:card\" content=\"summary_large_image\" \/>\n<meta name=\"twitter:label1\" content=\"Escrito por\" \/>\n\t<meta name=\"twitter:data1\" content=\"mariana\" \/>\n\t<meta name=\"twitter:label2\" content=\"Est. tempo de leitura\" \/>\n\t<meta name=\"twitter:data2\" content=\"4 minutos\" \/>\n<script type=\"application\/ld+json\" class=\"yoast-schema-graph\">{\"@context\":\"https:\/\/schema.org\",\"@graph\":[{\"@type\":\"Article\",\"@id\":\"https:\/\/www.oarcanjo.net\/site\/a-ultima-cronica-de-fernando-sabino\/#article\",\"isPartOf\":{\"@id\":\"https:\/\/www.oarcanjo.net\/site\/a-ultima-cronica-de-fernando-sabino\/\"},\"author\":{\"name\":\"mariana\",\"@id\":\"https:\/\/www.oarcanjo.net\/site\/#\/schema\/person\/e54a5c62347067e278a5d0cf64f6a6e6\"},\"headline\":\"A \u00daltima Cr\u00f4nica de Fernando Sabino\",\"datePublished\":\"2011-12-30T19:56:29+00:00\",\"dateModified\":\"2011-12-30T19:56:53+00:00\",\"mainEntityOfPage\":{\"@id\":\"https:\/\/www.oarcanjo.net\/site\/a-ultima-cronica-de-fernando-sabino\/\"},\"wordCount\":744,\"commentCount\":0,\"publisher\":{\"@id\":\"https:\/\/www.oarcanjo.net\/site\/#organization\"},\"articleSection\":[\"Jovens\"],\"inLanguage\":\"pt-BR\",\"potentialAction\":[{\"@type\":\"CommentAction\",\"name\":\"Comment\",\"target\":[\"https:\/\/www.oarcanjo.net\/site\/a-ultima-cronica-de-fernando-sabino\/#respond\"]}]},{\"@type\":\"WebPage\",\"@id\":\"https:\/\/www.oarcanjo.net\/site\/a-ultima-cronica-de-fernando-sabino\/\",\"url\":\"https:\/\/www.oarcanjo.net\/site\/a-ultima-cronica-de-fernando-sabino\/\",\"name\":\"A \u00daltima Cr\u00f4nica de Fernando Sabino - O Arcanjo no ar\",\"isPartOf\":{\"@id\":\"https:\/\/www.oarcanjo.net\/site\/#website\"},\"datePublished\":\"2011-12-30T19:56:29+00:00\",\"dateModified\":\"2011-12-30T19:56:53+00:00\",\"breadcrumb\":{\"@id\":\"https:\/\/www.oarcanjo.net\/site\/a-ultima-cronica-de-fernando-sabino\/#breadcrumb\"},\"inLanguage\":\"pt-BR\",\"potentialAction\":[{\"@type\":\"ReadAction\",\"target\":[\"https:\/\/www.oarcanjo.net\/site\/a-ultima-cronica-de-fernando-sabino\/\"]}]},{\"@type\":\"BreadcrumbList\",\"@id\":\"https:\/\/www.oarcanjo.net\/site\/a-ultima-cronica-de-fernando-sabino\/#breadcrumb\",\"itemListElement\":[{\"@type\":\"ListItem\",\"position\":1,\"name\":\"In\u00edcio\",\"item\":\"https:\/\/www.oarcanjo.net\/site\/\"},{\"@type\":\"ListItem\",\"position\":2,\"name\":\"A \u00daltima Cr\u00f4nica de Fernando Sabino\"}]},{\"@type\":\"WebSite\",\"@id\":\"https:\/\/www.oarcanjo.net\/site\/#website\",\"url\":\"https:\/\/www.oarcanjo.net\/site\/\",\"name\":\"O Arcanjo no ar\",\"description\":\"Site da Par\u00f3quia S\u00e3o Miguel Arcanjo (Arquidiocese de SP)\",\"publisher\":{\"@id\":\"https:\/\/www.oarcanjo.net\/site\/#organization\"},\"potentialAction\":[{\"@type\":\"SearchAction\",\"target\":{\"@type\":\"EntryPoint\",\"urlTemplate\":\"https:\/\/www.oarcanjo.net\/site\/?s={search_term_string}\"},\"query-input\":{\"@type\":\"PropertyValueSpecification\",\"valueRequired\":true,\"valueName\":\"search_term_string\"}}],\"inLanguage\":\"pt-BR\"},{\"@type\":\"Organization\",\"@id\":\"https:\/\/www.oarcanjo.net\/site\/#organization\",\"name\":\"Par\u00f3quia S\u00e3o Miguel Arcanjo\",\"url\":\"https:\/\/www.oarcanjo.net\/site\/\",\"logo\":{\"@type\":\"ImageObject\",\"inLanguage\":\"pt-BR\",\"@id\":\"https:\/\/www.oarcanjo.net\/site\/#\/schema\/logo\/image\/\",\"url\":\"https:\/\/www.oarcanjo.net\/site\/wp-content\/uploads\/LogoOArcanjo.png\",\"contentUrl\":\"https:\/\/www.oarcanjo.net\/site\/wp-content\/uploads\/LogoOArcanjo.png\",\"width\":319,\"height\":99,\"caption\":\"Par\u00f3quia S\u00e3o Miguel Arcanjo\"},\"image\":{\"@id\":\"https:\/\/www.oarcanjo.net\/site\/#\/schema\/logo\/image\/\"},\"sameAs\":[\"https:\/\/www.facebook.com\/OArcanjoNoAr\/\"]},{\"@type\":\"Person\",\"@id\":\"https:\/\/www.oarcanjo.net\/site\/#\/schema\/person\/e54a5c62347067e278a5d0cf64f6a6e6\",\"name\":\"mariana\"}]}<\/script>\n<!-- \/ Yoast SEO plugin. -->","yoast_head_json":{"title":"A \u00daltima Cr\u00f4nica de Fernando Sabino - O Arcanjo no ar","robots":{"index":"index","follow":"follow","max-snippet":"max-snippet:-1","max-image-preview":"max-image-preview:large","max-video-preview":"max-video-preview:-1"},"canonical":"https:\/\/www.oarcanjo.net\/site\/a-ultima-cronica-de-fernando-sabino\/","og_locale":"pt_BR","og_type":"article","og_title":"A \u00daltima Cr\u00f4nica de Fernando Sabino - O Arcanjo no ar","og_description":"Est\u00e1 \u00e9 uma cr\u00f4nica do autor Fernando Sabino , \u00e9 um texto que \u00a0toca nossos cora\u00e7\u00f5es. A \u00daltima Cr\u00f4nica A caminho de casa, entro num botequim da G\u00e1vea para tomar um caf\u00e9 junto ao balc\u00e3o. Na realidade estou adiando o momento de escrever. A perspectiva me assusta. Gostaria de estar inspirado, de coroar com \u00eaxito [&hellip;]","og_url":"https:\/\/www.oarcanjo.net\/site\/a-ultima-cronica-de-fernando-sabino\/","og_site_name":"O Arcanjo no ar","article_publisher":"https:\/\/www.facebook.com\/OArcanjoNoAr\/","article_published_time":"2011-12-30T19:56:29+00:00","article_modified_time":"2011-12-30T19:56:53+00:00","og_image":[{"width":300,"height":300,"url":"https:\/\/www.oarcanjo.net\/site\/wp-content\/uploads\/logo-o-arcanjo-no-ar-facebook.png","type":"image\/png"}],"author":"mariana","twitter_card":"summary_large_image","twitter_misc":{"Escrito por":"mariana","Est. tempo de leitura":"4 minutos"},"schema":{"@context":"https:\/\/schema.org","@graph":[{"@type":"Article","@id":"https:\/\/www.oarcanjo.net\/site\/a-ultima-cronica-de-fernando-sabino\/#article","isPartOf":{"@id":"https:\/\/www.oarcanjo.net\/site\/a-ultima-cronica-de-fernando-sabino\/"},"author":{"name":"mariana","@id":"https:\/\/www.oarcanjo.net\/site\/#\/schema\/person\/e54a5c62347067e278a5d0cf64f6a6e6"},"headline":"A \u00daltima Cr\u00f4nica de Fernando Sabino","datePublished":"2011-12-30T19:56:29+00:00","dateModified":"2011-12-30T19:56:53+00:00","mainEntityOfPage":{"@id":"https:\/\/www.oarcanjo.net\/site\/a-ultima-cronica-de-fernando-sabino\/"},"wordCount":744,"commentCount":0,"publisher":{"@id":"https:\/\/www.oarcanjo.net\/site\/#organization"},"articleSection":["Jovens"],"inLanguage":"pt-BR","potentialAction":[{"@type":"CommentAction","name":"Comment","target":["https:\/\/www.oarcanjo.net\/site\/a-ultima-cronica-de-fernando-sabino\/#respond"]}]},{"@type":"WebPage","@id":"https:\/\/www.oarcanjo.net\/site\/a-ultima-cronica-de-fernando-sabino\/","url":"https:\/\/www.oarcanjo.net\/site\/a-ultima-cronica-de-fernando-sabino\/","name":"A \u00daltima Cr\u00f4nica de Fernando Sabino - O Arcanjo no ar","isPartOf":{"@id":"https:\/\/www.oarcanjo.net\/site\/#website"},"datePublished":"2011-12-30T19:56:29+00:00","dateModified":"2011-12-30T19:56:53+00:00","breadcrumb":{"@id":"https:\/\/www.oarcanjo.net\/site\/a-ultima-cronica-de-fernando-sabino\/#breadcrumb"},"inLanguage":"pt-BR","potentialAction":[{"@type":"ReadAction","target":["https:\/\/www.oarcanjo.net\/site\/a-ultima-cronica-de-fernando-sabino\/"]}]},{"@type":"BreadcrumbList","@id":"https:\/\/www.oarcanjo.net\/site\/a-ultima-cronica-de-fernando-sabino\/#breadcrumb","itemListElement":[{"@type":"ListItem","position":1,"name":"In\u00edcio","item":"https:\/\/www.oarcanjo.net\/site\/"},{"@type":"ListItem","position":2,"name":"A \u00daltima Cr\u00f4nica de Fernando Sabino"}]},{"@type":"WebSite","@id":"https:\/\/www.oarcanjo.net\/site\/#website","url":"https:\/\/www.oarcanjo.net\/site\/","name":"O Arcanjo no ar","description":"Site da Par\u00f3quia S\u00e3o Miguel Arcanjo (Arquidiocese de SP)","publisher":{"@id":"https:\/\/www.oarcanjo.net\/site\/#organization"},"potentialAction":[{"@type":"SearchAction","target":{"@type":"EntryPoint","urlTemplate":"https:\/\/www.oarcanjo.net\/site\/?s={search_term_string}"},"query-input":{"@type":"PropertyValueSpecification","valueRequired":true,"valueName":"search_term_string"}}],"inLanguage":"pt-BR"},{"@type":"Organization","@id":"https:\/\/www.oarcanjo.net\/site\/#organization","name":"Par\u00f3quia S\u00e3o Miguel Arcanjo","url":"https:\/\/www.oarcanjo.net\/site\/","logo":{"@type":"ImageObject","inLanguage":"pt-BR","@id":"https:\/\/www.oarcanjo.net\/site\/#\/schema\/logo\/image\/","url":"https:\/\/www.oarcanjo.net\/site\/wp-content\/uploads\/LogoOArcanjo.png","contentUrl":"https:\/\/www.oarcanjo.net\/site\/wp-content\/uploads\/LogoOArcanjo.png","width":319,"height":99,"caption":"Par\u00f3quia S\u00e3o Miguel Arcanjo"},"image":{"@id":"https:\/\/www.oarcanjo.net\/site\/#\/schema\/logo\/image\/"},"sameAs":["https:\/\/www.facebook.com\/OArcanjoNoAr\/"]},{"@type":"Person","@id":"https:\/\/www.oarcanjo.net\/site\/#\/schema\/person\/e54a5c62347067e278a5d0cf64f6a6e6","name":"mariana"}]}},"publishpress_future_action":{"enabled":false,"date":"2026-05-07 06:14:44","action":"category","newStatus":"draft","terms":[],"taxonomy":"category"},"publishpress_future_workflow_manual_trigger":{"enabledWorkflows":[]},"_links":{"self":[{"href":"https:\/\/www.oarcanjo.net\/site\/wp-json\/wp\/v2\/posts\/17001"}],"collection":[{"href":"https:\/\/www.oarcanjo.net\/site\/wp-json\/wp\/v2\/posts"}],"about":[{"href":"https:\/\/www.oarcanjo.net\/site\/wp-json\/wp\/v2\/types\/post"}],"author":[{"embeddable":true,"href":"https:\/\/www.oarcanjo.net\/site\/wp-json\/wp\/v2\/users\/12"}],"replies":[{"embeddable":true,"href":"https:\/\/www.oarcanjo.net\/site\/wp-json\/wp\/v2\/comments?post=17001"}],"version-history":[{"count":0,"href":"https:\/\/www.oarcanjo.net\/site\/wp-json\/wp\/v2\/posts\/17001\/revisions"}],"wp:attachment":[{"href":"https:\/\/www.oarcanjo.net\/site\/wp-json\/wp\/v2\/media?parent=17001"}],"wp:term":[{"taxonomy":"category","embeddable":true,"href":"https:\/\/www.oarcanjo.net\/site\/wp-json\/wp\/v2\/categories?post=17001"},{"taxonomy":"post_tag","embeddable":true,"href":"https:\/\/www.oarcanjo.net\/site\/wp-json\/wp\/v2\/tags?post=17001"}],"curies":[{"name":"wp","href":"https:\/\/api.w.org\/{rel}","templated":true}]}}