
{"id":1703,"date":"2009-02-01T23:08:11","date_gmt":"2009-02-02T01:08:11","guid":{"rendered":"http:\/\/www.oarcanjo.net\/site\/?p=1703"},"modified":"2009-02-01T23:08:11","modified_gmt":"2009-02-02T01:08:11","slug":"amar-mas-como-jesus-amou","status":"publish","type":"post","link":"https:\/\/www.oarcanjo.net\/site\/amar-mas-como-jesus-amou\/","title":{"rendered":"Amar, mas como Jesus amou!"},"content":{"rendered":"<p>Pe. Tarc\u00edsio Marques Mesquita<\/p>\n<p>Amar: que bela palavra! Algu\u00e9m, poeticamente, chegou a dizer: \u201cAmar, verbo intransitivo.\u201d.  Em todos os meios de comunica\u00e7\u00e3o, esta palavra \u00e9 pronunciada, promovida e usada para expressar bons sentimentos e belas atitudes humanas. Valeria a pena contar as vezes em que o verbo amar e o substantivo amor s\u00e3o pronunciados em, pelo menos, uma de nossas celebra\u00e7\u00f5es!<\/p>\n<p>N\u00e3o somente a nossa Igreja fala do amar. Todas as igrejas expressam, por meio dessa palavra, sua emo\u00e7\u00e3o face aos ensinamentos de Cristo e as formas que consideram ser o seu verdadeiro significado. Conjugando este verbo, Jesus, um dia, disse: \u201cAmai-vos uns aos outros assim como eu vos amei!\u201d. Amar \u00e9 palavra comovente que nos reporta, de imediato, a rever, com a mente, os am\u00e1veis gestos do Bom Pastor. Cenas b\u00edblicas memor\u00e1veis demonstram o quanto Jesus amou: na cura do cego, erguendo o paral\u00edtico e fazendo com que caminhasse, ressuscitando a menininha morta, multiplicando p\u00e3es e peixes, chorando a morte de um grande amigo e morrendo, totalmente isento de culpa, no lenho da cruz.<\/p>\n<p>Em tempos de diversidade, o \u201ccristianismo\u201d dividido em milhares de denomina\u00e7\u00f5es, com templos que, a cada dia, nascem e se espalham pelas cidades, amar tornou-se algo perdido entre tantas outras preocupa\u00e7\u00f5es contempor\u00e2neas. Para algumas igrejas, amar \u00e9 cumprir preceitos descritos na B\u00edblia Sagrada: as mulheres usarem roupas compridas e cabelos longos, pagar o d\u00edzimo devido, n\u00e3o desobedecer as autoridades e aguentar firme a dor como um des\u00edgnio dado por Deus. Tem aqueles que, ainda mais preocupados com os ensinamentos b\u00edblicos, determinam que outras igrejas nem crist\u00e3s sejam e, muito menos, ser\u00e3o capazes de merecer a salva\u00e7\u00e3o, pois \u201cadoram imagens e oram para \u00eddolos feitos de \u2018pau e barro\u2019\u201d.<\/p>\n<p>O \u201camar\u201d cego, mais apego a posi\u00e7\u00f5es severas que, certamente, amar aut\u00eantico &#8211; aquele como o de Paulo ainda n\u00e3o convertido e que joga as pessoas na condena\u00e7\u00e3o, falando mais de diabo e capeta do que de miseric\u00f3rdia para com o pr\u00f3ximo \u2013 esconde e abafa o verdadeiro amar. Muitas vezes, ensimesmados, vivendo na contram\u00e3o a m\u00e1xima de Cristo, o \u201cAmai-vos!\u201d, crist\u00e3os e crist\u00e3s condenam-se, excluem-se, manipulam termos, textos e contextos, vilipendiando, exatamente, o que mais deveriam prezar e obedecer: amarem-se como Jesus os amou!<\/p>\n<p>Amar \u00e9 reconhecer a liberdade, ter o prazer da companhia de algu\u00e9m que, muito amado ou amada, escolhe estar do nosso lado. Quem ama n\u00e3o condena, mas vive a miss\u00e3o de reunir e reconciliar. Amar \u00e9, por isso, mais do que simplesmente ser feliz. Amar \u00e9 experimentar a felicidade de ter junto de si quem, tamb\u00e9m amando, nos defende, protege e faz prosseguir para o melhor viver. Amar educa o ser humano a compreender que ser feliz \u00e9 algo menos duradouro que ter felicidade, pois nada melhor que a felicidade de ter junto de si quem vai nos amar na alegria ou na tristeza. Um dia, enfim, no reinado supremo do amar, a felicidade e o ser feliz se abra\u00e7ar\u00e3o, e, assim, sem cronologia &#8211; no tempo de Deus -, amar ser\u00e1, sem d\u00favida, verbo transitivo e transvis\u00edvel.<\/p>\n<div id=\"themify_builder_content-1703\" data-postid=\"1703\" class=\"themify_builder_content themify_builder_content-1703 themify_builder themify_builder_front\">\n\t<\/div>\n<!-- \/themify_builder_content -->","protected":false},"excerpt":{"rendered":"<p>Pe. Tarc\u00edsio Marques Mesquita Amar: que bela palavra! Algu\u00e9m, poeticamente, chegou a dizer: \u201cAmar, verbo intransitivo.\u201d. Em todos os meios de comunica\u00e7\u00e3o, esta palavra \u00e9 pronunciada, promovida e usada para expressar bons sentimentos e belas atitudes humanas. Valeria a pena contar as vezes em que o verbo amar e o substantivo amor s\u00e3o pronunciados em, [&hellip;]<\/p>\n","protected":false},"author":5,"featured_media":0,"comment_status":"open","ping_status":"open","sticky":false,"template":"","format":"standard","meta":{"ngg_post_thumbnail":0,"footnotes":""},"categories":[9],"tags":[107,222],"yoast_head":"<!-- This site is optimized with the Yoast SEO plugin v23.5 - https:\/\/yoast.com\/wordpress\/plugins\/seo\/ -->\n<title>Amar, mas como Jesus amou! - O Arcanjo no ar<\/title>\n<meta name=\"robots\" content=\"index, follow, max-snippet:-1, max-image-preview:large, max-video-preview:-1\" \/>\n<link rel=\"canonical\" href=\"https:\/\/www.oarcanjo.net\/site\/amar-mas-como-jesus-amou\/\" \/>\n<meta property=\"og:locale\" content=\"pt_BR\" \/>\n<meta property=\"og:type\" content=\"article\" \/>\n<meta property=\"og:title\" content=\"Amar, mas como Jesus amou! - O Arcanjo no ar\" \/>\n<meta property=\"og:description\" content=\"Pe. Tarc\u00edsio Marques Mesquita Amar: que bela palavra! Algu\u00e9m, poeticamente, chegou a dizer: \u201cAmar, verbo intransitivo.\u201d. Em todos os meios de comunica\u00e7\u00e3o, esta palavra \u00e9 pronunciada, promovida e usada para expressar bons sentimentos e belas atitudes humanas. Valeria a pena contar as vezes em que o verbo amar e o substantivo amor s\u00e3o pronunciados em, [&hellip;]\" \/>\n<meta property=\"og:url\" content=\"https:\/\/www.oarcanjo.net\/site\/amar-mas-como-jesus-amou\/\" \/>\n<meta property=\"og:site_name\" content=\"O Arcanjo no ar\" \/>\n<meta property=\"article:publisher\" content=\"https:\/\/www.facebook.com\/OArcanjoNoAr\/\" \/>\n<meta property=\"article:published_time\" content=\"2009-02-02T01:08:11+00:00\" \/>\n<meta property=\"og:image\" content=\"https:\/\/www.oarcanjo.net\/site\/wp-content\/uploads\/logo-o-arcanjo-no-ar-facebook.png\" \/>\n\t<meta property=\"og:image:width\" content=\"300\" \/>\n\t<meta property=\"og:image:height\" content=\"300\" \/>\n\t<meta property=\"og:image:type\" content=\"image\/png\" \/>\n<meta name=\"author\" content=\"editor\" \/>\n<meta name=\"twitter:card\" content=\"summary_large_image\" \/>\n<meta name=\"twitter:label1\" content=\"Escrito por\" \/>\n\t<meta name=\"twitter:data1\" content=\"editor\" \/>\n\t<meta name=\"twitter:label2\" content=\"Est. tempo de leitura\" \/>\n\t<meta name=\"twitter:data2\" content=\"3 minutos\" \/>\n<script type=\"application\/ld+json\" class=\"yoast-schema-graph\">{\"@context\":\"https:\/\/schema.org\",\"@graph\":[{\"@type\":\"Article\",\"@id\":\"https:\/\/www.oarcanjo.net\/site\/amar-mas-como-jesus-amou\/#article\",\"isPartOf\":{\"@id\":\"https:\/\/www.oarcanjo.net\/site\/amar-mas-como-jesus-amou\/\"},\"author\":{\"name\":\"editor\",\"@id\":\"https:\/\/www.oarcanjo.net\/site\/#\/schema\/person\/f7024d007863202483a31326673a0838\"},\"headline\":\"Amar, mas como Jesus amou!\",\"datePublished\":\"2009-02-02T01:08:11+00:00\",\"dateModified\":\"2009-02-02T01:08:11+00:00\",\"mainEntityOfPage\":{\"@id\":\"https:\/\/www.oarcanjo.net\/site\/amar-mas-como-jesus-amou\/\"},\"wordCount\":544,\"commentCount\":1,\"publisher\":{\"@id\":\"https:\/\/www.oarcanjo.net\/site\/#organization\"},\"keywords\":[\"amor\",\"cristianismo\"],\"articleSection\":[\"Reflex\u00f5es\"],\"inLanguage\":\"pt-BR\",\"potentialAction\":[{\"@type\":\"CommentAction\",\"name\":\"Comment\",\"target\":[\"https:\/\/www.oarcanjo.net\/site\/amar-mas-como-jesus-amou\/#respond\"]}]},{\"@type\":\"WebPage\",\"@id\":\"https:\/\/www.oarcanjo.net\/site\/amar-mas-como-jesus-amou\/\",\"url\":\"https:\/\/www.oarcanjo.net\/site\/amar-mas-como-jesus-amou\/\",\"name\":\"Amar, mas como Jesus amou! - O Arcanjo no ar\",\"isPartOf\":{\"@id\":\"https:\/\/www.oarcanjo.net\/site\/#website\"},\"datePublished\":\"2009-02-02T01:08:11+00:00\",\"dateModified\":\"2009-02-02T01:08:11+00:00\",\"breadcrumb\":{\"@id\":\"https:\/\/www.oarcanjo.net\/site\/amar-mas-como-jesus-amou\/#breadcrumb\"},\"inLanguage\":\"pt-BR\",\"potentialAction\":[{\"@type\":\"ReadAction\",\"target\":[\"https:\/\/www.oarcanjo.net\/site\/amar-mas-como-jesus-amou\/\"]}]},{\"@type\":\"BreadcrumbList\",\"@id\":\"https:\/\/www.oarcanjo.net\/site\/amar-mas-como-jesus-amou\/#breadcrumb\",\"itemListElement\":[{\"@type\":\"ListItem\",\"position\":1,\"name\":\"In\u00edcio\",\"item\":\"https:\/\/www.oarcanjo.net\/site\/\"},{\"@type\":\"ListItem\",\"position\":2,\"name\":\"Amar, mas como Jesus amou!\"}]},{\"@type\":\"WebSite\",\"@id\":\"https:\/\/www.oarcanjo.net\/site\/#website\",\"url\":\"https:\/\/www.oarcanjo.net\/site\/\",\"name\":\"O Arcanjo no ar\",\"description\":\"Site da Par\u00f3quia S\u00e3o Miguel Arcanjo (Arquidiocese de SP)\",\"publisher\":{\"@id\":\"https:\/\/www.oarcanjo.net\/site\/#organization\"},\"potentialAction\":[{\"@type\":\"SearchAction\",\"target\":{\"@type\":\"EntryPoint\",\"urlTemplate\":\"https:\/\/www.oarcanjo.net\/site\/?s={search_term_string}\"},\"query-input\":{\"@type\":\"PropertyValueSpecification\",\"valueRequired\":true,\"valueName\":\"search_term_string\"}}],\"inLanguage\":\"pt-BR\"},{\"@type\":\"Organization\",\"@id\":\"https:\/\/www.oarcanjo.net\/site\/#organization\",\"name\":\"Par\u00f3quia S\u00e3o Miguel Arcanjo\",\"url\":\"https:\/\/www.oarcanjo.net\/site\/\",\"logo\":{\"@type\":\"ImageObject\",\"inLanguage\":\"pt-BR\",\"@id\":\"https:\/\/www.oarcanjo.net\/site\/#\/schema\/logo\/image\/\",\"url\":\"https:\/\/www.oarcanjo.net\/site\/wp-content\/uploads\/LogoOArcanjo.png\",\"contentUrl\":\"https:\/\/www.oarcanjo.net\/site\/wp-content\/uploads\/LogoOArcanjo.png\",\"width\":319,\"height\":99,\"caption\":\"Par\u00f3quia S\u00e3o Miguel Arcanjo\"},\"image\":{\"@id\":\"https:\/\/www.oarcanjo.net\/site\/#\/schema\/logo\/image\/\"},\"sameAs\":[\"https:\/\/www.facebook.com\/OArcanjoNoAr\/\"]},{\"@type\":\"Person\",\"@id\":\"https:\/\/www.oarcanjo.net\/site\/#\/schema\/person\/f7024d007863202483a31326673a0838\",\"name\":\"editor\",\"sameAs\":[\"http:\/\/www.oarcanjo.net\"]}]}<\/script>\n<!-- \/ Yoast SEO plugin. -->","yoast_head_json":{"title":"Amar, mas como Jesus amou! - O Arcanjo no ar","robots":{"index":"index","follow":"follow","max-snippet":"max-snippet:-1","max-image-preview":"max-image-preview:large","max-video-preview":"max-video-preview:-1"},"canonical":"https:\/\/www.oarcanjo.net\/site\/amar-mas-como-jesus-amou\/","og_locale":"pt_BR","og_type":"article","og_title":"Amar, mas como Jesus amou! - O Arcanjo no ar","og_description":"Pe. Tarc\u00edsio Marques Mesquita Amar: que bela palavra! Algu\u00e9m, poeticamente, chegou a dizer: \u201cAmar, verbo intransitivo.\u201d. Em todos os meios de comunica\u00e7\u00e3o, esta palavra \u00e9 pronunciada, promovida e usada para expressar bons sentimentos e belas atitudes humanas. Valeria a pena contar as vezes em que o verbo amar e o substantivo amor s\u00e3o pronunciados em, [&hellip;]","og_url":"https:\/\/www.oarcanjo.net\/site\/amar-mas-como-jesus-amou\/","og_site_name":"O Arcanjo no ar","article_publisher":"https:\/\/www.facebook.com\/OArcanjoNoAr\/","article_published_time":"2009-02-02T01:08:11+00:00","og_image":[{"width":300,"height":300,"url":"https:\/\/www.oarcanjo.net\/site\/wp-content\/uploads\/logo-o-arcanjo-no-ar-facebook.png","type":"image\/png"}],"author":"editor","twitter_card":"summary_large_image","twitter_misc":{"Escrito por":"editor","Est. tempo de leitura":"3 minutos"},"schema":{"@context":"https:\/\/schema.org","@graph":[{"@type":"Article","@id":"https:\/\/www.oarcanjo.net\/site\/amar-mas-como-jesus-amou\/#article","isPartOf":{"@id":"https:\/\/www.oarcanjo.net\/site\/amar-mas-como-jesus-amou\/"},"author":{"name":"editor","@id":"https:\/\/www.oarcanjo.net\/site\/#\/schema\/person\/f7024d007863202483a31326673a0838"},"headline":"Amar, mas como Jesus amou!","datePublished":"2009-02-02T01:08:11+00:00","dateModified":"2009-02-02T01:08:11+00:00","mainEntityOfPage":{"@id":"https:\/\/www.oarcanjo.net\/site\/amar-mas-como-jesus-amou\/"},"wordCount":544,"commentCount":1,"publisher":{"@id":"https:\/\/www.oarcanjo.net\/site\/#organization"},"keywords":["amor","cristianismo"],"articleSection":["Reflex\u00f5es"],"inLanguage":"pt-BR","potentialAction":[{"@type":"CommentAction","name":"Comment","target":["https:\/\/www.oarcanjo.net\/site\/amar-mas-como-jesus-amou\/#respond"]}]},{"@type":"WebPage","@id":"https:\/\/www.oarcanjo.net\/site\/amar-mas-como-jesus-amou\/","url":"https:\/\/www.oarcanjo.net\/site\/amar-mas-como-jesus-amou\/","name":"Amar, mas como Jesus amou! - O Arcanjo no ar","isPartOf":{"@id":"https:\/\/www.oarcanjo.net\/site\/#website"},"datePublished":"2009-02-02T01:08:11+00:00","dateModified":"2009-02-02T01:08:11+00:00","breadcrumb":{"@id":"https:\/\/www.oarcanjo.net\/site\/amar-mas-como-jesus-amou\/#breadcrumb"},"inLanguage":"pt-BR","potentialAction":[{"@type":"ReadAction","target":["https:\/\/www.oarcanjo.net\/site\/amar-mas-como-jesus-amou\/"]}]},{"@type":"BreadcrumbList","@id":"https:\/\/www.oarcanjo.net\/site\/amar-mas-como-jesus-amou\/#breadcrumb","itemListElement":[{"@type":"ListItem","position":1,"name":"In\u00edcio","item":"https:\/\/www.oarcanjo.net\/site\/"},{"@type":"ListItem","position":2,"name":"Amar, mas como Jesus amou!"}]},{"@type":"WebSite","@id":"https:\/\/www.oarcanjo.net\/site\/#website","url":"https:\/\/www.oarcanjo.net\/site\/","name":"O Arcanjo no ar","description":"Site da Par\u00f3quia S\u00e3o Miguel Arcanjo (Arquidiocese de SP)","publisher":{"@id":"https:\/\/www.oarcanjo.net\/site\/#organization"},"potentialAction":[{"@type":"SearchAction","target":{"@type":"EntryPoint","urlTemplate":"https:\/\/www.oarcanjo.net\/site\/?s={search_term_string}"},"query-input":{"@type":"PropertyValueSpecification","valueRequired":true,"valueName":"search_term_string"}}],"inLanguage":"pt-BR"},{"@type":"Organization","@id":"https:\/\/www.oarcanjo.net\/site\/#organization","name":"Par\u00f3quia S\u00e3o Miguel Arcanjo","url":"https:\/\/www.oarcanjo.net\/site\/","logo":{"@type":"ImageObject","inLanguage":"pt-BR","@id":"https:\/\/www.oarcanjo.net\/site\/#\/schema\/logo\/image\/","url":"https:\/\/www.oarcanjo.net\/site\/wp-content\/uploads\/LogoOArcanjo.png","contentUrl":"https:\/\/www.oarcanjo.net\/site\/wp-content\/uploads\/LogoOArcanjo.png","width":319,"height":99,"caption":"Par\u00f3quia S\u00e3o Miguel Arcanjo"},"image":{"@id":"https:\/\/www.oarcanjo.net\/site\/#\/schema\/logo\/image\/"},"sameAs":["https:\/\/www.facebook.com\/OArcanjoNoAr\/"]},{"@type":"Person","@id":"https:\/\/www.oarcanjo.net\/site\/#\/schema\/person\/f7024d007863202483a31326673a0838","name":"editor","sameAs":["http:\/\/www.oarcanjo.net"]}]}},"publishpress_future_action":{"enabled":false,"date":"2026-05-08 21:43:15","action":"category","newStatus":"draft","terms":[],"taxonomy":"category"},"publishpress_future_workflow_manual_trigger":{"enabledWorkflows":[]},"_links":{"self":[{"href":"https:\/\/www.oarcanjo.net\/site\/wp-json\/wp\/v2\/posts\/1703"}],"collection":[{"href":"https:\/\/www.oarcanjo.net\/site\/wp-json\/wp\/v2\/posts"}],"about":[{"href":"https:\/\/www.oarcanjo.net\/site\/wp-json\/wp\/v2\/types\/post"}],"author":[{"embeddable":true,"href":"https:\/\/www.oarcanjo.net\/site\/wp-json\/wp\/v2\/users\/5"}],"replies":[{"embeddable":true,"href":"https:\/\/www.oarcanjo.net\/site\/wp-json\/wp\/v2\/comments?post=1703"}],"version-history":[{"count":0,"href":"https:\/\/www.oarcanjo.net\/site\/wp-json\/wp\/v2\/posts\/1703\/revisions"}],"wp:attachment":[{"href":"https:\/\/www.oarcanjo.net\/site\/wp-json\/wp\/v2\/media?parent=1703"}],"wp:term":[{"taxonomy":"category","embeddable":true,"href":"https:\/\/www.oarcanjo.net\/site\/wp-json\/wp\/v2\/categories?post=1703"},{"taxonomy":"post_tag","embeddable":true,"href":"https:\/\/www.oarcanjo.net\/site\/wp-json\/wp\/v2\/tags?post=1703"}],"curies":[{"name":"wp","href":"https:\/\/api.w.org\/{rel}","templated":true}]}}