
{"id":1705,"date":"2009-02-03T18:30:58","date_gmt":"2009-02-03T20:30:58","guid":{"rendered":"http:\/\/www.oarcanjo.net\/site\/?p=1705"},"modified":"2009-02-04T00:30:53","modified_gmt":"2009-02-04T02:30:53","slug":"a-violencia-que-assusta","status":"publish","type":"post","link":"https:\/\/www.oarcanjo.net\/site\/a-violencia-que-assusta\/","title":{"rendered":"A Viol\u00eancia que assusta!"},"content":{"rendered":"<p>Nestes dias temos acompanhado com tristeza o que acontece na Favela de Parais\u00f3polis, mas como entender a viol\u00eancia que explode e questiona. A favela de Parais\u00f3polis est\u00e1 em \u00e1rea nobre da cidade entre luxuosos condom\u00ednios. Ali est\u00e3o mais de 60 projetos sociais, os mais badalados da cidade, mantidos por empresas, bancos, hospitais, projetos premiados que com certeza realizam a\u00e7\u00f5es merit\u00f3rias e importantes, mas ser\u00e1 que todos aqueles jovens, mulheres e crian\u00e7as nunca foram atingidos por essas a\u00e7\u00f5es?<\/p>\n<p>A m\u00eddia os chama de v\u00e2ndalos, a pol\u00edcia quer identific\u00e1-los, veiculam que a causa \u00e9 a morte de um assaltante ou traficante que resistiu \u00e0 pris\u00e3o e foi morto, a polic\u00eda militar ocupa a favela e diz que ocupar\u00e1 por tempo indeterminado pois aqui \u00e9 S\u00e3o Paulo e o governador \u00e9 o governador!<\/p>\n<p>A taxa de desemprego na favela \u00e9 alt\u00edssima, a aus\u00eancia de vagas em creches \u00e9 espantosa, mas quem s\u00e3o os v\u00e2ndalos que destroem a vida? N\u00e3o justificamos a destrui\u00e7\u00e3o, mas \u00e9 preciso buscar a verdadeira raiz da viol\u00eancia e quem s\u00e3o seus arquitetos. Senti a falta do prefeito e do governador na favela para se solidarizarem com a popula\u00e7\u00e3o, como gostam de fazer debaixo dos holofotes e para uso eleitoral, nos momentos tr\u00e1gicos da cidade.<\/p>\n<p>A Campanha de Fraternidade se aproxima e n\u00e3o podemos ficar em an\u00e1lises superficias e individualistas. O que aconteceu \u00e9 um fen\u00f4meno coletivo, tanto que os presos foram soltos porque n\u00e3o h\u00e1 como identific\u00e1-los. O que devemos identificar \u00e9 o que est\u00e1 na raiz de tudo isso, como o tr\u00e1fico, a corrup\u00e7\u00e3o e a impunidade dos que patrocinam o crime e n\u00e3o moram na favela.<\/p>\n<p>A Campanha da Fraternidade nos dir\u00e1 A PAZ \u00c9 FRUTO DA JUSTI\u00c7A e podemos nos perguntar: e a viol\u00eancia \u00e9 fruto de qu\u00ea?<\/p>\n<div id=\"themify_builder_content-1705\" data-postid=\"1705\" class=\"themify_builder_content themify_builder_content-1705 themify_builder themify_builder_front\">\n\t<\/div>\n<!-- \/themify_builder_content -->","protected":false},"excerpt":{"rendered":"<p>Nestes dias temos acompanhado com tristeza o que acontece na Favela de Parais\u00f3polis, mas como entender a viol\u00eancia que explode e questiona. A favela de Parais\u00f3polis est\u00e1 em \u00e1rea nobre da cidade entre luxuosos condom\u00ednios. Ali est\u00e3o mais de 60 projetos sociais, os mais badalados da cidade, mantidos por empresas, bancos, hospitais, projetos premiados que [&hellip;]<\/p>\n","protected":false},"author":4,"featured_media":0,"comment_status":"open","ping_status":"open","sticky":false,"template":"","format":"standard","meta":{"ngg_post_thumbnail":0,"footnotes":""},"categories":[4],"tags":[224,225,223,20],"yoast_head":"<!-- This site is optimized with the Yoast SEO plugin v23.5 - https:\/\/yoast.com\/wordpress\/plugins\/seo\/ -->\n<title>A Viol\u00eancia que assusta! - O Arcanjo no ar<\/title>\n<meta name=\"robots\" content=\"index, follow, max-snippet:-1, max-image-preview:large, max-video-preview:-1\" \/>\n<link rel=\"canonical\" href=\"https:\/\/www.oarcanjo.net\/site\/a-violencia-que-assusta\/\" \/>\n<meta property=\"og:locale\" content=\"pt_BR\" \/>\n<meta property=\"og:type\" content=\"article\" \/>\n<meta property=\"og:title\" content=\"A Viol\u00eancia que assusta! - O Arcanjo no ar\" \/>\n<meta property=\"og:description\" content=\"Nestes dias temos acompanhado com tristeza o que acontece na Favela de Parais\u00f3polis, mas como entender a viol\u00eancia que explode e questiona. A favela de Parais\u00f3polis est\u00e1 em \u00e1rea nobre da cidade entre luxuosos condom\u00ednios. Ali est\u00e3o mais de 60 projetos sociais, os mais badalados da cidade, mantidos por empresas, bancos, hospitais, projetos premiados que [&hellip;]\" \/>\n<meta property=\"og:url\" content=\"https:\/\/www.oarcanjo.net\/site\/a-violencia-que-assusta\/\" \/>\n<meta property=\"og:site_name\" content=\"O Arcanjo no ar\" \/>\n<meta property=\"article:publisher\" content=\"https:\/\/www.facebook.com\/OArcanjoNoAr\/\" \/>\n<meta property=\"article:published_time\" content=\"2009-02-03T20:30:58+00:00\" \/>\n<meta property=\"article:modified_time\" content=\"2009-02-04T02:30:53+00:00\" \/>\n<meta property=\"og:image\" content=\"https:\/\/www.oarcanjo.net\/site\/wp-content\/uploads\/logo-o-arcanjo-no-ar-facebook.png\" \/>\n\t<meta property=\"og:image:width\" content=\"300\" \/>\n\t<meta property=\"og:image:height\" content=\"300\" \/>\n\t<meta property=\"og:image:type\" content=\"image\/png\" \/>\n<meta name=\"author\" content=\"julio\" \/>\n<meta name=\"twitter:card\" content=\"summary_large_image\" \/>\n<meta name=\"twitter:label1\" content=\"Escrito por\" \/>\n\t<meta name=\"twitter:data1\" content=\"julio\" \/>\n\t<meta name=\"twitter:label2\" content=\"Est. tempo de leitura\" \/>\n\t<meta name=\"twitter:data2\" content=\"2 minutos\" \/>\n<script type=\"application\/ld+json\" class=\"yoast-schema-graph\">{\"@context\":\"https:\/\/schema.org\",\"@graph\":[{\"@type\":\"Article\",\"@id\":\"https:\/\/www.oarcanjo.net\/site\/a-violencia-que-assusta\/#article\",\"isPartOf\":{\"@id\":\"https:\/\/www.oarcanjo.net\/site\/a-violencia-que-assusta\/\"},\"author\":{\"name\":\"julio\",\"@id\":\"https:\/\/www.oarcanjo.net\/site\/#\/schema\/person\/d78ea01c648c91e29c364b516767079e\"},\"headline\":\"A Viol\u00eancia que assusta!\",\"datePublished\":\"2009-02-03T20:30:58+00:00\",\"dateModified\":\"2009-02-04T02:30:53+00:00\",\"mainEntityOfPage\":{\"@id\":\"https:\/\/www.oarcanjo.net\/site\/a-violencia-que-assusta\/\"},\"wordCount\":321,\"commentCount\":6,\"publisher\":{\"@id\":\"https:\/\/www.oarcanjo.net\/site\/#organization\"},\"keywords\":[\"favela\",\"juventude\",\"Parais\u00f3polis\",\"viol\u00eancia\"],\"articleSection\":[\"Blog\"],\"inLanguage\":\"pt-BR\",\"potentialAction\":[{\"@type\":\"CommentAction\",\"name\":\"Comment\",\"target\":[\"https:\/\/www.oarcanjo.net\/site\/a-violencia-que-assusta\/#respond\"]}]},{\"@type\":\"WebPage\",\"@id\":\"https:\/\/www.oarcanjo.net\/site\/a-violencia-que-assusta\/\",\"url\":\"https:\/\/www.oarcanjo.net\/site\/a-violencia-que-assusta\/\",\"name\":\"A Viol\u00eancia que assusta! - O Arcanjo no ar\",\"isPartOf\":{\"@id\":\"https:\/\/www.oarcanjo.net\/site\/#website\"},\"datePublished\":\"2009-02-03T20:30:58+00:00\",\"dateModified\":\"2009-02-04T02:30:53+00:00\",\"breadcrumb\":{\"@id\":\"https:\/\/www.oarcanjo.net\/site\/a-violencia-que-assusta\/#breadcrumb\"},\"inLanguage\":\"pt-BR\",\"potentialAction\":[{\"@type\":\"ReadAction\",\"target\":[\"https:\/\/www.oarcanjo.net\/site\/a-violencia-que-assusta\/\"]}]},{\"@type\":\"BreadcrumbList\",\"@id\":\"https:\/\/www.oarcanjo.net\/site\/a-violencia-que-assusta\/#breadcrumb\",\"itemListElement\":[{\"@type\":\"ListItem\",\"position\":1,\"name\":\"In\u00edcio\",\"item\":\"https:\/\/www.oarcanjo.net\/site\/\"},{\"@type\":\"ListItem\",\"position\":2,\"name\":\"A Viol\u00eancia que assusta!\"}]},{\"@type\":\"WebSite\",\"@id\":\"https:\/\/www.oarcanjo.net\/site\/#website\",\"url\":\"https:\/\/www.oarcanjo.net\/site\/\",\"name\":\"O Arcanjo no ar\",\"description\":\"Site da Par\u00f3quia S\u00e3o Miguel Arcanjo (Arquidiocese de SP)\",\"publisher\":{\"@id\":\"https:\/\/www.oarcanjo.net\/site\/#organization\"},\"potentialAction\":[{\"@type\":\"SearchAction\",\"target\":{\"@type\":\"EntryPoint\",\"urlTemplate\":\"https:\/\/www.oarcanjo.net\/site\/?s={search_term_string}\"},\"query-input\":{\"@type\":\"PropertyValueSpecification\",\"valueRequired\":true,\"valueName\":\"search_term_string\"}}],\"inLanguage\":\"pt-BR\"},{\"@type\":\"Organization\",\"@id\":\"https:\/\/www.oarcanjo.net\/site\/#organization\",\"name\":\"Par\u00f3quia S\u00e3o Miguel Arcanjo\",\"url\":\"https:\/\/www.oarcanjo.net\/site\/\",\"logo\":{\"@type\":\"ImageObject\",\"inLanguage\":\"pt-BR\",\"@id\":\"https:\/\/www.oarcanjo.net\/site\/#\/schema\/logo\/image\/\",\"url\":\"https:\/\/www.oarcanjo.net\/site\/wp-content\/uploads\/LogoOArcanjo.png\",\"contentUrl\":\"https:\/\/www.oarcanjo.net\/site\/wp-content\/uploads\/LogoOArcanjo.png\",\"width\":319,\"height\":99,\"caption\":\"Par\u00f3quia S\u00e3o Miguel Arcanjo\"},\"image\":{\"@id\":\"https:\/\/www.oarcanjo.net\/site\/#\/schema\/logo\/image\/\"},\"sameAs\":[\"https:\/\/www.facebook.com\/OArcanjoNoAr\/\"]},{\"@type\":\"Person\",\"@id\":\"https:\/\/www.oarcanjo.net\/site\/#\/schema\/person\/d78ea01c648c91e29c364b516767079e\",\"name\":\"julio\",\"sameAs\":[\"http:\/\/www.oarcanjo.net\"]}]}<\/script>\n<!-- \/ Yoast SEO plugin. -->","yoast_head_json":{"title":"A Viol\u00eancia que assusta! - O Arcanjo no ar","robots":{"index":"index","follow":"follow","max-snippet":"max-snippet:-1","max-image-preview":"max-image-preview:large","max-video-preview":"max-video-preview:-1"},"canonical":"https:\/\/www.oarcanjo.net\/site\/a-violencia-que-assusta\/","og_locale":"pt_BR","og_type":"article","og_title":"A Viol\u00eancia que assusta! - O Arcanjo no ar","og_description":"Nestes dias temos acompanhado com tristeza o que acontece na Favela de Parais\u00f3polis, mas como entender a viol\u00eancia que explode e questiona. A favela de Parais\u00f3polis est\u00e1 em \u00e1rea nobre da cidade entre luxuosos condom\u00ednios. Ali est\u00e3o mais de 60 projetos sociais, os mais badalados da cidade, mantidos por empresas, bancos, hospitais, projetos premiados que [&hellip;]","og_url":"https:\/\/www.oarcanjo.net\/site\/a-violencia-que-assusta\/","og_site_name":"O Arcanjo no ar","article_publisher":"https:\/\/www.facebook.com\/OArcanjoNoAr\/","article_published_time":"2009-02-03T20:30:58+00:00","article_modified_time":"2009-02-04T02:30:53+00:00","og_image":[{"width":300,"height":300,"url":"https:\/\/www.oarcanjo.net\/site\/wp-content\/uploads\/logo-o-arcanjo-no-ar-facebook.png","type":"image\/png"}],"author":"julio","twitter_card":"summary_large_image","twitter_misc":{"Escrito por":"julio","Est. tempo de leitura":"2 minutos"},"schema":{"@context":"https:\/\/schema.org","@graph":[{"@type":"Article","@id":"https:\/\/www.oarcanjo.net\/site\/a-violencia-que-assusta\/#article","isPartOf":{"@id":"https:\/\/www.oarcanjo.net\/site\/a-violencia-que-assusta\/"},"author":{"name":"julio","@id":"https:\/\/www.oarcanjo.net\/site\/#\/schema\/person\/d78ea01c648c91e29c364b516767079e"},"headline":"A Viol\u00eancia que assusta!","datePublished":"2009-02-03T20:30:58+00:00","dateModified":"2009-02-04T02:30:53+00:00","mainEntityOfPage":{"@id":"https:\/\/www.oarcanjo.net\/site\/a-violencia-que-assusta\/"},"wordCount":321,"commentCount":6,"publisher":{"@id":"https:\/\/www.oarcanjo.net\/site\/#organization"},"keywords":["favela","juventude","Parais\u00f3polis","viol\u00eancia"],"articleSection":["Blog"],"inLanguage":"pt-BR","potentialAction":[{"@type":"CommentAction","name":"Comment","target":["https:\/\/www.oarcanjo.net\/site\/a-violencia-que-assusta\/#respond"]}]},{"@type":"WebPage","@id":"https:\/\/www.oarcanjo.net\/site\/a-violencia-que-assusta\/","url":"https:\/\/www.oarcanjo.net\/site\/a-violencia-que-assusta\/","name":"A Viol\u00eancia que assusta! - O Arcanjo no ar","isPartOf":{"@id":"https:\/\/www.oarcanjo.net\/site\/#website"},"datePublished":"2009-02-03T20:30:58+00:00","dateModified":"2009-02-04T02:30:53+00:00","breadcrumb":{"@id":"https:\/\/www.oarcanjo.net\/site\/a-violencia-que-assusta\/#breadcrumb"},"inLanguage":"pt-BR","potentialAction":[{"@type":"ReadAction","target":["https:\/\/www.oarcanjo.net\/site\/a-violencia-que-assusta\/"]}]},{"@type":"BreadcrumbList","@id":"https:\/\/www.oarcanjo.net\/site\/a-violencia-que-assusta\/#breadcrumb","itemListElement":[{"@type":"ListItem","position":1,"name":"In\u00edcio","item":"https:\/\/www.oarcanjo.net\/site\/"},{"@type":"ListItem","position":2,"name":"A Viol\u00eancia que assusta!"}]},{"@type":"WebSite","@id":"https:\/\/www.oarcanjo.net\/site\/#website","url":"https:\/\/www.oarcanjo.net\/site\/","name":"O Arcanjo no ar","description":"Site da Par\u00f3quia S\u00e3o Miguel Arcanjo (Arquidiocese de SP)","publisher":{"@id":"https:\/\/www.oarcanjo.net\/site\/#organization"},"potentialAction":[{"@type":"SearchAction","target":{"@type":"EntryPoint","urlTemplate":"https:\/\/www.oarcanjo.net\/site\/?s={search_term_string}"},"query-input":{"@type":"PropertyValueSpecification","valueRequired":true,"valueName":"search_term_string"}}],"inLanguage":"pt-BR"},{"@type":"Organization","@id":"https:\/\/www.oarcanjo.net\/site\/#organization","name":"Par\u00f3quia S\u00e3o Miguel Arcanjo","url":"https:\/\/www.oarcanjo.net\/site\/","logo":{"@type":"ImageObject","inLanguage":"pt-BR","@id":"https:\/\/www.oarcanjo.net\/site\/#\/schema\/logo\/image\/","url":"https:\/\/www.oarcanjo.net\/site\/wp-content\/uploads\/LogoOArcanjo.png","contentUrl":"https:\/\/www.oarcanjo.net\/site\/wp-content\/uploads\/LogoOArcanjo.png","width":319,"height":99,"caption":"Par\u00f3quia S\u00e3o Miguel Arcanjo"},"image":{"@id":"https:\/\/www.oarcanjo.net\/site\/#\/schema\/logo\/image\/"},"sameAs":["https:\/\/www.facebook.com\/OArcanjoNoAr\/"]},{"@type":"Person","@id":"https:\/\/www.oarcanjo.net\/site\/#\/schema\/person\/d78ea01c648c91e29c364b516767079e","name":"julio","sameAs":["http:\/\/www.oarcanjo.net"]}]}},"publishpress_future_action":{"enabled":false,"date":"2026-05-07 11:03:27","action":"category","newStatus":"draft","terms":[],"taxonomy":"category"},"publishpress_future_workflow_manual_trigger":{"enabledWorkflows":[]},"_links":{"self":[{"href":"https:\/\/www.oarcanjo.net\/site\/wp-json\/wp\/v2\/posts\/1705"}],"collection":[{"href":"https:\/\/www.oarcanjo.net\/site\/wp-json\/wp\/v2\/posts"}],"about":[{"href":"https:\/\/www.oarcanjo.net\/site\/wp-json\/wp\/v2\/types\/post"}],"author":[{"embeddable":true,"href":"https:\/\/www.oarcanjo.net\/site\/wp-json\/wp\/v2\/users\/4"}],"replies":[{"embeddable":true,"href":"https:\/\/www.oarcanjo.net\/site\/wp-json\/wp\/v2\/comments?post=1705"}],"version-history":[{"count":0,"href":"https:\/\/www.oarcanjo.net\/site\/wp-json\/wp\/v2\/posts\/1705\/revisions"}],"wp:attachment":[{"href":"https:\/\/www.oarcanjo.net\/site\/wp-json\/wp\/v2\/media?parent=1705"}],"wp:term":[{"taxonomy":"category","embeddable":true,"href":"https:\/\/www.oarcanjo.net\/site\/wp-json\/wp\/v2\/categories?post=1705"},{"taxonomy":"post_tag","embeddable":true,"href":"https:\/\/www.oarcanjo.net\/site\/wp-json\/wp\/v2\/tags?post=1705"}],"curies":[{"name":"wp","href":"https:\/\/api.w.org\/{rel}","templated":true}]}}