
{"id":17052,"date":"2012-01-22T11:25:15","date_gmt":"2012-01-22T13:25:15","guid":{"rendered":"http:\/\/www.oarcanjo.net\/site\/?p=17052"},"modified":"2012-01-26T22:10:46","modified_gmt":"2012-01-27T00:10:46","slug":"triduo-em-honra-de-sao-paulo-apostolo","status":"publish","type":"post","link":"https:\/\/www.oarcanjo.net\/site\/triduo-em-honra-de-sao-paulo-apostolo\/","title":{"rendered":"Tr\u00edduo em honra de S\u00e3o Paulo Ap\u00f3stolo"},"content":{"rendered":"<p>De 22 a 24 de janeiro de 2012<br \/>\nNas par\u00f3quias, comunidades e fam\u00edlias<\/p>\n<p><em><img loading=\"lazy\" decoding=\"async\" title=\"Arquidiocese de S\u00e3o Paulo\" src=\"http:\/\/www.oarcanjo.net\/site\/wp-content\/uploads\/logo-arquidiocese.jpg\" alt=\"Arquidiocese de S\u00e3o Paulo\" hspace=\"4\" width=\"102\" height=\"137\" align=\"left\" \/>No dia 25 de janeiro, nossa Cidade faz feriado e comemora o anivers\u00e1rio da sua funda\u00e7\u00e3o. Ela teve origem com uma iniciativa mission\u00e1ria, no s\u00e9culo 16; o P\u00e1teo do Col\u00e9gio, os monumentos ao Beato Pe. Anchieta e ao Pe. Manuel da N\u00f3brega nos recordam isso.<\/em><\/p>\n<p><em>Para n\u00f3s, da Igreja Cat\u00f3lica, o dia 25 de janeiro lembra a Convers\u00e3o do Ap\u00f3stolo S\u00e3o Paulo, quando ele teve seu encontro surpreendente e marcante com o Mestre. No dia 25 de janeiro, nossa Arquidiocese festeja o Ap\u00f3stolo S\u00e3o Paulo como seu Patrono.<\/em><\/p>\n<p><em>Por isso, h\u00e1 Missas nas Par\u00f3quias, como nos dias de festa; cada um procure informar-se sobre os hor\u00e1rios das Celebra\u00e7\u00f5es. Na Catedral da S\u00e9 teremos missa solene \u00e0s 9h00, al\u00e9m de outros hor\u00e1rios de celebra\u00e7\u00e3o. Convido todos a participarem da Missa nesse dia.<\/em><\/p>\n<p><em>A Igreja nos convida a sermos \u201cdisc\u00edpulos-mission\u00e1rios\u201d com mais ardor e intensidade; olhemos para o Ap\u00f3stolo S\u00e3o Paulo, pois temos muito para aprender dele, de sua firme e profunda, de seu amor a Jesus Cristo, sua dedica\u00e7\u00e3o ao an\u00fancio do Evangelho, seu ardor mission\u00e1rio, sua dedica\u00e7\u00e3o aos pobres! Que ele nos inspire e d\u00ea coragem!<\/em><\/p>\n<p><em> <\/em><\/p>\n<p><em> <\/em><\/p>\n<p><em> <\/em><\/p>\n<p><em> <\/em><\/p>\n<p><em>Sa\u00fado e aben\u00e7\u00f4o todos os que celebram o Tr\u00edduo de prepara\u00e7\u00e3o para a festa de nosso Patrono. Deus os assista e fa\u00e7a frutificar sua f\u00e9 em boas obras!<\/em><\/p>\n<p><strong>Card. D. Odilo P. Scherer<\/strong><br \/>\nArcebispo de S\u00e3o Paulo<\/p>\n<p>&nbsp;<\/p>\n<p><strong>Orienta\u00e7\u00f5es para o Tr\u00edduo<\/strong><\/p>\n<p><em>1. O Tr\u00edduo em honra de S\u00e3o Paulo Ap\u00f3stolo deve ser celebrado em todas as Igrejas da Arquidiocese. Poder\u00e1 ser feito tamb\u00e9m nas fam\u00edlias, nos grupos ou pessoalmente.<\/em><\/p>\n<p><em>2. Preparar sempre o ambiente da Celebra\u00e7\u00e3o providenciando: cruz, velas, imagem ou estampa de S\u00e3o Paulo e a B\u00edblia.<\/em><\/p>\n<p><em>3. Quando for celebrado na Eucaristia, utilizar como primeira leitura e salmo responsorial o texto e o salmo sugeridos para cada dia do tr\u00edduo, tomando o Evangelho da liturgia do dia da semana corrente.<\/em><\/p>\n<p><em>4. Em cada dia do Tr\u00edduo acender velas: uma vela no 1\u00ba dia; duas, no 2\u00ba dia e tr\u00eas, no 3\u00ba dia.<\/em><\/p>\n<p><em>5. Levar a B\u00edblia para ler e meditar o texto proposto, seguindo os passos da <strong>leitura orante <\/strong>da Palavra de Deus (cf. Verbum Domini 87):<\/em><\/p>\n<p style=\"padding-left: 30px;\"><em>a) \u00a0Fazer a <strong>leitura <\/strong>do texto: o que diz o texto b\u00edblico em si?<\/em><br \/>\n<em>b) <strong>Meditar<\/strong> sobre o texto e perguntar-se: o qu\u00ea nos diz o texto b\u00edblico?<\/em><br \/>\n<em>c) <strong>Ora\u00e7\u00e3o<\/strong>: O qu\u00ea dizemos a Deus, em resposta \u00e0 sua Palavra? Neste Tr\u00edduo, a cada dia, rezaremos o salmo proposto.<\/em><br \/>\n<em>d) <strong>Contempla\u00e7\u00e3o<\/strong>, ou seja: assumir como dom de Deus o seu pr\u00f3prio olhar, ao julgar a realidade e a nossa vida. Qual \u00e9 a convers\u00e3o da mente, do cora\u00e7\u00e3o e da vida que o Senhor nos pede? Que compromisso assumiremos diante da Palavra?<\/em><\/p>\n<p style=\"padding-left: 30px;\">&nbsp;<\/p>\n<p><strong>ORA\u00c7\u00c3O DE ABERTURA<\/strong><br \/>\n<em>(para todos os dias)<\/em><\/p>\n<p><strong>Todos: <\/strong>Em nome do Pai e do Filho e do Esp\u00edrito Santo. Am\u00e9m.<\/p>\n<p><strong>Dirigente: <\/strong>Invoquemos a luz do Esp\u00edrito Santo, cantando:\u00a0<strong>A n\u00f3s descei, Divina Luz, a n\u00f3s descei, Divina Luz, e em nossas almas acendei o amor, o amor de Jesus.<\/strong><\/p>\n<p><strong>D: <\/strong>Oremos. \u00d3 Deus, que instru\u00edstes o mundo inteiro pela prega\u00e7\u00e3o do ap\u00f3stolo S\u00e3o Paulo, dai-nos, ao celebrar a sua convers\u00e3o, caminhar para v\u00f3s seguindo seus exemplos, e ser no mundo testemunhas do Evangelho. Por Cristo, nosso Senhor.<\/p>\n<p><strong>T: <\/strong>Am\u00e9m.<\/p>\n<p>&nbsp;<\/p>\n<p><strong>1\u00ba DIA DO TR\u00cdDUO<br \/>\n\u201c\u00d3 S\u00c3O PAULO, ENSINA-NOS A ACOLHER A PALAVRA DE DEUS\u201d.<br \/>\n<\/strong><em>(Acender a 1\u00aa vela e fazer a Ora\u00e7\u00e3o de Abertura)<\/em><\/p>\n<p><strong>LITURGIA DA PALAVRA<\/strong><\/p>\n<p><strong>D: <\/strong>Neste primeiro dia do Tr\u00edduo em honra de S\u00e3o Paulo, Patrono de nossa querida Arquidiocese, vamos refletir sobre a experi\u00eancia que Ele fez ao ser chamado por Deus para ser seguidor de Jesus Cristo.<\/p>\n<p><strong>Leitor 1: <\/strong>Ou\u00e7amos com aten\u00e7\u00e3o a leitura dos Atos dos Ap\u00f3stolos. Jesus toma a iniciativa de ir ao encontro de Paulo que, de perseguidor dos crist\u00e3os, vai tornar-se ap\u00f3stolo mission\u00e1rio de Jesus Cristo.<\/p>\n<p><strong>Leitor 2:<\/strong> Vamos nos colocar no lugar de S\u00e3o Paulo; ouvir a Palavra de Jesus foi decisivo para ele. A Palavra transforma, ilumina e reconstr\u00f3i a vida de quem a ouve e a coloca em pr\u00e1tica.<\/p>\n<p><strong>Leitor 3: <\/strong>Muito importante para Paulo foi o encontro com Ananias, um enviado do Senhor que o acolhe em nome de Deus. \u201cSeus olhos se abriram, recebeu o batismo e, tendo tomado alimento, sentiu-se reconfortado\u201d.<\/p>\n<p><em>(Para acolher a Palavra de Deus, seguir os passos da leitura orante, propostos sinteticamente nas Orienta\u00e7\u00f5es para o Tr\u00edduo, n. 5.)<\/em><br \/>\n<em> &#8211; Uma pessoa, em p\u00e9, l\u00ea At 9,1-18 (leitura)<\/em><br \/>\n<em> &#8211; Em seguida, num tempo de sil\u00eancio, cada participante rel\u00ea o texto na sua B\u00edblia, procurando entender o Deus quer lhe dizer (medita\u00e7\u00e3o).<\/em><br \/>\n<em> &#8211; Depois, partilhe suas reflex\u00f5es, esclare\u00e7a suas d\u00favidas e repita a frase ou a palavra que voc\u00ea deseja que Deus realize em sua vida.<\/em><br \/>\n<em> &#8211; Assuma um pequeno compromisso, a partir da leitura (contempla\u00e7\u00e3o).<\/em><br \/>\n<em> &#8211; Por fim, reza-se o Salmo abaixo cantando ou recitando (ora\u00e7\u00e3o).<\/em><\/p>\n<p><strong>Salmo 18 (19B) 8.9.10.15<\/strong><\/p>\n<p><strong> <\/strong><em>Refr.<\/em> Vossas palavras s\u00e3o esp\u00edrito, s\u00e3o vida, tendes palavras, \u00f3 Senhor, de vida eterna.<\/p>\n<p>A lei do Senhor Deus \u00e9 perfeita, conforto para a alma! O testemunho do Senhor \u00e9 fiel, sabedoria dos humildes.<\/p>\n<p>Os preceitos do Senhor s\u00e3o precisos, alegria ao cora\u00e7\u00e3o. O mandamento do Senhor \u00e9 brilhante, para os olhos \u00e9 uma luz.<\/p>\n<p>\u00c9 puro o temor do Senhor, imut\u00e1vel para sempre. Os julgamentos do Senhor s\u00e3o corretos e justos igualmente.<\/p>\n<p>Que vos agrade o cantar dos meus l\u00e1bios e a voz da minha alma;<\/p>\n<p>Que ela chegue at\u00e9 v\u00f3s, \u00f3 Senhor, meu rochedo e redentor!<\/p>\n<p>&nbsp;<\/p>\n<p><strong>PAR\u00d3QUIA, TORNA-TE O QUE TU \u00c9S<\/strong><\/p>\n<p>A par\u00f3quia seja a \u201ccasa da Palavra de Deus\u201d, onde ela ressoa constantemente, \u00e9 acolhida com f\u00e9 e testemunhada de muitas formas pelas obras da f\u00e9, esperan\u00e7a e caridade. Por isso devem ser muitas as iniciativas paroquiais a servi\u00e7o do an\u00fancio da Palavra de Deus, voltadas para quem ainda n\u00e3o recebeu o primeiro an\u00fancio, ou tamb\u00e9m para quem j\u00e1 est\u00e1 num processo de inicia\u00e7\u00e3o \u00e0 vida crist\u00e3, ou est\u00e1 precisando e querendo se alimentar sempre de novo na Palavra da Vida. A forma\u00e7\u00e3o e alimenta\u00e7\u00e3o na f\u00e9 nas diversas etapas da vida dos fi\u00e9is, s\u00e3o a primeira e indispens\u00e1vel miss\u00e3o da par\u00f3quia\u201d. <em>(Carta Pastoral de Dom Odilo Pedro Scherer, 2011, p. 10)<\/em><\/p>\n<p><em>(Conclus\u00e3o para todos os dias: ver no final deste folheto)<\/em><\/p>\n<p>&nbsp;<\/p>\n<p><strong>2\u00ba DIA DO TR\u00cdDUO<br \/>\n\u201c\u00d3 S\u00c3O PAULO, CONDUZE-NOS AO ENCONTRO COM JESUS CRISTO\u201d.<br \/>\n<\/strong><em>(Acender a 1\u00aa e a 2\u00aa velas e fazer a Ora\u00e7\u00e3o de Abertura)<\/em><\/p>\n<p><strong>LITURGIA DA PALAVRA<\/strong><\/p>\n<p><strong>D:<\/strong> Neste segundo dia do Tr\u00edduo em honra de S\u00e3o Paulo, Patrono de nossa Arquidiocese, vamos refletir sobre o encontro pessoal que Paulo teve com Cristo. Este encontro mudou radicalmente e para sempre a sua vida, a sua hist\u00f3ria, o seu procedimento. O que era para ele lucro, ele o considerou perda por amor a Jesus Cristo.<\/p>\n<p><strong>Leitor 1: <\/strong>Vamos ouvir a leitura da Carta de S\u00e3o Paulo aos Filipenses, onde ele testemunha a transforma\u00e7\u00e3o de sua vida, atrav\u00e9s da a\u00e7\u00e3o do Esp\u00edrito Santo.<\/p>\n<p><strong>Leitor 2: <\/strong>Coloquemo-nos no lugar de S\u00e3o Paulo e nos perguntemos: \u201cO que significa, para n\u00f3s, aqui e agora, acolher e seguir a Cristo? O que h\u00e1 nele que desperta o nosso fasc\u00ednio, faz arder o nosso cora\u00e7\u00e3o, leva-nos a tudo deixar e, mesmo diante de nossas limita\u00e7\u00f5es e vicissitudes, afirmar um incondicional amor a Ele? A paix\u00e3o por Jesus Cristo leva ao arrependimento, \u00e0 contri\u00e7\u00e3o e \u00e0 verdadeira convers\u00e3o pessoal e pastoral\u201d <em>(cf. CNBB. DGAE, Doc. 94, n.4).<\/em><\/p>\n<p><em>(Para acolher a Palavra de Deus, seguir de certo modo, os passos da leitura orante, propostos sinteticamente nas Orienta\u00e7\u00f5es para o Tr\u00edduo, n. 5.)<\/em><br \/>\n<em>&#8211; Uma pessoa, em p\u00e9, l\u00ea Fl 3,7-14 (leitura).<\/em><br \/>\n<em>&#8211; Em seguida, num tempo de sil\u00eancio, cada participante rel\u00ea o texto na sua B\u00edblia, procurando entender o que Deus quer lhe dizer (medita\u00e7\u00e3o).<\/em><br \/>\n<em>&#8211; Depois, partilhe suas reflex\u00f5es,esclare\u00e7a suas d\u00favidas e repita a frase ou a palavra que voc\u00ea deseja que Deus realize em sua vida.<\/em><br \/>\n<em>&#8211; Assuma um pequeno compromisso, a partir da leitura (contempla\u00e7\u00e3o).<\/em><br \/>\n<em>&#8211; Por fim, reza-se o Salmo abaixo, cantando ou recitando (ora\u00e7\u00e3o).<\/em><\/p>\n<p><strong>Salmo 104 (105),2-3.4-5.6-7<\/strong><\/p>\n<p><em>Refr. <\/em><strong>Exulte o cora\u00e7\u00e3o dos que buscam o Senhor!<\/strong><\/p>\n<p>Cantai, entoai salmos para ele, publicai todas as suas maravilhas! Gloriai-vos em seu nome que \u00e9 santo, exulte o cora\u00e7\u00e3o que busca a Deus!<\/p>\n<p>Procurai o Senhor Deus e seu poder, buscai constantemente a sua face! Lembrai as maravilhas que ele fez, seus prod\u00edgios e as palavras de seus l\u00e1bios!<\/p>\n<p>Descendentes de Abra\u00e3o, seu servidor, e filhos de Jac\u00f3, seu escolhido, ele mesmo, o Senhor, \u00e9 nosso Deus, vigoram suas leis em toda terra.<\/p>\n<p><strong>PAR\u00d3QUIA, TORNA-TE O QUE TU \u00c9S<\/strong><\/p>\n<p>A par\u00f3quia tem a miss\u00e3o de proporcionar a todos os fi\u00e9is os meios para a santifica\u00e7\u00e3o, mediante a celebra\u00e7\u00e3o dos Sacramentos, e especialmente a Eucaristia e a Penit\u00eancia, o cultivo da ora\u00e7\u00e3o pessoal e comunit\u00e1ria, o incentivo \u00e0 escuta atenta e \u00e0 pr\u00e1tica da Palavra de Deus e das virtudes humanas e crist\u00e3s, em particular, a caridade. \u00c9 Jesus Cristo que continua a atrair todos a si e a saciar a fome e a sede daqueles que nele cr\u00eaem com o p\u00e3o vivo e a \u00e1gua da vida <em>(Carta Pastoral de Dom Odilo Pedro Scherer, 2011, p. 11).<\/em><\/p>\n<p><em>(Conclus\u00e3o para todos os dias: ver no final deste folheto)<\/em><\/p>\n<p>&nbsp;<\/p>\n<p><strong>3\u00ba DIA DO TR\u00cdDUO<br \/>\n\u201c\u00d3 S\u00c3O PAULO, INFUNDE EM N\u00d3S CORAGEM E ARDOR MISSION\u00c1RIO\u201d.<br \/>\n<\/strong><em>(Acender as 3 velas e fazer a Ora\u00e7\u00e3o de Abertura)<\/em><\/p>\n<p><strong>LITURGIA DA PALAVRA<\/strong><\/p>\n<p><strong>D: <\/strong>Neste terceiro dia do Tr\u00edduo em honra de S\u00e3o Paulo, Patrono de nossa Arquidiocese, vamos refletir sobre a miss\u00e3o do Ap\u00f3stolo S\u00e3o Paulo e de todos n\u00f3s crist\u00e3os, chamados a ser disc\u00edpulos mission\u00e1rios: \u201cpregar o Evangelho a todos, pois a Palavra \u00e9 a for\u00e7a de Deus para a salva\u00e7\u00e3o de todos aqueles que cr\u00eaem\u201d.<\/p>\n<p><strong>Leitor 1: <\/strong>Vamos ouvir a leitura da Carta aos Romanos; nela o Ap\u00f3stolo bendiz a Deus que o escolheu para anunciar e testemunhar o Evangelho, que recorda e quer realizar na Igreja o chamado \u00e0 santidade.<\/p>\n<p><strong>Leitor 2:<\/strong> \u201cQuem se apaixona por Jesus Cristo deve igualmente transbordar Jesus Cristo, no testemunho e no an\u00fancio expl\u00edcito de sua Pessoa e Mensagem. A Igreja \u00e9 essencialmente mission\u00e1ria. A Igreja existe para evangelizar. [&#8230;] Se hoje partilhamos a experi\u00eancia crist\u00e3 \u00e9 porque algu\u00e9m nos transmitiu a beleza da f\u00e9, apresentou-nos Jesus Cristo, acolheu-nos na comunidade eclesial e nos fascinou pelo servi\u00e7o ao Reino de Deus\u201d. <em>(CNBB. DGAE, Doc. 94, n. 30).<\/em><\/p>\n<p><em>(Para acolher a Palavra de Deus, seguir, de certo modo, os passos da leitura orante, propostos sinteticamente nas Orienta\u00e7\u00f5es para o Tr\u00edduo, n. 5.)<\/em><br \/>\n<em>&#8211; Uma pessoa, em p\u00e9, l\u00ea Rm 1,1-17 (leitura)<\/em><br \/>\n<em>&#8211; Em seguida, num tempo de sil\u00eancio, cada participante rel\u00ea o texto na sua B\u00edblia, procurando entender o que Deus quer lhe dizer (medita\u00e7\u00e3o).<\/em><br \/>\n<em>&#8211; Depois, partilhe suas descobertas, esclare\u00e7a suas d\u00favidas e repita a frase ou a palavra que voc\u00ea deseja que Deus realize em sua vida.<\/em><br \/>\n<em>&#8211; Assuma um pequeno compromisso, a partir da leitura (contempla\u00e7\u00e3o).<\/em><br \/>\n<em>&#8211; Por fim, reza-se o Salmo abaixo, cantando ou recitando (ora\u00e7\u00e3o).<\/em><\/p>\n<p><strong>Salmo 97 (98),1-4<\/strong><\/p>\n<p><em>Refr. <\/em><strong>O Senhor fez conhecer a salva\u00e7\u00e3o.<\/strong><\/p>\n<p>Cantai ao Senhor Deus um canto novo, porque ele fez prod\u00edgios! Sua m\u00e3o e seu bra\u00e7o forte e santo alcan\u00e7aram-lhe a vit\u00f3ria.<\/p>\n<p>O Senhor fez conhecer a salva\u00e7\u00e3o, e \u00e0s na\u00e7\u00f5es, sua justi\u00e7a; recordou o seu amor sempre fiel pela casa de Israel.<\/p>\n<p>Os confins do universo contemplaram a salva\u00e7\u00e3o do nosso Deus. Aclamai o Senhor Deus, \u00f3 terra inteira, alegrai-vos e exultai!<\/p>\n<p><strong>PAR\u00d3QUIA, TORNA-TE O QUE TU \u00c9S<\/strong><\/p>\n<p>Na par\u00f3quia torna-se presente e se realiza a tr\u00edplice miss\u00e3o de Cristo \u2013 o an\u00fancio da Boa Nova, a santifica\u00e7\u00e3o da humanidade e o servi\u00e7o pastoral \u2013 que \u00e9 a raz\u00e3o de ser da vida e da a\u00e7\u00e3o de toda a Igreja e tamb\u00e9m de cada par\u00f3quia. Jesus Cristo continua vivo e presente no meio daqueles que est\u00e3o congregados em seu nome; e entre eles continua a exercer sua miss\u00e3o no mundo; n\u00e3o sozinho, mas contando com a participa\u00e7\u00e3o de todos os seus disc\u00edpulos mission\u00e1rios, aos quais concede a assist\u00eancia do seu Esp\u00edrito <em>(Carta Pastoral de Dom Odilo Pedro Scherer, 2011, p. 9).<\/em><\/p>\n<p>&nbsp;<\/p>\n<p><strong>CONCLUS\u00c3O<\/strong><br \/>\n<em>(para todos os dias)<\/em><\/p>\n<p><em>O dirigente convida os irm\u00e3os para fazerem a Ora\u00e7\u00e3o dos Fi\u00e9is. Cada participante faz uma ora\u00e7\u00e3o espont\u00e2nea, rezando por si mesmo e pela comunidade, pedindo a Deus que realize em n\u00f3s e na Arquidiocese a Palavra de Deus que meditamos.<\/em><\/p>\n<p><em>Em seguida se reza o Pai Nosso.<\/em><\/p>\n<p><strong>T: <\/strong><em>Pai Nosso, que estais no C\u00e9u&#8230;<\/em><\/p>\n<p><strong>D: <\/strong>A Maria, M\u00e3e da Igreja e Estrela da Evangeliza\u00e7\u00e3o, saudemos, rezando:<\/p>\n<p><strong>T: <\/strong>Ave Maria, cheia de gra\u00e7a&#8230;<\/p>\n<p><img loading=\"lazy\" decoding=\"async\" title=\"S\u00e3o Paulo Ap\u00f3stolo\" src=\"http:\/\/www.oarcanjo.net\/site\/wp-content\/uploads\/imagem-de-sao-paulo.jpg\" alt=\"S\u00e3o Paulo Ap\u00f3stolo\" hspace=\"4\" width=\"154\" height=\"250\" align=\"left\" \/><em>Depois, todos rezam juntos a Ora\u00e7\u00e3o a S\u00e3o Paulo, Patrono da Arquidiocese:<\/em><\/p>\n<p><strong>T: \u00d3 S\u00e3o Paulo, Patrono de nossa Arquidiocese, disc\u00edpulo e mission\u00e1rio de Jesus Cristo: ensina-nos a acolher a Palavra de Deus e abre nossos olhos \u00e0 verdade do Evangelho. Conduze-nos ao encontro com Jesus, contagia-nos com a f\u00e9 que te animou e infunde em n\u00f3s coragem e ardor mission\u00e1rio, para testemunharmos a todos que Deus habita esta Cidade imensa e tem amor pelo seu povo! Intercede por n\u00f3s e pela Igreja de S\u00e3o Paulo, \u00f3 santo ap\u00f3stolo de Jesus Cristo! Am\u00e9m.<\/strong><\/p>\n<p><strong>D: <\/strong>Invoquemos a b\u00ean\u00e7\u00e3o do nosso Deus Trindade.<\/p>\n<p><strong>T: <\/strong>Deus que escolheu S\u00e3o Paulo para anunciar o Evangelho a todas as na\u00e7\u00f5es, santifique o seu povo e nos aben\u00e7oe agora e sempre. Am\u00e9m.<\/p>\n<p><strong>D: <\/strong>Louvado seja nosso Senhor Jesus Cristo.<\/p>\n<p><strong>T:<\/strong> Para sempre seja louvado.<\/p>\n<p>S\u00e3o Paulo Ap\u00f3stolo, intercedei junto a Deus pela nossa cidade.<\/p>\n<div id=\"themify_builder_content-17052\" data-postid=\"17052\" class=\"themify_builder_content themify_builder_content-17052 themify_builder themify_builder_front\">\n\t<\/div>\n<!-- \/themify_builder_content -->","protected":false},"excerpt":{"rendered":"<p>De 22 a 24 de janeiro de 2012 Nas par\u00f3quias, comunidades e fam\u00edlias No dia 25 de janeiro, nossa Cidade faz feriado e comemora o anivers\u00e1rio da sua funda\u00e7\u00e3o. Ela teve origem com uma iniciativa mission\u00e1ria, no s\u00e9culo 16; o P\u00e1teo do Col\u00e9gio, os monumentos ao Beato Pe. Anchieta e ao Pe. Manuel da N\u00f3brega [&hellip;]<\/p>\n","protected":false},"author":5,"featured_media":0,"comment_status":"open","ping_status":"open","sticky":false,"template":"","format":"standard","meta":{"ngg_post_thumbnail":0,"footnotes":""},"categories":[109],"tags":[155,2147],"yoast_head":"<!-- This site is optimized with the Yoast SEO plugin v23.5 - https:\/\/yoast.com\/wordpress\/plugins\/seo\/ -->\n<title>Tr\u00edduo em honra de S\u00e3o Paulo Ap\u00f3stolo - O Arcanjo no ar<\/title>\n<meta name=\"robots\" content=\"index, follow, max-snippet:-1, max-image-preview:large, max-video-preview:-1\" \/>\n<link rel=\"canonical\" href=\"https:\/\/www.oarcanjo.net\/site\/triduo-em-honra-de-sao-paulo-apostolo\/\" \/>\n<meta property=\"og:locale\" content=\"pt_BR\" \/>\n<meta property=\"og:type\" content=\"article\" \/>\n<meta property=\"og:title\" content=\"Tr\u00edduo em honra de S\u00e3o Paulo Ap\u00f3stolo - O Arcanjo no ar\" \/>\n<meta property=\"og:description\" content=\"De 22 a 24 de janeiro de 2012 Nas par\u00f3quias, comunidades e fam\u00edlias No dia 25 de janeiro, nossa Cidade faz feriado e comemora o anivers\u00e1rio da sua funda\u00e7\u00e3o. Ela teve origem com uma iniciativa mission\u00e1ria, no s\u00e9culo 16; o P\u00e1teo do Col\u00e9gio, os monumentos ao Beato Pe. Anchieta e ao Pe. Manuel da N\u00f3brega [&hellip;]\" \/>\n<meta property=\"og:url\" content=\"https:\/\/www.oarcanjo.net\/site\/triduo-em-honra-de-sao-paulo-apostolo\/\" \/>\n<meta property=\"og:site_name\" content=\"O Arcanjo no ar\" \/>\n<meta property=\"article:publisher\" content=\"https:\/\/www.facebook.com\/OArcanjoNoAr\/\" \/>\n<meta property=\"article:published_time\" content=\"2012-01-22T13:25:15+00:00\" \/>\n<meta property=\"article:modified_time\" content=\"2012-01-27T00:10:46+00:00\" \/>\n<meta property=\"og:image\" content=\"http:\/\/www.oarcanjo.net\/site\/wp-content\/uploads\/logo-arquidiocese.jpg\" \/>\n<meta name=\"author\" content=\"editor\" \/>\n<meta name=\"twitter:card\" content=\"summary_large_image\" \/>\n<meta name=\"twitter:label1\" content=\"Escrito por\" \/>\n\t<meta name=\"twitter:data1\" content=\"editor\" \/>\n\t<meta name=\"twitter:label2\" content=\"Est. tempo de leitura\" \/>\n\t<meta name=\"twitter:data2\" content=\"12 minutos\" \/>\n<script type=\"application\/ld+json\" class=\"yoast-schema-graph\">{\"@context\":\"https:\/\/schema.org\",\"@graph\":[{\"@type\":\"Article\",\"@id\":\"https:\/\/www.oarcanjo.net\/site\/triduo-em-honra-de-sao-paulo-apostolo\/#article\",\"isPartOf\":{\"@id\":\"https:\/\/www.oarcanjo.net\/site\/triduo-em-honra-de-sao-paulo-apostolo\/\"},\"author\":{\"name\":\"editor\",\"@id\":\"https:\/\/www.oarcanjo.net\/site\/#\/schema\/person\/f7024d007863202483a31326673a0838\"},\"headline\":\"Tr\u00edduo em honra de S\u00e3o Paulo Ap\u00f3stolo\",\"datePublished\":\"2012-01-22T13:25:15+00:00\",\"dateModified\":\"2012-01-27T00:10:46+00:00\",\"mainEntityOfPage\":{\"@id\":\"https:\/\/www.oarcanjo.net\/site\/triduo-em-honra-de-sao-paulo-apostolo\/\"},\"wordCount\":2437,\"commentCount\":0,\"publisher\":{\"@id\":\"https:\/\/www.oarcanjo.net\/site\/#organization\"},\"image\":{\"@id\":\"https:\/\/www.oarcanjo.net\/site\/triduo-em-honra-de-sao-paulo-apostolo\/#primaryimage\"},\"thumbnailUrl\":\"http:\/\/www.oarcanjo.net\/site\/wp-content\/uploads\/logo-arquidiocese.jpg\",\"keywords\":[\"S\u00e3o Paulo Ap\u00f3stolo\",\"Tr\u00edduo\"],\"articleSection\":[\"Liturgia\"],\"inLanguage\":\"pt-BR\",\"potentialAction\":[{\"@type\":\"CommentAction\",\"name\":\"Comment\",\"target\":[\"https:\/\/www.oarcanjo.net\/site\/triduo-em-honra-de-sao-paulo-apostolo\/#respond\"]}]},{\"@type\":\"WebPage\",\"@id\":\"https:\/\/www.oarcanjo.net\/site\/triduo-em-honra-de-sao-paulo-apostolo\/\",\"url\":\"https:\/\/www.oarcanjo.net\/site\/triduo-em-honra-de-sao-paulo-apostolo\/\",\"name\":\"Tr\u00edduo em honra de S\u00e3o Paulo Ap\u00f3stolo - O Arcanjo no ar\",\"isPartOf\":{\"@id\":\"https:\/\/www.oarcanjo.net\/site\/#website\"},\"primaryImageOfPage\":{\"@id\":\"https:\/\/www.oarcanjo.net\/site\/triduo-em-honra-de-sao-paulo-apostolo\/#primaryimage\"},\"image\":{\"@id\":\"https:\/\/www.oarcanjo.net\/site\/triduo-em-honra-de-sao-paulo-apostolo\/#primaryimage\"},\"thumbnailUrl\":\"http:\/\/www.oarcanjo.net\/site\/wp-content\/uploads\/logo-arquidiocese.jpg\",\"datePublished\":\"2012-01-22T13:25:15+00:00\",\"dateModified\":\"2012-01-27T00:10:46+00:00\",\"breadcrumb\":{\"@id\":\"https:\/\/www.oarcanjo.net\/site\/triduo-em-honra-de-sao-paulo-apostolo\/#breadcrumb\"},\"inLanguage\":\"pt-BR\",\"potentialAction\":[{\"@type\":\"ReadAction\",\"target\":[\"https:\/\/www.oarcanjo.net\/site\/triduo-em-honra-de-sao-paulo-apostolo\/\"]}]},{\"@type\":\"ImageObject\",\"inLanguage\":\"pt-BR\",\"@id\":\"https:\/\/www.oarcanjo.net\/site\/triduo-em-honra-de-sao-paulo-apostolo\/#primaryimage\",\"url\":\"https:\/\/www.oarcanjo.net\/site\/wp-content\/uploads\/logo-arquidiocese.jpg\",\"contentUrl\":\"https:\/\/www.oarcanjo.net\/site\/wp-content\/uploads\/logo-arquidiocese.jpg\",\"width\":\"102\",\"height\":\"137\",\"caption\":\"Arquidiocese de S\u00e3o Paulo\"},{\"@type\":\"BreadcrumbList\",\"@id\":\"https:\/\/www.oarcanjo.net\/site\/triduo-em-honra-de-sao-paulo-apostolo\/#breadcrumb\",\"itemListElement\":[{\"@type\":\"ListItem\",\"position\":1,\"name\":\"In\u00edcio\",\"item\":\"https:\/\/www.oarcanjo.net\/site\/\"},{\"@type\":\"ListItem\",\"position\":2,\"name\":\"Tr\u00edduo em honra de S\u00e3o Paulo Ap\u00f3stolo\"}]},{\"@type\":\"WebSite\",\"@id\":\"https:\/\/www.oarcanjo.net\/site\/#website\",\"url\":\"https:\/\/www.oarcanjo.net\/site\/\",\"name\":\"O Arcanjo no ar\",\"description\":\"Site da Par\u00f3quia S\u00e3o Miguel Arcanjo (Arquidiocese de SP)\",\"publisher\":{\"@id\":\"https:\/\/www.oarcanjo.net\/site\/#organization\"},\"potentialAction\":[{\"@type\":\"SearchAction\",\"target\":{\"@type\":\"EntryPoint\",\"urlTemplate\":\"https:\/\/www.oarcanjo.net\/site\/?s={search_term_string}\"},\"query-input\":{\"@type\":\"PropertyValueSpecification\",\"valueRequired\":true,\"valueName\":\"search_term_string\"}}],\"inLanguage\":\"pt-BR\"},{\"@type\":\"Organization\",\"@id\":\"https:\/\/www.oarcanjo.net\/site\/#organization\",\"name\":\"Par\u00f3quia S\u00e3o Miguel Arcanjo\",\"url\":\"https:\/\/www.oarcanjo.net\/site\/\",\"logo\":{\"@type\":\"ImageObject\",\"inLanguage\":\"pt-BR\",\"@id\":\"https:\/\/www.oarcanjo.net\/site\/#\/schema\/logo\/image\/\",\"url\":\"https:\/\/www.oarcanjo.net\/site\/wp-content\/uploads\/LogoOArcanjo.png\",\"contentUrl\":\"https:\/\/www.oarcanjo.net\/site\/wp-content\/uploads\/LogoOArcanjo.png\",\"width\":319,\"height\":99,\"caption\":\"Par\u00f3quia S\u00e3o Miguel Arcanjo\"},\"image\":{\"@id\":\"https:\/\/www.oarcanjo.net\/site\/#\/schema\/logo\/image\/\"},\"sameAs\":[\"https:\/\/www.facebook.com\/OArcanjoNoAr\/\"]},{\"@type\":\"Person\",\"@id\":\"https:\/\/www.oarcanjo.net\/site\/#\/schema\/person\/f7024d007863202483a31326673a0838\",\"name\":\"editor\",\"sameAs\":[\"http:\/\/www.oarcanjo.net\"]}]}<\/script>\n<!-- \/ Yoast SEO plugin. -->","yoast_head_json":{"title":"Tr\u00edduo em honra de S\u00e3o Paulo Ap\u00f3stolo - O Arcanjo no ar","robots":{"index":"index","follow":"follow","max-snippet":"max-snippet:-1","max-image-preview":"max-image-preview:large","max-video-preview":"max-video-preview:-1"},"canonical":"https:\/\/www.oarcanjo.net\/site\/triduo-em-honra-de-sao-paulo-apostolo\/","og_locale":"pt_BR","og_type":"article","og_title":"Tr\u00edduo em honra de S\u00e3o Paulo Ap\u00f3stolo - O Arcanjo no ar","og_description":"De 22 a 24 de janeiro de 2012 Nas par\u00f3quias, comunidades e fam\u00edlias No dia 25 de janeiro, nossa Cidade faz feriado e comemora o anivers\u00e1rio da sua funda\u00e7\u00e3o. Ela teve origem com uma iniciativa mission\u00e1ria, no s\u00e9culo 16; o P\u00e1teo do Col\u00e9gio, os monumentos ao Beato Pe. Anchieta e ao Pe. Manuel da N\u00f3brega [&hellip;]","og_url":"https:\/\/www.oarcanjo.net\/site\/triduo-em-honra-de-sao-paulo-apostolo\/","og_site_name":"O Arcanjo no ar","article_publisher":"https:\/\/www.facebook.com\/OArcanjoNoAr\/","article_published_time":"2012-01-22T13:25:15+00:00","article_modified_time":"2012-01-27T00:10:46+00:00","og_image":[{"url":"http:\/\/www.oarcanjo.net\/site\/wp-content\/uploads\/logo-arquidiocese.jpg"}],"author":"editor","twitter_card":"summary_large_image","twitter_misc":{"Escrito por":"editor","Est. tempo de leitura":"12 minutos"},"schema":{"@context":"https:\/\/schema.org","@graph":[{"@type":"Article","@id":"https:\/\/www.oarcanjo.net\/site\/triduo-em-honra-de-sao-paulo-apostolo\/#article","isPartOf":{"@id":"https:\/\/www.oarcanjo.net\/site\/triduo-em-honra-de-sao-paulo-apostolo\/"},"author":{"name":"editor","@id":"https:\/\/www.oarcanjo.net\/site\/#\/schema\/person\/f7024d007863202483a31326673a0838"},"headline":"Tr\u00edduo em honra de S\u00e3o Paulo Ap\u00f3stolo","datePublished":"2012-01-22T13:25:15+00:00","dateModified":"2012-01-27T00:10:46+00:00","mainEntityOfPage":{"@id":"https:\/\/www.oarcanjo.net\/site\/triduo-em-honra-de-sao-paulo-apostolo\/"},"wordCount":2437,"commentCount":0,"publisher":{"@id":"https:\/\/www.oarcanjo.net\/site\/#organization"},"image":{"@id":"https:\/\/www.oarcanjo.net\/site\/triduo-em-honra-de-sao-paulo-apostolo\/#primaryimage"},"thumbnailUrl":"http:\/\/www.oarcanjo.net\/site\/wp-content\/uploads\/logo-arquidiocese.jpg","keywords":["S\u00e3o Paulo Ap\u00f3stolo","Tr\u00edduo"],"articleSection":["Liturgia"],"inLanguage":"pt-BR","potentialAction":[{"@type":"CommentAction","name":"Comment","target":["https:\/\/www.oarcanjo.net\/site\/triduo-em-honra-de-sao-paulo-apostolo\/#respond"]}]},{"@type":"WebPage","@id":"https:\/\/www.oarcanjo.net\/site\/triduo-em-honra-de-sao-paulo-apostolo\/","url":"https:\/\/www.oarcanjo.net\/site\/triduo-em-honra-de-sao-paulo-apostolo\/","name":"Tr\u00edduo em honra de S\u00e3o Paulo Ap\u00f3stolo - O Arcanjo no ar","isPartOf":{"@id":"https:\/\/www.oarcanjo.net\/site\/#website"},"primaryImageOfPage":{"@id":"https:\/\/www.oarcanjo.net\/site\/triduo-em-honra-de-sao-paulo-apostolo\/#primaryimage"},"image":{"@id":"https:\/\/www.oarcanjo.net\/site\/triduo-em-honra-de-sao-paulo-apostolo\/#primaryimage"},"thumbnailUrl":"http:\/\/www.oarcanjo.net\/site\/wp-content\/uploads\/logo-arquidiocese.jpg","datePublished":"2012-01-22T13:25:15+00:00","dateModified":"2012-01-27T00:10:46+00:00","breadcrumb":{"@id":"https:\/\/www.oarcanjo.net\/site\/triduo-em-honra-de-sao-paulo-apostolo\/#breadcrumb"},"inLanguage":"pt-BR","potentialAction":[{"@type":"ReadAction","target":["https:\/\/www.oarcanjo.net\/site\/triduo-em-honra-de-sao-paulo-apostolo\/"]}]},{"@type":"ImageObject","inLanguage":"pt-BR","@id":"https:\/\/www.oarcanjo.net\/site\/triduo-em-honra-de-sao-paulo-apostolo\/#primaryimage","url":"https:\/\/www.oarcanjo.net\/site\/wp-content\/uploads\/logo-arquidiocese.jpg","contentUrl":"https:\/\/www.oarcanjo.net\/site\/wp-content\/uploads\/logo-arquidiocese.jpg","width":"102","height":"137","caption":"Arquidiocese de S\u00e3o Paulo"},{"@type":"BreadcrumbList","@id":"https:\/\/www.oarcanjo.net\/site\/triduo-em-honra-de-sao-paulo-apostolo\/#breadcrumb","itemListElement":[{"@type":"ListItem","position":1,"name":"In\u00edcio","item":"https:\/\/www.oarcanjo.net\/site\/"},{"@type":"ListItem","position":2,"name":"Tr\u00edduo em honra de S\u00e3o Paulo Ap\u00f3stolo"}]},{"@type":"WebSite","@id":"https:\/\/www.oarcanjo.net\/site\/#website","url":"https:\/\/www.oarcanjo.net\/site\/","name":"O Arcanjo no ar","description":"Site da Par\u00f3quia S\u00e3o Miguel Arcanjo (Arquidiocese de SP)","publisher":{"@id":"https:\/\/www.oarcanjo.net\/site\/#organization"},"potentialAction":[{"@type":"SearchAction","target":{"@type":"EntryPoint","urlTemplate":"https:\/\/www.oarcanjo.net\/site\/?s={search_term_string}"},"query-input":{"@type":"PropertyValueSpecification","valueRequired":true,"valueName":"search_term_string"}}],"inLanguage":"pt-BR"},{"@type":"Organization","@id":"https:\/\/www.oarcanjo.net\/site\/#organization","name":"Par\u00f3quia S\u00e3o Miguel Arcanjo","url":"https:\/\/www.oarcanjo.net\/site\/","logo":{"@type":"ImageObject","inLanguage":"pt-BR","@id":"https:\/\/www.oarcanjo.net\/site\/#\/schema\/logo\/image\/","url":"https:\/\/www.oarcanjo.net\/site\/wp-content\/uploads\/LogoOArcanjo.png","contentUrl":"https:\/\/www.oarcanjo.net\/site\/wp-content\/uploads\/LogoOArcanjo.png","width":319,"height":99,"caption":"Par\u00f3quia S\u00e3o Miguel Arcanjo"},"image":{"@id":"https:\/\/www.oarcanjo.net\/site\/#\/schema\/logo\/image\/"},"sameAs":["https:\/\/www.facebook.com\/OArcanjoNoAr\/"]},{"@type":"Person","@id":"https:\/\/www.oarcanjo.net\/site\/#\/schema\/person\/f7024d007863202483a31326673a0838","name":"editor","sameAs":["http:\/\/www.oarcanjo.net"]}]}},"publishpress_future_action":{"enabled":false,"date":"2026-05-08 01:19:05","action":"category","newStatus":"draft","terms":[],"taxonomy":"category"},"publishpress_future_workflow_manual_trigger":{"enabledWorkflows":[]},"_links":{"self":[{"href":"https:\/\/www.oarcanjo.net\/site\/wp-json\/wp\/v2\/posts\/17052"}],"collection":[{"href":"https:\/\/www.oarcanjo.net\/site\/wp-json\/wp\/v2\/posts"}],"about":[{"href":"https:\/\/www.oarcanjo.net\/site\/wp-json\/wp\/v2\/types\/post"}],"author":[{"embeddable":true,"href":"https:\/\/www.oarcanjo.net\/site\/wp-json\/wp\/v2\/users\/5"}],"replies":[{"embeddable":true,"href":"https:\/\/www.oarcanjo.net\/site\/wp-json\/wp\/v2\/comments?post=17052"}],"version-history":[{"count":0,"href":"https:\/\/www.oarcanjo.net\/site\/wp-json\/wp\/v2\/posts\/17052\/revisions"}],"wp:attachment":[{"href":"https:\/\/www.oarcanjo.net\/site\/wp-json\/wp\/v2\/media?parent=17052"}],"wp:term":[{"taxonomy":"category","embeddable":true,"href":"https:\/\/www.oarcanjo.net\/site\/wp-json\/wp\/v2\/categories?post=17052"},{"taxonomy":"post_tag","embeddable":true,"href":"https:\/\/www.oarcanjo.net\/site\/wp-json\/wp\/v2\/tags?post=17052"}],"curies":[{"name":"wp","href":"https:\/\/api.w.org\/{rel}","templated":true}]}}