
{"id":17061,"date":"2012-01-10T21:43:59","date_gmt":"2012-01-10T23:43:59","guid":{"rendered":"http:\/\/www.oarcanjo.net\/site\/?p=17061"},"modified":"2012-01-10T22:34:13","modified_gmt":"2012-01-11T00:34:13","slug":"igreja-critica-acao-na-cracolandia","status":"publish","type":"post","link":"https:\/\/www.oarcanjo.net\/site\/igreja-critica-acao-na-cracolandia\/","title":{"rendered":"Igreja critica a\u00e7\u00e3o na &#8220;Cracol\u00e2ndia&#8221;"},"content":{"rendered":"<p><em>Nesta entrevista exclusiva, o arcebispo metropolitano de S\u00e3o Paulo, cardeal dom Odilo Pedro Scherer, fala sobre a a\u00e7\u00e3o do poder p\u00fablico na \u00e1rea da chamada &#8220;Cracol\u00e2ndia&#8221;, na regi\u00e3o central da cidade.<\/em><\/p>\n<p><em>O arcebispo afirma que \u00e9 preciso combater o uso ilegal das drogras e a a\u00e7\u00e3o criminosa dos traficantes, mas critica os m\u00e9todos violentos e desrespeitosos que est\u00e3o sendo utilizados pela Prefeitura de S\u00e3o Paulo e pelo Governo Estadual na a\u00e7\u00e3o de retomada da &#8220;Cracol\u00e2ndia&#8221;. Dom Odilo fala, tamb\u00e9m, sobre a presen\u00e7a positiva e eficaz da Igreja nesses locais de degrada\u00e7\u00e3o humana.<\/em><\/p>\n<p><em>Veja a entrevista do cardeal<\/em><\/p>\n<p>O S\u00c3O PAULO &#8211; Qual a avalia\u00e7\u00e3o do senhor sobre a a\u00e7\u00e3o da Prefeitura e do Governo Estadual na \u00e1rea da chamada \u201cCracol\u00e2ndia\u201d?<\/p>\n<p>Dom Odilo Pedro Scherer &#8211; O tr\u00e1fico e o consumo de entorpecentes \u00e9 um problema grave, que precisa ser enfrentado com decis\u00e3o e medidas adequadas pelas autoridades competentes. Al\u00e9m de ser ilegal, e de o tr\u00e1fico ser criminoso, esse problema traz preju\u00edzo enorme \u00e0 sa\u00fade e degrada a dignidade humana nos usu\u00e1rios e dependentes das drogas. Mais grave ainda, quando se desenvolvem \u00e1reas de tr\u00e1fico e consumo mais ou menos \u201clivres\u201d em alguma \u00e1rea da cidade, como \u00e9 o caso da cracol\u00e2ndia, de S\u00e3o Paulo. N\u00e3o \u00e9 pens\u00e1vel que as autoridades fa\u00e7am vista grossa e deixem certos espa\u00e7os entregues aos traficantes e gestores do com\u00e9rcio de morte. Por isso, a a\u00e7\u00e3o atenta e permanente das autoridades \u00e9 necess\u00e1ria.<\/p>\n<p>O S\u00c3O PAULO &#8211; Os m\u00e9todos usados est\u00e3o sendo os mais adequados?<\/p>\n<p>Dom Odilo Pedro Scherer &#8211; Outra quest\u00e3o \u00e9 a que se refere aos m\u00e9todos empregados na a\u00e7\u00e3o das autoridades competentes. \u00c9 evidente que n\u00e3o se pode aprovar o uso da viol\u00eancia e de m\u00e9todos desrespeitosos daquilo que resta de dignidade humana nos usu\u00e1rios e dependentes das drogas. Espalhar por outras \u00e1reas da cidade os dependentes, sem que seja dada a eles uma ajuda eficaz, tamb\u00e9m n\u00e3o parece uma boa solu\u00e7\u00e3o; e a repress\u00e3o do consumo, sem coibir e punir, com medidas adequadas, a produ\u00e7\u00e3o e o tr\u00e1fico de drogas, tamb\u00e9m n\u00e3o resolve o problema.<\/p>\n<p>O S\u00c3O PAULO &#8211; Qual a import\u00e2ncia da presen\u00e7a da Igreja neste tipo de ambiente de degrada\u00e7\u00e3o social?<\/p>\n<p>Dom Odilo Pedro Scherer &#8211; Antes de tudo, \u00e9 preciso afirmar que h\u00e1 uma longa e corajosa presen\u00e7a da Igreja junto aos dependentes qu\u00edmicos, para lhes oferecer a possibilidade de abandonar o consumo e a depend\u00eancia das drogas. Exemplos bons disso s\u00e3o a Campanha da Fraternidade de 2001, sobre as drogas (\u201cvida, sim, drogas, n\u00e3o!\u201d); as Fazendas da Esperan\u00e7a e muitas outras institui\u00e7\u00f5es voltadas para o socorro e a recupera\u00e7\u00e3o dos dependentes qu\u00edmicos. Na \u00e1rea da \u201ccracol\u00e2ndia\u201d atuam diversas organiza\u00e7\u00f5es da Igreja, como o Vicariato do Povo da Rua, a Miss\u00e3o Bel\u00e9m, a Alian\u00e7a de Miseric\u00f3rdia, os Irm\u00e3os de Ema\u00fas e outros mais. Tive a informa\u00e7\u00e3o de que, com a atua\u00e7\u00e3o solid\u00e1ria e de convencimento, apenas da Miss\u00e3o Bel\u00e9m, nas \u00faltimas semanas, desde antes do Natal, cerca de 150 dependentes de drogas deixaram a \u00e1rea e foram acolhidos nos locais de recupera\u00e7\u00e3o. As organiza\u00e7\u00f5es da Igreja t\u00eam seu m\u00e9todo pr\u00f3prio, muito eficaz, para tratar o problema e para recuperar os dependentes. N\u00e3o basta a desintoxica\u00e7\u00e3o do organismo, mas \u00e9 preciso recuperar a pessoa, no seu todo, e ajud\u00e1-la a recuperar o sentido da vida. Muito amor, respeito, dedica\u00e7\u00e3o, f\u00e9 em Deus fazem parte desse m\u00e9todo.<\/p>\n<p>O S\u00c3O PAULO &#8211; E como enfrentar a a\u00e7\u00e3o dos traficantes de drogas?<\/p>\n<p>Dom Odilo Pedro Scherer &#8211; Este \u00e9 o problema mais complexo, pois envolve v\u00e1rios tipos de interesses e responsabilidades, com quantias enormes de ganhos com neg\u00f3cios il\u00edcitos e com o \u201ccom\u00e9rcio da morte\u201d, como bem definiu o papa Bento 16 na Fazenda da Esperan\u00e7a, em maio de 2007. O enfrentamento desse problema cabe \u00e0s autoridades constitu\u00eddas e competentes. A Igreja s\u00f3 pode apelar que os promotores da produ\u00e7\u00e3o e do tr\u00e1fico de drogas se convertam e abandonem esse caminho de maldade; foi ainda Bento 16 quem lhes lembrou que, um dia, dever\u00e3o prestar contas a Deus por toda vida perdida e pelos sofrimentos causados aos outros com suas a\u00e7\u00f5es. A penit\u00eancia e a convers\u00e3o s\u00e3o caminhos abertos a todos.<\/p>\n<div id=\"themify_builder_content-17061\" data-postid=\"17061\" class=\"themify_builder_content themify_builder_content-17061 themify_builder themify_builder_front\">\n\t<\/div>\n<!-- \/themify_builder_content -->","protected":false},"excerpt":{"rendered":"<p>Nesta entrevista exclusiva, o arcebispo metropolitano de S\u00e3o Paulo, cardeal dom Odilo Pedro Scherer, fala sobre a a\u00e7\u00e3o do poder p\u00fablico na \u00e1rea da chamada &#8220;Cracol\u00e2ndia&#8221;, na regi\u00e3o central da cidade. O arcebispo afirma que \u00e9 preciso combater o uso ilegal das drogras e a a\u00e7\u00e3o criminosa dos traficantes, mas critica os m\u00e9todos violentos e [&hellip;]<\/p>\n","protected":false},"author":5,"featured_media":0,"comment_status":"open","ping_status":"open","sticky":false,"template":"","format":"standard","meta":{"ngg_post_thumbnail":0,"footnotes":""},"categories":[8],"tags":[1993,364,466,2148,91,1092],"yoast_head":"<!-- This site is optimized with the Yoast SEO plugin v23.5 - https:\/\/yoast.com\/wordpress\/plugins\/seo\/ -->\n<title>Igreja critica a\u00e7\u00e3o na &quot;Cracol\u00e2ndia&quot; - O Arcanjo no ar<\/title>\n<meta name=\"robots\" content=\"index, follow, max-snippet:-1, max-image-preview:large, max-video-preview:-1\" \/>\n<link rel=\"canonical\" href=\"https:\/\/www.oarcanjo.net\/site\/igreja-critica-acao-na-cracolandia\/\" \/>\n<meta property=\"og:locale\" content=\"pt_BR\" \/>\n<meta property=\"og:type\" content=\"article\" \/>\n<meta property=\"og:title\" content=\"Igreja critica a\u00e7\u00e3o na &quot;Cracol\u00e2ndia&quot; - O Arcanjo no ar\" \/>\n<meta property=\"og:description\" content=\"Nesta entrevista exclusiva, o arcebispo metropolitano de S\u00e3o Paulo, cardeal dom Odilo Pedro Scherer, fala sobre a a\u00e7\u00e3o do poder p\u00fablico na \u00e1rea da chamada &#8220;Cracol\u00e2ndia&#8221;, na regi\u00e3o central da cidade. O arcebispo afirma que \u00e9 preciso combater o uso ilegal das drogras e a a\u00e7\u00e3o criminosa dos traficantes, mas critica os m\u00e9todos violentos e [&hellip;]\" \/>\n<meta property=\"og:url\" content=\"https:\/\/www.oarcanjo.net\/site\/igreja-critica-acao-na-cracolandia\/\" \/>\n<meta property=\"og:site_name\" content=\"O Arcanjo no ar\" \/>\n<meta property=\"article:publisher\" content=\"https:\/\/www.facebook.com\/OArcanjoNoAr\/\" \/>\n<meta property=\"article:published_time\" content=\"2012-01-10T23:43:59+00:00\" \/>\n<meta property=\"article:modified_time\" content=\"2012-01-11T00:34:13+00:00\" \/>\n<meta property=\"og:image\" content=\"https:\/\/www.oarcanjo.net\/site\/wp-content\/uploads\/logo-o-arcanjo-no-ar-facebook.png\" \/>\n\t<meta property=\"og:image:width\" content=\"300\" \/>\n\t<meta property=\"og:image:height\" content=\"300\" \/>\n\t<meta property=\"og:image:type\" content=\"image\/png\" \/>\n<meta name=\"author\" content=\"editor\" \/>\n<meta name=\"twitter:card\" content=\"summary_large_image\" \/>\n<meta name=\"twitter:label1\" content=\"Escrito por\" \/>\n\t<meta name=\"twitter:data1\" content=\"editor\" \/>\n\t<meta name=\"twitter:label2\" content=\"Est. tempo de leitura\" \/>\n\t<meta name=\"twitter:data2\" content=\"4 minutos\" \/>\n<script type=\"application\/ld+json\" class=\"yoast-schema-graph\">{\"@context\":\"https:\/\/schema.org\",\"@graph\":[{\"@type\":\"Article\",\"@id\":\"https:\/\/www.oarcanjo.net\/site\/igreja-critica-acao-na-cracolandia\/#article\",\"isPartOf\":{\"@id\":\"https:\/\/www.oarcanjo.net\/site\/igreja-critica-acao-na-cracolandia\/\"},\"author\":{\"name\":\"editor\",\"@id\":\"https:\/\/www.oarcanjo.net\/site\/#\/schema\/person\/f7024d007863202483a31326673a0838\"},\"headline\":\"Igreja critica a\u00e7\u00e3o na &#8220;Cracol\u00e2ndia&#8221;\",\"datePublished\":\"2012-01-10T23:43:59+00:00\",\"dateModified\":\"2012-01-11T00:34:13+00:00\",\"mainEntityOfPage\":{\"@id\":\"https:\/\/www.oarcanjo.net\/site\/igreja-critica-acao-na-cracolandia\/\"},\"wordCount\":784,\"commentCount\":0,\"publisher\":{\"@id\":\"https:\/\/www.oarcanjo.net\/site\/#organization\"},\"keywords\":[\"cracol\u00e2ndia\",\"Drogas\",\"exclus\u00e3o\",\"higienismo\",\"povo da rua\",\"tr\u00e1fico\"],\"articleSection\":[\"Not\u00edcias\"],\"inLanguage\":\"pt-BR\",\"potentialAction\":[{\"@type\":\"CommentAction\",\"name\":\"Comment\",\"target\":[\"https:\/\/www.oarcanjo.net\/site\/igreja-critica-acao-na-cracolandia\/#respond\"]}]},{\"@type\":\"WebPage\",\"@id\":\"https:\/\/www.oarcanjo.net\/site\/igreja-critica-acao-na-cracolandia\/\",\"url\":\"https:\/\/www.oarcanjo.net\/site\/igreja-critica-acao-na-cracolandia\/\",\"name\":\"Igreja critica a\u00e7\u00e3o na \\\"Cracol\u00e2ndia\\\" - O Arcanjo no ar\",\"isPartOf\":{\"@id\":\"https:\/\/www.oarcanjo.net\/site\/#website\"},\"datePublished\":\"2012-01-10T23:43:59+00:00\",\"dateModified\":\"2012-01-11T00:34:13+00:00\",\"breadcrumb\":{\"@id\":\"https:\/\/www.oarcanjo.net\/site\/igreja-critica-acao-na-cracolandia\/#breadcrumb\"},\"inLanguage\":\"pt-BR\",\"potentialAction\":[{\"@type\":\"ReadAction\",\"target\":[\"https:\/\/www.oarcanjo.net\/site\/igreja-critica-acao-na-cracolandia\/\"]}]},{\"@type\":\"BreadcrumbList\",\"@id\":\"https:\/\/www.oarcanjo.net\/site\/igreja-critica-acao-na-cracolandia\/#breadcrumb\",\"itemListElement\":[{\"@type\":\"ListItem\",\"position\":1,\"name\":\"In\u00edcio\",\"item\":\"https:\/\/www.oarcanjo.net\/site\/\"},{\"@type\":\"ListItem\",\"position\":2,\"name\":\"Igreja critica a\u00e7\u00e3o na &#8220;Cracol\u00e2ndia&#8221;\"}]},{\"@type\":\"WebSite\",\"@id\":\"https:\/\/www.oarcanjo.net\/site\/#website\",\"url\":\"https:\/\/www.oarcanjo.net\/site\/\",\"name\":\"O Arcanjo no ar\",\"description\":\"Site da Par\u00f3quia S\u00e3o Miguel Arcanjo (Arquidiocese de SP)\",\"publisher\":{\"@id\":\"https:\/\/www.oarcanjo.net\/site\/#organization\"},\"potentialAction\":[{\"@type\":\"SearchAction\",\"target\":{\"@type\":\"EntryPoint\",\"urlTemplate\":\"https:\/\/www.oarcanjo.net\/site\/?s={search_term_string}\"},\"query-input\":{\"@type\":\"PropertyValueSpecification\",\"valueRequired\":true,\"valueName\":\"search_term_string\"}}],\"inLanguage\":\"pt-BR\"},{\"@type\":\"Organization\",\"@id\":\"https:\/\/www.oarcanjo.net\/site\/#organization\",\"name\":\"Par\u00f3quia S\u00e3o Miguel Arcanjo\",\"url\":\"https:\/\/www.oarcanjo.net\/site\/\",\"logo\":{\"@type\":\"ImageObject\",\"inLanguage\":\"pt-BR\",\"@id\":\"https:\/\/www.oarcanjo.net\/site\/#\/schema\/logo\/image\/\",\"url\":\"https:\/\/www.oarcanjo.net\/site\/wp-content\/uploads\/LogoOArcanjo.png\",\"contentUrl\":\"https:\/\/www.oarcanjo.net\/site\/wp-content\/uploads\/LogoOArcanjo.png\",\"width\":319,\"height\":99,\"caption\":\"Par\u00f3quia S\u00e3o Miguel Arcanjo\"},\"image\":{\"@id\":\"https:\/\/www.oarcanjo.net\/site\/#\/schema\/logo\/image\/\"},\"sameAs\":[\"https:\/\/www.facebook.com\/OArcanjoNoAr\/\"]},{\"@type\":\"Person\",\"@id\":\"https:\/\/www.oarcanjo.net\/site\/#\/schema\/person\/f7024d007863202483a31326673a0838\",\"name\":\"editor\",\"sameAs\":[\"http:\/\/www.oarcanjo.net\"]}]}<\/script>\n<!-- \/ Yoast SEO plugin. -->","yoast_head_json":{"title":"Igreja critica a\u00e7\u00e3o na \"Cracol\u00e2ndia\" - O Arcanjo no ar","robots":{"index":"index","follow":"follow","max-snippet":"max-snippet:-1","max-image-preview":"max-image-preview:large","max-video-preview":"max-video-preview:-1"},"canonical":"https:\/\/www.oarcanjo.net\/site\/igreja-critica-acao-na-cracolandia\/","og_locale":"pt_BR","og_type":"article","og_title":"Igreja critica a\u00e7\u00e3o na \"Cracol\u00e2ndia\" - O Arcanjo no ar","og_description":"Nesta entrevista exclusiva, o arcebispo metropolitano de S\u00e3o Paulo, cardeal dom Odilo Pedro Scherer, fala sobre a a\u00e7\u00e3o do poder p\u00fablico na \u00e1rea da chamada &#8220;Cracol\u00e2ndia&#8221;, na regi\u00e3o central da cidade. O arcebispo afirma que \u00e9 preciso combater o uso ilegal das drogras e a a\u00e7\u00e3o criminosa dos traficantes, mas critica os m\u00e9todos violentos e [&hellip;]","og_url":"https:\/\/www.oarcanjo.net\/site\/igreja-critica-acao-na-cracolandia\/","og_site_name":"O Arcanjo no ar","article_publisher":"https:\/\/www.facebook.com\/OArcanjoNoAr\/","article_published_time":"2012-01-10T23:43:59+00:00","article_modified_time":"2012-01-11T00:34:13+00:00","og_image":[{"width":300,"height":300,"url":"https:\/\/www.oarcanjo.net\/site\/wp-content\/uploads\/logo-o-arcanjo-no-ar-facebook.png","type":"image\/png"}],"author":"editor","twitter_card":"summary_large_image","twitter_misc":{"Escrito por":"editor","Est. tempo de leitura":"4 minutos"},"schema":{"@context":"https:\/\/schema.org","@graph":[{"@type":"Article","@id":"https:\/\/www.oarcanjo.net\/site\/igreja-critica-acao-na-cracolandia\/#article","isPartOf":{"@id":"https:\/\/www.oarcanjo.net\/site\/igreja-critica-acao-na-cracolandia\/"},"author":{"name":"editor","@id":"https:\/\/www.oarcanjo.net\/site\/#\/schema\/person\/f7024d007863202483a31326673a0838"},"headline":"Igreja critica a\u00e7\u00e3o na &#8220;Cracol\u00e2ndia&#8221;","datePublished":"2012-01-10T23:43:59+00:00","dateModified":"2012-01-11T00:34:13+00:00","mainEntityOfPage":{"@id":"https:\/\/www.oarcanjo.net\/site\/igreja-critica-acao-na-cracolandia\/"},"wordCount":784,"commentCount":0,"publisher":{"@id":"https:\/\/www.oarcanjo.net\/site\/#organization"},"keywords":["cracol\u00e2ndia","Drogas","exclus\u00e3o","higienismo","povo da rua","tr\u00e1fico"],"articleSection":["Not\u00edcias"],"inLanguage":"pt-BR","potentialAction":[{"@type":"CommentAction","name":"Comment","target":["https:\/\/www.oarcanjo.net\/site\/igreja-critica-acao-na-cracolandia\/#respond"]}]},{"@type":"WebPage","@id":"https:\/\/www.oarcanjo.net\/site\/igreja-critica-acao-na-cracolandia\/","url":"https:\/\/www.oarcanjo.net\/site\/igreja-critica-acao-na-cracolandia\/","name":"Igreja critica a\u00e7\u00e3o na \"Cracol\u00e2ndia\" - O Arcanjo no ar","isPartOf":{"@id":"https:\/\/www.oarcanjo.net\/site\/#website"},"datePublished":"2012-01-10T23:43:59+00:00","dateModified":"2012-01-11T00:34:13+00:00","breadcrumb":{"@id":"https:\/\/www.oarcanjo.net\/site\/igreja-critica-acao-na-cracolandia\/#breadcrumb"},"inLanguage":"pt-BR","potentialAction":[{"@type":"ReadAction","target":["https:\/\/www.oarcanjo.net\/site\/igreja-critica-acao-na-cracolandia\/"]}]},{"@type":"BreadcrumbList","@id":"https:\/\/www.oarcanjo.net\/site\/igreja-critica-acao-na-cracolandia\/#breadcrumb","itemListElement":[{"@type":"ListItem","position":1,"name":"In\u00edcio","item":"https:\/\/www.oarcanjo.net\/site\/"},{"@type":"ListItem","position":2,"name":"Igreja critica a\u00e7\u00e3o na &#8220;Cracol\u00e2ndia&#8221;"}]},{"@type":"WebSite","@id":"https:\/\/www.oarcanjo.net\/site\/#website","url":"https:\/\/www.oarcanjo.net\/site\/","name":"O Arcanjo no ar","description":"Site da Par\u00f3quia S\u00e3o Miguel Arcanjo (Arquidiocese de SP)","publisher":{"@id":"https:\/\/www.oarcanjo.net\/site\/#organization"},"potentialAction":[{"@type":"SearchAction","target":{"@type":"EntryPoint","urlTemplate":"https:\/\/www.oarcanjo.net\/site\/?s={search_term_string}"},"query-input":{"@type":"PropertyValueSpecification","valueRequired":true,"valueName":"search_term_string"}}],"inLanguage":"pt-BR"},{"@type":"Organization","@id":"https:\/\/www.oarcanjo.net\/site\/#organization","name":"Par\u00f3quia S\u00e3o Miguel Arcanjo","url":"https:\/\/www.oarcanjo.net\/site\/","logo":{"@type":"ImageObject","inLanguage":"pt-BR","@id":"https:\/\/www.oarcanjo.net\/site\/#\/schema\/logo\/image\/","url":"https:\/\/www.oarcanjo.net\/site\/wp-content\/uploads\/LogoOArcanjo.png","contentUrl":"https:\/\/www.oarcanjo.net\/site\/wp-content\/uploads\/LogoOArcanjo.png","width":319,"height":99,"caption":"Par\u00f3quia S\u00e3o Miguel Arcanjo"},"image":{"@id":"https:\/\/www.oarcanjo.net\/site\/#\/schema\/logo\/image\/"},"sameAs":["https:\/\/www.facebook.com\/OArcanjoNoAr\/"]},{"@type":"Person","@id":"https:\/\/www.oarcanjo.net\/site\/#\/schema\/person\/f7024d007863202483a31326673a0838","name":"editor","sameAs":["http:\/\/www.oarcanjo.net"]}]}},"publishpress_future_action":{"enabled":false,"date":"2026-05-09 00:05:35","action":"category","newStatus":"draft","terms":[],"taxonomy":"category"},"publishpress_future_workflow_manual_trigger":{"enabledWorkflows":[]},"_links":{"self":[{"href":"https:\/\/www.oarcanjo.net\/site\/wp-json\/wp\/v2\/posts\/17061"}],"collection":[{"href":"https:\/\/www.oarcanjo.net\/site\/wp-json\/wp\/v2\/posts"}],"about":[{"href":"https:\/\/www.oarcanjo.net\/site\/wp-json\/wp\/v2\/types\/post"}],"author":[{"embeddable":true,"href":"https:\/\/www.oarcanjo.net\/site\/wp-json\/wp\/v2\/users\/5"}],"replies":[{"embeddable":true,"href":"https:\/\/www.oarcanjo.net\/site\/wp-json\/wp\/v2\/comments?post=17061"}],"version-history":[{"count":0,"href":"https:\/\/www.oarcanjo.net\/site\/wp-json\/wp\/v2\/posts\/17061\/revisions"}],"wp:attachment":[{"href":"https:\/\/www.oarcanjo.net\/site\/wp-json\/wp\/v2\/media?parent=17061"}],"wp:term":[{"taxonomy":"category","embeddable":true,"href":"https:\/\/www.oarcanjo.net\/site\/wp-json\/wp\/v2\/categories?post=17061"},{"taxonomy":"post_tag","embeddable":true,"href":"https:\/\/www.oarcanjo.net\/site\/wp-json\/wp\/v2\/tags?post=17061"}],"curies":[{"name":"wp","href":"https:\/\/api.w.org\/{rel}","templated":true}]}}