
{"id":17067,"date":"2012-01-10T22:10:33","date_gmt":"2012-01-11T00:10:33","guid":{"rendered":"http:\/\/www.oarcanjo.net\/site\/?p=17067"},"modified":"2012-02-19T16:29:42","modified_gmt":"2012-02-19T18:29:42","slug":"campanha-da-fraternidade-2012-que-a-saude-se-difunda-sobre-a-terra","status":"publish","type":"post","link":"https:\/\/www.oarcanjo.net\/site\/campanha-da-fraternidade-2012-que-a-saude-se-difunda-sobre-a-terra\/","title":{"rendered":"Campanha da Fraternidade 2012: &#8220;Que a sa\u00fade se difunda sobre a terra&#8221;"},"content":{"rendered":"<p>Todo ano, a Igreja do Brasil realiza durante a Quaresma a Campanha da Fraternidade. Em 2012, o tema \u00e9 &#8220;<strong>Fraternidade e Sa\u00fade P\u00fablica<\/strong>&#8221; e o lema, &#8220;<strong>Que a sa\u00fade se difunda sobre a terra<\/strong>&#8221; (cf. Eclo 38,8). A abertura oficial da CF ser\u00e1 na Quarta-feira de Cinzas, 22\/02, mas as par\u00f3quias, comunidades e dioceses iniciam antes os preparativos. Na Regi\u00e3o Bel\u00e9m, haver\u00e1 encontro de abertura no domingo, 29\/01, das 15h \u00e0s 16h30, no Centro Pastoral S\u00e3o Jos\u00e9 (Av. Alvaro Ramos, 366, perto do metr\u00f4 Bel\u00e9m).<\/p>\n<p><a href=\"http:\/\/www.oarcanjo.net\/site\/wp-content\/uploads\/CartazCF2012.jpg\"><img loading=\"lazy\" decoding=\"async\" class=\"alignleft\" style=\"margin-top: 4px; margin-bottom: 4px; margin-left: 5px; margin-right: 5px;\" title=\"Campanha da Fraternidade 2012 - Sa\u00fade P\u00fablica\" src=\"http:\/\/www.oarcanjo.net\/site\/wp-content\/uploads\/CartazCF2012-209x300.jpg\" alt=\"\" width=\"209\" height=\"300\" align=\"left\" \/><\/a><\/p>\n<p>O Objetivo Geral da Campanha este ano \u00e9 &#8220;Refletir sobre a realidade da sa\u00fade no Brasil em vista de uma vida saud\u00e1vel, suscitando o esp\u00edrito fraterno e comunit\u00e1rio das pessoas na aten\u00e7\u00e3o dos enfermos e mobilizar por melhoria no sistema p\u00fablico de sa\u00fade&#8221;. Al\u00e9m do objetivo geral, h\u00e1 seis objetivos espec\u00edficos:<\/p>\n<p>a) Disseminar o conceito de bem viver e sensibilizar para a pr\u00e1tica de h\u00e1bitos de vida saud\u00e1vel;<\/p>\n<p>b) Sensibilizar as pessoas para o servi\u00e7o aos enfermos, o suprimento de suas necessidades e a integra\u00e7\u00e3o na comunidade;<\/p>\n<p>c) Alertar para a import\u00e2ncia da organiza\u00e7\u00e3o da pastoral da Sa\u00fade nas comunidades: criar onde n\u00e3o existe, fortalecer onde est\u00e1 incipiente e dinamiz\u00e1-la onde ela j\u00e1 existe;<\/p>\n<p>d) Difundir dados sobre a realidade da sa\u00fade no Brasil e seus desafios, como sua estreita rela\u00e7\u00e3o com os aspectos s\u00f3cio-culturais de nossa sociedade;<\/p>\n<p>e) despertar nas comunidades a discuss\u00e3o sobre a realidade da sa\u00fade p\u00fablica, visando \u00e0 defesa do SUS e a reivindica\u00e7\u00e3o do seu justo financiamento; e<\/p>\n<p>f) Qualificar a comunidade para acompanhar as a\u00e7\u00f5es da gest\u00e3o p\u00fablica e exigir a aplica\u00e7\u00e3o dos recursos p\u00fablicos com transpar\u00eancia, especialmente na sa\u00fade.<\/p>\n<p>O documento oficial da CF \u00e9 o texto-base, este ano dividido em tr\u00eas partes e com uma conclus\u00e3o apontando para o futuro. A primeira parte, intitulada &#8220;Fraternidade e Sa\u00fade P\u00fablica&#8221;, oferece um panorama atual do assunto no Brasil. Na segunda, &#8220;Que a Sa\u00fade se Difunda sobre a Terra&#8221;, h\u00e1 reflex\u00e3o sobre a doen\u00e7a no Antigo e no Novo Testamento, as curas praticadas por Jesus e o chamado paradigma do cuidado, simbolizado na par\u00e1bola do bom samaritano. A terceira parte oferece &#8220;Indica\u00e7\u00f5es para a A\u00e7\u00e3o Transformadora no Mundo da Sa\u00fade&#8221;. Analisa a Pastoral da Sa\u00fade e o papel dos agentes de pastoral e apresenta tamb\u00e9m &#8220;Propostas Gerais para o SUS&#8221;.<\/p>\n<p>A Conclus\u00e3o mostra como, ao longo dos \u00faltimos anos, houve mudan\u00e7a no conceito de sa\u00fade: de &#8216;caridade&#8217; para &#8216;direito&#8217; e o documento termina com uma completa bibliografia sobre o tema.<\/p>\n<p><em><a title=\"CF 2012 - texto-base\" href=\"http:\/\/www.oarcanjo.net\/site\/wp-content\/uploads\/texto_base_da_campanha_da_fraternidade_2012.pdf\" target=\"_blank\">Clique aqui para copiar o texto-base da Campanha em PDF<\/a><\/em><\/p>\n<p>Leia a <a title=\"Carta dos Direitos dos Usu\u00e1rios da Sa\u00fade - Minist\u00e9rio da Sa\u00fade\" href=\"http:\/\/www.oarcanjo.net\/site\/wp-content\/uploads\/carta_direito_usuarios_2ed2007.pdf\" target=\"_blank\"><strong>Carta dos Direitos dos Usu\u00e1rios da Sa\u00fade<\/strong><\/a>, do Minist\u00e9rio da Sa\u00fade. Essa carta cont\u00e9m seis princ\u00edpios b\u00e1sico com o intuito de assegurar ao cidad\u00e3o o direito ao ingresso digno nos sistemas de sa\u00fade, sejam eles p\u00fablicos ou privados. <a title=\"Carta dos Direitos dos Usu\u00e1rios da Sa\u00fade - Minist\u00e9rio da Sa\u00fade\" href=\"http:\/\/www.oarcanjo.net\/site\/wp-content\/uploads\/carta_direito_usuarios_2ed2007.pdf\" target=\"_blank\">Clique aqui<\/a>. Conhe\u00e7a seus direitos!<\/p>\n<hr \/>\n<p>Assista abaixo ao v\u00eddeo do Hino da CF2012:<\/p>\n<p><iframe loading=\"lazy\" frameborder=\"0\" height=\"315\" src=\"http:\/\/www.youtube.com\/embed\/bW47OnJL4hU?rel=0\" width=\"560\"><\/iframe><\/p>\n<div id=\"themify_builder_content-17067\" data-postid=\"17067\" class=\"themify_builder_content themify_builder_content-17067 themify_builder themify_builder_front\">\n\t<\/div>\n<!-- \/themify_builder_content -->","protected":false},"excerpt":{"rendered":"<p>Todo ano, a Igreja do Brasil realiza durante a Quaresma a Campanha da Fraternidade. Em 2012, o tema \u00e9 &#8220;Fraternidade e Sa\u00fade P\u00fablica&#8221; e o lema, &#8220;Que a sa\u00fade se difunda sobre a terra&#8221; (cf. Eclo 38,8). A abertura oficial da CF ser\u00e1 na Quarta-feira de Cinzas, 22\/02, mas as par\u00f3quias, comunidades e dioceses iniciam [&hellip;]<\/p>\n","protected":false},"author":5,"featured_media":0,"comment_status":"open","ping_status":"open","sticky":false,"template":"","format":"standard","meta":{"ngg_post_thumbnail":0,"footnotes":""},"categories":[241,3,280],"tags":[229,437,2149],"yoast_head":"<!-- This site is optimized with the Yoast SEO plugin v23.5 - https:\/\/yoast.com\/wordpress\/plugins\/seo\/ -->\n<title>Campanha da Fraternidade 2012: &quot;Que a sa\u00fade se difunda sobre a terra&quot; - O Arcanjo no ar<\/title>\n<meta name=\"robots\" content=\"index, follow, max-snippet:-1, max-image-preview:large, max-video-preview:-1\" \/>\n<link rel=\"canonical\" href=\"https:\/\/www.oarcanjo.net\/site\/campanha-da-fraternidade-2012-que-a-saude-se-difunda-sobre-a-terra\/\" \/>\n<meta property=\"og:locale\" content=\"pt_BR\" \/>\n<meta property=\"og:type\" content=\"article\" \/>\n<meta property=\"og:title\" content=\"Campanha da Fraternidade 2012: &quot;Que a sa\u00fade se difunda sobre a terra&quot; - O Arcanjo no ar\" \/>\n<meta property=\"og:description\" content=\"Todo ano, a Igreja do Brasil realiza durante a Quaresma a Campanha da Fraternidade. Em 2012, o tema \u00e9 &#8220;Fraternidade e Sa\u00fade P\u00fablica&#8221; e o lema, &#8220;Que a sa\u00fade se difunda sobre a terra&#8221; (cf. Eclo 38,8). A abertura oficial da CF ser\u00e1 na Quarta-feira de Cinzas, 22\/02, mas as par\u00f3quias, comunidades e dioceses iniciam [&hellip;]\" \/>\n<meta property=\"og:url\" content=\"https:\/\/www.oarcanjo.net\/site\/campanha-da-fraternidade-2012-que-a-saude-se-difunda-sobre-a-terra\/\" \/>\n<meta property=\"og:site_name\" content=\"O Arcanjo no ar\" \/>\n<meta property=\"article:publisher\" content=\"https:\/\/www.facebook.com\/OArcanjoNoAr\/\" \/>\n<meta property=\"article:published_time\" content=\"2012-01-11T00:10:33+00:00\" \/>\n<meta property=\"article:modified_time\" content=\"2012-02-19T18:29:42+00:00\" \/>\n<meta property=\"og:image\" content=\"http:\/\/www.oarcanjo.net\/site\/wp-content\/uploads\/CartazCF2012-209x300.jpg\" \/>\n<meta name=\"author\" content=\"editor\" \/>\n<meta name=\"twitter:card\" content=\"summary_large_image\" \/>\n<meta name=\"twitter:label1\" content=\"Escrito por\" \/>\n\t<meta name=\"twitter:data1\" content=\"editor\" \/>\n\t<meta name=\"twitter:label2\" content=\"Est. tempo de leitura\" \/>\n\t<meta name=\"twitter:data2\" content=\"3 minutos\" \/>\n<script type=\"application\/ld+json\" class=\"yoast-schema-graph\">{\"@context\":\"https:\/\/schema.org\",\"@graph\":[{\"@type\":\"Article\",\"@id\":\"https:\/\/www.oarcanjo.net\/site\/campanha-da-fraternidade-2012-que-a-saude-se-difunda-sobre-a-terra\/#article\",\"isPartOf\":{\"@id\":\"https:\/\/www.oarcanjo.net\/site\/campanha-da-fraternidade-2012-que-a-saude-se-difunda-sobre-a-terra\/\"},\"author\":{\"name\":\"editor\",\"@id\":\"https:\/\/www.oarcanjo.net\/site\/#\/schema\/person\/f7024d007863202483a31326673a0838\"},\"headline\":\"Campanha da Fraternidade 2012: &#8220;Que a sa\u00fade se difunda sobre a terra&#8221;\",\"datePublished\":\"2012-01-11T00:10:33+00:00\",\"dateModified\":\"2012-02-19T18:29:42+00:00\",\"mainEntityOfPage\":{\"@id\":\"https:\/\/www.oarcanjo.net\/site\/campanha-da-fraternidade-2012-que-a-saude-se-difunda-sobre-a-terra\/\"},\"wordCount\":545,\"commentCount\":0,\"publisher\":{\"@id\":\"https:\/\/www.oarcanjo.net\/site\/#organization\"},\"image\":{\"@id\":\"https:\/\/www.oarcanjo.net\/site\/campanha-da-fraternidade-2012-que-a-saude-se-difunda-sobre-a-terra\/#primaryimage\"},\"thumbnailUrl\":\"http:\/\/www.oarcanjo.net\/site\/wp-content\/uploads\/CartazCF2012-209x300.jpg\",\"keywords\":[\"Campanha da Fraternidade\",\"sa\u00fade\",\"SUS\"],\"articleSection\":[\"CF\",\"Destaques\",\"V\u00eddeos\"],\"inLanguage\":\"pt-BR\",\"potentialAction\":[{\"@type\":\"CommentAction\",\"name\":\"Comment\",\"target\":[\"https:\/\/www.oarcanjo.net\/site\/campanha-da-fraternidade-2012-que-a-saude-se-difunda-sobre-a-terra\/#respond\"]}]},{\"@type\":\"WebPage\",\"@id\":\"https:\/\/www.oarcanjo.net\/site\/campanha-da-fraternidade-2012-que-a-saude-se-difunda-sobre-a-terra\/\",\"url\":\"https:\/\/www.oarcanjo.net\/site\/campanha-da-fraternidade-2012-que-a-saude-se-difunda-sobre-a-terra\/\",\"name\":\"Campanha da Fraternidade 2012: \\\"Que a sa\u00fade se difunda sobre a terra\\\" - O Arcanjo no ar\",\"isPartOf\":{\"@id\":\"https:\/\/www.oarcanjo.net\/site\/#website\"},\"primaryImageOfPage\":{\"@id\":\"https:\/\/www.oarcanjo.net\/site\/campanha-da-fraternidade-2012-que-a-saude-se-difunda-sobre-a-terra\/#primaryimage\"},\"image\":{\"@id\":\"https:\/\/www.oarcanjo.net\/site\/campanha-da-fraternidade-2012-que-a-saude-se-difunda-sobre-a-terra\/#primaryimage\"},\"thumbnailUrl\":\"http:\/\/www.oarcanjo.net\/site\/wp-content\/uploads\/CartazCF2012-209x300.jpg\",\"datePublished\":\"2012-01-11T00:10:33+00:00\",\"dateModified\":\"2012-02-19T18:29:42+00:00\",\"breadcrumb\":{\"@id\":\"https:\/\/www.oarcanjo.net\/site\/campanha-da-fraternidade-2012-que-a-saude-se-difunda-sobre-a-terra\/#breadcrumb\"},\"inLanguage\":\"pt-BR\",\"potentialAction\":[{\"@type\":\"ReadAction\",\"target\":[\"https:\/\/www.oarcanjo.net\/site\/campanha-da-fraternidade-2012-que-a-saude-se-difunda-sobre-a-terra\/\"]}]},{\"@type\":\"ImageObject\",\"inLanguage\":\"pt-BR\",\"@id\":\"https:\/\/www.oarcanjo.net\/site\/campanha-da-fraternidade-2012-que-a-saude-se-difunda-sobre-a-terra\/#primaryimage\",\"url\":\"https:\/\/www.oarcanjo.net\/site\/wp-content\/uploads\/CartazCF2012.jpg\",\"contentUrl\":\"https:\/\/www.oarcanjo.net\/site\/wp-content\/uploads\/CartazCF2012.jpg\",\"width\":\"400\",\"height\":\"573\"},{\"@type\":\"BreadcrumbList\",\"@id\":\"https:\/\/www.oarcanjo.net\/site\/campanha-da-fraternidade-2012-que-a-saude-se-difunda-sobre-a-terra\/#breadcrumb\",\"itemListElement\":[{\"@type\":\"ListItem\",\"position\":1,\"name\":\"In\u00edcio\",\"item\":\"https:\/\/www.oarcanjo.net\/site\/\"},{\"@type\":\"ListItem\",\"position\":2,\"name\":\"Campanha da Fraternidade 2012: &#8220;Que a sa\u00fade se difunda sobre a terra&#8221;\"}]},{\"@type\":\"WebSite\",\"@id\":\"https:\/\/www.oarcanjo.net\/site\/#website\",\"url\":\"https:\/\/www.oarcanjo.net\/site\/\",\"name\":\"O Arcanjo no ar\",\"description\":\"Site da Par\u00f3quia S\u00e3o Miguel Arcanjo (Arquidiocese de SP)\",\"publisher\":{\"@id\":\"https:\/\/www.oarcanjo.net\/site\/#organization\"},\"potentialAction\":[{\"@type\":\"SearchAction\",\"target\":{\"@type\":\"EntryPoint\",\"urlTemplate\":\"https:\/\/www.oarcanjo.net\/site\/?s={search_term_string}\"},\"query-input\":{\"@type\":\"PropertyValueSpecification\",\"valueRequired\":true,\"valueName\":\"search_term_string\"}}],\"inLanguage\":\"pt-BR\"},{\"@type\":\"Organization\",\"@id\":\"https:\/\/www.oarcanjo.net\/site\/#organization\",\"name\":\"Par\u00f3quia S\u00e3o Miguel Arcanjo\",\"url\":\"https:\/\/www.oarcanjo.net\/site\/\",\"logo\":{\"@type\":\"ImageObject\",\"inLanguage\":\"pt-BR\",\"@id\":\"https:\/\/www.oarcanjo.net\/site\/#\/schema\/logo\/image\/\",\"url\":\"https:\/\/www.oarcanjo.net\/site\/wp-content\/uploads\/LogoOArcanjo.png\",\"contentUrl\":\"https:\/\/www.oarcanjo.net\/site\/wp-content\/uploads\/LogoOArcanjo.png\",\"width\":319,\"height\":99,\"caption\":\"Par\u00f3quia S\u00e3o Miguel Arcanjo\"},\"image\":{\"@id\":\"https:\/\/www.oarcanjo.net\/site\/#\/schema\/logo\/image\/\"},\"sameAs\":[\"https:\/\/www.facebook.com\/OArcanjoNoAr\/\"]},{\"@type\":\"Person\",\"@id\":\"https:\/\/www.oarcanjo.net\/site\/#\/schema\/person\/f7024d007863202483a31326673a0838\",\"name\":\"editor\",\"sameAs\":[\"http:\/\/www.oarcanjo.net\"]}]}<\/script>\n<!-- \/ Yoast SEO plugin. -->","yoast_head_json":{"title":"Campanha da Fraternidade 2012: \"Que a sa\u00fade se difunda sobre a terra\" - O Arcanjo no ar","robots":{"index":"index","follow":"follow","max-snippet":"max-snippet:-1","max-image-preview":"max-image-preview:large","max-video-preview":"max-video-preview:-1"},"canonical":"https:\/\/www.oarcanjo.net\/site\/campanha-da-fraternidade-2012-que-a-saude-se-difunda-sobre-a-terra\/","og_locale":"pt_BR","og_type":"article","og_title":"Campanha da Fraternidade 2012: \"Que a sa\u00fade se difunda sobre a terra\" - O Arcanjo no ar","og_description":"Todo ano, a Igreja do Brasil realiza durante a Quaresma a Campanha da Fraternidade. Em 2012, o tema \u00e9 &#8220;Fraternidade e Sa\u00fade P\u00fablica&#8221; e o lema, &#8220;Que a sa\u00fade se difunda sobre a terra&#8221; (cf. Eclo 38,8). A abertura oficial da CF ser\u00e1 na Quarta-feira de Cinzas, 22\/02, mas as par\u00f3quias, comunidades e dioceses iniciam [&hellip;]","og_url":"https:\/\/www.oarcanjo.net\/site\/campanha-da-fraternidade-2012-que-a-saude-se-difunda-sobre-a-terra\/","og_site_name":"O Arcanjo no ar","article_publisher":"https:\/\/www.facebook.com\/OArcanjoNoAr\/","article_published_time":"2012-01-11T00:10:33+00:00","article_modified_time":"2012-02-19T18:29:42+00:00","og_image":[{"url":"http:\/\/www.oarcanjo.net\/site\/wp-content\/uploads\/CartazCF2012-209x300.jpg"}],"author":"editor","twitter_card":"summary_large_image","twitter_misc":{"Escrito por":"editor","Est. tempo de leitura":"3 minutos"},"schema":{"@context":"https:\/\/schema.org","@graph":[{"@type":"Article","@id":"https:\/\/www.oarcanjo.net\/site\/campanha-da-fraternidade-2012-que-a-saude-se-difunda-sobre-a-terra\/#article","isPartOf":{"@id":"https:\/\/www.oarcanjo.net\/site\/campanha-da-fraternidade-2012-que-a-saude-se-difunda-sobre-a-terra\/"},"author":{"name":"editor","@id":"https:\/\/www.oarcanjo.net\/site\/#\/schema\/person\/f7024d007863202483a31326673a0838"},"headline":"Campanha da Fraternidade 2012: &#8220;Que a sa\u00fade se difunda sobre a terra&#8221;","datePublished":"2012-01-11T00:10:33+00:00","dateModified":"2012-02-19T18:29:42+00:00","mainEntityOfPage":{"@id":"https:\/\/www.oarcanjo.net\/site\/campanha-da-fraternidade-2012-que-a-saude-se-difunda-sobre-a-terra\/"},"wordCount":545,"commentCount":0,"publisher":{"@id":"https:\/\/www.oarcanjo.net\/site\/#organization"},"image":{"@id":"https:\/\/www.oarcanjo.net\/site\/campanha-da-fraternidade-2012-que-a-saude-se-difunda-sobre-a-terra\/#primaryimage"},"thumbnailUrl":"http:\/\/www.oarcanjo.net\/site\/wp-content\/uploads\/CartazCF2012-209x300.jpg","keywords":["Campanha da Fraternidade","sa\u00fade","SUS"],"articleSection":["CF","Destaques","V\u00eddeos"],"inLanguage":"pt-BR","potentialAction":[{"@type":"CommentAction","name":"Comment","target":["https:\/\/www.oarcanjo.net\/site\/campanha-da-fraternidade-2012-que-a-saude-se-difunda-sobre-a-terra\/#respond"]}]},{"@type":"WebPage","@id":"https:\/\/www.oarcanjo.net\/site\/campanha-da-fraternidade-2012-que-a-saude-se-difunda-sobre-a-terra\/","url":"https:\/\/www.oarcanjo.net\/site\/campanha-da-fraternidade-2012-que-a-saude-se-difunda-sobre-a-terra\/","name":"Campanha da Fraternidade 2012: \"Que a sa\u00fade se difunda sobre a terra\" - O Arcanjo no ar","isPartOf":{"@id":"https:\/\/www.oarcanjo.net\/site\/#website"},"primaryImageOfPage":{"@id":"https:\/\/www.oarcanjo.net\/site\/campanha-da-fraternidade-2012-que-a-saude-se-difunda-sobre-a-terra\/#primaryimage"},"image":{"@id":"https:\/\/www.oarcanjo.net\/site\/campanha-da-fraternidade-2012-que-a-saude-se-difunda-sobre-a-terra\/#primaryimage"},"thumbnailUrl":"http:\/\/www.oarcanjo.net\/site\/wp-content\/uploads\/CartazCF2012-209x300.jpg","datePublished":"2012-01-11T00:10:33+00:00","dateModified":"2012-02-19T18:29:42+00:00","breadcrumb":{"@id":"https:\/\/www.oarcanjo.net\/site\/campanha-da-fraternidade-2012-que-a-saude-se-difunda-sobre-a-terra\/#breadcrumb"},"inLanguage":"pt-BR","potentialAction":[{"@type":"ReadAction","target":["https:\/\/www.oarcanjo.net\/site\/campanha-da-fraternidade-2012-que-a-saude-se-difunda-sobre-a-terra\/"]}]},{"@type":"ImageObject","inLanguage":"pt-BR","@id":"https:\/\/www.oarcanjo.net\/site\/campanha-da-fraternidade-2012-que-a-saude-se-difunda-sobre-a-terra\/#primaryimage","url":"https:\/\/www.oarcanjo.net\/site\/wp-content\/uploads\/CartazCF2012.jpg","contentUrl":"https:\/\/www.oarcanjo.net\/site\/wp-content\/uploads\/CartazCF2012.jpg","width":"400","height":"573"},{"@type":"BreadcrumbList","@id":"https:\/\/www.oarcanjo.net\/site\/campanha-da-fraternidade-2012-que-a-saude-se-difunda-sobre-a-terra\/#breadcrumb","itemListElement":[{"@type":"ListItem","position":1,"name":"In\u00edcio","item":"https:\/\/www.oarcanjo.net\/site\/"},{"@type":"ListItem","position":2,"name":"Campanha da Fraternidade 2012: &#8220;Que a sa\u00fade se difunda sobre a terra&#8221;"}]},{"@type":"WebSite","@id":"https:\/\/www.oarcanjo.net\/site\/#website","url":"https:\/\/www.oarcanjo.net\/site\/","name":"O Arcanjo no ar","description":"Site da Par\u00f3quia S\u00e3o Miguel Arcanjo (Arquidiocese de SP)","publisher":{"@id":"https:\/\/www.oarcanjo.net\/site\/#organization"},"potentialAction":[{"@type":"SearchAction","target":{"@type":"EntryPoint","urlTemplate":"https:\/\/www.oarcanjo.net\/site\/?s={search_term_string}"},"query-input":{"@type":"PropertyValueSpecification","valueRequired":true,"valueName":"search_term_string"}}],"inLanguage":"pt-BR"},{"@type":"Organization","@id":"https:\/\/www.oarcanjo.net\/site\/#organization","name":"Par\u00f3quia S\u00e3o Miguel Arcanjo","url":"https:\/\/www.oarcanjo.net\/site\/","logo":{"@type":"ImageObject","inLanguage":"pt-BR","@id":"https:\/\/www.oarcanjo.net\/site\/#\/schema\/logo\/image\/","url":"https:\/\/www.oarcanjo.net\/site\/wp-content\/uploads\/LogoOArcanjo.png","contentUrl":"https:\/\/www.oarcanjo.net\/site\/wp-content\/uploads\/LogoOArcanjo.png","width":319,"height":99,"caption":"Par\u00f3quia S\u00e3o Miguel Arcanjo"},"image":{"@id":"https:\/\/www.oarcanjo.net\/site\/#\/schema\/logo\/image\/"},"sameAs":["https:\/\/www.facebook.com\/OArcanjoNoAr\/"]},{"@type":"Person","@id":"https:\/\/www.oarcanjo.net\/site\/#\/schema\/person\/f7024d007863202483a31326673a0838","name":"editor","sameAs":["http:\/\/www.oarcanjo.net"]}]}},"publishpress_future_action":{"enabled":false,"date":"2026-05-09 07:56:38","action":"category","newStatus":"draft","terms":[],"taxonomy":"category"},"publishpress_future_workflow_manual_trigger":{"enabledWorkflows":[]},"_links":{"self":[{"href":"https:\/\/www.oarcanjo.net\/site\/wp-json\/wp\/v2\/posts\/17067"}],"collection":[{"href":"https:\/\/www.oarcanjo.net\/site\/wp-json\/wp\/v2\/posts"}],"about":[{"href":"https:\/\/www.oarcanjo.net\/site\/wp-json\/wp\/v2\/types\/post"}],"author":[{"embeddable":true,"href":"https:\/\/www.oarcanjo.net\/site\/wp-json\/wp\/v2\/users\/5"}],"replies":[{"embeddable":true,"href":"https:\/\/www.oarcanjo.net\/site\/wp-json\/wp\/v2\/comments?post=17067"}],"version-history":[{"count":0,"href":"https:\/\/www.oarcanjo.net\/site\/wp-json\/wp\/v2\/posts\/17067\/revisions"}],"wp:attachment":[{"href":"https:\/\/www.oarcanjo.net\/site\/wp-json\/wp\/v2\/media?parent=17067"}],"wp:term":[{"taxonomy":"category","embeddable":true,"href":"https:\/\/www.oarcanjo.net\/site\/wp-json\/wp\/v2\/categories?post=17067"},{"taxonomy":"post_tag","embeddable":true,"href":"https:\/\/www.oarcanjo.net\/site\/wp-json\/wp\/v2\/tags?post=17067"}],"curies":[{"name":"wp","href":"https:\/\/api.w.org\/{rel}","templated":true}]}}