
{"id":17090,"date":"2012-01-11T09:16:29","date_gmt":"2012-01-11T11:16:29","guid":{"rendered":"http:\/\/www.oarcanjo.net\/site\/?p=17090"},"modified":"2012-01-11T09:19:17","modified_gmt":"2012-01-11T11:19:17","slug":"arquidiocese-prepara-celebracao-do-patrono","status":"publish","type":"post","link":"https:\/\/www.oarcanjo.net\/site\/arquidiocese-prepara-celebracao-do-patrono\/","title":{"rendered":"Arquidiocese prepara celebra\u00e7\u00e3o do patrono"},"content":{"rendered":"<p>O dia 25 de janeiro \u00e9 festejado por ser anivers\u00e1rio da cidade de S\u00e3o Paulo, que em 2012 completa 458 anos de funda\u00e7\u00e3o. Para os cat\u00f3licos, por\u00e9m, a festa tem um sentido especial, pois nesta data celebra-se a convers\u00e3o do ap\u00f3stolo Paulo, patrono da maior arquidiocese do pa\u00eds.<\/p>\n<p>O ponto alto da festa \u00e9 no pr\u00f3prio feriado de 25 de janeiro, quando se realiza, \u00e0s 9h, na Catedral da S\u00e9, missa solene em honra ao ap\u00f3stolo S\u00e3o Paulo. A celebra\u00e7\u00e3o ser\u00e1 presidida pelo arcebispo metropolitano, cardeal dom Odilo Pedro Scherer, e concelebrada por demais bispos e padres que estiverem presentes. O prefeito Gilberto Kassab confirmou que participar\u00e1 da missa.<\/p>\n<p>Perseguidor dos crist\u00e3os, o ap\u00f3stolo S\u00e3o Paulo teve a vida mudada ap\u00f3s um encontro pessoal com Cristo, na estrada a caminho de Damasco. Daquele momento em diante, tornou-se pregador do evangelho, anunciador da palavra do Mestre e exemplo para os crist\u00e3os de um aut\u00eantico \u201cdisc\u00edpulo-mission\u00e1rio\u201d.<\/p>\n<p>Para melhor celebrar sua festa patronal, a Arquidiocese preparou um folheto, j\u00e1 enviado \u00e0s par\u00f3quias, que convida todas as comunidades e fam\u00edlias a celebrarem o tr\u00edduo em honra a S\u00e3o Paulo ap\u00f3stolo. Nestes tr\u00eas dias de prepara\u00e7\u00e3o, temas espec\u00edficos (frases da ora\u00e7\u00e3o ao padroeiro) guiam as reflex\u00f5es da comunidade: no primeiro dia, o tema \u00e9 \u201c\u00d3 S\u00e3o Paulo, ensina-nos a acolher a palavra de Deus\u201d; no segundo, \u201c\u00d3 S\u00e3o Paulo, conduze-nos ao encontro com Jesus\u201d e, por fim, no terceiro dia, \u201c\u00d3 S\u00e3o Paulo, infunde em n\u00f3s coragem e ardor mission\u00e1rio\u201d.<\/p>\n<p>Para o cardeal dom Odilo, \u201ctemos muito para aprender dele [de S\u00e3o Paulo ap\u00f3stolo], de sua f\u00e9 firme e profunda, de seu amor a Jesus Cristo, sua dedica\u00e7\u00e3o ao an\u00fancio do Evangelho, seu ardor mission\u00e1rio, sua dedica\u00e7\u00e3o aos pobres\u201d.<\/p>\n<p>O cardeal insiste de forma especial para que todos procurem se informar, em sua par\u00f3quia, de que forma e, em que hor\u00e1rios, ser\u00e1 celebrado o tr\u00edduo.<\/p>\n<p>A missa do 25 de janeiro na Catedral da S\u00e9 come\u00e7a com uma homenagem daqueles que ajudaram a construir a cidade ao ap\u00f3stolo que d\u00e1 nome a ela. Crian\u00e7as vestidas com roupas t\u00edpicas representando os diversos imigrantes (como os italianos, japoneses, portugueses entre outros), e migrantes (ga\u00fachos, nordestinos, sertanejos, ind\u00edgenas) levar\u00e3o flores at\u00e9 a imagem do ap\u00f3stolo S\u00e3o Paulo.<\/p>\n<p>Antes da missa acontece em frente ao P\u00e1teo do Col\u00e9gio um ato c\u00edvico, com deposi\u00e7\u00e3o de flores em frente ao monumento em homenagem aos fundadores da cidade, o beato padre Anchieta e padre Manoel da N\u00f3brega.<\/p>\n<p>Ap\u00f3s a celebra\u00e7\u00e3o na catedral, ser\u00e1 realizado, na sede da prefeitura, ato c\u00edvico de entrega da medalha 25 de janeiro, conferida a uma autoridade de destaque (a exemplo do ano passado, quando foi entregue ao ex-vice-presidente da rep\u00fablica Jos\u00e9 Alencar).<\/p>\n<p><em>Publicado originalmente no <a title=\"Arquidiocese de S\u00e3o Paulo\" href=\"http:\/\/www.arquidiocesedesaopaulo.org.br\/?q=node\/64096\" target=\"_blank\">site da Arquidiocese de S\u00e3o Paulo<\/a><\/em><\/p>\n<div id=\"themify_builder_content-17090\" data-postid=\"17090\" class=\"themify_builder_content themify_builder_content-17090 themify_builder themify_builder_front\">\n\t<\/div>\n<!-- \/themify_builder_content -->","protected":false},"excerpt":{"rendered":"<p>O dia 25 de janeiro \u00e9 festejado por ser anivers\u00e1rio da cidade de S\u00e3o Paulo, que em 2012 completa 458 anos de funda\u00e7\u00e3o. Para os cat\u00f3licos, por\u00e9m, a festa tem um sentido especial, pois nesta data celebra-se a convers\u00e3o do ap\u00f3stolo Paulo, patrono da maior arquidiocese do pa\u00eds. O ponto alto da festa \u00e9 no [&hellip;]<\/p>\n","protected":false},"author":5,"featured_media":0,"comment_status":"open","ping_status":"open","sticky":false,"template":"","format":"standard","meta":{"ngg_post_thumbnail":0,"footnotes":""},"categories":[8],"tags":[2151,452,11],"yoast_head":"<!-- This site is optimized with the Yoast SEO plugin v23.5 - https:\/\/yoast.com\/wordpress\/plugins\/seo\/ -->\n<title>Arquidiocese prepara celebra\u00e7\u00e3o do patrono - O Arcanjo no ar<\/title>\n<meta name=\"robots\" content=\"index, follow, max-snippet:-1, max-image-preview:large, max-video-preview:-1\" \/>\n<link rel=\"canonical\" href=\"https:\/\/www.oarcanjo.net\/site\/arquidiocese-prepara-celebracao-do-patrono\/\" \/>\n<meta property=\"og:locale\" content=\"pt_BR\" \/>\n<meta property=\"og:type\" content=\"article\" \/>\n<meta property=\"og:title\" content=\"Arquidiocese prepara celebra\u00e7\u00e3o do patrono - O Arcanjo no ar\" \/>\n<meta property=\"og:description\" content=\"O dia 25 de janeiro \u00e9 festejado por ser anivers\u00e1rio da cidade de S\u00e3o Paulo, que em 2012 completa 458 anos de funda\u00e7\u00e3o. Para os cat\u00f3licos, por\u00e9m, a festa tem um sentido especial, pois nesta data celebra-se a convers\u00e3o do ap\u00f3stolo Paulo, patrono da maior arquidiocese do pa\u00eds. O ponto alto da festa \u00e9 no [&hellip;]\" \/>\n<meta property=\"og:url\" content=\"https:\/\/www.oarcanjo.net\/site\/arquidiocese-prepara-celebracao-do-patrono\/\" \/>\n<meta property=\"og:site_name\" content=\"O Arcanjo no ar\" \/>\n<meta property=\"article:publisher\" content=\"https:\/\/www.facebook.com\/OArcanjoNoAr\/\" \/>\n<meta property=\"article:published_time\" content=\"2012-01-11T11:16:29+00:00\" \/>\n<meta property=\"article:modified_time\" content=\"2012-01-11T11:19:17+00:00\" \/>\n<meta property=\"og:image\" content=\"https:\/\/www.oarcanjo.net\/site\/wp-content\/uploads\/logo-o-arcanjo-no-ar-facebook.png\" \/>\n\t<meta property=\"og:image:width\" content=\"300\" \/>\n\t<meta property=\"og:image:height\" content=\"300\" \/>\n\t<meta property=\"og:image:type\" content=\"image\/png\" \/>\n<meta name=\"author\" content=\"editor\" \/>\n<meta name=\"twitter:card\" content=\"summary_large_image\" \/>\n<meta name=\"twitter:label1\" content=\"Escrito por\" \/>\n\t<meta name=\"twitter:data1\" content=\"editor\" \/>\n\t<meta name=\"twitter:label2\" content=\"Est. tempo de leitura\" \/>\n\t<meta name=\"twitter:data2\" content=\"3 minutos\" \/>\n<script type=\"application\/ld+json\" class=\"yoast-schema-graph\">{\"@context\":\"https:\/\/schema.org\",\"@graph\":[{\"@type\":\"Article\",\"@id\":\"https:\/\/www.oarcanjo.net\/site\/arquidiocese-prepara-celebracao-do-patrono\/#article\",\"isPartOf\":{\"@id\":\"https:\/\/www.oarcanjo.net\/site\/arquidiocese-prepara-celebracao-do-patrono\/\"},\"author\":{\"name\":\"editor\",\"@id\":\"https:\/\/www.oarcanjo.net\/site\/#\/schema\/person\/f7024d007863202483a31326673a0838\"},\"headline\":\"Arquidiocese prepara celebra\u00e7\u00e3o do patrono\",\"datePublished\":\"2012-01-11T11:16:29+00:00\",\"dateModified\":\"2012-01-11T11:19:17+00:00\",\"mainEntityOfPage\":{\"@id\":\"https:\/\/www.oarcanjo.net\/site\/arquidiocese-prepara-celebracao-do-patrono\/\"},\"wordCount\":511,\"commentCount\":0,\"publisher\":{\"@id\":\"https:\/\/www.oarcanjo.net\/site\/#organization\"},\"keywords\":[\"25 de janeiro\",\"Catedral da S\u00e9\",\"S\u00e3o Paulo\"],\"articleSection\":[\"Not\u00edcias\"],\"inLanguage\":\"pt-BR\",\"potentialAction\":[{\"@type\":\"CommentAction\",\"name\":\"Comment\",\"target\":[\"https:\/\/www.oarcanjo.net\/site\/arquidiocese-prepara-celebracao-do-patrono\/#respond\"]}]},{\"@type\":\"WebPage\",\"@id\":\"https:\/\/www.oarcanjo.net\/site\/arquidiocese-prepara-celebracao-do-patrono\/\",\"url\":\"https:\/\/www.oarcanjo.net\/site\/arquidiocese-prepara-celebracao-do-patrono\/\",\"name\":\"Arquidiocese prepara celebra\u00e7\u00e3o do patrono - O Arcanjo no ar\",\"isPartOf\":{\"@id\":\"https:\/\/www.oarcanjo.net\/site\/#website\"},\"datePublished\":\"2012-01-11T11:16:29+00:00\",\"dateModified\":\"2012-01-11T11:19:17+00:00\",\"breadcrumb\":{\"@id\":\"https:\/\/www.oarcanjo.net\/site\/arquidiocese-prepara-celebracao-do-patrono\/#breadcrumb\"},\"inLanguage\":\"pt-BR\",\"potentialAction\":[{\"@type\":\"ReadAction\",\"target\":[\"https:\/\/www.oarcanjo.net\/site\/arquidiocese-prepara-celebracao-do-patrono\/\"]}]},{\"@type\":\"BreadcrumbList\",\"@id\":\"https:\/\/www.oarcanjo.net\/site\/arquidiocese-prepara-celebracao-do-patrono\/#breadcrumb\",\"itemListElement\":[{\"@type\":\"ListItem\",\"position\":1,\"name\":\"In\u00edcio\",\"item\":\"https:\/\/www.oarcanjo.net\/site\/\"},{\"@type\":\"ListItem\",\"position\":2,\"name\":\"Arquidiocese prepara celebra\u00e7\u00e3o do patrono\"}]},{\"@type\":\"WebSite\",\"@id\":\"https:\/\/www.oarcanjo.net\/site\/#website\",\"url\":\"https:\/\/www.oarcanjo.net\/site\/\",\"name\":\"O Arcanjo no ar\",\"description\":\"Site da Par\u00f3quia S\u00e3o Miguel Arcanjo (Arquidiocese de SP)\",\"publisher\":{\"@id\":\"https:\/\/www.oarcanjo.net\/site\/#organization\"},\"potentialAction\":[{\"@type\":\"SearchAction\",\"target\":{\"@type\":\"EntryPoint\",\"urlTemplate\":\"https:\/\/www.oarcanjo.net\/site\/?s={search_term_string}\"},\"query-input\":{\"@type\":\"PropertyValueSpecification\",\"valueRequired\":true,\"valueName\":\"search_term_string\"}}],\"inLanguage\":\"pt-BR\"},{\"@type\":\"Organization\",\"@id\":\"https:\/\/www.oarcanjo.net\/site\/#organization\",\"name\":\"Par\u00f3quia S\u00e3o Miguel Arcanjo\",\"url\":\"https:\/\/www.oarcanjo.net\/site\/\",\"logo\":{\"@type\":\"ImageObject\",\"inLanguage\":\"pt-BR\",\"@id\":\"https:\/\/www.oarcanjo.net\/site\/#\/schema\/logo\/image\/\",\"url\":\"https:\/\/www.oarcanjo.net\/site\/wp-content\/uploads\/LogoOArcanjo.png\",\"contentUrl\":\"https:\/\/www.oarcanjo.net\/site\/wp-content\/uploads\/LogoOArcanjo.png\",\"width\":319,\"height\":99,\"caption\":\"Par\u00f3quia S\u00e3o Miguel Arcanjo\"},\"image\":{\"@id\":\"https:\/\/www.oarcanjo.net\/site\/#\/schema\/logo\/image\/\"},\"sameAs\":[\"https:\/\/www.facebook.com\/OArcanjoNoAr\/\"]},{\"@type\":\"Person\",\"@id\":\"https:\/\/www.oarcanjo.net\/site\/#\/schema\/person\/f7024d007863202483a31326673a0838\",\"name\":\"editor\",\"sameAs\":[\"http:\/\/www.oarcanjo.net\"]}]}<\/script>\n<!-- \/ Yoast SEO plugin. -->","yoast_head_json":{"title":"Arquidiocese prepara celebra\u00e7\u00e3o do patrono - O Arcanjo no ar","robots":{"index":"index","follow":"follow","max-snippet":"max-snippet:-1","max-image-preview":"max-image-preview:large","max-video-preview":"max-video-preview:-1"},"canonical":"https:\/\/www.oarcanjo.net\/site\/arquidiocese-prepara-celebracao-do-patrono\/","og_locale":"pt_BR","og_type":"article","og_title":"Arquidiocese prepara celebra\u00e7\u00e3o do patrono - O Arcanjo no ar","og_description":"O dia 25 de janeiro \u00e9 festejado por ser anivers\u00e1rio da cidade de S\u00e3o Paulo, que em 2012 completa 458 anos de funda\u00e7\u00e3o. Para os cat\u00f3licos, por\u00e9m, a festa tem um sentido especial, pois nesta data celebra-se a convers\u00e3o do ap\u00f3stolo Paulo, patrono da maior arquidiocese do pa\u00eds. O ponto alto da festa \u00e9 no [&hellip;]","og_url":"https:\/\/www.oarcanjo.net\/site\/arquidiocese-prepara-celebracao-do-patrono\/","og_site_name":"O Arcanjo no ar","article_publisher":"https:\/\/www.facebook.com\/OArcanjoNoAr\/","article_published_time":"2012-01-11T11:16:29+00:00","article_modified_time":"2012-01-11T11:19:17+00:00","og_image":[{"width":300,"height":300,"url":"https:\/\/www.oarcanjo.net\/site\/wp-content\/uploads\/logo-o-arcanjo-no-ar-facebook.png","type":"image\/png"}],"author":"editor","twitter_card":"summary_large_image","twitter_misc":{"Escrito por":"editor","Est. tempo de leitura":"3 minutos"},"schema":{"@context":"https:\/\/schema.org","@graph":[{"@type":"Article","@id":"https:\/\/www.oarcanjo.net\/site\/arquidiocese-prepara-celebracao-do-patrono\/#article","isPartOf":{"@id":"https:\/\/www.oarcanjo.net\/site\/arquidiocese-prepara-celebracao-do-patrono\/"},"author":{"name":"editor","@id":"https:\/\/www.oarcanjo.net\/site\/#\/schema\/person\/f7024d007863202483a31326673a0838"},"headline":"Arquidiocese prepara celebra\u00e7\u00e3o do patrono","datePublished":"2012-01-11T11:16:29+00:00","dateModified":"2012-01-11T11:19:17+00:00","mainEntityOfPage":{"@id":"https:\/\/www.oarcanjo.net\/site\/arquidiocese-prepara-celebracao-do-patrono\/"},"wordCount":511,"commentCount":0,"publisher":{"@id":"https:\/\/www.oarcanjo.net\/site\/#organization"},"keywords":["25 de janeiro","Catedral da S\u00e9","S\u00e3o Paulo"],"articleSection":["Not\u00edcias"],"inLanguage":"pt-BR","potentialAction":[{"@type":"CommentAction","name":"Comment","target":["https:\/\/www.oarcanjo.net\/site\/arquidiocese-prepara-celebracao-do-patrono\/#respond"]}]},{"@type":"WebPage","@id":"https:\/\/www.oarcanjo.net\/site\/arquidiocese-prepara-celebracao-do-patrono\/","url":"https:\/\/www.oarcanjo.net\/site\/arquidiocese-prepara-celebracao-do-patrono\/","name":"Arquidiocese prepara celebra\u00e7\u00e3o do patrono - O Arcanjo no ar","isPartOf":{"@id":"https:\/\/www.oarcanjo.net\/site\/#website"},"datePublished":"2012-01-11T11:16:29+00:00","dateModified":"2012-01-11T11:19:17+00:00","breadcrumb":{"@id":"https:\/\/www.oarcanjo.net\/site\/arquidiocese-prepara-celebracao-do-patrono\/#breadcrumb"},"inLanguage":"pt-BR","potentialAction":[{"@type":"ReadAction","target":["https:\/\/www.oarcanjo.net\/site\/arquidiocese-prepara-celebracao-do-patrono\/"]}]},{"@type":"BreadcrumbList","@id":"https:\/\/www.oarcanjo.net\/site\/arquidiocese-prepara-celebracao-do-patrono\/#breadcrumb","itemListElement":[{"@type":"ListItem","position":1,"name":"In\u00edcio","item":"https:\/\/www.oarcanjo.net\/site\/"},{"@type":"ListItem","position":2,"name":"Arquidiocese prepara celebra\u00e7\u00e3o do patrono"}]},{"@type":"WebSite","@id":"https:\/\/www.oarcanjo.net\/site\/#website","url":"https:\/\/www.oarcanjo.net\/site\/","name":"O Arcanjo no ar","description":"Site da Par\u00f3quia S\u00e3o Miguel Arcanjo (Arquidiocese de SP)","publisher":{"@id":"https:\/\/www.oarcanjo.net\/site\/#organization"},"potentialAction":[{"@type":"SearchAction","target":{"@type":"EntryPoint","urlTemplate":"https:\/\/www.oarcanjo.net\/site\/?s={search_term_string}"},"query-input":{"@type":"PropertyValueSpecification","valueRequired":true,"valueName":"search_term_string"}}],"inLanguage":"pt-BR"},{"@type":"Organization","@id":"https:\/\/www.oarcanjo.net\/site\/#organization","name":"Par\u00f3quia S\u00e3o Miguel Arcanjo","url":"https:\/\/www.oarcanjo.net\/site\/","logo":{"@type":"ImageObject","inLanguage":"pt-BR","@id":"https:\/\/www.oarcanjo.net\/site\/#\/schema\/logo\/image\/","url":"https:\/\/www.oarcanjo.net\/site\/wp-content\/uploads\/LogoOArcanjo.png","contentUrl":"https:\/\/www.oarcanjo.net\/site\/wp-content\/uploads\/LogoOArcanjo.png","width":319,"height":99,"caption":"Par\u00f3quia S\u00e3o Miguel Arcanjo"},"image":{"@id":"https:\/\/www.oarcanjo.net\/site\/#\/schema\/logo\/image\/"},"sameAs":["https:\/\/www.facebook.com\/OArcanjoNoAr\/"]},{"@type":"Person","@id":"https:\/\/www.oarcanjo.net\/site\/#\/schema\/person\/f7024d007863202483a31326673a0838","name":"editor","sameAs":["http:\/\/www.oarcanjo.net"]}]}},"publishpress_future_action":{"enabled":false,"date":"2026-05-08 23:56:17","action":"category","newStatus":"draft","terms":[],"taxonomy":"category"},"publishpress_future_workflow_manual_trigger":{"enabledWorkflows":[]},"_links":{"self":[{"href":"https:\/\/www.oarcanjo.net\/site\/wp-json\/wp\/v2\/posts\/17090"}],"collection":[{"href":"https:\/\/www.oarcanjo.net\/site\/wp-json\/wp\/v2\/posts"}],"about":[{"href":"https:\/\/www.oarcanjo.net\/site\/wp-json\/wp\/v2\/types\/post"}],"author":[{"embeddable":true,"href":"https:\/\/www.oarcanjo.net\/site\/wp-json\/wp\/v2\/users\/5"}],"replies":[{"embeddable":true,"href":"https:\/\/www.oarcanjo.net\/site\/wp-json\/wp\/v2\/comments?post=17090"}],"version-history":[{"count":0,"href":"https:\/\/www.oarcanjo.net\/site\/wp-json\/wp\/v2\/posts\/17090\/revisions"}],"wp:attachment":[{"href":"https:\/\/www.oarcanjo.net\/site\/wp-json\/wp\/v2\/media?parent=17090"}],"wp:term":[{"taxonomy":"category","embeddable":true,"href":"https:\/\/www.oarcanjo.net\/site\/wp-json\/wp\/v2\/categories?post=17090"},{"taxonomy":"post_tag","embeddable":true,"href":"https:\/\/www.oarcanjo.net\/site\/wp-json\/wp\/v2\/tags?post=17090"}],"curies":[{"name":"wp","href":"https:\/\/api.w.org\/{rel}","templated":true}]}}