
{"id":17096,"date":"2012-01-11T23:10:14","date_gmt":"2012-01-12T01:10:14","guid":{"rendered":"http:\/\/www.oarcanjo.net\/site\/?p=17096"},"modified":"2012-01-11T23:10:14","modified_gmt":"2012-01-12T01:10:14","slug":"vicariato-do-povo-da-rua-mostra-a-jornalistas-trabalho-da-igreja-na-cracolandia","status":"publish","type":"post","link":"https:\/\/www.oarcanjo.net\/site\/vicariato-do-povo-da-rua-mostra-a-jornalistas-trabalho-da-igreja-na-cracolandia\/","title":{"rendered":"Vicariato do Povo da Rua mostra a jornalistas trabalho da Igreja na Cracol\u00e2ndia"},"content":{"rendered":"<p>\u201cTodos dizem: \u2018Tinha que ser feito alguma coisa\u2019. E ter que fazer alguma coisa, n\u00e3o significa fazer qualquer coisa e n\u00e3o significa fazer a pior coisa\u201d.<\/p>\n<p>Com essa afirma\u00e7\u00e3o, o vig\u00e1rio episcopal para a Pastoral do Povo da Rua da Arquidiocese de S\u00e3o Paulo, padre Julio Lancellotti, abriu, na manh\u00e3 de ter\u00e7a-feira (10), uma entrevista coletiva \u00e0 imprensa, na Casa de Ora\u00e7\u00e3o do Povo de Rua. Durante o encontro com a m\u00eddia, o vig\u00e1rio episcopal criticou os m\u00e9todos adotados pelo poder p\u00fablico junto aos dependentes qu\u00edmicos da regi\u00e3o conhecida como Cracol\u00e2ndia, no centro da capital, e apresentou resultados positivos de trabalhos da Igreja realizados com essa popula\u00e7\u00e3o.<\/p>\n<p>Segundo ele, o uso da for\u00e7a e da viol\u00eancia n\u00e3o se justifica, pois \u00e9 preciso\u201cdeixar claro\u201d que \u201cn\u00e3o \u00e9 a bala de borracha, n\u00e3o \u00e9 o cassetete, n\u00e3o \u00e9 a persegui\u00e7\u00e3o [&#8230;] que v\u00e3o resolver o problema\u201d.<\/p>\n<p>O padre apresentou alguns ex-dependentes qu\u00edmicos que, com a ajuda de grupos da Igreja que possuem um trabalho atuante e antigo, decidiram sair da Cracol\u00e2ndia e buscar maneiras de se livrar do v\u00edcio.<\/p>\n<p>Como afirmou o arcebispo metropolitano de S\u00e3o Paulo, cardeal dom Odilo Pedro Scherer, em entrevista ao jornal \u201cO S\u00e3o Paulo\u201d (distribu\u00edda na coletiva de imprensa), \u201ca Igreja tem seu m\u00e9todo pr\u00f3prio, muito eficaz, para tratar com o problema e para recuperar os dependentes\u201d.<\/p>\n<p>Entre os depoimentos dados na coletiva, o que se viu foi muita emo\u00e7\u00e3o por parte de cada ex-usu\u00e1rio. O que eles sempre falavam, e que o padre Julio repetiu diversas vezes, foi a import\u00e2ncia do amor, da aten\u00e7\u00e3o, do cuidado. Para Marina Silva Oliveira, 30, \u201co abra\u00e7o do padre foi um refrig\u00e9rio para minha alma\u201d.<\/p>\n<p>Marina, que est\u00e1 h\u00e1 cerca de 15 dias sob os cuidados da Comunidade Miss\u00e3o Bel\u00e9m, conta que j\u00e1 tentou por quatro vezes se libertar do v\u00edcio e se diz emocionada. \u201cN\u00e3o somos esse lixo que eles pensam, para quererem acabar com nossa vida\u201d.<\/p>\n<p>Padre Julio reiterou que o trabalho \u00e9 dif\u00edcil, pesado e exige esfor\u00e7o e, por isso, que os lugares de recupera\u00e7\u00e3o n\u00e3o podem se fechar aos casos reincidentes, como o de Marina, e devem estar abertos para acolher aqueles que buscam tratamento, mesmo que estes venham a ter reca\u00eddas.<\/p>\n<p>Para finalizar, o vig\u00e1rio falou sobre a interna\u00e7\u00e3o compuls\u00f3ria e disse que \u201ccompuls\u00f3rio deve ser o CAPs 24h (Centros de Aten\u00e7\u00e3o Psicossocial)\u201d. Padre J\u00falio disse, ainda, que \u201cgostaria que o poder p\u00fablico falasse onde est\u00e1 tendo atendimento, onde est\u00e3o os consult\u00f3rios de rua, treinamento constante dos agentes de sa\u00fade\u201d.<\/p>\n<div id=\"themify_builder_content-17096\" data-postid=\"17096\" class=\"themify_builder_content themify_builder_content-17096 themify_builder themify_builder_front\">\n\t<\/div>\n<!-- \/themify_builder_content -->","protected":false},"excerpt":{"rendered":"<p>\u201cTodos dizem: \u2018Tinha que ser feito alguma coisa\u2019. E ter que fazer alguma coisa, n\u00e3o significa fazer qualquer coisa e n\u00e3o significa fazer a pior coisa\u201d. Com essa afirma\u00e7\u00e3o, o vig\u00e1rio episcopal para a Pastoral do Povo da Rua da Arquidiocese de S\u00e3o Paulo, padre Julio Lancellotti, abriu, na manh\u00e3 de ter\u00e7a-feira (10), uma entrevista [&hellip;]<\/p>\n","protected":false},"author":5,"featured_media":0,"comment_status":"open","ping_status":"open","sticky":false,"template":"","format":"standard","meta":{"ngg_post_thumbnail":0,"footnotes":""},"categories":[8],"tags":[1993,91],"yoast_head":"<!-- This site is optimized with the Yoast SEO plugin v23.5 - https:\/\/yoast.com\/wordpress\/plugins\/seo\/ -->\n<title>Vicariato do Povo da Rua mostra a jornalistas trabalho da Igreja na Cracol\u00e2ndia - O Arcanjo no ar<\/title>\n<meta name=\"robots\" content=\"index, follow, max-snippet:-1, max-image-preview:large, max-video-preview:-1\" \/>\n<link rel=\"canonical\" href=\"https:\/\/www.oarcanjo.net\/site\/vicariato-do-povo-da-rua-mostra-a-jornalistas-trabalho-da-igreja-na-cracolandia\/\" \/>\n<meta property=\"og:locale\" content=\"pt_BR\" \/>\n<meta property=\"og:type\" content=\"article\" \/>\n<meta property=\"og:title\" content=\"Vicariato do Povo da Rua mostra a jornalistas trabalho da Igreja na Cracol\u00e2ndia - O Arcanjo no ar\" \/>\n<meta property=\"og:description\" content=\"\u201cTodos dizem: \u2018Tinha que ser feito alguma coisa\u2019. E ter que fazer alguma coisa, n\u00e3o significa fazer qualquer coisa e n\u00e3o significa fazer a pior coisa\u201d. Com essa afirma\u00e7\u00e3o, o vig\u00e1rio episcopal para a Pastoral do Povo da Rua da Arquidiocese de S\u00e3o Paulo, padre Julio Lancellotti, abriu, na manh\u00e3 de ter\u00e7a-feira (10), uma entrevista [&hellip;]\" \/>\n<meta property=\"og:url\" content=\"https:\/\/www.oarcanjo.net\/site\/vicariato-do-povo-da-rua-mostra-a-jornalistas-trabalho-da-igreja-na-cracolandia\/\" \/>\n<meta property=\"og:site_name\" content=\"O Arcanjo no ar\" \/>\n<meta property=\"article:publisher\" content=\"https:\/\/www.facebook.com\/OArcanjoNoAr\/\" \/>\n<meta property=\"article:published_time\" content=\"2012-01-12T01:10:14+00:00\" \/>\n<meta property=\"og:image\" content=\"https:\/\/www.oarcanjo.net\/site\/wp-content\/uploads\/logo-o-arcanjo-no-ar-facebook.png\" \/>\n\t<meta property=\"og:image:width\" content=\"300\" \/>\n\t<meta property=\"og:image:height\" content=\"300\" \/>\n\t<meta property=\"og:image:type\" content=\"image\/png\" \/>\n<meta name=\"author\" content=\"editor\" \/>\n<meta name=\"twitter:card\" content=\"summary_large_image\" \/>\n<meta name=\"twitter:label1\" content=\"Escrito por\" \/>\n\t<meta name=\"twitter:data1\" content=\"editor\" \/>\n\t<meta name=\"twitter:label2\" content=\"Est. tempo de leitura\" \/>\n\t<meta name=\"twitter:data2\" content=\"2 minutos\" \/>\n<script type=\"application\/ld+json\" class=\"yoast-schema-graph\">{\"@context\":\"https:\/\/schema.org\",\"@graph\":[{\"@type\":\"Article\",\"@id\":\"https:\/\/www.oarcanjo.net\/site\/vicariato-do-povo-da-rua-mostra-a-jornalistas-trabalho-da-igreja-na-cracolandia\/#article\",\"isPartOf\":{\"@id\":\"https:\/\/www.oarcanjo.net\/site\/vicariato-do-povo-da-rua-mostra-a-jornalistas-trabalho-da-igreja-na-cracolandia\/\"},\"author\":{\"name\":\"editor\",\"@id\":\"https:\/\/www.oarcanjo.net\/site\/#\/schema\/person\/f7024d007863202483a31326673a0838\"},\"headline\":\"Vicariato do Povo da Rua mostra a jornalistas trabalho da Igreja na Cracol\u00e2ndia\",\"datePublished\":\"2012-01-12T01:10:14+00:00\",\"dateModified\":\"2012-01-12T01:10:14+00:00\",\"mainEntityOfPage\":{\"@id\":\"https:\/\/www.oarcanjo.net\/site\/vicariato-do-povo-da-rua-mostra-a-jornalistas-trabalho-da-igreja-na-cracolandia\/\"},\"wordCount\":476,\"commentCount\":0,\"publisher\":{\"@id\":\"https:\/\/www.oarcanjo.net\/site\/#organization\"},\"keywords\":[\"cracol\u00e2ndia\",\"povo da rua\"],\"articleSection\":[\"Not\u00edcias\"],\"inLanguage\":\"pt-BR\",\"potentialAction\":[{\"@type\":\"CommentAction\",\"name\":\"Comment\",\"target\":[\"https:\/\/www.oarcanjo.net\/site\/vicariato-do-povo-da-rua-mostra-a-jornalistas-trabalho-da-igreja-na-cracolandia\/#respond\"]}]},{\"@type\":\"WebPage\",\"@id\":\"https:\/\/www.oarcanjo.net\/site\/vicariato-do-povo-da-rua-mostra-a-jornalistas-trabalho-da-igreja-na-cracolandia\/\",\"url\":\"https:\/\/www.oarcanjo.net\/site\/vicariato-do-povo-da-rua-mostra-a-jornalistas-trabalho-da-igreja-na-cracolandia\/\",\"name\":\"Vicariato do Povo da Rua mostra a jornalistas trabalho da Igreja na Cracol\u00e2ndia - O Arcanjo no ar\",\"isPartOf\":{\"@id\":\"https:\/\/www.oarcanjo.net\/site\/#website\"},\"datePublished\":\"2012-01-12T01:10:14+00:00\",\"dateModified\":\"2012-01-12T01:10:14+00:00\",\"breadcrumb\":{\"@id\":\"https:\/\/www.oarcanjo.net\/site\/vicariato-do-povo-da-rua-mostra-a-jornalistas-trabalho-da-igreja-na-cracolandia\/#breadcrumb\"},\"inLanguage\":\"pt-BR\",\"potentialAction\":[{\"@type\":\"ReadAction\",\"target\":[\"https:\/\/www.oarcanjo.net\/site\/vicariato-do-povo-da-rua-mostra-a-jornalistas-trabalho-da-igreja-na-cracolandia\/\"]}]},{\"@type\":\"BreadcrumbList\",\"@id\":\"https:\/\/www.oarcanjo.net\/site\/vicariato-do-povo-da-rua-mostra-a-jornalistas-trabalho-da-igreja-na-cracolandia\/#breadcrumb\",\"itemListElement\":[{\"@type\":\"ListItem\",\"position\":1,\"name\":\"In\u00edcio\",\"item\":\"https:\/\/www.oarcanjo.net\/site\/\"},{\"@type\":\"ListItem\",\"position\":2,\"name\":\"Vicariato do Povo da Rua mostra a jornalistas trabalho da Igreja na Cracol\u00e2ndia\"}]},{\"@type\":\"WebSite\",\"@id\":\"https:\/\/www.oarcanjo.net\/site\/#website\",\"url\":\"https:\/\/www.oarcanjo.net\/site\/\",\"name\":\"O Arcanjo no ar\",\"description\":\"Site da Par\u00f3quia S\u00e3o Miguel Arcanjo (Arquidiocese de SP)\",\"publisher\":{\"@id\":\"https:\/\/www.oarcanjo.net\/site\/#organization\"},\"potentialAction\":[{\"@type\":\"SearchAction\",\"target\":{\"@type\":\"EntryPoint\",\"urlTemplate\":\"https:\/\/www.oarcanjo.net\/site\/?s={search_term_string}\"},\"query-input\":{\"@type\":\"PropertyValueSpecification\",\"valueRequired\":true,\"valueName\":\"search_term_string\"}}],\"inLanguage\":\"pt-BR\"},{\"@type\":\"Organization\",\"@id\":\"https:\/\/www.oarcanjo.net\/site\/#organization\",\"name\":\"Par\u00f3quia S\u00e3o Miguel Arcanjo\",\"url\":\"https:\/\/www.oarcanjo.net\/site\/\",\"logo\":{\"@type\":\"ImageObject\",\"inLanguage\":\"pt-BR\",\"@id\":\"https:\/\/www.oarcanjo.net\/site\/#\/schema\/logo\/image\/\",\"url\":\"https:\/\/www.oarcanjo.net\/site\/wp-content\/uploads\/LogoOArcanjo.png\",\"contentUrl\":\"https:\/\/www.oarcanjo.net\/site\/wp-content\/uploads\/LogoOArcanjo.png\",\"width\":319,\"height\":99,\"caption\":\"Par\u00f3quia S\u00e3o Miguel Arcanjo\"},\"image\":{\"@id\":\"https:\/\/www.oarcanjo.net\/site\/#\/schema\/logo\/image\/\"},\"sameAs\":[\"https:\/\/www.facebook.com\/OArcanjoNoAr\/\"]},{\"@type\":\"Person\",\"@id\":\"https:\/\/www.oarcanjo.net\/site\/#\/schema\/person\/f7024d007863202483a31326673a0838\",\"name\":\"editor\",\"sameAs\":[\"http:\/\/www.oarcanjo.net\"]}]}<\/script>\n<!-- \/ Yoast SEO plugin. -->","yoast_head_json":{"title":"Vicariato do Povo da Rua mostra a jornalistas trabalho da Igreja na Cracol\u00e2ndia - O Arcanjo no ar","robots":{"index":"index","follow":"follow","max-snippet":"max-snippet:-1","max-image-preview":"max-image-preview:large","max-video-preview":"max-video-preview:-1"},"canonical":"https:\/\/www.oarcanjo.net\/site\/vicariato-do-povo-da-rua-mostra-a-jornalistas-trabalho-da-igreja-na-cracolandia\/","og_locale":"pt_BR","og_type":"article","og_title":"Vicariato do Povo da Rua mostra a jornalistas trabalho da Igreja na Cracol\u00e2ndia - O Arcanjo no ar","og_description":"\u201cTodos dizem: \u2018Tinha que ser feito alguma coisa\u2019. E ter que fazer alguma coisa, n\u00e3o significa fazer qualquer coisa e n\u00e3o significa fazer a pior coisa\u201d. Com essa afirma\u00e7\u00e3o, o vig\u00e1rio episcopal para a Pastoral do Povo da Rua da Arquidiocese de S\u00e3o Paulo, padre Julio Lancellotti, abriu, na manh\u00e3 de ter\u00e7a-feira (10), uma entrevista [&hellip;]","og_url":"https:\/\/www.oarcanjo.net\/site\/vicariato-do-povo-da-rua-mostra-a-jornalistas-trabalho-da-igreja-na-cracolandia\/","og_site_name":"O Arcanjo no ar","article_publisher":"https:\/\/www.facebook.com\/OArcanjoNoAr\/","article_published_time":"2012-01-12T01:10:14+00:00","og_image":[{"width":300,"height":300,"url":"https:\/\/www.oarcanjo.net\/site\/wp-content\/uploads\/logo-o-arcanjo-no-ar-facebook.png","type":"image\/png"}],"author":"editor","twitter_card":"summary_large_image","twitter_misc":{"Escrito por":"editor","Est. tempo de leitura":"2 minutos"},"schema":{"@context":"https:\/\/schema.org","@graph":[{"@type":"Article","@id":"https:\/\/www.oarcanjo.net\/site\/vicariato-do-povo-da-rua-mostra-a-jornalistas-trabalho-da-igreja-na-cracolandia\/#article","isPartOf":{"@id":"https:\/\/www.oarcanjo.net\/site\/vicariato-do-povo-da-rua-mostra-a-jornalistas-trabalho-da-igreja-na-cracolandia\/"},"author":{"name":"editor","@id":"https:\/\/www.oarcanjo.net\/site\/#\/schema\/person\/f7024d007863202483a31326673a0838"},"headline":"Vicariato do Povo da Rua mostra a jornalistas trabalho da Igreja na Cracol\u00e2ndia","datePublished":"2012-01-12T01:10:14+00:00","dateModified":"2012-01-12T01:10:14+00:00","mainEntityOfPage":{"@id":"https:\/\/www.oarcanjo.net\/site\/vicariato-do-povo-da-rua-mostra-a-jornalistas-trabalho-da-igreja-na-cracolandia\/"},"wordCount":476,"commentCount":0,"publisher":{"@id":"https:\/\/www.oarcanjo.net\/site\/#organization"},"keywords":["cracol\u00e2ndia","povo da rua"],"articleSection":["Not\u00edcias"],"inLanguage":"pt-BR","potentialAction":[{"@type":"CommentAction","name":"Comment","target":["https:\/\/www.oarcanjo.net\/site\/vicariato-do-povo-da-rua-mostra-a-jornalistas-trabalho-da-igreja-na-cracolandia\/#respond"]}]},{"@type":"WebPage","@id":"https:\/\/www.oarcanjo.net\/site\/vicariato-do-povo-da-rua-mostra-a-jornalistas-trabalho-da-igreja-na-cracolandia\/","url":"https:\/\/www.oarcanjo.net\/site\/vicariato-do-povo-da-rua-mostra-a-jornalistas-trabalho-da-igreja-na-cracolandia\/","name":"Vicariato do Povo da Rua mostra a jornalistas trabalho da Igreja na Cracol\u00e2ndia - O Arcanjo no ar","isPartOf":{"@id":"https:\/\/www.oarcanjo.net\/site\/#website"},"datePublished":"2012-01-12T01:10:14+00:00","dateModified":"2012-01-12T01:10:14+00:00","breadcrumb":{"@id":"https:\/\/www.oarcanjo.net\/site\/vicariato-do-povo-da-rua-mostra-a-jornalistas-trabalho-da-igreja-na-cracolandia\/#breadcrumb"},"inLanguage":"pt-BR","potentialAction":[{"@type":"ReadAction","target":["https:\/\/www.oarcanjo.net\/site\/vicariato-do-povo-da-rua-mostra-a-jornalistas-trabalho-da-igreja-na-cracolandia\/"]}]},{"@type":"BreadcrumbList","@id":"https:\/\/www.oarcanjo.net\/site\/vicariato-do-povo-da-rua-mostra-a-jornalistas-trabalho-da-igreja-na-cracolandia\/#breadcrumb","itemListElement":[{"@type":"ListItem","position":1,"name":"In\u00edcio","item":"https:\/\/www.oarcanjo.net\/site\/"},{"@type":"ListItem","position":2,"name":"Vicariato do Povo da Rua mostra a jornalistas trabalho da Igreja na Cracol\u00e2ndia"}]},{"@type":"WebSite","@id":"https:\/\/www.oarcanjo.net\/site\/#website","url":"https:\/\/www.oarcanjo.net\/site\/","name":"O Arcanjo no ar","description":"Site da Par\u00f3quia S\u00e3o Miguel Arcanjo (Arquidiocese de SP)","publisher":{"@id":"https:\/\/www.oarcanjo.net\/site\/#organization"},"potentialAction":[{"@type":"SearchAction","target":{"@type":"EntryPoint","urlTemplate":"https:\/\/www.oarcanjo.net\/site\/?s={search_term_string}"},"query-input":{"@type":"PropertyValueSpecification","valueRequired":true,"valueName":"search_term_string"}}],"inLanguage":"pt-BR"},{"@type":"Organization","@id":"https:\/\/www.oarcanjo.net\/site\/#organization","name":"Par\u00f3quia S\u00e3o Miguel Arcanjo","url":"https:\/\/www.oarcanjo.net\/site\/","logo":{"@type":"ImageObject","inLanguage":"pt-BR","@id":"https:\/\/www.oarcanjo.net\/site\/#\/schema\/logo\/image\/","url":"https:\/\/www.oarcanjo.net\/site\/wp-content\/uploads\/LogoOArcanjo.png","contentUrl":"https:\/\/www.oarcanjo.net\/site\/wp-content\/uploads\/LogoOArcanjo.png","width":319,"height":99,"caption":"Par\u00f3quia S\u00e3o Miguel Arcanjo"},"image":{"@id":"https:\/\/www.oarcanjo.net\/site\/#\/schema\/logo\/image\/"},"sameAs":["https:\/\/www.facebook.com\/OArcanjoNoAr\/"]},{"@type":"Person","@id":"https:\/\/www.oarcanjo.net\/site\/#\/schema\/person\/f7024d007863202483a31326673a0838","name":"editor","sameAs":["http:\/\/www.oarcanjo.net"]}]}},"publishpress_future_action":{"enabled":false,"date":"2026-05-08 22:30:15","action":"category","newStatus":"draft","terms":[],"taxonomy":"category"},"publishpress_future_workflow_manual_trigger":{"enabledWorkflows":[]},"_links":{"self":[{"href":"https:\/\/www.oarcanjo.net\/site\/wp-json\/wp\/v2\/posts\/17096"}],"collection":[{"href":"https:\/\/www.oarcanjo.net\/site\/wp-json\/wp\/v2\/posts"}],"about":[{"href":"https:\/\/www.oarcanjo.net\/site\/wp-json\/wp\/v2\/types\/post"}],"author":[{"embeddable":true,"href":"https:\/\/www.oarcanjo.net\/site\/wp-json\/wp\/v2\/users\/5"}],"replies":[{"embeddable":true,"href":"https:\/\/www.oarcanjo.net\/site\/wp-json\/wp\/v2\/comments?post=17096"}],"version-history":[{"count":0,"href":"https:\/\/www.oarcanjo.net\/site\/wp-json\/wp\/v2\/posts\/17096\/revisions"}],"wp:attachment":[{"href":"https:\/\/www.oarcanjo.net\/site\/wp-json\/wp\/v2\/media?parent=17096"}],"wp:term":[{"taxonomy":"category","embeddable":true,"href":"https:\/\/www.oarcanjo.net\/site\/wp-json\/wp\/v2\/categories?post=17096"},{"taxonomy":"post_tag","embeddable":true,"href":"https:\/\/www.oarcanjo.net\/site\/wp-json\/wp\/v2\/tags?post=17096"}],"curies":[{"name":"wp","href":"https:\/\/api.w.org\/{rel}","templated":true}]}}