
{"id":17099,"date":"2012-01-12T14:50:11","date_gmt":"2012-01-12T16:50:11","guid":{"rendered":"http:\/\/www.oarcanjo.net\/site\/?p=17099"},"modified":"2012-01-12T14:50:11","modified_gmt":"2012-01-12T16:50:11","slug":"comissao-de-direitos-humanos-e-entidades-discutem-a-operacao-sufoco","status":"publish","type":"post","link":"https:\/\/www.oarcanjo.net\/site\/comissao-de-direitos-humanos-e-entidades-discutem-a-operacao-sufoco\/","title":{"rendered":"Comiss\u00e3o de Direitos Humanos e entidades discutem a &#8216;Opera\u00e7\u00e3o Sufoco&#8217;"},"content":{"rendered":"<p style=\"text-align: justify;\">Fragmento dos depoimentos prestados na reuni\u00e3o extraordin\u00e1ria da Comiss\u00e3o de Direitos Humanos da C\u00e2mara dos Vereadores da cidade de S\u00e3o Paulo. A reuni\u00e3o foi realizada na quarta-feira,11 de Dezembro, a pedido de in\u00fameras entidades que trabalham com a popula\u00e7\u00e3o de rua que habita o bairro da Luz, classificada pela prefeitura e governo do Estado como &#8216;crackolandia&#8217;.<\/p>\n<p>Falas dos Vereadores Adriano Diogo, Jamil Murad e Italo Cardoso, do Padre Julio Lancellotti e de um representante do Movimento Nacional de Popula\u00e7\u00e3o de rua, seguido da fala do defensor p\u00fablico Celso Weis:<\/p>\n<p style=\"text-align: justify;\">&nbsp;<\/p>\n<p><iframe loading=\"lazy\" width=\"420\" height=\"315\" src=\"http:\/\/www.youtube.com\/embed\/Q9WzVi32sYA?rel=0\" frameborder=\"0\" allowfullscreen><\/iframe><\/p>\n<div id=\"themify_builder_content-17099\" data-postid=\"17099\" class=\"themify_builder_content themify_builder_content-17099 themify_builder themify_builder_front\">\n\t<\/div>\n<!-- \/themify_builder_content -->","protected":false},"excerpt":{"rendered":"<p>Fragmento dos depoimentos prestados na reuni\u00e3o extraordin\u00e1ria da Comiss\u00e3o de Direitos Humanos da C\u00e2mara dos Vereadores da cidade de S\u00e3o Paulo. A reuni\u00e3o foi realizada na quarta-feira,11 de Dezembro, a pedido de in\u00fameras entidades que trabalham com a popula\u00e7\u00e3o de rua que habita o bairro da Luz, classificada pela prefeitura e governo do Estado como [&hellip;]<\/p>\n","protected":false},"author":15,"featured_media":0,"comment_status":"open","ping_status":"open","sticky":false,"template":"","format":"standard","meta":{"ngg_post_thumbnail":0,"footnotes":""},"categories":[8],"tags":[],"yoast_head":"<!-- This site is optimized with the Yoast SEO plugin v23.5 - https:\/\/yoast.com\/wordpress\/plugins\/seo\/ -->\n<title>Comiss\u00e3o de Direitos Humanos e entidades discutem a &#039;Opera\u00e7\u00e3o Sufoco&#039; - O Arcanjo no ar<\/title>\n<meta name=\"robots\" content=\"index, follow, max-snippet:-1, max-image-preview:large, max-video-preview:-1\" \/>\n<link rel=\"canonical\" href=\"https:\/\/www.oarcanjo.net\/site\/comissao-de-direitos-humanos-e-entidades-discutem-a-operacao-sufoco\/\" \/>\n<meta property=\"og:locale\" content=\"pt_BR\" \/>\n<meta property=\"og:type\" content=\"article\" \/>\n<meta property=\"og:title\" content=\"Comiss\u00e3o de Direitos Humanos e entidades discutem a &#039;Opera\u00e7\u00e3o Sufoco&#039; - O Arcanjo no ar\" \/>\n<meta property=\"og:description\" content=\"Fragmento dos depoimentos prestados na reuni\u00e3o extraordin\u00e1ria da Comiss\u00e3o de Direitos Humanos da C\u00e2mara dos Vereadores da cidade de S\u00e3o Paulo. A reuni\u00e3o foi realizada na quarta-feira,11 de Dezembro, a pedido de in\u00fameras entidades que trabalham com a popula\u00e7\u00e3o de rua que habita o bairro da Luz, classificada pela prefeitura e governo do Estado como [&hellip;]\" \/>\n<meta property=\"og:url\" content=\"https:\/\/www.oarcanjo.net\/site\/comissao-de-direitos-humanos-e-entidades-discutem-a-operacao-sufoco\/\" \/>\n<meta property=\"og:site_name\" content=\"O Arcanjo no ar\" \/>\n<meta property=\"article:publisher\" content=\"https:\/\/www.facebook.com\/OArcanjoNoAr\/\" \/>\n<meta property=\"article:published_time\" content=\"2012-01-12T16:50:11+00:00\" \/>\n<meta property=\"og:image\" content=\"https:\/\/www.oarcanjo.net\/site\/wp-content\/uploads\/logo-o-arcanjo-no-ar-facebook.png\" \/>\n\t<meta property=\"og:image:width\" content=\"300\" \/>\n\t<meta property=\"og:image:height\" content=\"300\" \/>\n\t<meta property=\"og:image:type\" content=\"image\/png\" \/>\n<meta name=\"author\" content=\"Alexandre Nunes\" \/>\n<meta name=\"twitter:card\" content=\"summary_large_image\" \/>\n<meta name=\"twitter:label1\" content=\"Escrito por\" \/>\n\t<meta name=\"twitter:data1\" content=\"Alexandre Nunes\" \/>\n\t<meta name=\"twitter:label2\" content=\"Est. tempo de leitura\" \/>\n\t<meta name=\"twitter:data2\" content=\"1 minuto\" \/>\n<script type=\"application\/ld+json\" class=\"yoast-schema-graph\">{\"@context\":\"https:\/\/schema.org\",\"@graph\":[{\"@type\":\"Article\",\"@id\":\"https:\/\/www.oarcanjo.net\/site\/comissao-de-direitos-humanos-e-entidades-discutem-a-operacao-sufoco\/#article\",\"isPartOf\":{\"@id\":\"https:\/\/www.oarcanjo.net\/site\/comissao-de-direitos-humanos-e-entidades-discutem-a-operacao-sufoco\/\"},\"author\":{\"name\":\"Alexandre Nunes\",\"@id\":\"https:\/\/www.oarcanjo.net\/site\/#\/schema\/person\/0a2ae077c1a09b69d29928e3b9f1c0d1\"},\"headline\":\"Comiss\u00e3o de Direitos Humanos e entidades discutem a &#8216;Opera\u00e7\u00e3o Sufoco&#8217;\",\"datePublished\":\"2012-01-12T16:50:11+00:00\",\"dateModified\":\"2012-01-12T16:50:11+00:00\",\"mainEntityOfPage\":{\"@id\":\"https:\/\/www.oarcanjo.net\/site\/comissao-de-direitos-humanos-e-entidades-discutem-a-operacao-sufoco\/\"},\"wordCount\":112,\"commentCount\":0,\"publisher\":{\"@id\":\"https:\/\/www.oarcanjo.net\/site\/#organization\"},\"articleSection\":[\"Not\u00edcias\"],\"inLanguage\":\"pt-BR\",\"potentialAction\":[{\"@type\":\"CommentAction\",\"name\":\"Comment\",\"target\":[\"https:\/\/www.oarcanjo.net\/site\/comissao-de-direitos-humanos-e-entidades-discutem-a-operacao-sufoco\/#respond\"]}]},{\"@type\":\"WebPage\",\"@id\":\"https:\/\/www.oarcanjo.net\/site\/comissao-de-direitos-humanos-e-entidades-discutem-a-operacao-sufoco\/\",\"url\":\"https:\/\/www.oarcanjo.net\/site\/comissao-de-direitos-humanos-e-entidades-discutem-a-operacao-sufoco\/\",\"name\":\"Comiss\u00e3o de Direitos Humanos e entidades discutem a 'Opera\u00e7\u00e3o Sufoco' - O Arcanjo no ar\",\"isPartOf\":{\"@id\":\"https:\/\/www.oarcanjo.net\/site\/#website\"},\"datePublished\":\"2012-01-12T16:50:11+00:00\",\"dateModified\":\"2012-01-12T16:50:11+00:00\",\"breadcrumb\":{\"@id\":\"https:\/\/www.oarcanjo.net\/site\/comissao-de-direitos-humanos-e-entidades-discutem-a-operacao-sufoco\/#breadcrumb\"},\"inLanguage\":\"pt-BR\",\"potentialAction\":[{\"@type\":\"ReadAction\",\"target\":[\"https:\/\/www.oarcanjo.net\/site\/comissao-de-direitos-humanos-e-entidades-discutem-a-operacao-sufoco\/\"]}]},{\"@type\":\"BreadcrumbList\",\"@id\":\"https:\/\/www.oarcanjo.net\/site\/comissao-de-direitos-humanos-e-entidades-discutem-a-operacao-sufoco\/#breadcrumb\",\"itemListElement\":[{\"@type\":\"ListItem\",\"position\":1,\"name\":\"In\u00edcio\",\"item\":\"https:\/\/www.oarcanjo.net\/site\/\"},{\"@type\":\"ListItem\",\"position\":2,\"name\":\"Comiss\u00e3o de Direitos Humanos e entidades discutem a &#8216;Opera\u00e7\u00e3o Sufoco&#8217;\"}]},{\"@type\":\"WebSite\",\"@id\":\"https:\/\/www.oarcanjo.net\/site\/#website\",\"url\":\"https:\/\/www.oarcanjo.net\/site\/\",\"name\":\"O Arcanjo no ar\",\"description\":\"Site da Par\u00f3quia S\u00e3o Miguel Arcanjo (Arquidiocese de SP)\",\"publisher\":{\"@id\":\"https:\/\/www.oarcanjo.net\/site\/#organization\"},\"potentialAction\":[{\"@type\":\"SearchAction\",\"target\":{\"@type\":\"EntryPoint\",\"urlTemplate\":\"https:\/\/www.oarcanjo.net\/site\/?s={search_term_string}\"},\"query-input\":{\"@type\":\"PropertyValueSpecification\",\"valueRequired\":true,\"valueName\":\"search_term_string\"}}],\"inLanguage\":\"pt-BR\"},{\"@type\":\"Organization\",\"@id\":\"https:\/\/www.oarcanjo.net\/site\/#organization\",\"name\":\"Par\u00f3quia S\u00e3o Miguel Arcanjo\",\"url\":\"https:\/\/www.oarcanjo.net\/site\/\",\"logo\":{\"@type\":\"ImageObject\",\"inLanguage\":\"pt-BR\",\"@id\":\"https:\/\/www.oarcanjo.net\/site\/#\/schema\/logo\/image\/\",\"url\":\"https:\/\/www.oarcanjo.net\/site\/wp-content\/uploads\/LogoOArcanjo.png\",\"contentUrl\":\"https:\/\/www.oarcanjo.net\/site\/wp-content\/uploads\/LogoOArcanjo.png\",\"width\":319,\"height\":99,\"caption\":\"Par\u00f3quia S\u00e3o Miguel Arcanjo\"},\"image\":{\"@id\":\"https:\/\/www.oarcanjo.net\/site\/#\/schema\/logo\/image\/\"},\"sameAs\":[\"https:\/\/www.facebook.com\/OArcanjoNoAr\/\"]},{\"@type\":\"Person\",\"@id\":\"https:\/\/www.oarcanjo.net\/site\/#\/schema\/person\/0a2ae077c1a09b69d29928e3b9f1c0d1\",\"name\":\"Alexandre Nunes\",\"sameAs\":[\"http:\/\/alexandrenu.com\"]}]}<\/script>\n<!-- \/ Yoast SEO plugin. -->","yoast_head_json":{"title":"Comiss\u00e3o de Direitos Humanos e entidades discutem a 'Opera\u00e7\u00e3o Sufoco' - O Arcanjo no ar","robots":{"index":"index","follow":"follow","max-snippet":"max-snippet:-1","max-image-preview":"max-image-preview:large","max-video-preview":"max-video-preview:-1"},"canonical":"https:\/\/www.oarcanjo.net\/site\/comissao-de-direitos-humanos-e-entidades-discutem-a-operacao-sufoco\/","og_locale":"pt_BR","og_type":"article","og_title":"Comiss\u00e3o de Direitos Humanos e entidades discutem a 'Opera\u00e7\u00e3o Sufoco' - O Arcanjo no ar","og_description":"Fragmento dos depoimentos prestados na reuni\u00e3o extraordin\u00e1ria da Comiss\u00e3o de Direitos Humanos da C\u00e2mara dos Vereadores da cidade de S\u00e3o Paulo. A reuni\u00e3o foi realizada na quarta-feira,11 de Dezembro, a pedido de in\u00fameras entidades que trabalham com a popula\u00e7\u00e3o de rua que habita o bairro da Luz, classificada pela prefeitura e governo do Estado como [&hellip;]","og_url":"https:\/\/www.oarcanjo.net\/site\/comissao-de-direitos-humanos-e-entidades-discutem-a-operacao-sufoco\/","og_site_name":"O Arcanjo no ar","article_publisher":"https:\/\/www.facebook.com\/OArcanjoNoAr\/","article_published_time":"2012-01-12T16:50:11+00:00","og_image":[{"width":300,"height":300,"url":"https:\/\/www.oarcanjo.net\/site\/wp-content\/uploads\/logo-o-arcanjo-no-ar-facebook.png","type":"image\/png"}],"author":"Alexandre Nunes","twitter_card":"summary_large_image","twitter_misc":{"Escrito por":"Alexandre Nunes","Est. tempo de leitura":"1 minuto"},"schema":{"@context":"https:\/\/schema.org","@graph":[{"@type":"Article","@id":"https:\/\/www.oarcanjo.net\/site\/comissao-de-direitos-humanos-e-entidades-discutem-a-operacao-sufoco\/#article","isPartOf":{"@id":"https:\/\/www.oarcanjo.net\/site\/comissao-de-direitos-humanos-e-entidades-discutem-a-operacao-sufoco\/"},"author":{"name":"Alexandre Nunes","@id":"https:\/\/www.oarcanjo.net\/site\/#\/schema\/person\/0a2ae077c1a09b69d29928e3b9f1c0d1"},"headline":"Comiss\u00e3o de Direitos Humanos e entidades discutem a &#8216;Opera\u00e7\u00e3o Sufoco&#8217;","datePublished":"2012-01-12T16:50:11+00:00","dateModified":"2012-01-12T16:50:11+00:00","mainEntityOfPage":{"@id":"https:\/\/www.oarcanjo.net\/site\/comissao-de-direitos-humanos-e-entidades-discutem-a-operacao-sufoco\/"},"wordCount":112,"commentCount":0,"publisher":{"@id":"https:\/\/www.oarcanjo.net\/site\/#organization"},"articleSection":["Not\u00edcias"],"inLanguage":"pt-BR","potentialAction":[{"@type":"CommentAction","name":"Comment","target":["https:\/\/www.oarcanjo.net\/site\/comissao-de-direitos-humanos-e-entidades-discutem-a-operacao-sufoco\/#respond"]}]},{"@type":"WebPage","@id":"https:\/\/www.oarcanjo.net\/site\/comissao-de-direitos-humanos-e-entidades-discutem-a-operacao-sufoco\/","url":"https:\/\/www.oarcanjo.net\/site\/comissao-de-direitos-humanos-e-entidades-discutem-a-operacao-sufoco\/","name":"Comiss\u00e3o de Direitos Humanos e entidades discutem a 'Opera\u00e7\u00e3o Sufoco' - O Arcanjo no ar","isPartOf":{"@id":"https:\/\/www.oarcanjo.net\/site\/#website"},"datePublished":"2012-01-12T16:50:11+00:00","dateModified":"2012-01-12T16:50:11+00:00","breadcrumb":{"@id":"https:\/\/www.oarcanjo.net\/site\/comissao-de-direitos-humanos-e-entidades-discutem-a-operacao-sufoco\/#breadcrumb"},"inLanguage":"pt-BR","potentialAction":[{"@type":"ReadAction","target":["https:\/\/www.oarcanjo.net\/site\/comissao-de-direitos-humanos-e-entidades-discutem-a-operacao-sufoco\/"]}]},{"@type":"BreadcrumbList","@id":"https:\/\/www.oarcanjo.net\/site\/comissao-de-direitos-humanos-e-entidades-discutem-a-operacao-sufoco\/#breadcrumb","itemListElement":[{"@type":"ListItem","position":1,"name":"In\u00edcio","item":"https:\/\/www.oarcanjo.net\/site\/"},{"@type":"ListItem","position":2,"name":"Comiss\u00e3o de Direitos Humanos e entidades discutem a &#8216;Opera\u00e7\u00e3o Sufoco&#8217;"}]},{"@type":"WebSite","@id":"https:\/\/www.oarcanjo.net\/site\/#website","url":"https:\/\/www.oarcanjo.net\/site\/","name":"O Arcanjo no ar","description":"Site da Par\u00f3quia S\u00e3o Miguel Arcanjo (Arquidiocese de SP)","publisher":{"@id":"https:\/\/www.oarcanjo.net\/site\/#organization"},"potentialAction":[{"@type":"SearchAction","target":{"@type":"EntryPoint","urlTemplate":"https:\/\/www.oarcanjo.net\/site\/?s={search_term_string}"},"query-input":{"@type":"PropertyValueSpecification","valueRequired":true,"valueName":"search_term_string"}}],"inLanguage":"pt-BR"},{"@type":"Organization","@id":"https:\/\/www.oarcanjo.net\/site\/#organization","name":"Par\u00f3quia S\u00e3o Miguel Arcanjo","url":"https:\/\/www.oarcanjo.net\/site\/","logo":{"@type":"ImageObject","inLanguage":"pt-BR","@id":"https:\/\/www.oarcanjo.net\/site\/#\/schema\/logo\/image\/","url":"https:\/\/www.oarcanjo.net\/site\/wp-content\/uploads\/LogoOArcanjo.png","contentUrl":"https:\/\/www.oarcanjo.net\/site\/wp-content\/uploads\/LogoOArcanjo.png","width":319,"height":99,"caption":"Par\u00f3quia S\u00e3o Miguel Arcanjo"},"image":{"@id":"https:\/\/www.oarcanjo.net\/site\/#\/schema\/logo\/image\/"},"sameAs":["https:\/\/www.facebook.com\/OArcanjoNoAr\/"]},{"@type":"Person","@id":"https:\/\/www.oarcanjo.net\/site\/#\/schema\/person\/0a2ae077c1a09b69d29928e3b9f1c0d1","name":"Alexandre Nunes","sameAs":["http:\/\/alexandrenu.com"]}]}},"publishpress_future_action":{"enabled":false,"date":"2026-05-08 21:00:18","action":"category","newStatus":"draft","terms":[],"taxonomy":"category"},"publishpress_future_workflow_manual_trigger":{"enabledWorkflows":[]},"_links":{"self":[{"href":"https:\/\/www.oarcanjo.net\/site\/wp-json\/wp\/v2\/posts\/17099"}],"collection":[{"href":"https:\/\/www.oarcanjo.net\/site\/wp-json\/wp\/v2\/posts"}],"about":[{"href":"https:\/\/www.oarcanjo.net\/site\/wp-json\/wp\/v2\/types\/post"}],"author":[{"embeddable":true,"href":"https:\/\/www.oarcanjo.net\/site\/wp-json\/wp\/v2\/users\/15"}],"replies":[{"embeddable":true,"href":"https:\/\/www.oarcanjo.net\/site\/wp-json\/wp\/v2\/comments?post=17099"}],"version-history":[{"count":0,"href":"https:\/\/www.oarcanjo.net\/site\/wp-json\/wp\/v2\/posts\/17099\/revisions"}],"wp:attachment":[{"href":"https:\/\/www.oarcanjo.net\/site\/wp-json\/wp\/v2\/media?parent=17099"}],"wp:term":[{"taxonomy":"category","embeddable":true,"href":"https:\/\/www.oarcanjo.net\/site\/wp-json\/wp\/v2\/categories?post=17099"},{"taxonomy":"post_tag","embeddable":true,"href":"https:\/\/www.oarcanjo.net\/site\/wp-json\/wp\/v2\/tags?post=17099"}],"curies":[{"name":"wp","href":"https:\/\/api.w.org\/{rel}","templated":true}]}}