
{"id":17103,"date":"2012-01-16T08:55:11","date_gmt":"2012-01-16T10:55:11","guid":{"rendered":"http:\/\/www.oarcanjo.net\/site\/?p=17103"},"modified":"2012-01-16T08:56:23","modified_gmt":"2012-01-16T10:56:23","slug":"videos-homilia-de-1501-e-mensagem-sobre-a-cracolandia","status":"publish","type":"post","link":"https:\/\/www.oarcanjo.net\/site\/videos-homilia-de-1501-e-mensagem-sobre-a-cracolandia\/","title":{"rendered":"V\u00eddeos: Homilia de 15\/01 e mensagem sobre a Cracol\u00e2ndia"},"content":{"rendered":"<p>Assista abaixo \u00e0 \u00edntegra da homilia do Pe. Julio Lancellotti na missa do 2\u00ba Domingo do Tempo Comum, celebrada \u00e0s 18h na igreja S\u00e3o Miguel Arcanjo, em S\u00e3o Paulo:<\/p>\n<p><iframe loading=\"lazy\" frameborder=\"0\" height=\"315\" src=\"http:\/\/www.youtube.com\/embed\/FEzlk_DFrsk?rel=0\" width=\"560\"><\/iframe><\/p>\n<p>No final da celebra\u00e7\u00e3o, Pe. Julio falou sobre a viol\u00eancia da opera\u00e7\u00e3o policial que o governo de S\u00e3o Paulo desencadeou na chamada &#8220;Cracol\u00e2ndia&#8221;:<\/p>\n<p><iframe loading=\"lazy\" frameborder=\"0\" height=\"315\" src=\"http:\/\/www.youtube.com\/embed\/9Iy1b8A0bh8?rel=0\" width=\"560\"><\/iframe><\/p>\n<p><em><a href=\"http:\/\/www.estadao.com.br\/noticias\/impresso,os-dominios--da-drogalandia-,822865,0.htm\" target=\"_blank\">Para ler o artigo do professor Gaud\u00eancio Torquato, citado pelo Pe. Julio, clique aqui.<\/a><\/em><\/p>\n<div id=\"themify_builder_content-17103\" data-postid=\"17103\" class=\"themify_builder_content themify_builder_content-17103 themify_builder themify_builder_front\">\n\t<\/div>\n<!-- \/themify_builder_content -->","protected":false},"excerpt":{"rendered":"<p>Assista abaixo \u00e0 \u00edntegra da homilia do Pe. Julio Lancellotti na missa do 2\u00ba Domingo do Tempo Comum, celebrada \u00e0s 18h na igreja S\u00e3o Miguel Arcanjo, em S\u00e3o Paulo: No final da celebra\u00e7\u00e3o, Pe. Julio falou sobre a viol\u00eancia da opera\u00e7\u00e3o policial que o governo de S\u00e3o Paulo desencadeou na chamada &#8220;Cracol\u00e2ndia&#8221;: Para ler o [&hellip;]<\/p>\n","protected":false},"author":5,"featured_media":0,"comment_status":"open","ping_status":"open","sticky":false,"template":"","format":"standard","meta":{"ngg_post_thumbnail":0,"footnotes":""},"categories":[4,475,280],"tags":[1993,466,91,193,20],"yoast_head":"<!-- This site is optimized with the Yoast SEO plugin v23.5 - https:\/\/yoast.com\/wordpress\/plugins\/seo\/ -->\n<title>V\u00eddeos: Homilia de 15\/01 e mensagem sobre a Cracol\u00e2ndia - O Arcanjo no ar<\/title>\n<meta name=\"robots\" content=\"index, follow, max-snippet:-1, max-image-preview:large, max-video-preview:-1\" \/>\n<link rel=\"canonical\" href=\"https:\/\/www.oarcanjo.net\/site\/videos-homilia-de-1501-e-mensagem-sobre-a-cracolandia\/\" \/>\n<meta property=\"og:locale\" content=\"pt_BR\" \/>\n<meta property=\"og:type\" content=\"article\" \/>\n<meta property=\"og:title\" content=\"V\u00eddeos: Homilia de 15\/01 e mensagem sobre a Cracol\u00e2ndia - O Arcanjo no ar\" \/>\n<meta property=\"og:description\" content=\"Assista abaixo \u00e0 \u00edntegra da homilia do Pe. Julio Lancellotti na missa do 2\u00ba Domingo do Tempo Comum, celebrada \u00e0s 18h na igreja S\u00e3o Miguel Arcanjo, em S\u00e3o Paulo: No final da celebra\u00e7\u00e3o, Pe. Julio falou sobre a viol\u00eancia da opera\u00e7\u00e3o policial que o governo de S\u00e3o Paulo desencadeou na chamada &#8220;Cracol\u00e2ndia&#8221;: Para ler o [&hellip;]\" \/>\n<meta property=\"og:url\" content=\"https:\/\/www.oarcanjo.net\/site\/videos-homilia-de-1501-e-mensagem-sobre-a-cracolandia\/\" \/>\n<meta property=\"og:site_name\" content=\"O Arcanjo no ar\" \/>\n<meta property=\"article:publisher\" content=\"https:\/\/www.facebook.com\/OArcanjoNoAr\/\" \/>\n<meta property=\"article:published_time\" content=\"2012-01-16T10:55:11+00:00\" \/>\n<meta property=\"article:modified_time\" content=\"2012-01-16T10:56:23+00:00\" \/>\n<meta property=\"og:image\" content=\"https:\/\/www.oarcanjo.net\/site\/wp-content\/uploads\/logo-o-arcanjo-no-ar-facebook.png\" \/>\n\t<meta property=\"og:image:width\" content=\"300\" \/>\n\t<meta property=\"og:image:height\" content=\"300\" \/>\n\t<meta property=\"og:image:type\" content=\"image\/png\" \/>\n<meta name=\"author\" content=\"editor\" \/>\n<meta name=\"twitter:card\" content=\"summary_large_image\" \/>\n<meta name=\"twitter:label1\" content=\"Escrito por\" \/>\n\t<meta name=\"twitter:data1\" content=\"editor\" \/>\n<script type=\"application\/ld+json\" class=\"yoast-schema-graph\">{\"@context\":\"https:\/\/schema.org\",\"@graph\":[{\"@type\":\"Article\",\"@id\":\"https:\/\/www.oarcanjo.net\/site\/videos-homilia-de-1501-e-mensagem-sobre-a-cracolandia\/#article\",\"isPartOf\":{\"@id\":\"https:\/\/www.oarcanjo.net\/site\/videos-homilia-de-1501-e-mensagem-sobre-a-cracolandia\/\"},\"author\":{\"name\":\"editor\",\"@id\":\"https:\/\/www.oarcanjo.net\/site\/#\/schema\/person\/f7024d007863202483a31326673a0838\"},\"headline\":\"V\u00eddeos: Homilia de 15\/01 e mensagem sobre a Cracol\u00e2ndia\",\"datePublished\":\"2012-01-16T10:55:11+00:00\",\"dateModified\":\"2012-01-16T10:56:23+00:00\",\"mainEntityOfPage\":{\"@id\":\"https:\/\/www.oarcanjo.net\/site\/videos-homilia-de-1501-e-mensagem-sobre-a-cracolandia\/\"},\"wordCount\":82,\"commentCount\":0,\"publisher\":{\"@id\":\"https:\/\/www.oarcanjo.net\/site\/#organization\"},\"keywords\":[\"cracol\u00e2ndia\",\"exclus\u00e3o\",\"povo da rua\",\"tempo comum\",\"viol\u00eancia\"],\"articleSection\":[\"Blog\",\"Homilias\",\"V\u00eddeos\"],\"inLanguage\":\"pt-BR\",\"potentialAction\":[{\"@type\":\"CommentAction\",\"name\":\"Comment\",\"target\":[\"https:\/\/www.oarcanjo.net\/site\/videos-homilia-de-1501-e-mensagem-sobre-a-cracolandia\/#respond\"]}]},{\"@type\":\"WebPage\",\"@id\":\"https:\/\/www.oarcanjo.net\/site\/videos-homilia-de-1501-e-mensagem-sobre-a-cracolandia\/\",\"url\":\"https:\/\/www.oarcanjo.net\/site\/videos-homilia-de-1501-e-mensagem-sobre-a-cracolandia\/\",\"name\":\"V\u00eddeos: Homilia de 15\/01 e mensagem sobre a Cracol\u00e2ndia - O Arcanjo no ar\",\"isPartOf\":{\"@id\":\"https:\/\/www.oarcanjo.net\/site\/#website\"},\"datePublished\":\"2012-01-16T10:55:11+00:00\",\"dateModified\":\"2012-01-16T10:56:23+00:00\",\"breadcrumb\":{\"@id\":\"https:\/\/www.oarcanjo.net\/site\/videos-homilia-de-1501-e-mensagem-sobre-a-cracolandia\/#breadcrumb\"},\"inLanguage\":\"pt-BR\",\"potentialAction\":[{\"@type\":\"ReadAction\",\"target\":[\"https:\/\/www.oarcanjo.net\/site\/videos-homilia-de-1501-e-mensagem-sobre-a-cracolandia\/\"]}]},{\"@type\":\"BreadcrumbList\",\"@id\":\"https:\/\/www.oarcanjo.net\/site\/videos-homilia-de-1501-e-mensagem-sobre-a-cracolandia\/#breadcrumb\",\"itemListElement\":[{\"@type\":\"ListItem\",\"position\":1,\"name\":\"In\u00edcio\",\"item\":\"https:\/\/www.oarcanjo.net\/site\/\"},{\"@type\":\"ListItem\",\"position\":2,\"name\":\"V\u00eddeos: Homilia de 15\/01 e mensagem sobre a Cracol\u00e2ndia\"}]},{\"@type\":\"WebSite\",\"@id\":\"https:\/\/www.oarcanjo.net\/site\/#website\",\"url\":\"https:\/\/www.oarcanjo.net\/site\/\",\"name\":\"O Arcanjo no ar\",\"description\":\"Site da Par\u00f3quia S\u00e3o Miguel Arcanjo (Arquidiocese de SP)\",\"publisher\":{\"@id\":\"https:\/\/www.oarcanjo.net\/site\/#organization\"},\"potentialAction\":[{\"@type\":\"SearchAction\",\"target\":{\"@type\":\"EntryPoint\",\"urlTemplate\":\"https:\/\/www.oarcanjo.net\/site\/?s={search_term_string}\"},\"query-input\":{\"@type\":\"PropertyValueSpecification\",\"valueRequired\":true,\"valueName\":\"search_term_string\"}}],\"inLanguage\":\"pt-BR\"},{\"@type\":\"Organization\",\"@id\":\"https:\/\/www.oarcanjo.net\/site\/#organization\",\"name\":\"Par\u00f3quia S\u00e3o Miguel Arcanjo\",\"url\":\"https:\/\/www.oarcanjo.net\/site\/\",\"logo\":{\"@type\":\"ImageObject\",\"inLanguage\":\"pt-BR\",\"@id\":\"https:\/\/www.oarcanjo.net\/site\/#\/schema\/logo\/image\/\",\"url\":\"https:\/\/www.oarcanjo.net\/site\/wp-content\/uploads\/LogoOArcanjo.png\",\"contentUrl\":\"https:\/\/www.oarcanjo.net\/site\/wp-content\/uploads\/LogoOArcanjo.png\",\"width\":319,\"height\":99,\"caption\":\"Par\u00f3quia S\u00e3o Miguel Arcanjo\"},\"image\":{\"@id\":\"https:\/\/www.oarcanjo.net\/site\/#\/schema\/logo\/image\/\"},\"sameAs\":[\"https:\/\/www.facebook.com\/OArcanjoNoAr\/\"]},{\"@type\":\"Person\",\"@id\":\"https:\/\/www.oarcanjo.net\/site\/#\/schema\/person\/f7024d007863202483a31326673a0838\",\"name\":\"editor\",\"sameAs\":[\"http:\/\/www.oarcanjo.net\"]}]}<\/script>\n<!-- \/ Yoast SEO plugin. -->","yoast_head_json":{"title":"V\u00eddeos: Homilia de 15\/01 e mensagem sobre a Cracol\u00e2ndia - O Arcanjo no ar","robots":{"index":"index","follow":"follow","max-snippet":"max-snippet:-1","max-image-preview":"max-image-preview:large","max-video-preview":"max-video-preview:-1"},"canonical":"https:\/\/www.oarcanjo.net\/site\/videos-homilia-de-1501-e-mensagem-sobre-a-cracolandia\/","og_locale":"pt_BR","og_type":"article","og_title":"V\u00eddeos: Homilia de 15\/01 e mensagem sobre a Cracol\u00e2ndia - O Arcanjo no ar","og_description":"Assista abaixo \u00e0 \u00edntegra da homilia do Pe. Julio Lancellotti na missa do 2\u00ba Domingo do Tempo Comum, celebrada \u00e0s 18h na igreja S\u00e3o Miguel Arcanjo, em S\u00e3o Paulo: No final da celebra\u00e7\u00e3o, Pe. Julio falou sobre a viol\u00eancia da opera\u00e7\u00e3o policial que o governo de S\u00e3o Paulo desencadeou na chamada &#8220;Cracol\u00e2ndia&#8221;: Para ler o [&hellip;]","og_url":"https:\/\/www.oarcanjo.net\/site\/videos-homilia-de-1501-e-mensagem-sobre-a-cracolandia\/","og_site_name":"O Arcanjo no ar","article_publisher":"https:\/\/www.facebook.com\/OArcanjoNoAr\/","article_published_time":"2012-01-16T10:55:11+00:00","article_modified_time":"2012-01-16T10:56:23+00:00","og_image":[{"width":300,"height":300,"url":"https:\/\/www.oarcanjo.net\/site\/wp-content\/uploads\/logo-o-arcanjo-no-ar-facebook.png","type":"image\/png"}],"author":"editor","twitter_card":"summary_large_image","twitter_misc":{"Escrito por":"editor"},"schema":{"@context":"https:\/\/schema.org","@graph":[{"@type":"Article","@id":"https:\/\/www.oarcanjo.net\/site\/videos-homilia-de-1501-e-mensagem-sobre-a-cracolandia\/#article","isPartOf":{"@id":"https:\/\/www.oarcanjo.net\/site\/videos-homilia-de-1501-e-mensagem-sobre-a-cracolandia\/"},"author":{"name":"editor","@id":"https:\/\/www.oarcanjo.net\/site\/#\/schema\/person\/f7024d007863202483a31326673a0838"},"headline":"V\u00eddeos: Homilia de 15\/01 e mensagem sobre a Cracol\u00e2ndia","datePublished":"2012-01-16T10:55:11+00:00","dateModified":"2012-01-16T10:56:23+00:00","mainEntityOfPage":{"@id":"https:\/\/www.oarcanjo.net\/site\/videos-homilia-de-1501-e-mensagem-sobre-a-cracolandia\/"},"wordCount":82,"commentCount":0,"publisher":{"@id":"https:\/\/www.oarcanjo.net\/site\/#organization"},"keywords":["cracol\u00e2ndia","exclus\u00e3o","povo da rua","tempo comum","viol\u00eancia"],"articleSection":["Blog","Homilias","V\u00eddeos"],"inLanguage":"pt-BR","potentialAction":[{"@type":"CommentAction","name":"Comment","target":["https:\/\/www.oarcanjo.net\/site\/videos-homilia-de-1501-e-mensagem-sobre-a-cracolandia\/#respond"]}]},{"@type":"WebPage","@id":"https:\/\/www.oarcanjo.net\/site\/videos-homilia-de-1501-e-mensagem-sobre-a-cracolandia\/","url":"https:\/\/www.oarcanjo.net\/site\/videos-homilia-de-1501-e-mensagem-sobre-a-cracolandia\/","name":"V\u00eddeos: Homilia de 15\/01 e mensagem sobre a Cracol\u00e2ndia - O Arcanjo no ar","isPartOf":{"@id":"https:\/\/www.oarcanjo.net\/site\/#website"},"datePublished":"2012-01-16T10:55:11+00:00","dateModified":"2012-01-16T10:56:23+00:00","breadcrumb":{"@id":"https:\/\/www.oarcanjo.net\/site\/videos-homilia-de-1501-e-mensagem-sobre-a-cracolandia\/#breadcrumb"},"inLanguage":"pt-BR","potentialAction":[{"@type":"ReadAction","target":["https:\/\/www.oarcanjo.net\/site\/videos-homilia-de-1501-e-mensagem-sobre-a-cracolandia\/"]}]},{"@type":"BreadcrumbList","@id":"https:\/\/www.oarcanjo.net\/site\/videos-homilia-de-1501-e-mensagem-sobre-a-cracolandia\/#breadcrumb","itemListElement":[{"@type":"ListItem","position":1,"name":"In\u00edcio","item":"https:\/\/www.oarcanjo.net\/site\/"},{"@type":"ListItem","position":2,"name":"V\u00eddeos: Homilia de 15\/01 e mensagem sobre a Cracol\u00e2ndia"}]},{"@type":"WebSite","@id":"https:\/\/www.oarcanjo.net\/site\/#website","url":"https:\/\/www.oarcanjo.net\/site\/","name":"O Arcanjo no ar","description":"Site da Par\u00f3quia S\u00e3o Miguel Arcanjo (Arquidiocese de SP)","publisher":{"@id":"https:\/\/www.oarcanjo.net\/site\/#organization"},"potentialAction":[{"@type":"SearchAction","target":{"@type":"EntryPoint","urlTemplate":"https:\/\/www.oarcanjo.net\/site\/?s={search_term_string}"},"query-input":{"@type":"PropertyValueSpecification","valueRequired":true,"valueName":"search_term_string"}}],"inLanguage":"pt-BR"},{"@type":"Organization","@id":"https:\/\/www.oarcanjo.net\/site\/#organization","name":"Par\u00f3quia S\u00e3o Miguel Arcanjo","url":"https:\/\/www.oarcanjo.net\/site\/","logo":{"@type":"ImageObject","inLanguage":"pt-BR","@id":"https:\/\/www.oarcanjo.net\/site\/#\/schema\/logo\/image\/","url":"https:\/\/www.oarcanjo.net\/site\/wp-content\/uploads\/LogoOArcanjo.png","contentUrl":"https:\/\/www.oarcanjo.net\/site\/wp-content\/uploads\/LogoOArcanjo.png","width":319,"height":99,"caption":"Par\u00f3quia S\u00e3o Miguel Arcanjo"},"image":{"@id":"https:\/\/www.oarcanjo.net\/site\/#\/schema\/logo\/image\/"},"sameAs":["https:\/\/www.facebook.com\/OArcanjoNoAr\/"]},{"@type":"Person","@id":"https:\/\/www.oarcanjo.net\/site\/#\/schema\/person\/f7024d007863202483a31326673a0838","name":"editor","sameAs":["http:\/\/www.oarcanjo.net"]}]}},"publishpress_future_action":{"enabled":false,"date":"2026-05-09 09:30:00","action":"category","newStatus":"draft","terms":[],"taxonomy":"category"},"publishpress_future_workflow_manual_trigger":{"enabledWorkflows":[]},"_links":{"self":[{"href":"https:\/\/www.oarcanjo.net\/site\/wp-json\/wp\/v2\/posts\/17103"}],"collection":[{"href":"https:\/\/www.oarcanjo.net\/site\/wp-json\/wp\/v2\/posts"}],"about":[{"href":"https:\/\/www.oarcanjo.net\/site\/wp-json\/wp\/v2\/types\/post"}],"author":[{"embeddable":true,"href":"https:\/\/www.oarcanjo.net\/site\/wp-json\/wp\/v2\/users\/5"}],"replies":[{"embeddable":true,"href":"https:\/\/www.oarcanjo.net\/site\/wp-json\/wp\/v2\/comments?post=17103"}],"version-history":[{"count":0,"href":"https:\/\/www.oarcanjo.net\/site\/wp-json\/wp\/v2\/posts\/17103\/revisions"}],"wp:attachment":[{"href":"https:\/\/www.oarcanjo.net\/site\/wp-json\/wp\/v2\/media?parent=17103"}],"wp:term":[{"taxonomy":"category","embeddable":true,"href":"https:\/\/www.oarcanjo.net\/site\/wp-json\/wp\/v2\/categories?post=17103"},{"taxonomy":"post_tag","embeddable":true,"href":"https:\/\/www.oarcanjo.net\/site\/wp-json\/wp\/v2\/tags?post=17103"}],"curies":[{"name":"wp","href":"https:\/\/api.w.org\/{rel}","templated":true}]}}