
{"id":1711,"date":"2009-02-03T20:20:27","date_gmt":"2009-02-03T22:20:27","guid":{"rendered":"http:\/\/www.oarcanjo.net\/site\/?p=1711"},"modified":"2009-02-03T23:27:08","modified_gmt":"2009-02-04T01:27:08","slug":"livro-comemora-centenario-de-dom-helder","status":"publish","type":"post","link":"https:\/\/www.oarcanjo.net\/site\/livro-comemora-centenario-de-dom-helder\/","title":{"rendered":"Livro comemora centen\u00e1rio de Dom Helder"},"content":{"rendered":"<p><img loading=\"lazy\" decoding=\"async\" src=\"http:\/\/www.oarcanjo.net\/site\/wp-content\/uploads\/livro_o_peregrino_da_paz.jpg\" alt=\"\" title=\"Capa do livro O Peregrino da Paz sobre Dom Helder Camara\" width=\"200\" height=\"299\" class=\"alignnone size-full wp-image-1702\" align=\"left\" hspace=\"5\"\/>Como parte das comemora\u00e7\u00f5es do centen\u00e1rio de nascimento de Dom Helder Camara, Pe. Geovane Saraiva e o professor Jos\u00e9 Cajuaz lan\u00e7am o livro &#8220;Dom Helder &#8211; O Peregrino da Paz&#8221;, com apoio da Pastoral da Juventude.<\/p>\n<p>A cerim\u00f4nia de lan\u00e7amento acontecer\u00e1 no s\u00e1bado, ap\u00f3s celebra\u00e7\u00e3o eucar\u00edstica na par\u00f3quia Santo Afonso, em Fortaleza, cidade natal de arcebispo. A obra re\u00fane em 135 p\u00e1ginas um resumo de sua vida como menino, padre e bispo, suas mensagens e pensamentos, al\u00e9m de fotos, artigos e depoimentos de pessoas que o admiram. A ideia \u00e9 mostrar a import\u00e2ncia que o arcebispo teve para o mundo, como &#8220;Peregrino da Paz&#8221;, e como figura fundamental na luta pelas grandes causas humanas.<\/p>\n<p>Pe. Geovane diz ainda que &#8220;pretende tamb\u00e9m divulgar para a juventude quem foi o arcebispo, pois os jovens hoje s\u00e3o carentes de referenciais e muitos n\u00e3o conhecem Dom Helder&#8221;.<\/p>\n<p>Nascido em 7 de fevereiro de 1909, Dom Helder jamais se intimidou com amea\u00e7as, partissem de onde partissem, pois sua for\u00e7a  vinha daquele em que sempre acreditou &#8211; Jesus Cristo &#8211; raz\u00e3o de sua vida sacerdotal e de sua miss\u00e3o que sempre foi anunciar o Evangelho, pregar a paz e lutar contra a mis\u00e9ria.<\/p>\n<div id=\"themify_builder_content-1711\" data-postid=\"1711\" class=\"themify_builder_content themify_builder_content-1711 themify_builder themify_builder_front\">\n\t<\/div>\n<!-- \/themify_builder_content -->","protected":false},"excerpt":{"rendered":"<p>Como parte das comemora\u00e7\u00f5es do centen\u00e1rio de nascimento de Dom Helder Camara, Pe. Geovane Saraiva e o professor Jos\u00e9 Cajuaz lan\u00e7am o livro &#8220;Dom Helder &#8211; O Peregrino da Paz&#8221;, com apoio da Pastoral da Juventude. A cerim\u00f4nia de lan\u00e7amento acontecer\u00e1 no s\u00e1bado, ap\u00f3s celebra\u00e7\u00e3o eucar\u00edstica na par\u00f3quia Santo Afonso, em Fortaleza, cidade natal de [&hellip;]<\/p>\n","protected":false},"author":2,"featured_media":0,"comment_status":"open","ping_status":"open","sticky":false,"template":"","format":"standard","meta":{"ngg_post_thumbnail":0,"footnotes":""},"categories":[192],"tags":[226,188],"yoast_head":"<!-- This site is optimized with the Yoast SEO plugin v23.5 - https:\/\/yoast.com\/wordpress\/plugins\/seo\/ -->\n<title>Livro comemora centen\u00e1rio de Dom Helder - O Arcanjo no ar<\/title>\n<meta name=\"robots\" content=\"index, follow, max-snippet:-1, max-image-preview:large, max-video-preview:-1\" \/>\n<link rel=\"canonical\" href=\"https:\/\/www.oarcanjo.net\/site\/livro-comemora-centenario-de-dom-helder\/\" \/>\n<meta property=\"og:locale\" content=\"pt_BR\" \/>\n<meta property=\"og:type\" content=\"article\" \/>\n<meta property=\"og:title\" content=\"Livro comemora centen\u00e1rio de Dom Helder - O Arcanjo no ar\" \/>\n<meta property=\"og:description\" content=\"Como parte das comemora\u00e7\u00f5es do centen\u00e1rio de nascimento de Dom Helder Camara, Pe. Geovane Saraiva e o professor Jos\u00e9 Cajuaz lan\u00e7am o livro &#8220;Dom Helder &#8211; O Peregrino da Paz&#8221;, com apoio da Pastoral da Juventude. A cerim\u00f4nia de lan\u00e7amento acontecer\u00e1 no s\u00e1bado, ap\u00f3s celebra\u00e7\u00e3o eucar\u00edstica na par\u00f3quia Santo Afonso, em Fortaleza, cidade natal de [&hellip;]\" \/>\n<meta property=\"og:url\" content=\"https:\/\/www.oarcanjo.net\/site\/livro-comemora-centenario-de-dom-helder\/\" \/>\n<meta property=\"og:site_name\" content=\"O Arcanjo no ar\" \/>\n<meta property=\"article:publisher\" content=\"https:\/\/www.facebook.com\/OArcanjoNoAr\/\" \/>\n<meta property=\"article:published_time\" content=\"2009-02-03T22:20:27+00:00\" \/>\n<meta property=\"article:modified_time\" content=\"2009-02-04T01:27:08+00:00\" \/>\n<meta property=\"og:image\" content=\"http:\/\/www.oarcanjo.net\/site\/wp-content\/uploads\/livro_o_peregrino_da_paz.jpg\" \/>\n<meta name=\"author\" content=\"rubens.meyer\" \/>\n<meta name=\"twitter:card\" content=\"summary_large_image\" \/>\n<meta name=\"twitter:label1\" content=\"Escrito por\" \/>\n\t<meta name=\"twitter:data1\" content=\"rubens.meyer\" \/>\n\t<meta name=\"twitter:label2\" content=\"Est. tempo de leitura\" \/>\n\t<meta name=\"twitter:data2\" content=\"1 minuto\" \/>\n<script type=\"application\/ld+json\" class=\"yoast-schema-graph\">{\"@context\":\"https:\/\/schema.org\",\"@graph\":[{\"@type\":\"Article\",\"@id\":\"https:\/\/www.oarcanjo.net\/site\/livro-comemora-centenario-de-dom-helder\/#article\",\"isPartOf\":{\"@id\":\"https:\/\/www.oarcanjo.net\/site\/livro-comemora-centenario-de-dom-helder\/\"},\"author\":{\"name\":\"rubens.meyer\",\"@id\":\"https:\/\/www.oarcanjo.net\/site\/#\/schema\/person\/8f702af457b0cfb4ac1a7228ee23f026\"},\"headline\":\"Livro comemora centen\u00e1rio de Dom Helder\",\"datePublished\":\"2009-02-03T22:20:27+00:00\",\"dateModified\":\"2009-02-04T01:27:08+00:00\",\"mainEntityOfPage\":{\"@id\":\"https:\/\/www.oarcanjo.net\/site\/livro-comemora-centenario-de-dom-helder\/\"},\"wordCount\":222,\"commentCount\":0,\"publisher\":{\"@id\":\"https:\/\/www.oarcanjo.net\/site\/#organization\"},\"image\":{\"@id\":\"https:\/\/www.oarcanjo.net\/site\/livro-comemora-centenario-de-dom-helder\/#primaryimage\"},\"thumbnailUrl\":\"http:\/\/www.oarcanjo.net\/site\/wp-content\/uploads\/livro_o_peregrino_da_paz.jpg\",\"keywords\":[\"centen\u00e1rio\",\"dom helder\"],\"articleSection\":[\"D. Helder C\u00e2mara\"],\"inLanguage\":\"pt-BR\",\"potentialAction\":[{\"@type\":\"CommentAction\",\"name\":\"Comment\",\"target\":[\"https:\/\/www.oarcanjo.net\/site\/livro-comemora-centenario-de-dom-helder\/#respond\"]}]},{\"@type\":\"WebPage\",\"@id\":\"https:\/\/www.oarcanjo.net\/site\/livro-comemora-centenario-de-dom-helder\/\",\"url\":\"https:\/\/www.oarcanjo.net\/site\/livro-comemora-centenario-de-dom-helder\/\",\"name\":\"Livro comemora centen\u00e1rio de Dom Helder - O Arcanjo no ar\",\"isPartOf\":{\"@id\":\"https:\/\/www.oarcanjo.net\/site\/#website\"},\"primaryImageOfPage\":{\"@id\":\"https:\/\/www.oarcanjo.net\/site\/livro-comemora-centenario-de-dom-helder\/#primaryimage\"},\"image\":{\"@id\":\"https:\/\/www.oarcanjo.net\/site\/livro-comemora-centenario-de-dom-helder\/#primaryimage\"},\"thumbnailUrl\":\"http:\/\/www.oarcanjo.net\/site\/wp-content\/uploads\/livro_o_peregrino_da_paz.jpg\",\"datePublished\":\"2009-02-03T22:20:27+00:00\",\"dateModified\":\"2009-02-04T01:27:08+00:00\",\"breadcrumb\":{\"@id\":\"https:\/\/www.oarcanjo.net\/site\/livro-comemora-centenario-de-dom-helder\/#breadcrumb\"},\"inLanguage\":\"pt-BR\",\"potentialAction\":[{\"@type\":\"ReadAction\",\"target\":[\"https:\/\/www.oarcanjo.net\/site\/livro-comemora-centenario-de-dom-helder\/\"]}]},{\"@type\":\"ImageObject\",\"inLanguage\":\"pt-BR\",\"@id\":\"https:\/\/www.oarcanjo.net\/site\/livro-comemora-centenario-de-dom-helder\/#primaryimage\",\"url\":\"https:\/\/www.oarcanjo.net\/site\/wp-content\/uploads\/livro_o_peregrino_da_paz.jpg\",\"contentUrl\":\"https:\/\/www.oarcanjo.net\/site\/wp-content\/uploads\/livro_o_peregrino_da_paz.jpg\",\"width\":200,\"height\":299},{\"@type\":\"BreadcrumbList\",\"@id\":\"https:\/\/www.oarcanjo.net\/site\/livro-comemora-centenario-de-dom-helder\/#breadcrumb\",\"itemListElement\":[{\"@type\":\"ListItem\",\"position\":1,\"name\":\"In\u00edcio\",\"item\":\"https:\/\/www.oarcanjo.net\/site\/\"},{\"@type\":\"ListItem\",\"position\":2,\"name\":\"Livro comemora centen\u00e1rio de Dom Helder\"}]},{\"@type\":\"WebSite\",\"@id\":\"https:\/\/www.oarcanjo.net\/site\/#website\",\"url\":\"https:\/\/www.oarcanjo.net\/site\/\",\"name\":\"O Arcanjo no ar\",\"description\":\"Site da Par\u00f3quia S\u00e3o Miguel Arcanjo (Arquidiocese de SP)\",\"publisher\":{\"@id\":\"https:\/\/www.oarcanjo.net\/site\/#organization\"},\"potentialAction\":[{\"@type\":\"SearchAction\",\"target\":{\"@type\":\"EntryPoint\",\"urlTemplate\":\"https:\/\/www.oarcanjo.net\/site\/?s={search_term_string}\"},\"query-input\":{\"@type\":\"PropertyValueSpecification\",\"valueRequired\":true,\"valueName\":\"search_term_string\"}}],\"inLanguage\":\"pt-BR\"},{\"@type\":\"Organization\",\"@id\":\"https:\/\/www.oarcanjo.net\/site\/#organization\",\"name\":\"Par\u00f3quia S\u00e3o Miguel Arcanjo\",\"url\":\"https:\/\/www.oarcanjo.net\/site\/\",\"logo\":{\"@type\":\"ImageObject\",\"inLanguage\":\"pt-BR\",\"@id\":\"https:\/\/www.oarcanjo.net\/site\/#\/schema\/logo\/image\/\",\"url\":\"https:\/\/www.oarcanjo.net\/site\/wp-content\/uploads\/LogoOArcanjo.png\",\"contentUrl\":\"https:\/\/www.oarcanjo.net\/site\/wp-content\/uploads\/LogoOArcanjo.png\",\"width\":319,\"height\":99,\"caption\":\"Par\u00f3quia S\u00e3o Miguel Arcanjo\"},\"image\":{\"@id\":\"https:\/\/www.oarcanjo.net\/site\/#\/schema\/logo\/image\/\"},\"sameAs\":[\"https:\/\/www.facebook.com\/OArcanjoNoAr\/\"]},{\"@type\":\"Person\",\"@id\":\"https:\/\/www.oarcanjo.net\/site\/#\/schema\/person\/8f702af457b0cfb4ac1a7228ee23f026\",\"name\":\"rubens.meyer\"}]}<\/script>\n<!-- \/ Yoast SEO plugin. -->","yoast_head_json":{"title":"Livro comemora centen\u00e1rio de Dom Helder - O Arcanjo no ar","robots":{"index":"index","follow":"follow","max-snippet":"max-snippet:-1","max-image-preview":"max-image-preview:large","max-video-preview":"max-video-preview:-1"},"canonical":"https:\/\/www.oarcanjo.net\/site\/livro-comemora-centenario-de-dom-helder\/","og_locale":"pt_BR","og_type":"article","og_title":"Livro comemora centen\u00e1rio de Dom Helder - O Arcanjo no ar","og_description":"Como parte das comemora\u00e7\u00f5es do centen\u00e1rio de nascimento de Dom Helder Camara, Pe. Geovane Saraiva e o professor Jos\u00e9 Cajuaz lan\u00e7am o livro &#8220;Dom Helder &#8211; O Peregrino da Paz&#8221;, com apoio da Pastoral da Juventude. A cerim\u00f4nia de lan\u00e7amento acontecer\u00e1 no s\u00e1bado, ap\u00f3s celebra\u00e7\u00e3o eucar\u00edstica na par\u00f3quia Santo Afonso, em Fortaleza, cidade natal de [&hellip;]","og_url":"https:\/\/www.oarcanjo.net\/site\/livro-comemora-centenario-de-dom-helder\/","og_site_name":"O Arcanjo no ar","article_publisher":"https:\/\/www.facebook.com\/OArcanjoNoAr\/","article_published_time":"2009-02-03T22:20:27+00:00","article_modified_time":"2009-02-04T01:27:08+00:00","og_image":[{"url":"http:\/\/www.oarcanjo.net\/site\/wp-content\/uploads\/livro_o_peregrino_da_paz.jpg"}],"author":"rubens.meyer","twitter_card":"summary_large_image","twitter_misc":{"Escrito por":"rubens.meyer","Est. tempo de leitura":"1 minuto"},"schema":{"@context":"https:\/\/schema.org","@graph":[{"@type":"Article","@id":"https:\/\/www.oarcanjo.net\/site\/livro-comemora-centenario-de-dom-helder\/#article","isPartOf":{"@id":"https:\/\/www.oarcanjo.net\/site\/livro-comemora-centenario-de-dom-helder\/"},"author":{"name":"rubens.meyer","@id":"https:\/\/www.oarcanjo.net\/site\/#\/schema\/person\/8f702af457b0cfb4ac1a7228ee23f026"},"headline":"Livro comemora centen\u00e1rio de Dom Helder","datePublished":"2009-02-03T22:20:27+00:00","dateModified":"2009-02-04T01:27:08+00:00","mainEntityOfPage":{"@id":"https:\/\/www.oarcanjo.net\/site\/livro-comemora-centenario-de-dom-helder\/"},"wordCount":222,"commentCount":0,"publisher":{"@id":"https:\/\/www.oarcanjo.net\/site\/#organization"},"image":{"@id":"https:\/\/www.oarcanjo.net\/site\/livro-comemora-centenario-de-dom-helder\/#primaryimage"},"thumbnailUrl":"http:\/\/www.oarcanjo.net\/site\/wp-content\/uploads\/livro_o_peregrino_da_paz.jpg","keywords":["centen\u00e1rio","dom helder"],"articleSection":["D. Helder C\u00e2mara"],"inLanguage":"pt-BR","potentialAction":[{"@type":"CommentAction","name":"Comment","target":["https:\/\/www.oarcanjo.net\/site\/livro-comemora-centenario-de-dom-helder\/#respond"]}]},{"@type":"WebPage","@id":"https:\/\/www.oarcanjo.net\/site\/livro-comemora-centenario-de-dom-helder\/","url":"https:\/\/www.oarcanjo.net\/site\/livro-comemora-centenario-de-dom-helder\/","name":"Livro comemora centen\u00e1rio de Dom Helder - O Arcanjo no ar","isPartOf":{"@id":"https:\/\/www.oarcanjo.net\/site\/#website"},"primaryImageOfPage":{"@id":"https:\/\/www.oarcanjo.net\/site\/livro-comemora-centenario-de-dom-helder\/#primaryimage"},"image":{"@id":"https:\/\/www.oarcanjo.net\/site\/livro-comemora-centenario-de-dom-helder\/#primaryimage"},"thumbnailUrl":"http:\/\/www.oarcanjo.net\/site\/wp-content\/uploads\/livro_o_peregrino_da_paz.jpg","datePublished":"2009-02-03T22:20:27+00:00","dateModified":"2009-02-04T01:27:08+00:00","breadcrumb":{"@id":"https:\/\/www.oarcanjo.net\/site\/livro-comemora-centenario-de-dom-helder\/#breadcrumb"},"inLanguage":"pt-BR","potentialAction":[{"@type":"ReadAction","target":["https:\/\/www.oarcanjo.net\/site\/livro-comemora-centenario-de-dom-helder\/"]}]},{"@type":"ImageObject","inLanguage":"pt-BR","@id":"https:\/\/www.oarcanjo.net\/site\/livro-comemora-centenario-de-dom-helder\/#primaryimage","url":"https:\/\/www.oarcanjo.net\/site\/wp-content\/uploads\/livro_o_peregrino_da_paz.jpg","contentUrl":"https:\/\/www.oarcanjo.net\/site\/wp-content\/uploads\/livro_o_peregrino_da_paz.jpg","width":200,"height":299},{"@type":"BreadcrumbList","@id":"https:\/\/www.oarcanjo.net\/site\/livro-comemora-centenario-de-dom-helder\/#breadcrumb","itemListElement":[{"@type":"ListItem","position":1,"name":"In\u00edcio","item":"https:\/\/www.oarcanjo.net\/site\/"},{"@type":"ListItem","position":2,"name":"Livro comemora centen\u00e1rio de Dom Helder"}]},{"@type":"WebSite","@id":"https:\/\/www.oarcanjo.net\/site\/#website","url":"https:\/\/www.oarcanjo.net\/site\/","name":"O Arcanjo no ar","description":"Site da Par\u00f3quia S\u00e3o Miguel Arcanjo (Arquidiocese de SP)","publisher":{"@id":"https:\/\/www.oarcanjo.net\/site\/#organization"},"potentialAction":[{"@type":"SearchAction","target":{"@type":"EntryPoint","urlTemplate":"https:\/\/www.oarcanjo.net\/site\/?s={search_term_string}"},"query-input":{"@type":"PropertyValueSpecification","valueRequired":true,"valueName":"search_term_string"}}],"inLanguage":"pt-BR"},{"@type":"Organization","@id":"https:\/\/www.oarcanjo.net\/site\/#organization","name":"Par\u00f3quia S\u00e3o Miguel Arcanjo","url":"https:\/\/www.oarcanjo.net\/site\/","logo":{"@type":"ImageObject","inLanguage":"pt-BR","@id":"https:\/\/www.oarcanjo.net\/site\/#\/schema\/logo\/image\/","url":"https:\/\/www.oarcanjo.net\/site\/wp-content\/uploads\/LogoOArcanjo.png","contentUrl":"https:\/\/www.oarcanjo.net\/site\/wp-content\/uploads\/LogoOArcanjo.png","width":319,"height":99,"caption":"Par\u00f3quia S\u00e3o Miguel Arcanjo"},"image":{"@id":"https:\/\/www.oarcanjo.net\/site\/#\/schema\/logo\/image\/"},"sameAs":["https:\/\/www.facebook.com\/OArcanjoNoAr\/"]},{"@type":"Person","@id":"https:\/\/www.oarcanjo.net\/site\/#\/schema\/person\/8f702af457b0cfb4ac1a7228ee23f026","name":"rubens.meyer"}]}},"publishpress_future_action":{"enabled":false,"date":"2026-05-08 00:46:51","action":"category","newStatus":"draft","terms":[],"taxonomy":"category"},"publishpress_future_workflow_manual_trigger":{"enabledWorkflows":[]},"_links":{"self":[{"href":"https:\/\/www.oarcanjo.net\/site\/wp-json\/wp\/v2\/posts\/1711"}],"collection":[{"href":"https:\/\/www.oarcanjo.net\/site\/wp-json\/wp\/v2\/posts"}],"about":[{"href":"https:\/\/www.oarcanjo.net\/site\/wp-json\/wp\/v2\/types\/post"}],"author":[{"embeddable":true,"href":"https:\/\/www.oarcanjo.net\/site\/wp-json\/wp\/v2\/users\/2"}],"replies":[{"embeddable":true,"href":"https:\/\/www.oarcanjo.net\/site\/wp-json\/wp\/v2\/comments?post=1711"}],"version-history":[{"count":0,"href":"https:\/\/www.oarcanjo.net\/site\/wp-json\/wp\/v2\/posts\/1711\/revisions"}],"wp:attachment":[{"href":"https:\/\/www.oarcanjo.net\/site\/wp-json\/wp\/v2\/media?parent=1711"}],"wp:term":[{"taxonomy":"category","embeddable":true,"href":"https:\/\/www.oarcanjo.net\/site\/wp-json\/wp\/v2\/categories?post=1711"},{"taxonomy":"post_tag","embeddable":true,"href":"https:\/\/www.oarcanjo.net\/site\/wp-json\/wp\/v2\/tags?post=1711"}],"curies":[{"name":"wp","href":"https:\/\/api.w.org\/{rel}","templated":true}]}}