
{"id":17134,"date":"2012-01-22T13:47:39","date_gmt":"2012-01-22T15:47:39","guid":{"rendered":"http:\/\/www.oarcanjo.net\/site\/?p=17134"},"modified":"2012-01-22T13:47:39","modified_gmt":"2012-01-22T15:47:39","slug":"tempo-comum","status":"publish","type":"post","link":"https:\/\/www.oarcanjo.net\/site\/tempo-comum\/","title":{"rendered":"Tempo Comum"},"content":{"rendered":"<p>Fr. Marcos Sassatelli<\/p>\n<p style=\"text-align: right;\"><em>&#8220;Quem diz que est\u00e1 com Jesus,<\/em><br \/>\n<em>deve comportar-se como Ele se comportou\u201d (1Jo 2, 6)<\/em><\/p>\n<p>O Tempo Comum \u00e9 o mais extenso do Ano Lit\u00fargico e se comp\u00f5e de duas partes. A primeira parte come\u00e7a no dia seguinte \u00e0 celebra\u00e7\u00e3o da festa do Batismo do Senhor e se estende at\u00e9 a ter\u00e7a-feira antes do in\u00edcio da Quaresma. A segunda parte come\u00e7a na segunda-feira depois do domingo de Pentecostes e termina antes das Primeiras V\u00e9speras do 1\u00ba domingo do Advento (Cf. Normas sobre o Ano Lit\u00fargico e o Calend\u00e1rio \u2013 NALC, 44).<\/p>\n<p>No Ano Lit\u00fargico, o Tempo Comum &#8220;nos possibilita desfrutar de aspectos da vida e da miss\u00e3o de Jesus e seus disc\u00edpulos, que n\u00e3o s\u00e3o contemplados nos Tempos do Natal e da P\u00e1scoa. Cada domingo do Tempo Comum tem o sabor de \u2018P\u00e1scoa semanal&#8217;\u201d (CNBB. Guia Lit\u00fargico Pastoral. 2\u00aa edi\u00e7\u00e3o. Edi\u00e7\u00f5es CNBB, Bras\u00edlia, p. 88).<\/p>\n<p>&#8220;A t\u00f4nica dos 33 (ou 34) domingos do Tempo Comum \u00e9 dada pela leitura cont\u00ednua do Evangelho. Cada texto do Evangelho proclamado nos coloca no seguimento de Jesus Cristo, desde o chamamento dos disc\u00edpulos at\u00e9 os ensinamentos a respeito do fim dos tempos. Neste Tempo, temos tamb\u00e9m as festas do Senhor e a comemora\u00e7\u00e3o das testemunhas do mist\u00e9rio pascal (Maria, Ap\u00f3stolos e Evangelistas, demais Santos e Santas)\u201d (Ib., p. 13).<\/p>\n<p>Ora, se o Tempo Comum &#8220;nos coloca no seguimento de Jesus\u201d, podemos perguntar-nos: o que significa ser seguidores e seguidoras de Jesus hoje, no mundo em que vivemos?<\/p>\n<p>A meu ver, ser seguidores e seguidoras de Jesus (disc\u00edpulos mission\u00e1rios e disc\u00edpulas mission\u00e1rias), significa:<\/p>\n<p>1. Conhecer experiencialmente o Projeto de Deus a respeito do Ser humano e do Mundo, que \u00e9 o Reino de Deus;<\/p>\n<p>2. Aderir vivencial e conscientemente a esse Projeto;<\/p>\n<p>3. Comprometer-se com ele, fazendo-o acontecer na hist\u00f3ria, que \u00e9 um processo cont\u00ednuo, din\u00e2mico, contradit\u00f3rio e aberto \u00e0 transcend\u00eancia, ou seja, \u00e0 plenitude do Reino de Deus, \u00e0 plenitude da vida e da felicidade.<\/p>\n<p>&#8220;Vendo Jesus que ia passando, Jo\u00e3o Batista apontou: \u2018Eis a\u00ed o Cordeiro de Deus&#8217;. Ouvindo essas palavras os dois disc\u00edpulos (que estavam com Jo\u00e3o Batista) seguiram a Jesus. Jesus virou-se para tr\u00e1s e, vendo que o seguiam, perguntou: \u2018O que \u00e9 que voc\u00eas est\u00e3o procurando?&#8217; Eles disseram: \u2018Mestre, onde moras?&#8217; Jesus respondeu: \u2018Venham, e voc\u00eas ver\u00e3o&#8217;. Ent\u00e3o eles foram e viram onde Jesus morava. E come\u00e7aram a viver com Ele naquele mesmo dia\u201d (Jo 1, 36-39). O compromisso de seguir Jesus brota sempre do testemunho de algu\u00e9m (nesse caso de Jo\u00e3o Batista) e da experi\u00eancia do encontro com o pr\u00f3prio Jesus.<\/p>\n<p>Comprometer-se, pois, com o Projeto de Deus, fazendo-o acontecer na hist\u00f3ria, significa:<\/p>\n<p>3.1. Inserir-se na realidade, isto \u00e9, estar &#8220;por dentro&#8221;, ter uma &#8220;consci\u00eancia cr\u00edtica\u201d.<\/p>\n<p>&#8220;Como Cristo, por sua Encarna\u00e7\u00e3o ligou-se \u00e0s condi\u00e7\u00f5es sociais e culturais dos Seres humanos com quem conviveu; assim tamb\u00e9m deve a Igreja inserir-se nas sociedades, para que a todas possa oferecer o mist\u00e9rio da salva\u00e7\u00e3o e a vida trazida por Deus\u201d (Conc\u00edlio Vaticano II. A atividade mission\u00e1ria da Igreja &#8211; AG, 10).<\/p>\n<p>3.2. Interpretar a realidade e os acontecimentos \u00e0 luz do Evangelho e, ao mesmo tempo, o Evangelho \u00e0 luz da realidade e dos acontecimentos.<\/p>\n<p>&#8220;Para desempenhar sua miss\u00e3o, a Igreja, a todo momento, tem o dever de perscrutar os sinais dos tempos e interpret\u00e1-los \u00e0 luz do Evangelho, de tal modo que possa responder, de maneira adaptada a cada gera\u00e7\u00e3o, \u00e0s interroga\u00e7\u00f5es eternas sobre os significados da vida presente e futura e de suas rela\u00e7\u00f5es m\u00fatuas. \u00c9 necess\u00e1rio, por conseguinte, conhecer e entender o mundo no qual vivemos, suas esperan\u00e7as, suas aspira\u00e7\u00f5es e sua \u00edndole frequentemente dram\u00e1tica&#8221; (Conc\u00edlio Vaticano II, A Igreja no mundo de hoje &#8211; GS, 4)..<\/p>\n<p>&#8220;Como disc\u00edpulos de Jesus Cristo, sentimo-nos desafiados a discernir os &#8216;sinais dos tempos&#8217; \u00e0 luz do Esp\u00edrito Santos, para nos colocar a servi\u00e7o do Reino, anunciado por Jesus, que veio para que todos tenham vida e &#8216;para que a tenham em plenitude&#8217; (Jo 10,10)&#8221; (Documento de Aparecida &#8211; DA, 33).<\/p>\n<p>3.3. Transformar a realidade, fazendo acontecer o Ser humano Novo e o Mundo Novo.<\/p>\n<p>&#8220;Testemunhamos o nascimento de um novo humanismo (acrescentamos hoje: e de um novo naturalismo) no qual o Ser humano se define, em primeiro lugar, por sua responsabilidade perante os seus irm\u00e3os e a hist\u00f3ria (acrescentamos hoje: e toda a natureza)\u201d (Conc\u00edlio Vaticano II. A Igreja no mundo de hoje &#8211; GS, 55).<\/p>\n<p>Enfim &#8211; para os seguidores e seguidoras de Jesus &#8211; transformar a realidade, fazendo acontecer o Ser humano Novo e o Mundo Novo, significa:<\/p>\n<p>3.3.1. Anunciar aos Seres humanos de hoje o Evangelho com todas as suas exig\u00eancias concretas, sem adapt\u00e1-lo aos interesses dos grupos ou classes sociais mais poderosas, mesmo que isso n\u00e3o agrade aos &#8220;grandes&#8221; do mundo.<\/p>\n<p>&#8220;Rogo a voc\u00ea (Tim\u00f3teo), diante de Deus e de Jesus Cristo (&#8230;), proclame a Palavra, insista no tempo oportuno e inoportuno, advertindo, reprovando e aconselhando com toda paci\u00eancia e doutrina. (&#8230;) Fa\u00e7a o trabalho de um anunciador do Evangelho, realize plenamente o seu minist\u00e9rio\u201d (2Tm 4, 1-2.5).<\/p>\n<p>3.3.2. Fazer a op\u00e7\u00e3o pelos Empobrecidos, Oprimidos e Exclu\u00eddos, para &#8211; a partir deles e junto com eles &#8211; participar do processo de liberta\u00e7\u00e3o do Ser humano todo, de todos os Seres humanos e de toda a Natureza, segundo o Projeto de Deus, que \u00e9 o seu Reino.<\/p>\n<p>&#8220;O Esp\u00edrito do Senhor est\u00e1 sobre mim, porque ele me consagrou com a un\u00e7\u00e3o para anunciar a Boa Not\u00edcia aos pobres; enviou-me para proclamar a liberta\u00e7\u00e3o aos presos e aos cegos a recupera\u00e7\u00e3o da vista; para libertar os oprimidos e para proclamar um ano de gra\u00e7a do Senhor\u201d (Lc 4, 18-19).<\/p>\n<p>Em s\u00edntese, &#8220;o seguimento de Jesus tem duas dimens\u00f5es fundamentais intrinsecamente relacionadas: a dimens\u00e3o cristol\u00f3gica: ser e viver como Jesus e a dimens\u00e3o pneumatol\u00f3gica: o Esp\u00edrito que atualiza Jesus na hist\u00f3ria. Consequentemente, o seguimento s\u00f3 pode ser concretizado levando-se em conta dois fatores determinantes: a mem\u00f3ria viva de Jesus de Nazar\u00e9 e as situa\u00e7\u00f5es hist\u00f3ricas em que se vive. Jesus deve ser prosseguido, atualizado e n\u00e3o imitado mecanicamente\u201d.<\/p>\n<p>&#8220;O Esp\u00edrito \u00e9 a mem\u00f3ria e a imagina\u00e7\u00e3o de Jesus: mem\u00f3ria que faz voltar sempre a Jesus de Nazar\u00e9; imagina\u00e7\u00e3o que nos leva a perguntar constantemente, o que diria e faria Jesus hoje. A vida de Jesus foi toda ela perpassada pelo Esp\u00edrito. Consequentemente, o seguimento \u00e9 o lugar privilegiado da manifesta\u00e7\u00e3o do Esp\u00edrito\u201d (Ivanise Bombonatto. Seguimento de Jesus. Uma abordagem a partir da Cristologia de Jon Sobrino &#8211; http:\/\/www.teologia-assuncao.com.br\/).<\/p>\n<p>O m\u00e9todo usado &#8220;ver, julgar, agir\u201d (ou, em outras palavras, &#8220;analisar, interpretar, libertar\u201d) &#8220;nos permite articular, de modo sistem\u00e1tico, a perspectiva crist\u00e3 de ver a realidade; a assun\u00e7\u00e3o de crit\u00e9rios que prov\u00eam da f\u00e9 e da raz\u00e3o para seu discernimento e valoriza\u00e7\u00e3o com sentido cr\u00edtico; e, em consequ\u00eancia, a proje\u00e7\u00e3o do agir como disc\u00edpulos mission\u00e1rios de Jesus Cristo\u201d (Documento de Aparecida &#8211; DA, 19).<\/p>\n<p>Que no Tempo Comum &#8211; os crist\u00e3os e as crist\u00e3s &#8211; vivamos plenamente a espiritualidade do seguimento de Jesus, que \u00e9 uma espiritualidade radicalmente humana. &#8220;N\u00e3o se encontra nada verdadeiramente humano que n\u00e3o ressoe no cora\u00e7\u00e3o dos disc\u00edpulos e disc\u00edpulas de Jesus\u201d (Conc\u00edlio Vaticano II. A Igreja no mundo de hoje &#8211; GS, 1).<\/p>\n<p><em>Nunca te canses do Reino Vidas pelas vidas,<\/em><br \/>\n<em>Nunca te canses de falar do Reino Vidas pelo Reino, Vidas pelo Reino.<\/em><br \/>\n<em>Nunca te canses de fazer o Reino Todas as nossas Vidas,<\/em><br \/>\n<em>Nunca te canses de \u2018semear&#8217; o Reino Como a sua Vida como a Vida Dele.<\/em><br \/>\n<em>Nunca te canses de acolher o Reino \u00d3 M\u00e1rtir Jesus!<\/em><br \/>\n<em>Nunca te canses de esperar o Reino (Mantra)<br \/>\n<\/em><em>(Dom Pedro Casald\u00e1liga)<\/em><\/p>\n<div id=\"themify_builder_content-17134\" data-postid=\"17134\" class=\"themify_builder_content themify_builder_content-17134 themify_builder themify_builder_front\">\n\t<\/div>\n<!-- \/themify_builder_content -->","protected":false},"excerpt":{"rendered":"<p>Fr. Marcos Sassatelli &#8220;Quem diz que est\u00e1 com Jesus, deve comportar-se como Ele se comportou\u201d (1Jo 2, 6) O Tempo Comum \u00e9 o mais extenso do Ano Lit\u00fargico e se comp\u00f5e de duas partes. A primeira parte come\u00e7a no dia seguinte \u00e0 celebra\u00e7\u00e3o da festa do Batismo do Senhor e se estende at\u00e9 a ter\u00e7a-feira [&hellip;]<\/p>\n","protected":false},"author":5,"featured_media":0,"comment_status":"open","ping_status":"open","sticky":false,"template":"","format":"standard","meta":{"ngg_post_thumbnail":0,"footnotes":""},"categories":[1780],"tags":[3204,360,193],"yoast_head":"<!-- This site is optimized with the Yoast SEO plugin v23.5 - https:\/\/yoast.com\/wordpress\/plugins\/seo\/ -->\n<title>Tempo Comum - O Arcanjo no ar<\/title>\n<meta name=\"robots\" content=\"index, follow, max-snippet:-1, max-image-preview:large, max-video-preview:-1\" \/>\n<link rel=\"canonical\" href=\"https:\/\/www.oarcanjo.net\/site\/tempo-comum\/\" \/>\n<meta property=\"og:locale\" content=\"pt_BR\" \/>\n<meta property=\"og:type\" content=\"article\" \/>\n<meta property=\"og:title\" content=\"Tempo Comum - O Arcanjo no ar\" \/>\n<meta property=\"og:description\" content=\"Fr. Marcos Sassatelli &#8220;Quem diz que est\u00e1 com Jesus, deve comportar-se como Ele se comportou\u201d (1Jo 2, 6) O Tempo Comum \u00e9 o mais extenso do Ano Lit\u00fargico e se comp\u00f5e de duas partes. A primeira parte come\u00e7a no dia seguinte \u00e0 celebra\u00e7\u00e3o da festa do Batismo do Senhor e se estende at\u00e9 a ter\u00e7a-feira [&hellip;]\" \/>\n<meta property=\"og:url\" content=\"https:\/\/www.oarcanjo.net\/site\/tempo-comum\/\" \/>\n<meta property=\"og:site_name\" content=\"O Arcanjo no ar\" \/>\n<meta property=\"article:publisher\" content=\"https:\/\/www.facebook.com\/OArcanjoNoAr\/\" \/>\n<meta property=\"article:published_time\" content=\"2012-01-22T15:47:39+00:00\" \/>\n<meta property=\"og:image\" content=\"https:\/\/www.oarcanjo.net\/site\/wp-content\/uploads\/logo-o-arcanjo-no-ar-facebook.png\" \/>\n\t<meta property=\"og:image:width\" content=\"300\" \/>\n\t<meta property=\"og:image:height\" content=\"300\" \/>\n\t<meta property=\"og:image:type\" content=\"image\/png\" \/>\n<meta name=\"author\" content=\"editor\" \/>\n<meta name=\"twitter:card\" content=\"summary_large_image\" \/>\n<meta name=\"twitter:label1\" content=\"Escrito por\" \/>\n\t<meta name=\"twitter:data1\" content=\"editor\" \/>\n\t<meta name=\"twitter:label2\" content=\"Est. tempo de leitura\" \/>\n\t<meta name=\"twitter:data2\" content=\"7 minutos\" \/>\n<script type=\"application\/ld+json\" class=\"yoast-schema-graph\">{\"@context\":\"https:\/\/schema.org\",\"@graph\":[{\"@type\":\"Article\",\"@id\":\"https:\/\/www.oarcanjo.net\/site\/tempo-comum\/#article\",\"isPartOf\":{\"@id\":\"https:\/\/www.oarcanjo.net\/site\/tempo-comum\/\"},\"author\":{\"name\":\"editor\",\"@id\":\"https:\/\/www.oarcanjo.net\/site\/#\/schema\/person\/f7024d007863202483a31326673a0838\"},\"headline\":\"Tempo Comum\",\"datePublished\":\"2012-01-22T15:47:39+00:00\",\"dateModified\":\"2012-01-22T15:47:39+00:00\",\"mainEntityOfPage\":{\"@id\":\"https:\/\/www.oarcanjo.net\/site\/tempo-comum\/\"},\"wordCount\":1350,\"commentCount\":0,\"publisher\":{\"@id\":\"https:\/\/www.oarcanjo.net\/site\/#organization\"},\"keywords\":[\"Liturgia\",\"op\u00e7\u00e3o pelos pobres\",\"tempo comum\"],\"articleSection\":[\"Tempos Lit\u00fargicos\"],\"inLanguage\":\"pt-BR\",\"potentialAction\":[{\"@type\":\"CommentAction\",\"name\":\"Comment\",\"target\":[\"https:\/\/www.oarcanjo.net\/site\/tempo-comum\/#respond\"]}]},{\"@type\":\"WebPage\",\"@id\":\"https:\/\/www.oarcanjo.net\/site\/tempo-comum\/\",\"url\":\"https:\/\/www.oarcanjo.net\/site\/tempo-comum\/\",\"name\":\"Tempo Comum - O Arcanjo no ar\",\"isPartOf\":{\"@id\":\"https:\/\/www.oarcanjo.net\/site\/#website\"},\"datePublished\":\"2012-01-22T15:47:39+00:00\",\"dateModified\":\"2012-01-22T15:47:39+00:00\",\"breadcrumb\":{\"@id\":\"https:\/\/www.oarcanjo.net\/site\/tempo-comum\/#breadcrumb\"},\"inLanguage\":\"pt-BR\",\"potentialAction\":[{\"@type\":\"ReadAction\",\"target\":[\"https:\/\/www.oarcanjo.net\/site\/tempo-comum\/\"]}]},{\"@type\":\"BreadcrumbList\",\"@id\":\"https:\/\/www.oarcanjo.net\/site\/tempo-comum\/#breadcrumb\",\"itemListElement\":[{\"@type\":\"ListItem\",\"position\":1,\"name\":\"In\u00edcio\",\"item\":\"https:\/\/www.oarcanjo.net\/site\/\"},{\"@type\":\"ListItem\",\"position\":2,\"name\":\"Tempo Comum\"}]},{\"@type\":\"WebSite\",\"@id\":\"https:\/\/www.oarcanjo.net\/site\/#website\",\"url\":\"https:\/\/www.oarcanjo.net\/site\/\",\"name\":\"O Arcanjo no ar\",\"description\":\"Site da Par\u00f3quia S\u00e3o Miguel Arcanjo (Arquidiocese de SP)\",\"publisher\":{\"@id\":\"https:\/\/www.oarcanjo.net\/site\/#organization\"},\"potentialAction\":[{\"@type\":\"SearchAction\",\"target\":{\"@type\":\"EntryPoint\",\"urlTemplate\":\"https:\/\/www.oarcanjo.net\/site\/?s={search_term_string}\"},\"query-input\":{\"@type\":\"PropertyValueSpecification\",\"valueRequired\":true,\"valueName\":\"search_term_string\"}}],\"inLanguage\":\"pt-BR\"},{\"@type\":\"Organization\",\"@id\":\"https:\/\/www.oarcanjo.net\/site\/#organization\",\"name\":\"Par\u00f3quia S\u00e3o Miguel Arcanjo\",\"url\":\"https:\/\/www.oarcanjo.net\/site\/\",\"logo\":{\"@type\":\"ImageObject\",\"inLanguage\":\"pt-BR\",\"@id\":\"https:\/\/www.oarcanjo.net\/site\/#\/schema\/logo\/image\/\",\"url\":\"https:\/\/www.oarcanjo.net\/site\/wp-content\/uploads\/LogoOArcanjo.png\",\"contentUrl\":\"https:\/\/www.oarcanjo.net\/site\/wp-content\/uploads\/LogoOArcanjo.png\",\"width\":319,\"height\":99,\"caption\":\"Par\u00f3quia S\u00e3o Miguel Arcanjo\"},\"image\":{\"@id\":\"https:\/\/www.oarcanjo.net\/site\/#\/schema\/logo\/image\/\"},\"sameAs\":[\"https:\/\/www.facebook.com\/OArcanjoNoAr\/\"]},{\"@type\":\"Person\",\"@id\":\"https:\/\/www.oarcanjo.net\/site\/#\/schema\/person\/f7024d007863202483a31326673a0838\",\"name\":\"editor\",\"sameAs\":[\"http:\/\/www.oarcanjo.net\"]}]}<\/script>\n<!-- \/ Yoast SEO plugin. -->","yoast_head_json":{"title":"Tempo Comum - O Arcanjo no ar","robots":{"index":"index","follow":"follow","max-snippet":"max-snippet:-1","max-image-preview":"max-image-preview:large","max-video-preview":"max-video-preview:-1"},"canonical":"https:\/\/www.oarcanjo.net\/site\/tempo-comum\/","og_locale":"pt_BR","og_type":"article","og_title":"Tempo Comum - O Arcanjo no ar","og_description":"Fr. Marcos Sassatelli &#8220;Quem diz que est\u00e1 com Jesus, deve comportar-se como Ele se comportou\u201d (1Jo 2, 6) O Tempo Comum \u00e9 o mais extenso do Ano Lit\u00fargico e se comp\u00f5e de duas partes. A primeira parte come\u00e7a no dia seguinte \u00e0 celebra\u00e7\u00e3o da festa do Batismo do Senhor e se estende at\u00e9 a ter\u00e7a-feira [&hellip;]","og_url":"https:\/\/www.oarcanjo.net\/site\/tempo-comum\/","og_site_name":"O Arcanjo no ar","article_publisher":"https:\/\/www.facebook.com\/OArcanjoNoAr\/","article_published_time":"2012-01-22T15:47:39+00:00","og_image":[{"width":300,"height":300,"url":"https:\/\/www.oarcanjo.net\/site\/wp-content\/uploads\/logo-o-arcanjo-no-ar-facebook.png","type":"image\/png"}],"author":"editor","twitter_card":"summary_large_image","twitter_misc":{"Escrito por":"editor","Est. tempo de leitura":"7 minutos"},"schema":{"@context":"https:\/\/schema.org","@graph":[{"@type":"Article","@id":"https:\/\/www.oarcanjo.net\/site\/tempo-comum\/#article","isPartOf":{"@id":"https:\/\/www.oarcanjo.net\/site\/tempo-comum\/"},"author":{"name":"editor","@id":"https:\/\/www.oarcanjo.net\/site\/#\/schema\/person\/f7024d007863202483a31326673a0838"},"headline":"Tempo Comum","datePublished":"2012-01-22T15:47:39+00:00","dateModified":"2012-01-22T15:47:39+00:00","mainEntityOfPage":{"@id":"https:\/\/www.oarcanjo.net\/site\/tempo-comum\/"},"wordCount":1350,"commentCount":0,"publisher":{"@id":"https:\/\/www.oarcanjo.net\/site\/#organization"},"keywords":["Liturgia","op\u00e7\u00e3o pelos pobres","tempo comum"],"articleSection":["Tempos Lit\u00fargicos"],"inLanguage":"pt-BR","potentialAction":[{"@type":"CommentAction","name":"Comment","target":["https:\/\/www.oarcanjo.net\/site\/tempo-comum\/#respond"]}]},{"@type":"WebPage","@id":"https:\/\/www.oarcanjo.net\/site\/tempo-comum\/","url":"https:\/\/www.oarcanjo.net\/site\/tempo-comum\/","name":"Tempo Comum - O Arcanjo no ar","isPartOf":{"@id":"https:\/\/www.oarcanjo.net\/site\/#website"},"datePublished":"2012-01-22T15:47:39+00:00","dateModified":"2012-01-22T15:47:39+00:00","breadcrumb":{"@id":"https:\/\/www.oarcanjo.net\/site\/tempo-comum\/#breadcrumb"},"inLanguage":"pt-BR","potentialAction":[{"@type":"ReadAction","target":["https:\/\/www.oarcanjo.net\/site\/tempo-comum\/"]}]},{"@type":"BreadcrumbList","@id":"https:\/\/www.oarcanjo.net\/site\/tempo-comum\/#breadcrumb","itemListElement":[{"@type":"ListItem","position":1,"name":"In\u00edcio","item":"https:\/\/www.oarcanjo.net\/site\/"},{"@type":"ListItem","position":2,"name":"Tempo Comum"}]},{"@type":"WebSite","@id":"https:\/\/www.oarcanjo.net\/site\/#website","url":"https:\/\/www.oarcanjo.net\/site\/","name":"O Arcanjo no ar","description":"Site da Par\u00f3quia S\u00e3o Miguel Arcanjo (Arquidiocese de SP)","publisher":{"@id":"https:\/\/www.oarcanjo.net\/site\/#organization"},"potentialAction":[{"@type":"SearchAction","target":{"@type":"EntryPoint","urlTemplate":"https:\/\/www.oarcanjo.net\/site\/?s={search_term_string}"},"query-input":{"@type":"PropertyValueSpecification","valueRequired":true,"valueName":"search_term_string"}}],"inLanguage":"pt-BR"},{"@type":"Organization","@id":"https:\/\/www.oarcanjo.net\/site\/#organization","name":"Par\u00f3quia S\u00e3o Miguel Arcanjo","url":"https:\/\/www.oarcanjo.net\/site\/","logo":{"@type":"ImageObject","inLanguage":"pt-BR","@id":"https:\/\/www.oarcanjo.net\/site\/#\/schema\/logo\/image\/","url":"https:\/\/www.oarcanjo.net\/site\/wp-content\/uploads\/LogoOArcanjo.png","contentUrl":"https:\/\/www.oarcanjo.net\/site\/wp-content\/uploads\/LogoOArcanjo.png","width":319,"height":99,"caption":"Par\u00f3quia S\u00e3o Miguel Arcanjo"},"image":{"@id":"https:\/\/www.oarcanjo.net\/site\/#\/schema\/logo\/image\/"},"sameAs":["https:\/\/www.facebook.com\/OArcanjoNoAr\/"]},{"@type":"Person","@id":"https:\/\/www.oarcanjo.net\/site\/#\/schema\/person\/f7024d007863202483a31326673a0838","name":"editor","sameAs":["http:\/\/www.oarcanjo.net"]}]}},"publishpress_future_action":{"enabled":false,"date":"2026-05-07 06:13:13","action":"category","newStatus":"draft","terms":[],"taxonomy":"category"},"publishpress_future_workflow_manual_trigger":{"enabledWorkflows":[]},"_links":{"self":[{"href":"https:\/\/www.oarcanjo.net\/site\/wp-json\/wp\/v2\/posts\/17134"}],"collection":[{"href":"https:\/\/www.oarcanjo.net\/site\/wp-json\/wp\/v2\/posts"}],"about":[{"href":"https:\/\/www.oarcanjo.net\/site\/wp-json\/wp\/v2\/types\/post"}],"author":[{"embeddable":true,"href":"https:\/\/www.oarcanjo.net\/site\/wp-json\/wp\/v2\/users\/5"}],"replies":[{"embeddable":true,"href":"https:\/\/www.oarcanjo.net\/site\/wp-json\/wp\/v2\/comments?post=17134"}],"version-history":[{"count":0,"href":"https:\/\/www.oarcanjo.net\/site\/wp-json\/wp\/v2\/posts\/17134\/revisions"}],"wp:attachment":[{"href":"https:\/\/www.oarcanjo.net\/site\/wp-json\/wp\/v2\/media?parent=17134"}],"wp:term":[{"taxonomy":"category","embeddable":true,"href":"https:\/\/www.oarcanjo.net\/site\/wp-json\/wp\/v2\/categories?post=17134"},{"taxonomy":"post_tag","embeddable":true,"href":"https:\/\/www.oarcanjo.net\/site\/wp-json\/wp\/v2\/tags?post=17134"}],"curies":[{"name":"wp","href":"https:\/\/api.w.org\/{rel}","templated":true}]}}