
{"id":1714,"date":"2009-02-03T21:30:30","date_gmt":"2009-02-03T23:30:30","guid":{"rendered":"http:\/\/www.oarcanjo.net\/site\/?p=1714"},"modified":"2009-02-06T22:43:46","modified_gmt":"2009-02-07T00:43:46","slug":"o-peregrino-da-paz","status":"publish","type":"post","link":"https:\/\/www.oarcanjo.net\/site\/o-peregrino-da-paz\/","title":{"rendered":"O Peregrino da Paz"},"content":{"rendered":"<p>Prof. Jos\u00e9 Cajuaz Filho<\/p>\n<p>Fortaleza foi seu ber\u00e7o e o mundo seu campo apost\u00f3lico. Franzino, mas de uma for\u00e7a e coragem inabal\u00e1veis.<\/p>\n<p>Humilde a ponto de jamais pensar que, um dia reconheceriam seu grau de santidade e solicitariam \u00e0 Congrega\u00e7\u00e3o para a Causa dos Santos sua beatifica\u00e7\u00e3o.<\/p>\n<p>Este \u00e9 o perfil de H\u00e9lder Pessoa C\u00e2mara, conhecido simplesmente como Dom H\u00e9lder C\u00e2mara.<\/p>\n<p>Veio ao mundo em Fortaleza em 1909. Fam\u00edlia humilde, viveu, na pr\u00f3pria pele, as adversidades da vida.<br \/>\nDesde a inf\u00e2ncia, mostrou-se inclinado ao sacerd\u00f3cio e demonstrava especial aten\u00e7\u00e3o nas missas celebradas em sua comunidade e j\u00e1 queria ser padre.<\/p>\n<p>Em 1917, ouviu de seu pai estas s\u00e1bias palavras como que inspiradas pelo Esp\u00edrito Santo e que devem servir de b\u00fassola para aqueles que dedicam sua vida ao minist\u00e9rio sacerdotal: MEU FILHO, VOC\u00ca SABE O QUE \u00c9 SER PADRE? PADRE E EGO\u00cdSMO N\u00c3O PODEM ANDAR JUNTOS.<\/p>\n<p>Isto orientou Dom H\u00e9lder a vida inteira. Despojou-se de tudo em favor dos outros sobretudo dos mais necessitados.<\/p>\n<p>Ingressou no Semin\u00e1rio Diocesano de Fortaleza onde fez todos seus estudos; proped\u00eautico, filos\u00f3fico e teol\u00f3gico. Ordena-se, com autoriza\u00e7\u00e3o da Santa S\u00e9, aos vinte e dois anos, pois naquela \u00e9poca, a idade m\u00ednima para o sacerd\u00f3cio era vinte e quatro anos.<\/p>\n<p>Come\u00e7a, ent\u00e3o, a viv\u00eancia daquela advert\u00eancia de seu pai: Padre e ego\u00edsmo n\u00e3o andam juntos.<\/p>\n<p>No campo religioso, eram as prega\u00e7\u00f5es e sua vida que mostravam aos homens o amor e a bondade de Deus.<\/p>\n<p>No social, tinha uma obsess\u00e3o: a mis\u00e9ria tinha que ser extirpada da sociedade. Ele dizia: Temos que entrar no terceiro mil\u00eanio sentados \u00e0 mesa, comendo, saud\u00e1veis, fraternos, abrigados do frio, da chuva e do vento. Era o advento da Idade de Ouro da Mitologia Grega. N\u00e3o haveria fome, guerra e desabrigo  e a sa\u00fade chegava para todos. Utopia? N\u00e3o. Sua vida foi a persegui\u00e7\u00e3o cont\u00ednua desse desiderato.<\/p>\n<p>O campo pol\u00edtico estava presente em sua vida, n\u00e3o como candidato a qualquer cargo eletivo, mas como orientador daqueles que exerciam as fun\u00e7\u00f5es pol\u00edticas. Sua coragem na defesa dos direitos humanos n\u00e3o tinha limites. Ela o transformou em s\u00edmbolo da resist\u00eancia \u00e0 ditadura militar, \u00e9poca em que sofreu duras persegui\u00e7\u00f5es.<\/p>\n<p>Tachado demagogo e comunista, Dom H\u00e9lder torna-se \u201cpersona non grata\u201d ao regime militar.<\/p>\n<p>Proibido de falar no Brasil, passa a voar mais alto e sai, como o ap\u00f3stolo Paulo, a pregar seu ideal, oportuna e inoportunamente, no Exterior. Suas a\u00e7\u00f5es eram mal interpretadas. Certa vez ele disse: Se eu dou comida a um pobre, me chamam de santo, mas se eu pergunto por que ele \u00e9 pobre, me chamam de comunista.<\/p>\n<p>Outro aspecto da vida de Dom H\u00e9lder \u00e9 sua luta desenvolvida em prol da paz. Ele encarnou a mensagem da Igreja de que a paz \u00e9 fruto da justi\u00e7a. Ent\u00e3o numa sociedade em que n\u00e3o h\u00e1 uma distribui\u00e7\u00e3o justa de renda n\u00e3o pode haver paz. Por essa vis\u00e3o de sociedade pac\u00edfica e pelo trabalho pela diminui\u00e7\u00e3o das desigualdades sociais, Dom H\u00e9lder foi candidato ao Pr\u00eamio Nobel da Paz, castrado pelo regime militar vigente no Brasil. Mesmo assim, por suas andan\u00e7as pregando a paz entre os povos, hoje ele \u00e9 conhecido como o Peregrino da Paz.<\/p>\n<p>No ano de 2009 a Igreja do Brasil comemora o centen\u00e1rio de nascimento deste seu filho ilustre. Que esta comemora\u00e7\u00e3o desperte em cada um de n\u00f3s o desejo de viver em toda sua plenitude a mensagem do Evangelho como fez Dom H\u00e9lder, o Peregrino da Paz.<\/p>\n<div id=\"themify_builder_content-1714\" data-postid=\"1714\" class=\"themify_builder_content themify_builder_content-1714 themify_builder themify_builder_front\">\n\t<\/div>\n<!-- \/themify_builder_content -->","protected":false},"excerpt":{"rendered":"<p>Prof. Jos\u00e9 Cajuaz Filho Fortaleza foi seu ber\u00e7o e o mundo seu campo apost\u00f3lico. Franzino, mas de uma for\u00e7a e coragem inabal\u00e1veis. Humilde a ponto de jamais pensar que, um dia reconheceriam seu grau de santidade e solicitariam \u00e0 Congrega\u00e7\u00e3o para a Causa dos Santos sua beatifica\u00e7\u00e3o. Este \u00e9 o perfil de H\u00e9lder Pessoa C\u00e2mara, [&hellip;]<\/p>\n","protected":false},"author":5,"featured_media":0,"comment_status":"open","ping_status":"open","sticky":false,"template":"","format":"standard","meta":{"ngg_post_thumbnail":0,"footnotes":""},"categories":[192],"tags":[210],"yoast_head":"<!-- This site is optimized with the Yoast SEO plugin v23.5 - https:\/\/yoast.com\/wordpress\/plugins\/seo\/ -->\n<title>O Peregrino da Paz - O Arcanjo no ar<\/title>\n<meta name=\"robots\" content=\"index, follow, max-snippet:-1, max-image-preview:large, max-video-preview:-1\" \/>\n<link rel=\"canonical\" href=\"https:\/\/www.oarcanjo.net\/site\/o-peregrino-da-paz\/\" \/>\n<meta property=\"og:locale\" content=\"pt_BR\" \/>\n<meta property=\"og:type\" content=\"article\" \/>\n<meta property=\"og:title\" content=\"O Peregrino da Paz - O Arcanjo no ar\" \/>\n<meta property=\"og:description\" content=\"Prof. Jos\u00e9 Cajuaz Filho Fortaleza foi seu ber\u00e7o e o mundo seu campo apost\u00f3lico. Franzino, mas de uma for\u00e7a e coragem inabal\u00e1veis. Humilde a ponto de jamais pensar que, um dia reconheceriam seu grau de santidade e solicitariam \u00e0 Congrega\u00e7\u00e3o para a Causa dos Santos sua beatifica\u00e7\u00e3o. Este \u00e9 o perfil de H\u00e9lder Pessoa C\u00e2mara, [&hellip;]\" \/>\n<meta property=\"og:url\" content=\"https:\/\/www.oarcanjo.net\/site\/o-peregrino-da-paz\/\" \/>\n<meta property=\"og:site_name\" content=\"O Arcanjo no ar\" \/>\n<meta property=\"article:publisher\" content=\"https:\/\/www.facebook.com\/OArcanjoNoAr\/\" \/>\n<meta property=\"article:published_time\" content=\"2009-02-03T23:30:30+00:00\" \/>\n<meta property=\"article:modified_time\" content=\"2009-02-07T00:43:46+00:00\" \/>\n<meta property=\"og:image\" content=\"https:\/\/www.oarcanjo.net\/site\/wp-content\/uploads\/logo-o-arcanjo-no-ar-facebook.png\" \/>\n\t<meta property=\"og:image:width\" content=\"300\" \/>\n\t<meta property=\"og:image:height\" content=\"300\" \/>\n\t<meta property=\"og:image:type\" content=\"image\/png\" \/>\n<meta name=\"author\" content=\"editor\" \/>\n<meta name=\"twitter:card\" content=\"summary_large_image\" \/>\n<meta name=\"twitter:label1\" content=\"Escrito por\" \/>\n\t<meta name=\"twitter:data1\" content=\"editor\" \/>\n\t<meta name=\"twitter:label2\" content=\"Est. tempo de leitura\" \/>\n\t<meta name=\"twitter:data2\" content=\"3 minutos\" \/>\n<script type=\"application\/ld+json\" class=\"yoast-schema-graph\">{\"@context\":\"https:\/\/schema.org\",\"@graph\":[{\"@type\":\"Article\",\"@id\":\"https:\/\/www.oarcanjo.net\/site\/o-peregrino-da-paz\/#article\",\"isPartOf\":{\"@id\":\"https:\/\/www.oarcanjo.net\/site\/o-peregrino-da-paz\/\"},\"author\":{\"name\":\"editor\",\"@id\":\"https:\/\/www.oarcanjo.net\/site\/#\/schema\/person\/f7024d007863202483a31326673a0838\"},\"headline\":\"O Peregrino da Paz\",\"datePublished\":\"2009-02-03T23:30:30+00:00\",\"dateModified\":\"2009-02-07T00:43:46+00:00\",\"mainEntityOfPage\":{\"@id\":\"https:\/\/www.oarcanjo.net\/site\/o-peregrino-da-paz\/\"},\"wordCount\":632,\"commentCount\":0,\"publisher\":{\"@id\":\"https:\/\/www.oarcanjo.net\/site\/#organization\"},\"keywords\":[\"Dom Helder Camara\"],\"articleSection\":[\"D. Helder C\u00e2mara\"],\"inLanguage\":\"pt-BR\",\"potentialAction\":[{\"@type\":\"CommentAction\",\"name\":\"Comment\",\"target\":[\"https:\/\/www.oarcanjo.net\/site\/o-peregrino-da-paz\/#respond\"]}]},{\"@type\":\"WebPage\",\"@id\":\"https:\/\/www.oarcanjo.net\/site\/o-peregrino-da-paz\/\",\"url\":\"https:\/\/www.oarcanjo.net\/site\/o-peregrino-da-paz\/\",\"name\":\"O Peregrino da Paz - O Arcanjo no ar\",\"isPartOf\":{\"@id\":\"https:\/\/www.oarcanjo.net\/site\/#website\"},\"datePublished\":\"2009-02-03T23:30:30+00:00\",\"dateModified\":\"2009-02-07T00:43:46+00:00\",\"breadcrumb\":{\"@id\":\"https:\/\/www.oarcanjo.net\/site\/o-peregrino-da-paz\/#breadcrumb\"},\"inLanguage\":\"pt-BR\",\"potentialAction\":[{\"@type\":\"ReadAction\",\"target\":[\"https:\/\/www.oarcanjo.net\/site\/o-peregrino-da-paz\/\"]}]},{\"@type\":\"BreadcrumbList\",\"@id\":\"https:\/\/www.oarcanjo.net\/site\/o-peregrino-da-paz\/#breadcrumb\",\"itemListElement\":[{\"@type\":\"ListItem\",\"position\":1,\"name\":\"In\u00edcio\",\"item\":\"https:\/\/www.oarcanjo.net\/site\/\"},{\"@type\":\"ListItem\",\"position\":2,\"name\":\"O Peregrino da Paz\"}]},{\"@type\":\"WebSite\",\"@id\":\"https:\/\/www.oarcanjo.net\/site\/#website\",\"url\":\"https:\/\/www.oarcanjo.net\/site\/\",\"name\":\"O Arcanjo no ar\",\"description\":\"Site da Par\u00f3quia S\u00e3o Miguel Arcanjo (Arquidiocese de SP)\",\"publisher\":{\"@id\":\"https:\/\/www.oarcanjo.net\/site\/#organization\"},\"potentialAction\":[{\"@type\":\"SearchAction\",\"target\":{\"@type\":\"EntryPoint\",\"urlTemplate\":\"https:\/\/www.oarcanjo.net\/site\/?s={search_term_string}\"},\"query-input\":{\"@type\":\"PropertyValueSpecification\",\"valueRequired\":true,\"valueName\":\"search_term_string\"}}],\"inLanguage\":\"pt-BR\"},{\"@type\":\"Organization\",\"@id\":\"https:\/\/www.oarcanjo.net\/site\/#organization\",\"name\":\"Par\u00f3quia S\u00e3o Miguel Arcanjo\",\"url\":\"https:\/\/www.oarcanjo.net\/site\/\",\"logo\":{\"@type\":\"ImageObject\",\"inLanguage\":\"pt-BR\",\"@id\":\"https:\/\/www.oarcanjo.net\/site\/#\/schema\/logo\/image\/\",\"url\":\"https:\/\/www.oarcanjo.net\/site\/wp-content\/uploads\/LogoOArcanjo.png\",\"contentUrl\":\"https:\/\/www.oarcanjo.net\/site\/wp-content\/uploads\/LogoOArcanjo.png\",\"width\":319,\"height\":99,\"caption\":\"Par\u00f3quia S\u00e3o Miguel Arcanjo\"},\"image\":{\"@id\":\"https:\/\/www.oarcanjo.net\/site\/#\/schema\/logo\/image\/\"},\"sameAs\":[\"https:\/\/www.facebook.com\/OArcanjoNoAr\/\"]},{\"@type\":\"Person\",\"@id\":\"https:\/\/www.oarcanjo.net\/site\/#\/schema\/person\/f7024d007863202483a31326673a0838\",\"name\":\"editor\",\"sameAs\":[\"http:\/\/www.oarcanjo.net\"]}]}<\/script>\n<!-- \/ Yoast SEO plugin. -->","yoast_head_json":{"title":"O Peregrino da Paz - O Arcanjo no ar","robots":{"index":"index","follow":"follow","max-snippet":"max-snippet:-1","max-image-preview":"max-image-preview:large","max-video-preview":"max-video-preview:-1"},"canonical":"https:\/\/www.oarcanjo.net\/site\/o-peregrino-da-paz\/","og_locale":"pt_BR","og_type":"article","og_title":"O Peregrino da Paz - O Arcanjo no ar","og_description":"Prof. Jos\u00e9 Cajuaz Filho Fortaleza foi seu ber\u00e7o e o mundo seu campo apost\u00f3lico. Franzino, mas de uma for\u00e7a e coragem inabal\u00e1veis. Humilde a ponto de jamais pensar que, um dia reconheceriam seu grau de santidade e solicitariam \u00e0 Congrega\u00e7\u00e3o para a Causa dos Santos sua beatifica\u00e7\u00e3o. Este \u00e9 o perfil de H\u00e9lder Pessoa C\u00e2mara, [&hellip;]","og_url":"https:\/\/www.oarcanjo.net\/site\/o-peregrino-da-paz\/","og_site_name":"O Arcanjo no ar","article_publisher":"https:\/\/www.facebook.com\/OArcanjoNoAr\/","article_published_time":"2009-02-03T23:30:30+00:00","article_modified_time":"2009-02-07T00:43:46+00:00","og_image":[{"width":300,"height":300,"url":"https:\/\/www.oarcanjo.net\/site\/wp-content\/uploads\/logo-o-arcanjo-no-ar-facebook.png","type":"image\/png"}],"author":"editor","twitter_card":"summary_large_image","twitter_misc":{"Escrito por":"editor","Est. tempo de leitura":"3 minutos"},"schema":{"@context":"https:\/\/schema.org","@graph":[{"@type":"Article","@id":"https:\/\/www.oarcanjo.net\/site\/o-peregrino-da-paz\/#article","isPartOf":{"@id":"https:\/\/www.oarcanjo.net\/site\/o-peregrino-da-paz\/"},"author":{"name":"editor","@id":"https:\/\/www.oarcanjo.net\/site\/#\/schema\/person\/f7024d007863202483a31326673a0838"},"headline":"O Peregrino da Paz","datePublished":"2009-02-03T23:30:30+00:00","dateModified":"2009-02-07T00:43:46+00:00","mainEntityOfPage":{"@id":"https:\/\/www.oarcanjo.net\/site\/o-peregrino-da-paz\/"},"wordCount":632,"commentCount":0,"publisher":{"@id":"https:\/\/www.oarcanjo.net\/site\/#organization"},"keywords":["Dom Helder Camara"],"articleSection":["D. Helder C\u00e2mara"],"inLanguage":"pt-BR","potentialAction":[{"@type":"CommentAction","name":"Comment","target":["https:\/\/www.oarcanjo.net\/site\/o-peregrino-da-paz\/#respond"]}]},{"@type":"WebPage","@id":"https:\/\/www.oarcanjo.net\/site\/o-peregrino-da-paz\/","url":"https:\/\/www.oarcanjo.net\/site\/o-peregrino-da-paz\/","name":"O Peregrino da Paz - O Arcanjo no ar","isPartOf":{"@id":"https:\/\/www.oarcanjo.net\/site\/#website"},"datePublished":"2009-02-03T23:30:30+00:00","dateModified":"2009-02-07T00:43:46+00:00","breadcrumb":{"@id":"https:\/\/www.oarcanjo.net\/site\/o-peregrino-da-paz\/#breadcrumb"},"inLanguage":"pt-BR","potentialAction":[{"@type":"ReadAction","target":["https:\/\/www.oarcanjo.net\/site\/o-peregrino-da-paz\/"]}]},{"@type":"BreadcrumbList","@id":"https:\/\/www.oarcanjo.net\/site\/o-peregrino-da-paz\/#breadcrumb","itemListElement":[{"@type":"ListItem","position":1,"name":"In\u00edcio","item":"https:\/\/www.oarcanjo.net\/site\/"},{"@type":"ListItem","position":2,"name":"O Peregrino da Paz"}]},{"@type":"WebSite","@id":"https:\/\/www.oarcanjo.net\/site\/#website","url":"https:\/\/www.oarcanjo.net\/site\/","name":"O Arcanjo no ar","description":"Site da Par\u00f3quia S\u00e3o Miguel Arcanjo (Arquidiocese de SP)","publisher":{"@id":"https:\/\/www.oarcanjo.net\/site\/#organization"},"potentialAction":[{"@type":"SearchAction","target":{"@type":"EntryPoint","urlTemplate":"https:\/\/www.oarcanjo.net\/site\/?s={search_term_string}"},"query-input":{"@type":"PropertyValueSpecification","valueRequired":true,"valueName":"search_term_string"}}],"inLanguage":"pt-BR"},{"@type":"Organization","@id":"https:\/\/www.oarcanjo.net\/site\/#organization","name":"Par\u00f3quia S\u00e3o Miguel Arcanjo","url":"https:\/\/www.oarcanjo.net\/site\/","logo":{"@type":"ImageObject","inLanguage":"pt-BR","@id":"https:\/\/www.oarcanjo.net\/site\/#\/schema\/logo\/image\/","url":"https:\/\/www.oarcanjo.net\/site\/wp-content\/uploads\/LogoOArcanjo.png","contentUrl":"https:\/\/www.oarcanjo.net\/site\/wp-content\/uploads\/LogoOArcanjo.png","width":319,"height":99,"caption":"Par\u00f3quia S\u00e3o Miguel Arcanjo"},"image":{"@id":"https:\/\/www.oarcanjo.net\/site\/#\/schema\/logo\/image\/"},"sameAs":["https:\/\/www.facebook.com\/OArcanjoNoAr\/"]},{"@type":"Person","@id":"https:\/\/www.oarcanjo.net\/site\/#\/schema\/person\/f7024d007863202483a31326673a0838","name":"editor","sameAs":["http:\/\/www.oarcanjo.net"]}]}},"publishpress_future_action":{"enabled":false,"date":"2026-05-07 23:09:20","action":"category","newStatus":"draft","terms":[],"taxonomy":"category"},"publishpress_future_workflow_manual_trigger":{"enabledWorkflows":[]},"_links":{"self":[{"href":"https:\/\/www.oarcanjo.net\/site\/wp-json\/wp\/v2\/posts\/1714"}],"collection":[{"href":"https:\/\/www.oarcanjo.net\/site\/wp-json\/wp\/v2\/posts"}],"about":[{"href":"https:\/\/www.oarcanjo.net\/site\/wp-json\/wp\/v2\/types\/post"}],"author":[{"embeddable":true,"href":"https:\/\/www.oarcanjo.net\/site\/wp-json\/wp\/v2\/users\/5"}],"replies":[{"embeddable":true,"href":"https:\/\/www.oarcanjo.net\/site\/wp-json\/wp\/v2\/comments?post=1714"}],"version-history":[{"count":0,"href":"https:\/\/www.oarcanjo.net\/site\/wp-json\/wp\/v2\/posts\/1714\/revisions"}],"wp:attachment":[{"href":"https:\/\/www.oarcanjo.net\/site\/wp-json\/wp\/v2\/media?parent=1714"}],"wp:term":[{"taxonomy":"category","embeddable":true,"href":"https:\/\/www.oarcanjo.net\/site\/wp-json\/wp\/v2\/categories?post=1714"},{"taxonomy":"post_tag","embeddable":true,"href":"https:\/\/www.oarcanjo.net\/site\/wp-json\/wp\/v2\/tags?post=1714"}],"curies":[{"name":"wp","href":"https:\/\/api.w.org\/{rel}","templated":true}]}}