
{"id":17145,"date":"2012-01-22T23:40:52","date_gmt":"2012-01-23T01:40:52","guid":{"rendered":"http:\/\/www.oarcanjo.net\/site\/?p=17145"},"modified":"2012-01-23T00:20:49","modified_gmt":"2012-01-23T02:20:49","slug":"17-anos-sem-o-professor-alberto-mesquita","status":"publish","type":"post","link":"https:\/\/www.oarcanjo.net\/site\/17-anos-sem-o-professor-alberto-mesquita\/","title":{"rendered":"17 anos sem o Professor Alberto Mesquita"},"content":{"rendered":"<p>H\u00e1 17 anos o Professor Alberto Mesquita de Camargo foi para a casa do Pai. Neste domingo, 22 de janeiro, foi celebrada missa desse anivers\u00e1rio de falecimento e na sa\u00edda da Capela, \u00a0sua esposa Professora Alzira, colocou muitas flores em \u00a0homenagem, inclusive um l\u00edndo l\u00edrio.\u00a0<\/p>\n<p>Lembrando do l\u00edrio, o Prof. Mesquita tinha escrito\u00a0a Dom Luciano Mendes de Almeida:<\/p>\n<p>&#8220;O L\u00edrio.<\/p>\n<p>A brancura dos l\u00edrios, vede-a a verde v\u00e1rzea a esplender. Longa corola orvalhada, voltada para o azul do c\u00e9u.<\/p>\n<p>A brancura dos l\u00edrios, vede-a t\u00e3o bela como o luar, tem perfume que rescende muita pureza no ar. Vede a brancura dos l\u00edrios na verde v\u00e1rzea a brilhar.<\/p>\n<p>Vede a brancura dos l\u00edrios, Vede-a&#8230;\u00a0 Como a Natureza ao sopro do Criador! Ao fazer Deus os l\u00edrios brancos viu que tudo era bom e que tudo era flor. Como alveja a Natureza ao sopro m\u00e1gico do Autor!&#8221;<\/p>\n<p><a href=\"http:\/\/www.oarcanjo.net\/site\/wp-content\/uploads\/IMG_0952.jpg\"><img loading=\"lazy\" decoding=\"async\" class=\"aligncenter size-medium wp-image-17146\" title=\"IMG_0952\" src=\"http:\/\/www.oarcanjo.net\/site\/wp-content\/uploads\/IMG_0952-300x133.jpg\" alt=\"\" width=\"300\" height=\"133\" srcset=\"https:\/\/www.oarcanjo.net\/site\/wp-content\/uploads\/IMG_0952-300x133.jpg 300w, https:\/\/www.oarcanjo.net\/site\/wp-content\/uploads\/IMG_0952.jpg 645w\" sizes=\"(max-width: 300px) 100vw, 300px\" \/><\/a><\/p>\n<p><a href=\"http:\/\/www.oarcanjo.net\/site\/wp-content\/uploads\/IMG_1548.jpg\"><img loading=\"lazy\" decoding=\"async\" class=\"alignleft size-medium wp-image-17147\" title=\"IMG_1548\" src=\"http:\/\/www.oarcanjo.net\/site\/wp-content\/uploads\/IMG_1548-300x200.jpg\" alt=\"\" width=\"300\" height=\"200\" srcset=\"https:\/\/www.oarcanjo.net\/site\/wp-content\/uploads\/IMG_1548-300x200.jpg 300w, https:\/\/www.oarcanjo.net\/site\/wp-content\/uploads\/IMG_1548.jpg 645w\" sizes=\"(max-width: 300px) 100vw, 300px\" \/><\/a><\/p>\n<p><a href=\"http:\/\/www.oarcanjo.net\/site\/wp-content\/uploads\/IMG_1551.jpg\"><img loading=\"lazy\" decoding=\"async\" class=\"alignright size-medium wp-image-17148\" title=\"IMG_1551\" src=\"http:\/\/www.oarcanjo.net\/site\/wp-content\/uploads\/IMG_1551-300x200.jpg\" alt=\"\" width=\"300\" height=\"200\" srcset=\"https:\/\/www.oarcanjo.net\/site\/wp-content\/uploads\/IMG_1551-300x200.jpg 300w, https:\/\/www.oarcanjo.net\/site\/wp-content\/uploads\/IMG_1551.jpg 645w\" sizes=\"(max-width: 300px) 100vw, 300px\" \/><\/a><\/p>\n<p><a href=\"http:\/\/www.oarcanjo.net\/site\/wp-content\/uploads\/IMG_1558.jpg\"><img loading=\"lazy\" decoding=\"async\" class=\"alignleft size-medium wp-image-17149\" title=\"IMG_1558\" src=\"http:\/\/www.oarcanjo.net\/site\/wp-content\/uploads\/IMG_1558-300x200.jpg\" alt=\"\" width=\"300\" height=\"200\" srcset=\"https:\/\/www.oarcanjo.net\/site\/wp-content\/uploads\/IMG_1558-300x200.jpg 300w, https:\/\/www.oarcanjo.net\/site\/wp-content\/uploads\/IMG_1558.jpg 645w\" sizes=\"(max-width: 300px) 100vw, 300px\" \/><\/a><a href=\"http:\/\/www.oarcanjo.net\/site\/wp-content\/uploads\/IMG_1561.jpg\"><img loading=\"lazy\" decoding=\"async\" class=\"alignright size-medium wp-image-17150\" title=\"IMG_1561\" src=\"http:\/\/www.oarcanjo.net\/site\/wp-content\/uploads\/IMG_1561-300x200.jpg\" alt=\"\" width=\"300\" height=\"200\" srcset=\"https:\/\/www.oarcanjo.net\/site\/wp-content\/uploads\/IMG_1561-300x200.jpg 300w, https:\/\/www.oarcanjo.net\/site\/wp-content\/uploads\/IMG_1561.jpg 645w\" sizes=\"(max-width: 300px) 100vw, 300px\" \/><\/a><\/p>\n<p><a href=\"http:\/\/www.oarcanjo.net\/site\/wp-content\/uploads\/IMG_1564.jpg\"><img loading=\"lazy\" decoding=\"async\" class=\"alignleft size-medium wp-image-17151\" title=\"IMG_1564\" src=\"http:\/\/www.oarcanjo.net\/site\/wp-content\/uploads\/IMG_1564-300x200.jpg\" alt=\"\" width=\"300\" height=\"200\" srcset=\"https:\/\/www.oarcanjo.net\/site\/wp-content\/uploads\/IMG_1564-300x200.jpg 300w, https:\/\/www.oarcanjo.net\/site\/wp-content\/uploads\/IMG_1564.jpg 645w\" sizes=\"(max-width: 300px) 100vw, 300px\" \/><\/a><a href=\"http:\/\/www.oarcanjo.net\/site\/wp-content\/uploads\/IMG_1587.jpg\"><img loading=\"lazy\" decoding=\"async\" class=\"alignright size-medium wp-image-17152\" title=\"IMG_1587\" src=\"http:\/\/www.oarcanjo.net\/site\/wp-content\/uploads\/IMG_1587-300x200.jpg\" alt=\"\" width=\"300\" height=\"200\" srcset=\"https:\/\/www.oarcanjo.net\/site\/wp-content\/uploads\/IMG_1587-300x200.jpg 300w, https:\/\/www.oarcanjo.net\/site\/wp-content\/uploads\/IMG_1587.jpg 645w\" sizes=\"(max-width: 300px) 100vw, 300px\" \/><\/a><\/p>\n<p><a href=\"http:\/\/www.oarcanjo.net\/site\/wp-content\/uploads\/IMG_1590.jpg\"><img loading=\"lazy\" decoding=\"async\" class=\"aligncenter size-medium wp-image-17153\" title=\"IMG_1590\" src=\"http:\/\/www.oarcanjo.net\/site\/wp-content\/uploads\/IMG_1590-300x200.jpg\" alt=\"\" width=\"300\" height=\"200\" srcset=\"https:\/\/www.oarcanjo.net\/site\/wp-content\/uploads\/IMG_1590-300x200.jpg 300w, https:\/\/www.oarcanjo.net\/site\/wp-content\/uploads\/IMG_1590.jpg 645w\" sizes=\"(max-width: 300px) 100vw, 300px\" \/><\/a><\/p>\n<div id=\"themify_builder_content-17145\" data-postid=\"17145\" class=\"themify_builder_content themify_builder_content-17145 themify_builder themify_builder_front\">\n\t<\/div>\n<!-- \/themify_builder_content -->","protected":false},"excerpt":{"rendered":"<p>H\u00e1 17 anos o Professor Alberto Mesquita de Camargo foi para a casa do Pai. Neste domingo, 22 de janeiro, foi celebrada missa desse anivers\u00e1rio de falecimento e na sa\u00edda da Capela, \u00a0sua esposa Professora Alzira, colocou muitas flores em \u00a0homenagem, inclusive um l\u00edndo l\u00edrio.\u00a0 Lembrando do l\u00edrio, o Prof. Mesquita tinha escrito\u00a0a Dom Luciano [&hellip;]<\/p>\n","protected":false},"author":10,"featured_media":0,"comment_status":"open","ping_status":"open","sticky":false,"template":"","format":"standard","meta":{"ngg_post_thumbnail":0,"footnotes":""},"categories":[7],"tags":[],"yoast_head":"<!-- This site is optimized with the Yoast SEO plugin v23.5 - https:\/\/yoast.com\/wordpress\/plugins\/seo\/ -->\n<title>17 anos sem o Professor Alberto Mesquita - O Arcanjo no ar<\/title>\n<meta name=\"robots\" content=\"index, follow, max-snippet:-1, max-image-preview:large, max-video-preview:-1\" \/>\n<link rel=\"canonical\" href=\"https:\/\/www.oarcanjo.net\/site\/17-anos-sem-o-professor-alberto-mesquita\/\" \/>\n<meta property=\"og:locale\" content=\"pt_BR\" \/>\n<meta property=\"og:type\" content=\"article\" \/>\n<meta property=\"og:title\" content=\"17 anos sem o Professor Alberto Mesquita - O Arcanjo no ar\" \/>\n<meta property=\"og:description\" content=\"H\u00e1 17 anos o Professor Alberto Mesquita de Camargo foi para a casa do Pai. Neste domingo, 22 de janeiro, foi celebrada missa desse anivers\u00e1rio de falecimento e na sa\u00edda da Capela, \u00a0sua esposa Professora Alzira, colocou muitas flores em \u00a0homenagem, inclusive um l\u00edndo l\u00edrio.\u00a0 Lembrando do l\u00edrio, o Prof. Mesquita tinha escrito\u00a0a Dom Luciano [&hellip;]\" \/>\n<meta property=\"og:url\" content=\"https:\/\/www.oarcanjo.net\/site\/17-anos-sem-o-professor-alberto-mesquita\/\" \/>\n<meta property=\"og:site_name\" content=\"O Arcanjo no ar\" \/>\n<meta property=\"article:publisher\" content=\"https:\/\/www.facebook.com\/OArcanjoNoAr\/\" \/>\n<meta property=\"article:published_time\" content=\"2012-01-23T01:40:52+00:00\" \/>\n<meta property=\"article:modified_time\" content=\"2012-01-23T02:20:49+00:00\" \/>\n<meta property=\"og:image\" content=\"http:\/\/www.oarcanjo.net\/site\/wp-content\/uploads\/IMG_0952-300x133.jpg\" \/>\n<meta name=\"author\" content=\"carlos\" \/>\n<meta name=\"twitter:card\" content=\"summary_large_image\" \/>\n<meta name=\"twitter:label1\" content=\"Escrito por\" \/>\n\t<meta name=\"twitter:data1\" content=\"carlos\" \/>\n\t<meta name=\"twitter:label2\" content=\"Est. tempo de leitura\" \/>\n\t<meta name=\"twitter:data2\" content=\"1 minuto\" \/>\n<script type=\"application\/ld+json\" class=\"yoast-schema-graph\">{\"@context\":\"https:\/\/schema.org\",\"@graph\":[{\"@type\":\"Article\",\"@id\":\"https:\/\/www.oarcanjo.net\/site\/17-anos-sem-o-professor-alberto-mesquita\/#article\",\"isPartOf\":{\"@id\":\"https:\/\/www.oarcanjo.net\/site\/17-anos-sem-o-professor-alberto-mesquita\/\"},\"author\":{\"name\":\"carlos\",\"@id\":\"https:\/\/www.oarcanjo.net\/site\/#\/schema\/person\/f7870e710d8c8c30673de3a0ac2e451d\"},\"headline\":\"17 anos sem o Professor Alberto Mesquita\",\"datePublished\":\"2012-01-23T01:40:52+00:00\",\"dateModified\":\"2012-01-23T02:20:49+00:00\",\"mainEntityOfPage\":{\"@id\":\"https:\/\/www.oarcanjo.net\/site\/17-anos-sem-o-professor-alberto-mesquita\/\"},\"wordCount\":166,\"commentCount\":0,\"publisher\":{\"@id\":\"https:\/\/www.oarcanjo.net\/site\/#organization\"},\"image\":{\"@id\":\"https:\/\/www.oarcanjo.net\/site\/17-anos-sem-o-professor-alberto-mesquita\/#primaryimage\"},\"thumbnailUrl\":\"http:\/\/www.oarcanjo.net\/site\/wp-content\/uploads\/IMG_0952-300x133.jpg\",\"articleSection\":[\"Rosto da comunidade\"],\"inLanguage\":\"pt-BR\",\"potentialAction\":[{\"@type\":\"CommentAction\",\"name\":\"Comment\",\"target\":[\"https:\/\/www.oarcanjo.net\/site\/17-anos-sem-o-professor-alberto-mesquita\/#respond\"]}]},{\"@type\":\"WebPage\",\"@id\":\"https:\/\/www.oarcanjo.net\/site\/17-anos-sem-o-professor-alberto-mesquita\/\",\"url\":\"https:\/\/www.oarcanjo.net\/site\/17-anos-sem-o-professor-alberto-mesquita\/\",\"name\":\"17 anos sem o Professor Alberto Mesquita - O Arcanjo no ar\",\"isPartOf\":{\"@id\":\"https:\/\/www.oarcanjo.net\/site\/#website\"},\"primaryImageOfPage\":{\"@id\":\"https:\/\/www.oarcanjo.net\/site\/17-anos-sem-o-professor-alberto-mesquita\/#primaryimage\"},\"image\":{\"@id\":\"https:\/\/www.oarcanjo.net\/site\/17-anos-sem-o-professor-alberto-mesquita\/#primaryimage\"},\"thumbnailUrl\":\"http:\/\/www.oarcanjo.net\/site\/wp-content\/uploads\/IMG_0952-300x133.jpg\",\"datePublished\":\"2012-01-23T01:40:52+00:00\",\"dateModified\":\"2012-01-23T02:20:49+00:00\",\"breadcrumb\":{\"@id\":\"https:\/\/www.oarcanjo.net\/site\/17-anos-sem-o-professor-alberto-mesquita\/#breadcrumb\"},\"inLanguage\":\"pt-BR\",\"potentialAction\":[{\"@type\":\"ReadAction\",\"target\":[\"https:\/\/www.oarcanjo.net\/site\/17-anos-sem-o-professor-alberto-mesquita\/\"]}]},{\"@type\":\"ImageObject\",\"inLanguage\":\"pt-BR\",\"@id\":\"https:\/\/www.oarcanjo.net\/site\/17-anos-sem-o-professor-alberto-mesquita\/#primaryimage\",\"url\":\"https:\/\/www.oarcanjo.net\/site\/wp-content\/uploads\/IMG_0952.jpg\",\"contentUrl\":\"https:\/\/www.oarcanjo.net\/site\/wp-content\/uploads\/IMG_0952.jpg\",\"width\":\"645\",\"height\":\"286\"},{\"@type\":\"BreadcrumbList\",\"@id\":\"https:\/\/www.oarcanjo.net\/site\/17-anos-sem-o-professor-alberto-mesquita\/#breadcrumb\",\"itemListElement\":[{\"@type\":\"ListItem\",\"position\":1,\"name\":\"In\u00edcio\",\"item\":\"https:\/\/www.oarcanjo.net\/site\/\"},{\"@type\":\"ListItem\",\"position\":2,\"name\":\"17 anos sem o Professor Alberto Mesquita\"}]},{\"@type\":\"WebSite\",\"@id\":\"https:\/\/www.oarcanjo.net\/site\/#website\",\"url\":\"https:\/\/www.oarcanjo.net\/site\/\",\"name\":\"O Arcanjo no ar\",\"description\":\"Site da Par\u00f3quia S\u00e3o Miguel Arcanjo (Arquidiocese de SP)\",\"publisher\":{\"@id\":\"https:\/\/www.oarcanjo.net\/site\/#organization\"},\"potentialAction\":[{\"@type\":\"SearchAction\",\"target\":{\"@type\":\"EntryPoint\",\"urlTemplate\":\"https:\/\/www.oarcanjo.net\/site\/?s={search_term_string}\"},\"query-input\":{\"@type\":\"PropertyValueSpecification\",\"valueRequired\":true,\"valueName\":\"search_term_string\"}}],\"inLanguage\":\"pt-BR\"},{\"@type\":\"Organization\",\"@id\":\"https:\/\/www.oarcanjo.net\/site\/#organization\",\"name\":\"Par\u00f3quia S\u00e3o Miguel Arcanjo\",\"url\":\"https:\/\/www.oarcanjo.net\/site\/\",\"logo\":{\"@type\":\"ImageObject\",\"inLanguage\":\"pt-BR\",\"@id\":\"https:\/\/www.oarcanjo.net\/site\/#\/schema\/logo\/image\/\",\"url\":\"https:\/\/www.oarcanjo.net\/site\/wp-content\/uploads\/LogoOArcanjo.png\",\"contentUrl\":\"https:\/\/www.oarcanjo.net\/site\/wp-content\/uploads\/LogoOArcanjo.png\",\"width\":319,\"height\":99,\"caption\":\"Par\u00f3quia S\u00e3o Miguel Arcanjo\"},\"image\":{\"@id\":\"https:\/\/www.oarcanjo.net\/site\/#\/schema\/logo\/image\/\"},\"sameAs\":[\"https:\/\/www.facebook.com\/OArcanjoNoAr\/\"]},{\"@type\":\"Person\",\"@id\":\"https:\/\/www.oarcanjo.net\/site\/#\/schema\/person\/f7870e710d8c8c30673de3a0ac2e451d\",\"name\":\"carlos\"}]}<\/script>\n<!-- \/ Yoast SEO plugin. -->","yoast_head_json":{"title":"17 anos sem o Professor Alberto Mesquita - O Arcanjo no ar","robots":{"index":"index","follow":"follow","max-snippet":"max-snippet:-1","max-image-preview":"max-image-preview:large","max-video-preview":"max-video-preview:-1"},"canonical":"https:\/\/www.oarcanjo.net\/site\/17-anos-sem-o-professor-alberto-mesquita\/","og_locale":"pt_BR","og_type":"article","og_title":"17 anos sem o Professor Alberto Mesquita - O Arcanjo no ar","og_description":"H\u00e1 17 anos o Professor Alberto Mesquita de Camargo foi para a casa do Pai. Neste domingo, 22 de janeiro, foi celebrada missa desse anivers\u00e1rio de falecimento e na sa\u00edda da Capela, \u00a0sua esposa Professora Alzira, colocou muitas flores em \u00a0homenagem, inclusive um l\u00edndo l\u00edrio.\u00a0 Lembrando do l\u00edrio, o Prof. Mesquita tinha escrito\u00a0a Dom Luciano [&hellip;]","og_url":"https:\/\/www.oarcanjo.net\/site\/17-anos-sem-o-professor-alberto-mesquita\/","og_site_name":"O Arcanjo no ar","article_publisher":"https:\/\/www.facebook.com\/OArcanjoNoAr\/","article_published_time":"2012-01-23T01:40:52+00:00","article_modified_time":"2012-01-23T02:20:49+00:00","og_image":[{"url":"http:\/\/www.oarcanjo.net\/site\/wp-content\/uploads\/IMG_0952-300x133.jpg"}],"author":"carlos","twitter_card":"summary_large_image","twitter_misc":{"Escrito por":"carlos","Est. tempo de leitura":"1 minuto"},"schema":{"@context":"https:\/\/schema.org","@graph":[{"@type":"Article","@id":"https:\/\/www.oarcanjo.net\/site\/17-anos-sem-o-professor-alberto-mesquita\/#article","isPartOf":{"@id":"https:\/\/www.oarcanjo.net\/site\/17-anos-sem-o-professor-alberto-mesquita\/"},"author":{"name":"carlos","@id":"https:\/\/www.oarcanjo.net\/site\/#\/schema\/person\/f7870e710d8c8c30673de3a0ac2e451d"},"headline":"17 anos sem o Professor Alberto Mesquita","datePublished":"2012-01-23T01:40:52+00:00","dateModified":"2012-01-23T02:20:49+00:00","mainEntityOfPage":{"@id":"https:\/\/www.oarcanjo.net\/site\/17-anos-sem-o-professor-alberto-mesquita\/"},"wordCount":166,"commentCount":0,"publisher":{"@id":"https:\/\/www.oarcanjo.net\/site\/#organization"},"image":{"@id":"https:\/\/www.oarcanjo.net\/site\/17-anos-sem-o-professor-alberto-mesquita\/#primaryimage"},"thumbnailUrl":"http:\/\/www.oarcanjo.net\/site\/wp-content\/uploads\/IMG_0952-300x133.jpg","articleSection":["Rosto da comunidade"],"inLanguage":"pt-BR","potentialAction":[{"@type":"CommentAction","name":"Comment","target":["https:\/\/www.oarcanjo.net\/site\/17-anos-sem-o-professor-alberto-mesquita\/#respond"]}]},{"@type":"WebPage","@id":"https:\/\/www.oarcanjo.net\/site\/17-anos-sem-o-professor-alberto-mesquita\/","url":"https:\/\/www.oarcanjo.net\/site\/17-anos-sem-o-professor-alberto-mesquita\/","name":"17 anos sem o Professor Alberto Mesquita - O Arcanjo no ar","isPartOf":{"@id":"https:\/\/www.oarcanjo.net\/site\/#website"},"primaryImageOfPage":{"@id":"https:\/\/www.oarcanjo.net\/site\/17-anos-sem-o-professor-alberto-mesquita\/#primaryimage"},"image":{"@id":"https:\/\/www.oarcanjo.net\/site\/17-anos-sem-o-professor-alberto-mesquita\/#primaryimage"},"thumbnailUrl":"http:\/\/www.oarcanjo.net\/site\/wp-content\/uploads\/IMG_0952-300x133.jpg","datePublished":"2012-01-23T01:40:52+00:00","dateModified":"2012-01-23T02:20:49+00:00","breadcrumb":{"@id":"https:\/\/www.oarcanjo.net\/site\/17-anos-sem-o-professor-alberto-mesquita\/#breadcrumb"},"inLanguage":"pt-BR","potentialAction":[{"@type":"ReadAction","target":["https:\/\/www.oarcanjo.net\/site\/17-anos-sem-o-professor-alberto-mesquita\/"]}]},{"@type":"ImageObject","inLanguage":"pt-BR","@id":"https:\/\/www.oarcanjo.net\/site\/17-anos-sem-o-professor-alberto-mesquita\/#primaryimage","url":"https:\/\/www.oarcanjo.net\/site\/wp-content\/uploads\/IMG_0952.jpg","contentUrl":"https:\/\/www.oarcanjo.net\/site\/wp-content\/uploads\/IMG_0952.jpg","width":"645","height":"286"},{"@type":"BreadcrumbList","@id":"https:\/\/www.oarcanjo.net\/site\/17-anos-sem-o-professor-alberto-mesquita\/#breadcrumb","itemListElement":[{"@type":"ListItem","position":1,"name":"In\u00edcio","item":"https:\/\/www.oarcanjo.net\/site\/"},{"@type":"ListItem","position":2,"name":"17 anos sem o Professor Alberto Mesquita"}]},{"@type":"WebSite","@id":"https:\/\/www.oarcanjo.net\/site\/#website","url":"https:\/\/www.oarcanjo.net\/site\/","name":"O Arcanjo no ar","description":"Site da Par\u00f3quia S\u00e3o Miguel Arcanjo (Arquidiocese de SP)","publisher":{"@id":"https:\/\/www.oarcanjo.net\/site\/#organization"},"potentialAction":[{"@type":"SearchAction","target":{"@type":"EntryPoint","urlTemplate":"https:\/\/www.oarcanjo.net\/site\/?s={search_term_string}"},"query-input":{"@type":"PropertyValueSpecification","valueRequired":true,"valueName":"search_term_string"}}],"inLanguage":"pt-BR"},{"@type":"Organization","@id":"https:\/\/www.oarcanjo.net\/site\/#organization","name":"Par\u00f3quia S\u00e3o Miguel Arcanjo","url":"https:\/\/www.oarcanjo.net\/site\/","logo":{"@type":"ImageObject","inLanguage":"pt-BR","@id":"https:\/\/www.oarcanjo.net\/site\/#\/schema\/logo\/image\/","url":"https:\/\/www.oarcanjo.net\/site\/wp-content\/uploads\/LogoOArcanjo.png","contentUrl":"https:\/\/www.oarcanjo.net\/site\/wp-content\/uploads\/LogoOArcanjo.png","width":319,"height":99,"caption":"Par\u00f3quia S\u00e3o Miguel Arcanjo"},"image":{"@id":"https:\/\/www.oarcanjo.net\/site\/#\/schema\/logo\/image\/"},"sameAs":["https:\/\/www.facebook.com\/OArcanjoNoAr\/"]},{"@type":"Person","@id":"https:\/\/www.oarcanjo.net\/site\/#\/schema\/person\/f7870e710d8c8c30673de3a0ac2e451d","name":"carlos"}]}},"publishpress_future_action":{"enabled":false,"date":"2026-05-08 18:06:59","action":"category","newStatus":"draft","terms":[],"taxonomy":"category"},"publishpress_future_workflow_manual_trigger":{"enabledWorkflows":[]},"_links":{"self":[{"href":"https:\/\/www.oarcanjo.net\/site\/wp-json\/wp\/v2\/posts\/17145"}],"collection":[{"href":"https:\/\/www.oarcanjo.net\/site\/wp-json\/wp\/v2\/posts"}],"about":[{"href":"https:\/\/www.oarcanjo.net\/site\/wp-json\/wp\/v2\/types\/post"}],"author":[{"embeddable":true,"href":"https:\/\/www.oarcanjo.net\/site\/wp-json\/wp\/v2\/users\/10"}],"replies":[{"embeddable":true,"href":"https:\/\/www.oarcanjo.net\/site\/wp-json\/wp\/v2\/comments?post=17145"}],"version-history":[{"count":0,"href":"https:\/\/www.oarcanjo.net\/site\/wp-json\/wp\/v2\/posts\/17145\/revisions"}],"wp:attachment":[{"href":"https:\/\/www.oarcanjo.net\/site\/wp-json\/wp\/v2\/media?parent=17145"}],"wp:term":[{"taxonomy":"category","embeddable":true,"href":"https:\/\/www.oarcanjo.net\/site\/wp-json\/wp\/v2\/categories?post=17145"},{"taxonomy":"post_tag","embeddable":true,"href":"https:\/\/www.oarcanjo.net\/site\/wp-json\/wp\/v2\/tags?post=17145"}],"curies":[{"name":"wp","href":"https:\/\/api.w.org\/{rel}","templated":true}]}}