
{"id":17179,"date":"2012-01-25T15:25:07","date_gmt":"2012-01-25T17:25:07","guid":{"rendered":"http:\/\/www.oarcanjo.net\/site\/?p=17179"},"modified":"2012-01-25T15:40:52","modified_gmt":"2012-01-25T17:40:52","slug":"igreja-celebra-dia-da-conversao-de-sao-paulo","status":"publish","type":"post","link":"https:\/\/www.oarcanjo.net\/site\/igreja-celebra-dia-da-conversao-de-sao-paulo\/","title":{"rendered":"Na festa de S\u00e3o Paulo, D. Odilo questiona: &#8220;Senhor, o que queres que fa\u00e7amos?&#8221;"},"content":{"rendered":"<p>A cidade de S\u00e3o Paulo comemora 458 anos no dia em que a Igreja celebra a convers\u00e3o do Ap\u00f3stolo Paulo, padroeiro da Arquidiocese. Na Catedral da S\u00e9, o cardeal arcebispo Dom Odilo Scherer presidiu missa solene, celebrada com outros bispos, padres e di\u00e1conos. Milhares de pessoas participaram da cerim\u00f4nia. Tamb\u00e9m estavam presentes diversas autoridades.<\/p>\n<p>Na homilia, Dom Odilo lembrou a import\u00e2ncia da convers\u00e3o de Paulo, ex-perseguidor dos crist\u00e3os que se transformou em ap\u00f3stolo:<\/p>\n<p><iframe loading=\"lazy\" frameborder=\"0\" height=\"315\" src=\"http:\/\/www.youtube.com\/embed\/sjhB9TMf3Rk?rel=0\" width=\"560\"><\/iframe><\/p>\n<p>De lado de fora da Catedral, centenas de pessoas protestavam contra o governo paulista e o prefeito Kassab pelas a\u00e7\u00f5es realizadas na chamada cracol\u00e2ndia e pela viol\u00eancia policial na desocupa\u00e7\u00e3o do Pinheirinho, em S\u00e3o Jos\u00e9 dos Campos. Os manifestantes acusam os governantes de promover uma pol\u00edtica \u201chigienista\u201d, que n\u00e3o resolve os problemas sociais.<\/p>\n<div id=\"themify_builder_content-17179\" data-postid=\"17179\" class=\"themify_builder_content themify_builder_content-17179 themify_builder themify_builder_front\">\n\t<\/div>\n<!-- \/themify_builder_content -->","protected":false},"excerpt":{"rendered":"<p>A cidade de S\u00e3o Paulo comemora 458 anos no dia em que a Igreja celebra a convers\u00e3o do Ap\u00f3stolo Paulo, padroeiro da Arquidiocese. Na Catedral da S\u00e9, o cardeal arcebispo Dom Odilo Scherer presidiu missa solene, celebrada com outros bispos, padres e di\u00e1conos. Milhares de pessoas participaram da cerim\u00f4nia. Tamb\u00e9m estavam presentes diversas autoridades. Na [&hellip;]<\/p>\n","protected":false},"author":5,"featured_media":0,"comment_status":"open","ping_status":"open","sticky":false,"template":"","format":"standard","meta":{"ngg_post_thumbnail":0,"footnotes":""},"categories":[475,8],"tags":[129,170,1544,466,86,2148,989,988,155],"yoast_head":"<!-- This site is optimized with the Yoast SEO plugin v23.5 - https:\/\/yoast.com\/wordpress\/plugins\/seo\/ -->\n<title>Na festa de S\u00e3o Paulo, D. Odilo questiona: &quot;Senhor, o que queres que fa\u00e7amos?&quot; - O Arcanjo no ar<\/title>\n<meta name=\"robots\" content=\"index, follow, max-snippet:-1, max-image-preview:large, max-video-preview:-1\" \/>\n<link rel=\"canonical\" href=\"https:\/\/www.oarcanjo.net\/site\/igreja-celebra-dia-da-conversao-de-sao-paulo\/\" \/>\n<meta property=\"og:locale\" content=\"pt_BR\" \/>\n<meta property=\"og:type\" content=\"article\" \/>\n<meta property=\"og:title\" content=\"Na festa de S\u00e3o Paulo, D. Odilo questiona: &quot;Senhor, o que queres que fa\u00e7amos?&quot; - O Arcanjo no ar\" \/>\n<meta property=\"og:description\" content=\"A cidade de S\u00e3o Paulo comemora 458 anos no dia em que a Igreja celebra a convers\u00e3o do Ap\u00f3stolo Paulo, padroeiro da Arquidiocese. Na Catedral da S\u00e9, o cardeal arcebispo Dom Odilo Scherer presidiu missa solene, celebrada com outros bispos, padres e di\u00e1conos. Milhares de pessoas participaram da cerim\u00f4nia. Tamb\u00e9m estavam presentes diversas autoridades. Na [&hellip;]\" \/>\n<meta property=\"og:url\" content=\"https:\/\/www.oarcanjo.net\/site\/igreja-celebra-dia-da-conversao-de-sao-paulo\/\" \/>\n<meta property=\"og:site_name\" content=\"O Arcanjo no ar\" \/>\n<meta property=\"article:publisher\" content=\"https:\/\/www.facebook.com\/OArcanjoNoAr\/\" \/>\n<meta property=\"article:published_time\" content=\"2012-01-25T17:25:07+00:00\" \/>\n<meta property=\"article:modified_time\" content=\"2012-01-25T17:40:52+00:00\" \/>\n<meta property=\"og:image\" content=\"https:\/\/www.oarcanjo.net\/site\/wp-content\/uploads\/logo-o-arcanjo-no-ar-facebook.png\" \/>\n\t<meta property=\"og:image:width\" content=\"300\" \/>\n\t<meta property=\"og:image:height\" content=\"300\" \/>\n\t<meta property=\"og:image:type\" content=\"image\/png\" \/>\n<meta name=\"author\" content=\"editor\" \/>\n<meta name=\"twitter:card\" content=\"summary_large_image\" \/>\n<meta name=\"twitter:label1\" content=\"Escrito por\" \/>\n\t<meta name=\"twitter:data1\" content=\"editor\" \/>\n\t<meta name=\"twitter:label2\" content=\"Est. tempo de leitura\" \/>\n\t<meta name=\"twitter:data2\" content=\"1 minuto\" \/>\n<script type=\"application\/ld+json\" class=\"yoast-schema-graph\">{\"@context\":\"https:\/\/schema.org\",\"@graph\":[{\"@type\":\"Article\",\"@id\":\"https:\/\/www.oarcanjo.net\/site\/igreja-celebra-dia-da-conversao-de-sao-paulo\/#article\",\"isPartOf\":{\"@id\":\"https:\/\/www.oarcanjo.net\/site\/igreja-celebra-dia-da-conversao-de-sao-paulo\/\"},\"author\":{\"name\":\"editor\",\"@id\":\"https:\/\/www.oarcanjo.net\/site\/#\/schema\/person\/f7024d007863202483a31326673a0838\"},\"headline\":\"Na festa de S\u00e3o Paulo, D. Odilo questiona: &#8220;Senhor, o que queres que fa\u00e7amos?&#8221;\",\"datePublished\":\"2012-01-25T17:25:07+00:00\",\"dateModified\":\"2012-01-25T17:40:52+00:00\",\"mainEntityOfPage\":{\"@id\":\"https:\/\/www.oarcanjo.net\/site\/igreja-celebra-dia-da-conversao-de-sao-paulo\/\"},\"wordCount\":158,\"commentCount\":0,\"publisher\":{\"@id\":\"https:\/\/www.oarcanjo.net\/site\/#organization\"},\"keywords\":[\"anivers\u00e1rio\",\"cidade\",\"Dom Odilo Scherer\",\"exclus\u00e3o\",\"festa\",\"higienismo\",\"manifesta\u00e7\u00e3o\",\"protesto\",\"S\u00e3o Paulo Ap\u00f3stolo\"],\"articleSection\":[\"Homilias\",\"Not\u00edcias\"],\"inLanguage\":\"pt-BR\",\"potentialAction\":[{\"@type\":\"CommentAction\",\"name\":\"Comment\",\"target\":[\"https:\/\/www.oarcanjo.net\/site\/igreja-celebra-dia-da-conversao-de-sao-paulo\/#respond\"]}]},{\"@type\":\"WebPage\",\"@id\":\"https:\/\/www.oarcanjo.net\/site\/igreja-celebra-dia-da-conversao-de-sao-paulo\/\",\"url\":\"https:\/\/www.oarcanjo.net\/site\/igreja-celebra-dia-da-conversao-de-sao-paulo\/\",\"name\":\"Na festa de S\u00e3o Paulo, D. Odilo questiona: \\\"Senhor, o que queres que fa\u00e7amos?\\\" - O Arcanjo no ar\",\"isPartOf\":{\"@id\":\"https:\/\/www.oarcanjo.net\/site\/#website\"},\"datePublished\":\"2012-01-25T17:25:07+00:00\",\"dateModified\":\"2012-01-25T17:40:52+00:00\",\"breadcrumb\":{\"@id\":\"https:\/\/www.oarcanjo.net\/site\/igreja-celebra-dia-da-conversao-de-sao-paulo\/#breadcrumb\"},\"inLanguage\":\"pt-BR\",\"potentialAction\":[{\"@type\":\"ReadAction\",\"target\":[\"https:\/\/www.oarcanjo.net\/site\/igreja-celebra-dia-da-conversao-de-sao-paulo\/\"]}]},{\"@type\":\"BreadcrumbList\",\"@id\":\"https:\/\/www.oarcanjo.net\/site\/igreja-celebra-dia-da-conversao-de-sao-paulo\/#breadcrumb\",\"itemListElement\":[{\"@type\":\"ListItem\",\"position\":1,\"name\":\"In\u00edcio\",\"item\":\"https:\/\/www.oarcanjo.net\/site\/\"},{\"@type\":\"ListItem\",\"position\":2,\"name\":\"Na festa de S\u00e3o Paulo, D. Odilo questiona: &#8220;Senhor, o que queres que fa\u00e7amos?&#8221;\"}]},{\"@type\":\"WebSite\",\"@id\":\"https:\/\/www.oarcanjo.net\/site\/#website\",\"url\":\"https:\/\/www.oarcanjo.net\/site\/\",\"name\":\"O Arcanjo no ar\",\"description\":\"Site da Par\u00f3quia S\u00e3o Miguel Arcanjo (Arquidiocese de SP)\",\"publisher\":{\"@id\":\"https:\/\/www.oarcanjo.net\/site\/#organization\"},\"potentialAction\":[{\"@type\":\"SearchAction\",\"target\":{\"@type\":\"EntryPoint\",\"urlTemplate\":\"https:\/\/www.oarcanjo.net\/site\/?s={search_term_string}\"},\"query-input\":{\"@type\":\"PropertyValueSpecification\",\"valueRequired\":true,\"valueName\":\"search_term_string\"}}],\"inLanguage\":\"pt-BR\"},{\"@type\":\"Organization\",\"@id\":\"https:\/\/www.oarcanjo.net\/site\/#organization\",\"name\":\"Par\u00f3quia S\u00e3o Miguel Arcanjo\",\"url\":\"https:\/\/www.oarcanjo.net\/site\/\",\"logo\":{\"@type\":\"ImageObject\",\"inLanguage\":\"pt-BR\",\"@id\":\"https:\/\/www.oarcanjo.net\/site\/#\/schema\/logo\/image\/\",\"url\":\"https:\/\/www.oarcanjo.net\/site\/wp-content\/uploads\/LogoOArcanjo.png\",\"contentUrl\":\"https:\/\/www.oarcanjo.net\/site\/wp-content\/uploads\/LogoOArcanjo.png\",\"width\":319,\"height\":99,\"caption\":\"Par\u00f3quia S\u00e3o Miguel Arcanjo\"},\"image\":{\"@id\":\"https:\/\/www.oarcanjo.net\/site\/#\/schema\/logo\/image\/\"},\"sameAs\":[\"https:\/\/www.facebook.com\/OArcanjoNoAr\/\"]},{\"@type\":\"Person\",\"@id\":\"https:\/\/www.oarcanjo.net\/site\/#\/schema\/person\/f7024d007863202483a31326673a0838\",\"name\":\"editor\",\"sameAs\":[\"http:\/\/www.oarcanjo.net\"]}]}<\/script>\n<!-- \/ Yoast SEO plugin. -->","yoast_head_json":{"title":"Na festa de S\u00e3o Paulo, D. Odilo questiona: \"Senhor, o que queres que fa\u00e7amos?\" - O Arcanjo no ar","robots":{"index":"index","follow":"follow","max-snippet":"max-snippet:-1","max-image-preview":"max-image-preview:large","max-video-preview":"max-video-preview:-1"},"canonical":"https:\/\/www.oarcanjo.net\/site\/igreja-celebra-dia-da-conversao-de-sao-paulo\/","og_locale":"pt_BR","og_type":"article","og_title":"Na festa de S\u00e3o Paulo, D. Odilo questiona: \"Senhor, o que queres que fa\u00e7amos?\" - O Arcanjo no ar","og_description":"A cidade de S\u00e3o Paulo comemora 458 anos no dia em que a Igreja celebra a convers\u00e3o do Ap\u00f3stolo Paulo, padroeiro da Arquidiocese. Na Catedral da S\u00e9, o cardeal arcebispo Dom Odilo Scherer presidiu missa solene, celebrada com outros bispos, padres e di\u00e1conos. Milhares de pessoas participaram da cerim\u00f4nia. Tamb\u00e9m estavam presentes diversas autoridades. Na [&hellip;]","og_url":"https:\/\/www.oarcanjo.net\/site\/igreja-celebra-dia-da-conversao-de-sao-paulo\/","og_site_name":"O Arcanjo no ar","article_publisher":"https:\/\/www.facebook.com\/OArcanjoNoAr\/","article_published_time":"2012-01-25T17:25:07+00:00","article_modified_time":"2012-01-25T17:40:52+00:00","og_image":[{"width":300,"height":300,"url":"https:\/\/www.oarcanjo.net\/site\/wp-content\/uploads\/logo-o-arcanjo-no-ar-facebook.png","type":"image\/png"}],"author":"editor","twitter_card":"summary_large_image","twitter_misc":{"Escrito por":"editor","Est. tempo de leitura":"1 minuto"},"schema":{"@context":"https:\/\/schema.org","@graph":[{"@type":"Article","@id":"https:\/\/www.oarcanjo.net\/site\/igreja-celebra-dia-da-conversao-de-sao-paulo\/#article","isPartOf":{"@id":"https:\/\/www.oarcanjo.net\/site\/igreja-celebra-dia-da-conversao-de-sao-paulo\/"},"author":{"name":"editor","@id":"https:\/\/www.oarcanjo.net\/site\/#\/schema\/person\/f7024d007863202483a31326673a0838"},"headline":"Na festa de S\u00e3o Paulo, D. Odilo questiona: &#8220;Senhor, o que queres que fa\u00e7amos?&#8221;","datePublished":"2012-01-25T17:25:07+00:00","dateModified":"2012-01-25T17:40:52+00:00","mainEntityOfPage":{"@id":"https:\/\/www.oarcanjo.net\/site\/igreja-celebra-dia-da-conversao-de-sao-paulo\/"},"wordCount":158,"commentCount":0,"publisher":{"@id":"https:\/\/www.oarcanjo.net\/site\/#organization"},"keywords":["anivers\u00e1rio","cidade","Dom Odilo Scherer","exclus\u00e3o","festa","higienismo","manifesta\u00e7\u00e3o","protesto","S\u00e3o Paulo Ap\u00f3stolo"],"articleSection":["Homilias","Not\u00edcias"],"inLanguage":"pt-BR","potentialAction":[{"@type":"CommentAction","name":"Comment","target":["https:\/\/www.oarcanjo.net\/site\/igreja-celebra-dia-da-conversao-de-sao-paulo\/#respond"]}]},{"@type":"WebPage","@id":"https:\/\/www.oarcanjo.net\/site\/igreja-celebra-dia-da-conversao-de-sao-paulo\/","url":"https:\/\/www.oarcanjo.net\/site\/igreja-celebra-dia-da-conversao-de-sao-paulo\/","name":"Na festa de S\u00e3o Paulo, D. Odilo questiona: \"Senhor, o que queres que fa\u00e7amos?\" - O Arcanjo no ar","isPartOf":{"@id":"https:\/\/www.oarcanjo.net\/site\/#website"},"datePublished":"2012-01-25T17:25:07+00:00","dateModified":"2012-01-25T17:40:52+00:00","breadcrumb":{"@id":"https:\/\/www.oarcanjo.net\/site\/igreja-celebra-dia-da-conversao-de-sao-paulo\/#breadcrumb"},"inLanguage":"pt-BR","potentialAction":[{"@type":"ReadAction","target":["https:\/\/www.oarcanjo.net\/site\/igreja-celebra-dia-da-conversao-de-sao-paulo\/"]}]},{"@type":"BreadcrumbList","@id":"https:\/\/www.oarcanjo.net\/site\/igreja-celebra-dia-da-conversao-de-sao-paulo\/#breadcrumb","itemListElement":[{"@type":"ListItem","position":1,"name":"In\u00edcio","item":"https:\/\/www.oarcanjo.net\/site\/"},{"@type":"ListItem","position":2,"name":"Na festa de S\u00e3o Paulo, D. Odilo questiona: &#8220;Senhor, o que queres que fa\u00e7amos?&#8221;"}]},{"@type":"WebSite","@id":"https:\/\/www.oarcanjo.net\/site\/#website","url":"https:\/\/www.oarcanjo.net\/site\/","name":"O Arcanjo no ar","description":"Site da Par\u00f3quia S\u00e3o Miguel Arcanjo (Arquidiocese de SP)","publisher":{"@id":"https:\/\/www.oarcanjo.net\/site\/#organization"},"potentialAction":[{"@type":"SearchAction","target":{"@type":"EntryPoint","urlTemplate":"https:\/\/www.oarcanjo.net\/site\/?s={search_term_string}"},"query-input":{"@type":"PropertyValueSpecification","valueRequired":true,"valueName":"search_term_string"}}],"inLanguage":"pt-BR"},{"@type":"Organization","@id":"https:\/\/www.oarcanjo.net\/site\/#organization","name":"Par\u00f3quia S\u00e3o Miguel Arcanjo","url":"https:\/\/www.oarcanjo.net\/site\/","logo":{"@type":"ImageObject","inLanguage":"pt-BR","@id":"https:\/\/www.oarcanjo.net\/site\/#\/schema\/logo\/image\/","url":"https:\/\/www.oarcanjo.net\/site\/wp-content\/uploads\/LogoOArcanjo.png","contentUrl":"https:\/\/www.oarcanjo.net\/site\/wp-content\/uploads\/LogoOArcanjo.png","width":319,"height":99,"caption":"Par\u00f3quia S\u00e3o Miguel Arcanjo"},"image":{"@id":"https:\/\/www.oarcanjo.net\/site\/#\/schema\/logo\/image\/"},"sameAs":["https:\/\/www.facebook.com\/OArcanjoNoAr\/"]},{"@type":"Person","@id":"https:\/\/www.oarcanjo.net\/site\/#\/schema\/person\/f7024d007863202483a31326673a0838","name":"editor","sameAs":["http:\/\/www.oarcanjo.net"]}]}},"publishpress_future_action":{"enabled":false,"date":"2026-05-08 21:10:43","action":"category","newStatus":"draft","terms":[],"taxonomy":"category"},"publishpress_future_workflow_manual_trigger":{"enabledWorkflows":[]},"_links":{"self":[{"href":"https:\/\/www.oarcanjo.net\/site\/wp-json\/wp\/v2\/posts\/17179"}],"collection":[{"href":"https:\/\/www.oarcanjo.net\/site\/wp-json\/wp\/v2\/posts"}],"about":[{"href":"https:\/\/www.oarcanjo.net\/site\/wp-json\/wp\/v2\/types\/post"}],"author":[{"embeddable":true,"href":"https:\/\/www.oarcanjo.net\/site\/wp-json\/wp\/v2\/users\/5"}],"replies":[{"embeddable":true,"href":"https:\/\/www.oarcanjo.net\/site\/wp-json\/wp\/v2\/comments?post=17179"}],"version-history":[{"count":0,"href":"https:\/\/www.oarcanjo.net\/site\/wp-json\/wp\/v2\/posts\/17179\/revisions"}],"wp:attachment":[{"href":"https:\/\/www.oarcanjo.net\/site\/wp-json\/wp\/v2\/media?parent=17179"}],"wp:term":[{"taxonomy":"category","embeddable":true,"href":"https:\/\/www.oarcanjo.net\/site\/wp-json\/wp\/v2\/categories?post=17179"},{"taxonomy":"post_tag","embeddable":true,"href":"https:\/\/www.oarcanjo.net\/site\/wp-json\/wp\/v2\/tags?post=17179"}],"curies":[{"name":"wp","href":"https:\/\/api.w.org\/{rel}","templated":true}]}}