
{"id":17211,"date":"2012-02-04T22:04:21","date_gmt":"2012-02-05T00:04:21","guid":{"rendered":"http:\/\/www.oarcanjo.net\/site\/?p=17211"},"modified":"2012-02-04T22:04:21","modified_gmt":"2012-02-05T00:04:21","slug":"quaresma-e-campanha-da-fraternidade-de-2012","status":"publish","type":"post","link":"https:\/\/www.oarcanjo.net\/site\/quaresma-e-campanha-da-fraternidade-de-2012\/","title":{"rendered":"Quaresma e Campanha da Fraternidade de 2012"},"content":{"rendered":"<p style=\"text-align: justify;\">Na ensolarada tarde do \u00faltimo s\u00e1bado, 04\/02\/12, membros da comunidade S\u00e3o Miguel Arcanjo reuniram-se para tra\u00e7ar a caminhada da nossa Par\u00f3quia no per\u00edodo da Quaresma.<\/p>\n<p style=\"text-align: justify;\">O que podemos adiantar \u00e9 que a tem\u00e1tica da Campanha da Fraternidade 2012, que tem como tema &#8220;Que a sa\u00fade se difunda sobre a terra&#8221;, ser\u00e1 bastante discutida, e alguns gestos concretos ser\u00e3o realizados.<\/p>\n<p style=\"text-align: justify;\">O Pe J\u00falio estimulou a leitura do texto base da Campanha. Na apresenta\u00e7\u00e3o a CNBB ressalta que a \u201cIgreja deseja sensibilizar a todos sobre a dura realidade de irm\u00e3os e irm\u00e3s que n\u00e3o tem acesso \u00e0 assist\u00eancia de sa\u00fade p\u00fablica condizente com suas necessidades e dignidade. \u00c9 uma realidade que clama por a\u00e7\u00f5es transformadoras. A convers\u00e3o pede que as estruturas de morte sejam transformadas. A Igreja, nessa quaresma, \u00e0 luz da Palavra de Deus, deseja iluminar a dura realidade da Sa\u00fade P\u00fablica e levar os disc\u00edpulos-mission\u00e1rios a serem consolo na doen\u00e7a, na dor, no sofrimento e na morte. E, ao mesmo tempo, exigir que os pobres tenham um atendimento digno em rela\u00e7\u00e3o \u00e0 sa\u00fade. Que ela se difunda sobre a terra, pois a salva\u00e7\u00e3o j\u00e1 nos foi alcan\u00e7ada pelo Crucificado.\u201d<\/p>\n<p style=\"text-align: justify;\">Pesquisa da situa\u00e7\u00e3o de sa\u00fade, as disponibilidades do SUS, a distribui\u00e7\u00e3o de medicamentos, \u00a0levantamento dos equipamentos de sa\u00fade no setor com fotos e endere\u00e7os, reuni\u00e3o com os respons\u00e1veis p\u00fablicos pela sa\u00fade, cozinha saud\u00e1vel, dentre outras, foram propostas para a Campanha da Fraternidade deste ano.<\/p>\n<p style=\"text-align: justify;\">Vale ressaltar, que o Pe. J\u00falio sempre se re\u00fane com quem quer colaborar, dar sugest\u00f5es, id\u00e9ias e tamb\u00e9m aprender. Isso ocorre nas reuni\u00f5es de liturgia, todos os primeiros s\u00e1bados de cada m\u00eas, \u00e0s 16hs na Par\u00f3quia S\u00e3o Miguel Arcanjo.<\/p>\n<p style=\"text-align: justify;\">Por Alexandre Nunes e Carlos Alberto Beatriz<\/p>\n<p style=\"text-align: justify;\">ngg_shortcode_0_placeholder<\/p>\n<div id=\"themify_builder_content-17211\" data-postid=\"17211\" class=\"themify_builder_content themify_builder_content-17211 themify_builder themify_builder_front\">\n\t<\/div>\n<!-- \/themify_builder_content -->","protected":false},"excerpt":{"rendered":"<p>Na ensolarada tarde do \u00faltimo s\u00e1bado, 04\/02\/12, membros da comunidade S\u00e3o Miguel Arcanjo reuniram-se para tra\u00e7ar a caminhada da nossa Par\u00f3quia no per\u00edodo da Quaresma. O que podemos adiantar \u00e9 que a tem\u00e1tica da Campanha da Fraternidade 2012, que tem como tema &#8220;Que a sa\u00fade se difunda sobre a terra&#8221;, ser\u00e1 bastante discutida, e alguns [&hellip;]<\/p>\n","protected":false},"author":10,"featured_media":0,"comment_status":"open","ping_status":"open","sticky":false,"template":"","format":"standard","meta":{"ngg_post_thumbnail":0,"footnotes":""},"categories":[8],"tags":[],"yoast_head":"<!-- This site is optimized with the Yoast SEO plugin v23.5 - https:\/\/yoast.com\/wordpress\/plugins\/seo\/ -->\n<title>Quaresma e Campanha da Fraternidade de 2012 - O Arcanjo no ar<\/title>\n<meta name=\"robots\" content=\"index, follow, max-snippet:-1, max-image-preview:large, max-video-preview:-1\" \/>\n<link rel=\"canonical\" href=\"https:\/\/www.oarcanjo.net\/site\/quaresma-e-campanha-da-fraternidade-de-2012\/\" \/>\n<meta property=\"og:locale\" content=\"pt_BR\" \/>\n<meta property=\"og:type\" content=\"article\" \/>\n<meta property=\"og:title\" content=\"Quaresma e Campanha da Fraternidade de 2012 - O Arcanjo no ar\" \/>\n<meta property=\"og:description\" content=\"Na ensolarada tarde do \u00faltimo s\u00e1bado, 04\/02\/12, membros da comunidade S\u00e3o Miguel Arcanjo reuniram-se para tra\u00e7ar a caminhada da nossa Par\u00f3quia no per\u00edodo da Quaresma. O que podemos adiantar \u00e9 que a tem\u00e1tica da Campanha da Fraternidade 2012, que tem como tema &#8220;Que a sa\u00fade se difunda sobre a terra&#8221;, ser\u00e1 bastante discutida, e alguns [&hellip;]\" \/>\n<meta property=\"og:url\" content=\"https:\/\/www.oarcanjo.net\/site\/quaresma-e-campanha-da-fraternidade-de-2012\/\" \/>\n<meta property=\"og:site_name\" content=\"O Arcanjo no ar\" \/>\n<meta property=\"article:publisher\" content=\"https:\/\/www.facebook.com\/OArcanjoNoAr\/\" \/>\n<meta property=\"article:published_time\" content=\"2012-02-05T00:04:21+00:00\" \/>\n<meta property=\"og:image\" content=\"https:\/\/www.oarcanjo.net\/site\/wp-content\/uploads\/logo-o-arcanjo-no-ar-facebook.png\" \/>\n\t<meta property=\"og:image:width\" content=\"300\" \/>\n\t<meta property=\"og:image:height\" content=\"300\" \/>\n\t<meta property=\"og:image:type\" content=\"image\/png\" \/>\n<meta name=\"author\" content=\"carlos\" \/>\n<meta name=\"twitter:card\" content=\"summary_large_image\" \/>\n<meta name=\"twitter:label1\" content=\"Escrito por\" \/>\n\t<meta name=\"twitter:data1\" content=\"carlos\" \/>\n\t<meta name=\"twitter:label2\" content=\"Est. tempo de leitura\" \/>\n\t<meta name=\"twitter:data2\" content=\"2 minutos\" \/>\n<script type=\"application\/ld+json\" class=\"yoast-schema-graph\">{\"@context\":\"https:\/\/schema.org\",\"@graph\":[{\"@type\":\"Article\",\"@id\":\"https:\/\/www.oarcanjo.net\/site\/quaresma-e-campanha-da-fraternidade-de-2012\/#article\",\"isPartOf\":{\"@id\":\"https:\/\/www.oarcanjo.net\/site\/quaresma-e-campanha-da-fraternidade-de-2012\/\"},\"author\":{\"name\":\"carlos\",\"@id\":\"https:\/\/www.oarcanjo.net\/site\/#\/schema\/person\/f7870e710d8c8c30673de3a0ac2e451d\"},\"headline\":\"Quaresma e Campanha da Fraternidade de 2012\",\"datePublished\":\"2012-02-05T00:04:21+00:00\",\"dateModified\":\"2012-02-05T00:04:21+00:00\",\"mainEntityOfPage\":{\"@id\":\"https:\/\/www.oarcanjo.net\/site\/quaresma-e-campanha-da-fraternidade-de-2012\/\"},\"wordCount\":327,\"commentCount\":0,\"publisher\":{\"@id\":\"https:\/\/www.oarcanjo.net\/site\/#organization\"},\"articleSection\":[\"Not\u00edcias\"],\"inLanguage\":\"pt-BR\",\"potentialAction\":[{\"@type\":\"CommentAction\",\"name\":\"Comment\",\"target\":[\"https:\/\/www.oarcanjo.net\/site\/quaresma-e-campanha-da-fraternidade-de-2012\/#respond\"]}]},{\"@type\":\"WebPage\",\"@id\":\"https:\/\/www.oarcanjo.net\/site\/quaresma-e-campanha-da-fraternidade-de-2012\/\",\"url\":\"https:\/\/www.oarcanjo.net\/site\/quaresma-e-campanha-da-fraternidade-de-2012\/\",\"name\":\"Quaresma e Campanha da Fraternidade de 2012 - O Arcanjo no ar\",\"isPartOf\":{\"@id\":\"https:\/\/www.oarcanjo.net\/site\/#website\"},\"datePublished\":\"2012-02-05T00:04:21+00:00\",\"dateModified\":\"2012-02-05T00:04:21+00:00\",\"breadcrumb\":{\"@id\":\"https:\/\/www.oarcanjo.net\/site\/quaresma-e-campanha-da-fraternidade-de-2012\/#breadcrumb\"},\"inLanguage\":\"pt-BR\",\"potentialAction\":[{\"@type\":\"ReadAction\",\"target\":[\"https:\/\/www.oarcanjo.net\/site\/quaresma-e-campanha-da-fraternidade-de-2012\/\"]}]},{\"@type\":\"BreadcrumbList\",\"@id\":\"https:\/\/www.oarcanjo.net\/site\/quaresma-e-campanha-da-fraternidade-de-2012\/#breadcrumb\",\"itemListElement\":[{\"@type\":\"ListItem\",\"position\":1,\"name\":\"In\u00edcio\",\"item\":\"https:\/\/www.oarcanjo.net\/site\/\"},{\"@type\":\"ListItem\",\"position\":2,\"name\":\"Quaresma e Campanha da Fraternidade de 2012\"}]},{\"@type\":\"WebSite\",\"@id\":\"https:\/\/www.oarcanjo.net\/site\/#website\",\"url\":\"https:\/\/www.oarcanjo.net\/site\/\",\"name\":\"O Arcanjo no ar\",\"description\":\"Site da Par\u00f3quia S\u00e3o Miguel Arcanjo (Arquidiocese de SP)\",\"publisher\":{\"@id\":\"https:\/\/www.oarcanjo.net\/site\/#organization\"},\"potentialAction\":[{\"@type\":\"SearchAction\",\"target\":{\"@type\":\"EntryPoint\",\"urlTemplate\":\"https:\/\/www.oarcanjo.net\/site\/?s={search_term_string}\"},\"query-input\":{\"@type\":\"PropertyValueSpecification\",\"valueRequired\":true,\"valueName\":\"search_term_string\"}}],\"inLanguage\":\"pt-BR\"},{\"@type\":\"Organization\",\"@id\":\"https:\/\/www.oarcanjo.net\/site\/#organization\",\"name\":\"Par\u00f3quia S\u00e3o Miguel Arcanjo\",\"url\":\"https:\/\/www.oarcanjo.net\/site\/\",\"logo\":{\"@type\":\"ImageObject\",\"inLanguage\":\"pt-BR\",\"@id\":\"https:\/\/www.oarcanjo.net\/site\/#\/schema\/logo\/image\/\",\"url\":\"https:\/\/www.oarcanjo.net\/site\/wp-content\/uploads\/LogoOArcanjo.png\",\"contentUrl\":\"https:\/\/www.oarcanjo.net\/site\/wp-content\/uploads\/LogoOArcanjo.png\",\"width\":319,\"height\":99,\"caption\":\"Par\u00f3quia S\u00e3o Miguel Arcanjo\"},\"image\":{\"@id\":\"https:\/\/www.oarcanjo.net\/site\/#\/schema\/logo\/image\/\"},\"sameAs\":[\"https:\/\/www.facebook.com\/OArcanjoNoAr\/\"]},{\"@type\":\"Person\",\"@id\":\"https:\/\/www.oarcanjo.net\/site\/#\/schema\/person\/f7870e710d8c8c30673de3a0ac2e451d\",\"name\":\"carlos\"}]}<\/script>\n<!-- \/ Yoast SEO plugin. -->","yoast_head_json":{"title":"Quaresma e Campanha da Fraternidade de 2012 - O Arcanjo no ar","robots":{"index":"index","follow":"follow","max-snippet":"max-snippet:-1","max-image-preview":"max-image-preview:large","max-video-preview":"max-video-preview:-1"},"canonical":"https:\/\/www.oarcanjo.net\/site\/quaresma-e-campanha-da-fraternidade-de-2012\/","og_locale":"pt_BR","og_type":"article","og_title":"Quaresma e Campanha da Fraternidade de 2012 - O Arcanjo no ar","og_description":"Na ensolarada tarde do \u00faltimo s\u00e1bado, 04\/02\/12, membros da comunidade S\u00e3o Miguel Arcanjo reuniram-se para tra\u00e7ar a caminhada da nossa Par\u00f3quia no per\u00edodo da Quaresma. O que podemos adiantar \u00e9 que a tem\u00e1tica da Campanha da Fraternidade 2012, que tem como tema &#8220;Que a sa\u00fade se difunda sobre a terra&#8221;, ser\u00e1 bastante discutida, e alguns [&hellip;]","og_url":"https:\/\/www.oarcanjo.net\/site\/quaresma-e-campanha-da-fraternidade-de-2012\/","og_site_name":"O Arcanjo no ar","article_publisher":"https:\/\/www.facebook.com\/OArcanjoNoAr\/","article_published_time":"2012-02-05T00:04:21+00:00","og_image":[{"width":300,"height":300,"url":"https:\/\/www.oarcanjo.net\/site\/wp-content\/uploads\/logo-o-arcanjo-no-ar-facebook.png","type":"image\/png"}],"author":"carlos","twitter_card":"summary_large_image","twitter_misc":{"Escrito por":"carlos","Est. tempo de leitura":"2 minutos"},"schema":{"@context":"https:\/\/schema.org","@graph":[{"@type":"Article","@id":"https:\/\/www.oarcanjo.net\/site\/quaresma-e-campanha-da-fraternidade-de-2012\/#article","isPartOf":{"@id":"https:\/\/www.oarcanjo.net\/site\/quaresma-e-campanha-da-fraternidade-de-2012\/"},"author":{"name":"carlos","@id":"https:\/\/www.oarcanjo.net\/site\/#\/schema\/person\/f7870e710d8c8c30673de3a0ac2e451d"},"headline":"Quaresma e Campanha da Fraternidade de 2012","datePublished":"2012-02-05T00:04:21+00:00","dateModified":"2012-02-05T00:04:21+00:00","mainEntityOfPage":{"@id":"https:\/\/www.oarcanjo.net\/site\/quaresma-e-campanha-da-fraternidade-de-2012\/"},"wordCount":327,"commentCount":0,"publisher":{"@id":"https:\/\/www.oarcanjo.net\/site\/#organization"},"articleSection":["Not\u00edcias"],"inLanguage":"pt-BR","potentialAction":[{"@type":"CommentAction","name":"Comment","target":["https:\/\/www.oarcanjo.net\/site\/quaresma-e-campanha-da-fraternidade-de-2012\/#respond"]}]},{"@type":"WebPage","@id":"https:\/\/www.oarcanjo.net\/site\/quaresma-e-campanha-da-fraternidade-de-2012\/","url":"https:\/\/www.oarcanjo.net\/site\/quaresma-e-campanha-da-fraternidade-de-2012\/","name":"Quaresma e Campanha da Fraternidade de 2012 - O Arcanjo no ar","isPartOf":{"@id":"https:\/\/www.oarcanjo.net\/site\/#website"},"datePublished":"2012-02-05T00:04:21+00:00","dateModified":"2012-02-05T00:04:21+00:00","breadcrumb":{"@id":"https:\/\/www.oarcanjo.net\/site\/quaresma-e-campanha-da-fraternidade-de-2012\/#breadcrumb"},"inLanguage":"pt-BR","potentialAction":[{"@type":"ReadAction","target":["https:\/\/www.oarcanjo.net\/site\/quaresma-e-campanha-da-fraternidade-de-2012\/"]}]},{"@type":"BreadcrumbList","@id":"https:\/\/www.oarcanjo.net\/site\/quaresma-e-campanha-da-fraternidade-de-2012\/#breadcrumb","itemListElement":[{"@type":"ListItem","position":1,"name":"In\u00edcio","item":"https:\/\/www.oarcanjo.net\/site\/"},{"@type":"ListItem","position":2,"name":"Quaresma e Campanha da Fraternidade de 2012"}]},{"@type":"WebSite","@id":"https:\/\/www.oarcanjo.net\/site\/#website","url":"https:\/\/www.oarcanjo.net\/site\/","name":"O Arcanjo no ar","description":"Site da Par\u00f3quia S\u00e3o Miguel Arcanjo (Arquidiocese de SP)","publisher":{"@id":"https:\/\/www.oarcanjo.net\/site\/#organization"},"potentialAction":[{"@type":"SearchAction","target":{"@type":"EntryPoint","urlTemplate":"https:\/\/www.oarcanjo.net\/site\/?s={search_term_string}"},"query-input":{"@type":"PropertyValueSpecification","valueRequired":true,"valueName":"search_term_string"}}],"inLanguage":"pt-BR"},{"@type":"Organization","@id":"https:\/\/www.oarcanjo.net\/site\/#organization","name":"Par\u00f3quia S\u00e3o Miguel Arcanjo","url":"https:\/\/www.oarcanjo.net\/site\/","logo":{"@type":"ImageObject","inLanguage":"pt-BR","@id":"https:\/\/www.oarcanjo.net\/site\/#\/schema\/logo\/image\/","url":"https:\/\/www.oarcanjo.net\/site\/wp-content\/uploads\/LogoOArcanjo.png","contentUrl":"https:\/\/www.oarcanjo.net\/site\/wp-content\/uploads\/LogoOArcanjo.png","width":319,"height":99,"caption":"Par\u00f3quia S\u00e3o Miguel Arcanjo"},"image":{"@id":"https:\/\/www.oarcanjo.net\/site\/#\/schema\/logo\/image\/"},"sameAs":["https:\/\/www.facebook.com\/OArcanjoNoAr\/"]},{"@type":"Person","@id":"https:\/\/www.oarcanjo.net\/site\/#\/schema\/person\/f7870e710d8c8c30673de3a0ac2e451d","name":"carlos"}]}},"publishpress_future_action":{"enabled":false,"date":"2026-05-09 01:26:18","action":"category","newStatus":"draft","terms":[],"taxonomy":"category"},"publishpress_future_workflow_manual_trigger":{"enabledWorkflows":[]},"_links":{"self":[{"href":"https:\/\/www.oarcanjo.net\/site\/wp-json\/wp\/v2\/posts\/17211"}],"collection":[{"href":"https:\/\/www.oarcanjo.net\/site\/wp-json\/wp\/v2\/posts"}],"about":[{"href":"https:\/\/www.oarcanjo.net\/site\/wp-json\/wp\/v2\/types\/post"}],"author":[{"embeddable":true,"href":"https:\/\/www.oarcanjo.net\/site\/wp-json\/wp\/v2\/users\/10"}],"replies":[{"embeddable":true,"href":"https:\/\/www.oarcanjo.net\/site\/wp-json\/wp\/v2\/comments?post=17211"}],"version-history":[{"count":0,"href":"https:\/\/www.oarcanjo.net\/site\/wp-json\/wp\/v2\/posts\/17211\/revisions"}],"wp:attachment":[{"href":"https:\/\/www.oarcanjo.net\/site\/wp-json\/wp\/v2\/media?parent=17211"}],"wp:term":[{"taxonomy":"category","embeddable":true,"href":"https:\/\/www.oarcanjo.net\/site\/wp-json\/wp\/v2\/categories?post=17211"},{"taxonomy":"post_tag","embeddable":true,"href":"https:\/\/www.oarcanjo.net\/site\/wp-json\/wp\/v2\/tags?post=17211"}],"curies":[{"name":"wp","href":"https:\/\/api.w.org\/{rel}","templated":true}]}}