
{"id":17224,"date":"2012-02-06T22:48:17","date_gmt":"2012-02-07T00:48:17","guid":{"rendered":"http:\/\/www.oarcanjo.net\/site\/?p=17224"},"modified":"2012-02-06T23:18:55","modified_gmt":"2012-02-07T01:18:55","slug":"curso-de-teologia-para-leigos-2012","status":"publish","type":"post","link":"https:\/\/www.oarcanjo.net\/site\/curso-de-teologia-para-leigos-2012\/","title":{"rendered":"Curso de Teologia para Leigos 2012"},"content":{"rendered":"<p>As inscri\u00e7\u00f5es para o Curso de Teologia para Leigos de 2012 j\u00e1 est\u00e3o abertas. Conhe\u00e7a os objetivos e o conte\u00fado e participe!<\/p>\n<p><strong>Objetivos do curso<\/strong><\/p>\n<p>&#8211; Responder aos constantes apelos da Igreja de S\u00e3o Paulo e \u00e0 permanente necessidade de forma\u00e7\u00e3o dos agentes evangelizadores, como pede o Documento de Aparecida.<\/p>\n<p>&#8211; Incentivar e qualificar leigos e leigas como educadores da f\u00e9.<\/p>\n<p>&#8211; Desenvolver um conhecimento interdisciplinar sobre os assuntos da f\u00e9 crist\u00e3 cat\u00f3lica.<\/p>\n<p><strong>Disciplinas<\/strong><\/p>\n<p>&#8211; Introdu\u00e7\u00e3o \u00e0 Teologia e \u00e0\u00a0B\u00edblia &#8211; Disciplinas b\u00e1sicas (preparat\u00f3rias para os outros m\u00f3dulos)<br \/>\n&#8211; Se\u00e7\u00e3o B\u00edblia &#8211; Introdu\u00e7\u00e3o \u00e0 Biblia, Antigo Testamento e Novo Testamento (leitura Orante da B\u00edblia &#8211; pr\u00e1tica)<br \/>\n&#8211; Se\u00e7\u00e3o Teol\u00f3gica &#8211; Introdu\u00e7\u00e3o \u00e0 Teologia, Elesiologia, Liturgia, Sacramentos, Cristologia,\u00a0Peneumatologia,\u00a0Mariologia, Trindade , Escatologia.<br \/>\n&#8211; Se\u00e7\u00e3o Pastoral &#8211; Missiologia, Pastoral Urbana.<br \/>\n&#8211; Se\u00e7\u00e3o Hist\u00f3ria da Igreja &#8211; Hist\u00f3ria da Igreja de Jesus Cristo (desde os tempos b\u00edblicos at\u00e9 os dias atuais).<\/p>\n<p><strong><strong>Inscri\u00e7\u00f5es na secretaria da sua par\u00f3quia:<\/strong> <\/strong><span style=\"color: #ff0000;\">at\u00e9\u00a020 de fevereiro de 2012<\/span><strong><br \/>\nIn\u00edcio das aulas: <\/strong><span style=\"color: #ff0000;\">27 de fevereiro de 2012<\/span><\/p>\n<p><strong>Informa\u00e7\u00f5es:<\/strong><\/p>\n<p><strong>Local: <\/strong>Centro Pastoral S\u00e3o Jos\u00e9<br \/>\nAv. \u00c1lvaro Ramos, 366 &#8211; Bel\u00e9m<br \/>\n<strong>Tel.:<\/strong> (11)\u00a02693-0287<br \/>\n<strong>Hor\u00e1rio: <\/strong>Segunda-feira<br \/>\nDas 19h30 \u00e0s 21h30 com intervalo para lanche<br \/>\n<strong>Dura\u00e7\u00e3o: <\/strong>3 anos<br \/>\n<strong>Carga hor\u00e1ria:<\/strong> 192 horas-aula<br \/>\n16 aulas para cada disciplina<\/p>\n<p><strong>Valor:<\/strong> Taxa mensal por aluno de R$ 20,00 (vinte reais)<\/p>\n<p><strong><br \/>\nA Igreja existe para evangelizar<\/strong><\/p>\n<p>Para cumprir a sua miss\u00e3o, a Igreja, impulsionada pelo Esp\u00edrito Santo, acolhe, reza a Palavra que salva, escuta os sinais dos tempos, rev\u00ea pr\u00e1ticas pastorais e discerne objetivos e caminhos.<\/p>\n<p>As Diretrizes Gerais da A\u00e7\u00e3o Evangelizadora da Igreja no Brasil apontam cinco urg\u00eancias:<\/p>\n<p>&#8211;\u00a0<strong>Igreja<\/strong> em estado permanente de miss\u00e3o.<\/p>\n<p>&#8211;\u00a0<strong>Igreja:<\/strong> casa da inicia\u00e7\u00e3o \u00e0 vida crist\u00e3.<\/p>\n<p>&#8211;\u00a0<strong>Igreja:<\/strong> lugar de anima\u00e7\u00e3o b\u00edblica da vida e da pastoral.<\/p>\n<p>&#8211;\u00a0<strong>Igreja:<\/strong> comunidade de comunidades.<\/p>\n<p>&#8211;\u00a0<strong>Igreja:<\/strong> a servi\u00e7o da vida pela para todos.<\/p>\n<p>(DGAE 2011-2015)<\/p>\n<div id=\"themify_builder_content-17224\" data-postid=\"17224\" class=\"themify_builder_content themify_builder_content-17224 themify_builder themify_builder_front\">\n\t<\/div>\n<!-- \/themify_builder_content -->","protected":false},"excerpt":{"rendered":"<p>As inscri\u00e7\u00f5es para o Curso de Teologia para Leigos de 2012 j\u00e1 est\u00e3o abertas. Conhe\u00e7a os objetivos e o conte\u00fado e participe! Objetivos do curso &#8211; Responder aos constantes apelos da Igreja de S\u00e3o Paulo e \u00e0 permanente necessidade de forma\u00e7\u00e3o dos agentes evangelizadores, como pede o Documento de Aparecida. &#8211; Incentivar e qualificar leigos [&hellip;]<\/p>\n","protected":false},"author":5,"featured_media":0,"comment_status":"open","ping_status":"open","sticky":false,"template":"","format":"standard","meta":{"ngg_post_thumbnail":0,"footnotes":""},"categories":[3,8],"tags":[],"yoast_head":"<!-- This site is optimized with the Yoast SEO plugin v23.5 - https:\/\/yoast.com\/wordpress\/plugins\/seo\/ -->\n<title>Curso de Teologia para Leigos 2012 - O Arcanjo no ar<\/title>\n<meta name=\"robots\" content=\"index, follow, max-snippet:-1, max-image-preview:large, max-video-preview:-1\" \/>\n<link rel=\"canonical\" href=\"https:\/\/www.oarcanjo.net\/site\/curso-de-teologia-para-leigos-2012\/\" \/>\n<meta property=\"og:locale\" content=\"pt_BR\" \/>\n<meta property=\"og:type\" content=\"article\" \/>\n<meta property=\"og:title\" content=\"Curso de Teologia para Leigos 2012 - O Arcanjo no ar\" \/>\n<meta property=\"og:description\" content=\"As inscri\u00e7\u00f5es para o Curso de Teologia para Leigos de 2012 j\u00e1 est\u00e3o abertas. Conhe\u00e7a os objetivos e o conte\u00fado e participe! Objetivos do curso &#8211; Responder aos constantes apelos da Igreja de S\u00e3o Paulo e \u00e0 permanente necessidade de forma\u00e7\u00e3o dos agentes evangelizadores, como pede o Documento de Aparecida. &#8211; Incentivar e qualificar leigos [&hellip;]\" \/>\n<meta property=\"og:url\" content=\"https:\/\/www.oarcanjo.net\/site\/curso-de-teologia-para-leigos-2012\/\" \/>\n<meta property=\"og:site_name\" content=\"O Arcanjo no ar\" \/>\n<meta property=\"article:publisher\" content=\"https:\/\/www.facebook.com\/OArcanjoNoAr\/\" \/>\n<meta property=\"article:published_time\" content=\"2012-02-07T00:48:17+00:00\" \/>\n<meta property=\"article:modified_time\" content=\"2012-02-07T01:18:55+00:00\" \/>\n<meta property=\"og:image\" content=\"https:\/\/www.oarcanjo.net\/site\/wp-content\/uploads\/logo-o-arcanjo-no-ar-facebook.png\" \/>\n\t<meta property=\"og:image:width\" content=\"300\" \/>\n\t<meta property=\"og:image:height\" content=\"300\" \/>\n\t<meta property=\"og:image:type\" content=\"image\/png\" \/>\n<meta name=\"author\" content=\"editor\" \/>\n<meta name=\"twitter:card\" content=\"summary_large_image\" \/>\n<meta name=\"twitter:label1\" content=\"Escrito por\" \/>\n\t<meta name=\"twitter:data1\" content=\"editor\" \/>\n\t<meta name=\"twitter:label2\" content=\"Est. tempo de leitura\" \/>\n\t<meta name=\"twitter:data2\" content=\"2 minutos\" \/>\n<script type=\"application\/ld+json\" class=\"yoast-schema-graph\">{\"@context\":\"https:\/\/schema.org\",\"@graph\":[{\"@type\":\"Article\",\"@id\":\"https:\/\/www.oarcanjo.net\/site\/curso-de-teologia-para-leigos-2012\/#article\",\"isPartOf\":{\"@id\":\"https:\/\/www.oarcanjo.net\/site\/curso-de-teologia-para-leigos-2012\/\"},\"author\":{\"name\":\"editor\",\"@id\":\"https:\/\/www.oarcanjo.net\/site\/#\/schema\/person\/f7024d007863202483a31326673a0838\"},\"headline\":\"Curso de Teologia para Leigos 2012\",\"datePublished\":\"2012-02-07T00:48:17+00:00\",\"dateModified\":\"2012-02-07T01:18:55+00:00\",\"mainEntityOfPage\":{\"@id\":\"https:\/\/www.oarcanjo.net\/site\/curso-de-teologia-para-leigos-2012\/\"},\"wordCount\":338,\"commentCount\":1,\"publisher\":{\"@id\":\"https:\/\/www.oarcanjo.net\/site\/#organization\"},\"articleSection\":[\"Destaques\",\"Not\u00edcias\"],\"inLanguage\":\"pt-BR\",\"potentialAction\":[{\"@type\":\"CommentAction\",\"name\":\"Comment\",\"target\":[\"https:\/\/www.oarcanjo.net\/site\/curso-de-teologia-para-leigos-2012\/#respond\"]}]},{\"@type\":\"WebPage\",\"@id\":\"https:\/\/www.oarcanjo.net\/site\/curso-de-teologia-para-leigos-2012\/\",\"url\":\"https:\/\/www.oarcanjo.net\/site\/curso-de-teologia-para-leigos-2012\/\",\"name\":\"Curso de Teologia para Leigos 2012 - O Arcanjo no ar\",\"isPartOf\":{\"@id\":\"https:\/\/www.oarcanjo.net\/site\/#website\"},\"datePublished\":\"2012-02-07T00:48:17+00:00\",\"dateModified\":\"2012-02-07T01:18:55+00:00\",\"breadcrumb\":{\"@id\":\"https:\/\/www.oarcanjo.net\/site\/curso-de-teologia-para-leigos-2012\/#breadcrumb\"},\"inLanguage\":\"pt-BR\",\"potentialAction\":[{\"@type\":\"ReadAction\",\"target\":[\"https:\/\/www.oarcanjo.net\/site\/curso-de-teologia-para-leigos-2012\/\"]}]},{\"@type\":\"BreadcrumbList\",\"@id\":\"https:\/\/www.oarcanjo.net\/site\/curso-de-teologia-para-leigos-2012\/#breadcrumb\",\"itemListElement\":[{\"@type\":\"ListItem\",\"position\":1,\"name\":\"In\u00edcio\",\"item\":\"https:\/\/www.oarcanjo.net\/site\/\"},{\"@type\":\"ListItem\",\"position\":2,\"name\":\"Curso de Teologia para Leigos 2012\"}]},{\"@type\":\"WebSite\",\"@id\":\"https:\/\/www.oarcanjo.net\/site\/#website\",\"url\":\"https:\/\/www.oarcanjo.net\/site\/\",\"name\":\"O Arcanjo no ar\",\"description\":\"Site da Par\u00f3quia S\u00e3o Miguel Arcanjo (Arquidiocese de SP)\",\"publisher\":{\"@id\":\"https:\/\/www.oarcanjo.net\/site\/#organization\"},\"potentialAction\":[{\"@type\":\"SearchAction\",\"target\":{\"@type\":\"EntryPoint\",\"urlTemplate\":\"https:\/\/www.oarcanjo.net\/site\/?s={search_term_string}\"},\"query-input\":{\"@type\":\"PropertyValueSpecification\",\"valueRequired\":true,\"valueName\":\"search_term_string\"}}],\"inLanguage\":\"pt-BR\"},{\"@type\":\"Organization\",\"@id\":\"https:\/\/www.oarcanjo.net\/site\/#organization\",\"name\":\"Par\u00f3quia S\u00e3o Miguel Arcanjo\",\"url\":\"https:\/\/www.oarcanjo.net\/site\/\",\"logo\":{\"@type\":\"ImageObject\",\"inLanguage\":\"pt-BR\",\"@id\":\"https:\/\/www.oarcanjo.net\/site\/#\/schema\/logo\/image\/\",\"url\":\"https:\/\/www.oarcanjo.net\/site\/wp-content\/uploads\/LogoOArcanjo.png\",\"contentUrl\":\"https:\/\/www.oarcanjo.net\/site\/wp-content\/uploads\/LogoOArcanjo.png\",\"width\":319,\"height\":99,\"caption\":\"Par\u00f3quia S\u00e3o Miguel Arcanjo\"},\"image\":{\"@id\":\"https:\/\/www.oarcanjo.net\/site\/#\/schema\/logo\/image\/\"},\"sameAs\":[\"https:\/\/www.facebook.com\/OArcanjoNoAr\/\"]},{\"@type\":\"Person\",\"@id\":\"https:\/\/www.oarcanjo.net\/site\/#\/schema\/person\/f7024d007863202483a31326673a0838\",\"name\":\"editor\",\"sameAs\":[\"http:\/\/www.oarcanjo.net\"]}]}<\/script>\n<!-- \/ Yoast SEO plugin. -->","yoast_head_json":{"title":"Curso de Teologia para Leigos 2012 - O Arcanjo no ar","robots":{"index":"index","follow":"follow","max-snippet":"max-snippet:-1","max-image-preview":"max-image-preview:large","max-video-preview":"max-video-preview:-1"},"canonical":"https:\/\/www.oarcanjo.net\/site\/curso-de-teologia-para-leigos-2012\/","og_locale":"pt_BR","og_type":"article","og_title":"Curso de Teologia para Leigos 2012 - O Arcanjo no ar","og_description":"As inscri\u00e7\u00f5es para o Curso de Teologia para Leigos de 2012 j\u00e1 est\u00e3o abertas. Conhe\u00e7a os objetivos e o conte\u00fado e participe! Objetivos do curso &#8211; Responder aos constantes apelos da Igreja de S\u00e3o Paulo e \u00e0 permanente necessidade de forma\u00e7\u00e3o dos agentes evangelizadores, como pede o Documento de Aparecida. &#8211; Incentivar e qualificar leigos [&hellip;]","og_url":"https:\/\/www.oarcanjo.net\/site\/curso-de-teologia-para-leigos-2012\/","og_site_name":"O Arcanjo no ar","article_publisher":"https:\/\/www.facebook.com\/OArcanjoNoAr\/","article_published_time":"2012-02-07T00:48:17+00:00","article_modified_time":"2012-02-07T01:18:55+00:00","og_image":[{"width":300,"height":300,"url":"https:\/\/www.oarcanjo.net\/site\/wp-content\/uploads\/logo-o-arcanjo-no-ar-facebook.png","type":"image\/png"}],"author":"editor","twitter_card":"summary_large_image","twitter_misc":{"Escrito por":"editor","Est. tempo de leitura":"2 minutos"},"schema":{"@context":"https:\/\/schema.org","@graph":[{"@type":"Article","@id":"https:\/\/www.oarcanjo.net\/site\/curso-de-teologia-para-leigos-2012\/#article","isPartOf":{"@id":"https:\/\/www.oarcanjo.net\/site\/curso-de-teologia-para-leigos-2012\/"},"author":{"name":"editor","@id":"https:\/\/www.oarcanjo.net\/site\/#\/schema\/person\/f7024d007863202483a31326673a0838"},"headline":"Curso de Teologia para Leigos 2012","datePublished":"2012-02-07T00:48:17+00:00","dateModified":"2012-02-07T01:18:55+00:00","mainEntityOfPage":{"@id":"https:\/\/www.oarcanjo.net\/site\/curso-de-teologia-para-leigos-2012\/"},"wordCount":338,"commentCount":1,"publisher":{"@id":"https:\/\/www.oarcanjo.net\/site\/#organization"},"articleSection":["Destaques","Not\u00edcias"],"inLanguage":"pt-BR","potentialAction":[{"@type":"CommentAction","name":"Comment","target":["https:\/\/www.oarcanjo.net\/site\/curso-de-teologia-para-leigos-2012\/#respond"]}]},{"@type":"WebPage","@id":"https:\/\/www.oarcanjo.net\/site\/curso-de-teologia-para-leigos-2012\/","url":"https:\/\/www.oarcanjo.net\/site\/curso-de-teologia-para-leigos-2012\/","name":"Curso de Teologia para Leigos 2012 - O Arcanjo no ar","isPartOf":{"@id":"https:\/\/www.oarcanjo.net\/site\/#website"},"datePublished":"2012-02-07T00:48:17+00:00","dateModified":"2012-02-07T01:18:55+00:00","breadcrumb":{"@id":"https:\/\/www.oarcanjo.net\/site\/curso-de-teologia-para-leigos-2012\/#breadcrumb"},"inLanguage":"pt-BR","potentialAction":[{"@type":"ReadAction","target":["https:\/\/www.oarcanjo.net\/site\/curso-de-teologia-para-leigos-2012\/"]}]},{"@type":"BreadcrumbList","@id":"https:\/\/www.oarcanjo.net\/site\/curso-de-teologia-para-leigos-2012\/#breadcrumb","itemListElement":[{"@type":"ListItem","position":1,"name":"In\u00edcio","item":"https:\/\/www.oarcanjo.net\/site\/"},{"@type":"ListItem","position":2,"name":"Curso de Teologia para Leigos 2012"}]},{"@type":"WebSite","@id":"https:\/\/www.oarcanjo.net\/site\/#website","url":"https:\/\/www.oarcanjo.net\/site\/","name":"O Arcanjo no ar","description":"Site da Par\u00f3quia S\u00e3o Miguel Arcanjo (Arquidiocese de SP)","publisher":{"@id":"https:\/\/www.oarcanjo.net\/site\/#organization"},"potentialAction":[{"@type":"SearchAction","target":{"@type":"EntryPoint","urlTemplate":"https:\/\/www.oarcanjo.net\/site\/?s={search_term_string}"},"query-input":{"@type":"PropertyValueSpecification","valueRequired":true,"valueName":"search_term_string"}}],"inLanguage":"pt-BR"},{"@type":"Organization","@id":"https:\/\/www.oarcanjo.net\/site\/#organization","name":"Par\u00f3quia S\u00e3o Miguel Arcanjo","url":"https:\/\/www.oarcanjo.net\/site\/","logo":{"@type":"ImageObject","inLanguage":"pt-BR","@id":"https:\/\/www.oarcanjo.net\/site\/#\/schema\/logo\/image\/","url":"https:\/\/www.oarcanjo.net\/site\/wp-content\/uploads\/LogoOArcanjo.png","contentUrl":"https:\/\/www.oarcanjo.net\/site\/wp-content\/uploads\/LogoOArcanjo.png","width":319,"height":99,"caption":"Par\u00f3quia S\u00e3o Miguel Arcanjo"},"image":{"@id":"https:\/\/www.oarcanjo.net\/site\/#\/schema\/logo\/image\/"},"sameAs":["https:\/\/www.facebook.com\/OArcanjoNoAr\/"]},{"@type":"Person","@id":"https:\/\/www.oarcanjo.net\/site\/#\/schema\/person\/f7024d007863202483a31326673a0838","name":"editor","sameAs":["http:\/\/www.oarcanjo.net"]}]}},"publishpress_future_action":{"enabled":false,"date":"2026-05-07 10:08:23","action":"category","newStatus":"draft","terms":[],"taxonomy":"category"},"publishpress_future_workflow_manual_trigger":{"enabledWorkflows":[]},"_links":{"self":[{"href":"https:\/\/www.oarcanjo.net\/site\/wp-json\/wp\/v2\/posts\/17224"}],"collection":[{"href":"https:\/\/www.oarcanjo.net\/site\/wp-json\/wp\/v2\/posts"}],"about":[{"href":"https:\/\/www.oarcanjo.net\/site\/wp-json\/wp\/v2\/types\/post"}],"author":[{"embeddable":true,"href":"https:\/\/www.oarcanjo.net\/site\/wp-json\/wp\/v2\/users\/5"}],"replies":[{"embeddable":true,"href":"https:\/\/www.oarcanjo.net\/site\/wp-json\/wp\/v2\/comments?post=17224"}],"version-history":[{"count":0,"href":"https:\/\/www.oarcanjo.net\/site\/wp-json\/wp\/v2\/posts\/17224\/revisions"}],"wp:attachment":[{"href":"https:\/\/www.oarcanjo.net\/site\/wp-json\/wp\/v2\/media?parent=17224"}],"wp:term":[{"taxonomy":"category","embeddable":true,"href":"https:\/\/www.oarcanjo.net\/site\/wp-json\/wp\/v2\/categories?post=17224"},{"taxonomy":"post_tag","embeddable":true,"href":"https:\/\/www.oarcanjo.net\/site\/wp-json\/wp\/v2\/tags?post=17224"}],"curies":[{"name":"wp","href":"https:\/\/api.w.org\/{rel}","templated":true}]}}