
{"id":1723,"date":"2009-02-02T23:29:50","date_gmt":"2009-02-03T01:29:50","guid":{"rendered":"http:\/\/www.oarcanjo.net\/site\/?p=1723"},"modified":"2009-02-03T23:30:34","modified_gmt":"2009-02-04T01:30:34","slug":"helder-camara","status":"publish","type":"post","link":"https:\/\/www.oarcanjo.net\/site\/helder-camara\/","title":{"rendered":"Helder C\u00e2mara"},"content":{"rendered":"<p>Dom Jos\u00e9 Alberto Moura<\/p>\n<p>H\u00e1 cem anos nascia, aos sete de fevereiro, em Fortaleza, um ser humano realmente humano &#8211; Helder Pessoa C\u00e2mara. Sua presen\u00e7a na hist\u00f3ria do Brasil foi marcante. Na Igreja foi um marco, j\u00e1 antes do Conc\u00edlio, durante o mesmo e o que dir\u00e1 depois?! A CNBB [Confer\u00eancia Nacional dos Bispos do Brasil] e o Celam [Conselho Episcopal Latino-Americano] puderam ver o exemplo e a atua\u00e7\u00e3o desse homem nem sempre compreendido. Sua vis\u00e3o de Igreja servidora dos pobres e luz para a humanidade apresenta de cheio todo o sentido da [Constitui\u00e7\u00e3o Pastoral] \u201cGaudium et Spes\u201d (Alegria e Esperan\u00e7a) do Conc\u00edlio Vaticano II [1962-1965].<\/p>\n<p>Como assessor do Arcebispo do Rio, depois como Bispo Auxiliar na mesma Arquidiocese e, mais ainda, como Arcebispo de Olinda e Recife, foi um profeta da esperan\u00e7a de um mundo novo poss\u00edvel. Para ele, a quase utopia do amor de Cristo se torna poss\u00edvel quando a pessoa se abre ao outro para ajud\u00e1-lo a ser gente com todas as letras. Taxado de comunista pelo regime militar [1964-1984], quiseram abafar sua voz de den\u00fancia ao desrespeito \u00e0 dignidade humana. J\u00e1 que ent\u00e3o era censurado no Brasil, no exterior p\u00f4de ser voz de quem n\u00e3o tinha voz aqui.<\/p>\n<p>Na CNBB, foi secret\u00e1rio geral por 12 anos. A\u00ed conseguiu articular projetos necess\u00e1rios para a implementa\u00e7\u00e3o das orienta\u00e7\u00f5es do Conc\u00edlio, colaborando eficazmente com a Pastoral de Conjunto e a promo\u00e7\u00e3o da evangeliza\u00e7\u00e3o que levasse \u00e0 transforma\u00e7\u00e3o da vida das pessoas e da sociedade. Sua a\u00e7\u00e3o na cria\u00e7\u00e3o tamb\u00e9m do mesmo enfoque com a inicia\u00e7\u00e3o do Celam mostrou sua vis\u00e3o de cidad\u00e3o latino-americano, iluminado pela autoridade de homem de Deus conferida pela sucess\u00e3o apost\u00f3lica. Sua autoridade, pois, se deu na qualidade apost\u00f3lica. Seu apostolado abra\u00e7ou o mundo, tal qual o Ap\u00f3stolo Paulo.<\/p>\n<p>No Evangelho, encontramos a narrativa da a\u00e7\u00e3o de Jesus, que ensinava e era admirado por sua maestria. \u201cTodos ficavam admirados com o seu ensinamento, pois ensinava como quem tem autoridade, n\u00e3o como os mestres da lei\u201d (Mc 1, 22). \u00c9 t\u00e3o bom vermos pessoas seguidoras do Mestre, ensinando com a mesma cartilha de Jesus. Assim, sua autoridade se imp\u00f5e, apesar de muitos quererem abafar sua voz prof\u00e9tica!<\/p>\n<p>Em D. Helder C\u00e2mara, temos um marco prof\u00e9tico de quem explicita o Evangelho na pr\u00e1tica da promo\u00e7\u00e3o da justi\u00e7a e na op\u00e7\u00e3o evang\u00e9lica preferencial pelos empobrecidos! At\u00e9 exterior e aparentemente, esse homem de Deus marcou presen\u00e7a na simplicidade e no estar no meio dos simples e humildes. No meio dos grandes, ele mostrou a singeleza e a franqueza no trato af\u00e1vel e franco para apresentar a verdade de Jesus, que \u00e9 um Deus pobre e humano conosco, enriquecendo-nos com seu amor e sua divindade. Grande \u00e9 quem se faz pequeno e servi\u00e7al!<\/p>\n<p>Em geral, \u00e9 perseguido quem \u00e9 temido pelo seu poder. Helder tinha o poder do amor e a arma do servi\u00e7o \u00e0 causa dos simples e humildes. Os canh\u00f5es n\u00e3o o intimidaram. Seu poder prof\u00e9tico do amor de Jesus era e \u00e9 muito superior! Como \u00e9 bom termos homens assim, que nos convencem do grande mal, ou seja, da injusti\u00e7a em rela\u00e7\u00e3o principalmente aos pobres!<\/p>\n<div id=\"themify_builder_content-1723\" data-postid=\"1723\" class=\"themify_builder_content themify_builder_content-1723 themify_builder themify_builder_front\">\n\t<\/div>\n<!-- \/themify_builder_content -->","protected":false},"excerpt":{"rendered":"<p>Dom Jos\u00e9 Alberto Moura H\u00e1 cem anos nascia, aos sete de fevereiro, em Fortaleza, um ser humano realmente humano &#8211; Helder Pessoa C\u00e2mara. Sua presen\u00e7a na hist\u00f3ria do Brasil foi marcante. Na Igreja foi um marco, j\u00e1 antes do Conc\u00edlio, durante o mesmo e o que dir\u00e1 depois?! A CNBB [Confer\u00eancia Nacional dos Bispos do [&hellip;]<\/p>\n","protected":false},"author":5,"featured_media":0,"comment_status":"open","ping_status":"open","sticky":false,"template":"","format":"standard","meta":{"ngg_post_thumbnail":0,"footnotes":""},"categories":[192],"tags":[210],"yoast_head":"<!-- This site is optimized with the Yoast SEO plugin v23.5 - https:\/\/yoast.com\/wordpress\/plugins\/seo\/ -->\n<title>Helder C\u00e2mara - O Arcanjo no ar<\/title>\n<meta name=\"robots\" content=\"index, follow, max-snippet:-1, max-image-preview:large, max-video-preview:-1\" \/>\n<link rel=\"canonical\" href=\"https:\/\/www.oarcanjo.net\/site\/helder-camara\/\" \/>\n<meta property=\"og:locale\" content=\"pt_BR\" \/>\n<meta property=\"og:type\" content=\"article\" \/>\n<meta property=\"og:title\" content=\"Helder C\u00e2mara - O Arcanjo no ar\" \/>\n<meta property=\"og:description\" content=\"Dom Jos\u00e9 Alberto Moura H\u00e1 cem anos nascia, aos sete de fevereiro, em Fortaleza, um ser humano realmente humano &#8211; Helder Pessoa C\u00e2mara. Sua presen\u00e7a na hist\u00f3ria do Brasil foi marcante. Na Igreja foi um marco, j\u00e1 antes do Conc\u00edlio, durante o mesmo e o que dir\u00e1 depois?! A CNBB [Confer\u00eancia Nacional dos Bispos do [&hellip;]\" \/>\n<meta property=\"og:url\" content=\"https:\/\/www.oarcanjo.net\/site\/helder-camara\/\" \/>\n<meta property=\"og:site_name\" content=\"O Arcanjo no ar\" \/>\n<meta property=\"article:publisher\" content=\"https:\/\/www.facebook.com\/OArcanjoNoAr\/\" \/>\n<meta property=\"article:published_time\" content=\"2009-02-03T01:29:50+00:00\" \/>\n<meta property=\"article:modified_time\" content=\"2009-02-04T01:30:34+00:00\" \/>\n<meta property=\"og:image\" content=\"https:\/\/www.oarcanjo.net\/site\/wp-content\/uploads\/logo-o-arcanjo-no-ar-facebook.png\" \/>\n\t<meta property=\"og:image:width\" content=\"300\" \/>\n\t<meta property=\"og:image:height\" content=\"300\" \/>\n\t<meta property=\"og:image:type\" content=\"image\/png\" \/>\n<meta name=\"author\" content=\"editor\" \/>\n<meta name=\"twitter:card\" content=\"summary_large_image\" \/>\n<meta name=\"twitter:label1\" content=\"Escrito por\" \/>\n\t<meta name=\"twitter:data1\" content=\"editor\" \/>\n\t<meta name=\"twitter:label2\" content=\"Est. tempo de leitura\" \/>\n\t<meta name=\"twitter:data2\" content=\"3 minutos\" \/>\n<script type=\"application\/ld+json\" class=\"yoast-schema-graph\">{\"@context\":\"https:\/\/schema.org\",\"@graph\":[{\"@type\":\"Article\",\"@id\":\"https:\/\/www.oarcanjo.net\/site\/helder-camara\/#article\",\"isPartOf\":{\"@id\":\"https:\/\/www.oarcanjo.net\/site\/helder-camara\/\"},\"author\":{\"name\":\"editor\",\"@id\":\"https:\/\/www.oarcanjo.net\/site\/#\/schema\/person\/f7024d007863202483a31326673a0838\"},\"headline\":\"Helder C\u00e2mara\",\"datePublished\":\"2009-02-03T01:29:50+00:00\",\"dateModified\":\"2009-02-04T01:30:34+00:00\",\"mainEntityOfPage\":{\"@id\":\"https:\/\/www.oarcanjo.net\/site\/helder-camara\/\"},\"wordCount\":565,\"commentCount\":2,\"publisher\":{\"@id\":\"https:\/\/www.oarcanjo.net\/site\/#organization\"},\"keywords\":[\"Dom Helder Camara\"],\"articleSection\":[\"D. Helder C\u00e2mara\"],\"inLanguage\":\"pt-BR\",\"potentialAction\":[{\"@type\":\"CommentAction\",\"name\":\"Comment\",\"target\":[\"https:\/\/www.oarcanjo.net\/site\/helder-camara\/#respond\"]}]},{\"@type\":\"WebPage\",\"@id\":\"https:\/\/www.oarcanjo.net\/site\/helder-camara\/\",\"url\":\"https:\/\/www.oarcanjo.net\/site\/helder-camara\/\",\"name\":\"Helder C\u00e2mara - O Arcanjo no ar\",\"isPartOf\":{\"@id\":\"https:\/\/www.oarcanjo.net\/site\/#website\"},\"datePublished\":\"2009-02-03T01:29:50+00:00\",\"dateModified\":\"2009-02-04T01:30:34+00:00\",\"breadcrumb\":{\"@id\":\"https:\/\/www.oarcanjo.net\/site\/helder-camara\/#breadcrumb\"},\"inLanguage\":\"pt-BR\",\"potentialAction\":[{\"@type\":\"ReadAction\",\"target\":[\"https:\/\/www.oarcanjo.net\/site\/helder-camara\/\"]}]},{\"@type\":\"BreadcrumbList\",\"@id\":\"https:\/\/www.oarcanjo.net\/site\/helder-camara\/#breadcrumb\",\"itemListElement\":[{\"@type\":\"ListItem\",\"position\":1,\"name\":\"In\u00edcio\",\"item\":\"https:\/\/www.oarcanjo.net\/site\/\"},{\"@type\":\"ListItem\",\"position\":2,\"name\":\"Helder C\u00e2mara\"}]},{\"@type\":\"WebSite\",\"@id\":\"https:\/\/www.oarcanjo.net\/site\/#website\",\"url\":\"https:\/\/www.oarcanjo.net\/site\/\",\"name\":\"O Arcanjo no ar\",\"description\":\"Site da Par\u00f3quia S\u00e3o Miguel Arcanjo (Arquidiocese de SP)\",\"publisher\":{\"@id\":\"https:\/\/www.oarcanjo.net\/site\/#organization\"},\"potentialAction\":[{\"@type\":\"SearchAction\",\"target\":{\"@type\":\"EntryPoint\",\"urlTemplate\":\"https:\/\/www.oarcanjo.net\/site\/?s={search_term_string}\"},\"query-input\":{\"@type\":\"PropertyValueSpecification\",\"valueRequired\":true,\"valueName\":\"search_term_string\"}}],\"inLanguage\":\"pt-BR\"},{\"@type\":\"Organization\",\"@id\":\"https:\/\/www.oarcanjo.net\/site\/#organization\",\"name\":\"Par\u00f3quia S\u00e3o Miguel Arcanjo\",\"url\":\"https:\/\/www.oarcanjo.net\/site\/\",\"logo\":{\"@type\":\"ImageObject\",\"inLanguage\":\"pt-BR\",\"@id\":\"https:\/\/www.oarcanjo.net\/site\/#\/schema\/logo\/image\/\",\"url\":\"https:\/\/www.oarcanjo.net\/site\/wp-content\/uploads\/LogoOArcanjo.png\",\"contentUrl\":\"https:\/\/www.oarcanjo.net\/site\/wp-content\/uploads\/LogoOArcanjo.png\",\"width\":319,\"height\":99,\"caption\":\"Par\u00f3quia S\u00e3o Miguel Arcanjo\"},\"image\":{\"@id\":\"https:\/\/www.oarcanjo.net\/site\/#\/schema\/logo\/image\/\"},\"sameAs\":[\"https:\/\/www.facebook.com\/OArcanjoNoAr\/\"]},{\"@type\":\"Person\",\"@id\":\"https:\/\/www.oarcanjo.net\/site\/#\/schema\/person\/f7024d007863202483a31326673a0838\",\"name\":\"editor\",\"sameAs\":[\"http:\/\/www.oarcanjo.net\"]}]}<\/script>\n<!-- \/ Yoast SEO plugin. -->","yoast_head_json":{"title":"Helder C\u00e2mara - O Arcanjo no ar","robots":{"index":"index","follow":"follow","max-snippet":"max-snippet:-1","max-image-preview":"max-image-preview:large","max-video-preview":"max-video-preview:-1"},"canonical":"https:\/\/www.oarcanjo.net\/site\/helder-camara\/","og_locale":"pt_BR","og_type":"article","og_title":"Helder C\u00e2mara - O Arcanjo no ar","og_description":"Dom Jos\u00e9 Alberto Moura H\u00e1 cem anos nascia, aos sete de fevereiro, em Fortaleza, um ser humano realmente humano &#8211; Helder Pessoa C\u00e2mara. Sua presen\u00e7a na hist\u00f3ria do Brasil foi marcante. Na Igreja foi um marco, j\u00e1 antes do Conc\u00edlio, durante o mesmo e o que dir\u00e1 depois?! A CNBB [Confer\u00eancia Nacional dos Bispos do [&hellip;]","og_url":"https:\/\/www.oarcanjo.net\/site\/helder-camara\/","og_site_name":"O Arcanjo no ar","article_publisher":"https:\/\/www.facebook.com\/OArcanjoNoAr\/","article_published_time":"2009-02-03T01:29:50+00:00","article_modified_time":"2009-02-04T01:30:34+00:00","og_image":[{"width":300,"height":300,"url":"https:\/\/www.oarcanjo.net\/site\/wp-content\/uploads\/logo-o-arcanjo-no-ar-facebook.png","type":"image\/png"}],"author":"editor","twitter_card":"summary_large_image","twitter_misc":{"Escrito por":"editor","Est. tempo de leitura":"3 minutos"},"schema":{"@context":"https:\/\/schema.org","@graph":[{"@type":"Article","@id":"https:\/\/www.oarcanjo.net\/site\/helder-camara\/#article","isPartOf":{"@id":"https:\/\/www.oarcanjo.net\/site\/helder-camara\/"},"author":{"name":"editor","@id":"https:\/\/www.oarcanjo.net\/site\/#\/schema\/person\/f7024d007863202483a31326673a0838"},"headline":"Helder C\u00e2mara","datePublished":"2009-02-03T01:29:50+00:00","dateModified":"2009-02-04T01:30:34+00:00","mainEntityOfPage":{"@id":"https:\/\/www.oarcanjo.net\/site\/helder-camara\/"},"wordCount":565,"commentCount":2,"publisher":{"@id":"https:\/\/www.oarcanjo.net\/site\/#organization"},"keywords":["Dom Helder Camara"],"articleSection":["D. Helder C\u00e2mara"],"inLanguage":"pt-BR","potentialAction":[{"@type":"CommentAction","name":"Comment","target":["https:\/\/www.oarcanjo.net\/site\/helder-camara\/#respond"]}]},{"@type":"WebPage","@id":"https:\/\/www.oarcanjo.net\/site\/helder-camara\/","url":"https:\/\/www.oarcanjo.net\/site\/helder-camara\/","name":"Helder C\u00e2mara - O Arcanjo no ar","isPartOf":{"@id":"https:\/\/www.oarcanjo.net\/site\/#website"},"datePublished":"2009-02-03T01:29:50+00:00","dateModified":"2009-02-04T01:30:34+00:00","breadcrumb":{"@id":"https:\/\/www.oarcanjo.net\/site\/helder-camara\/#breadcrumb"},"inLanguage":"pt-BR","potentialAction":[{"@type":"ReadAction","target":["https:\/\/www.oarcanjo.net\/site\/helder-camara\/"]}]},{"@type":"BreadcrumbList","@id":"https:\/\/www.oarcanjo.net\/site\/helder-camara\/#breadcrumb","itemListElement":[{"@type":"ListItem","position":1,"name":"In\u00edcio","item":"https:\/\/www.oarcanjo.net\/site\/"},{"@type":"ListItem","position":2,"name":"Helder C\u00e2mara"}]},{"@type":"WebSite","@id":"https:\/\/www.oarcanjo.net\/site\/#website","url":"https:\/\/www.oarcanjo.net\/site\/","name":"O Arcanjo no ar","description":"Site da Par\u00f3quia S\u00e3o Miguel Arcanjo (Arquidiocese de SP)","publisher":{"@id":"https:\/\/www.oarcanjo.net\/site\/#organization"},"potentialAction":[{"@type":"SearchAction","target":{"@type":"EntryPoint","urlTemplate":"https:\/\/www.oarcanjo.net\/site\/?s={search_term_string}"},"query-input":{"@type":"PropertyValueSpecification","valueRequired":true,"valueName":"search_term_string"}}],"inLanguage":"pt-BR"},{"@type":"Organization","@id":"https:\/\/www.oarcanjo.net\/site\/#organization","name":"Par\u00f3quia S\u00e3o Miguel Arcanjo","url":"https:\/\/www.oarcanjo.net\/site\/","logo":{"@type":"ImageObject","inLanguage":"pt-BR","@id":"https:\/\/www.oarcanjo.net\/site\/#\/schema\/logo\/image\/","url":"https:\/\/www.oarcanjo.net\/site\/wp-content\/uploads\/LogoOArcanjo.png","contentUrl":"https:\/\/www.oarcanjo.net\/site\/wp-content\/uploads\/LogoOArcanjo.png","width":319,"height":99,"caption":"Par\u00f3quia S\u00e3o Miguel Arcanjo"},"image":{"@id":"https:\/\/www.oarcanjo.net\/site\/#\/schema\/logo\/image\/"},"sameAs":["https:\/\/www.facebook.com\/OArcanjoNoAr\/"]},{"@type":"Person","@id":"https:\/\/www.oarcanjo.net\/site\/#\/schema\/person\/f7024d007863202483a31326673a0838","name":"editor","sameAs":["http:\/\/www.oarcanjo.net"]}]}},"publishpress_future_action":{"enabled":false,"date":"2026-05-08 02:06:50","action":"category","newStatus":"draft","terms":[],"taxonomy":"category"},"publishpress_future_workflow_manual_trigger":{"enabledWorkflows":[]},"_links":{"self":[{"href":"https:\/\/www.oarcanjo.net\/site\/wp-json\/wp\/v2\/posts\/1723"}],"collection":[{"href":"https:\/\/www.oarcanjo.net\/site\/wp-json\/wp\/v2\/posts"}],"about":[{"href":"https:\/\/www.oarcanjo.net\/site\/wp-json\/wp\/v2\/types\/post"}],"author":[{"embeddable":true,"href":"https:\/\/www.oarcanjo.net\/site\/wp-json\/wp\/v2\/users\/5"}],"replies":[{"embeddable":true,"href":"https:\/\/www.oarcanjo.net\/site\/wp-json\/wp\/v2\/comments?post=1723"}],"version-history":[{"count":0,"href":"https:\/\/www.oarcanjo.net\/site\/wp-json\/wp\/v2\/posts\/1723\/revisions"}],"wp:attachment":[{"href":"https:\/\/www.oarcanjo.net\/site\/wp-json\/wp\/v2\/media?parent=1723"}],"wp:term":[{"taxonomy":"category","embeddable":true,"href":"https:\/\/www.oarcanjo.net\/site\/wp-json\/wp\/v2\/categories?post=1723"},{"taxonomy":"post_tag","embeddable":true,"href":"https:\/\/www.oarcanjo.net\/site\/wp-json\/wp\/v2\/tags?post=1723"}],"curies":[{"name":"wp","href":"https:\/\/api.w.org\/{rel}","templated":true}]}}