
{"id":1725,"date":"2009-02-03T23:32:38","date_gmt":"2009-02-04T01:32:38","guid":{"rendered":"http:\/\/www.oarcanjo.net\/site\/?p=1725"},"modified":"2009-02-03T23:32:38","modified_gmt":"2009-02-04T01:32:38","slug":"forum-social-mundial-sonhar-outro-mundo-possivel","status":"publish","type":"post","link":"https:\/\/www.oarcanjo.net\/site\/forum-social-mundial-sonhar-outro-mundo-possivel\/","title":{"rendered":"F\u00f3rum Social Mundial: Sonhar outro mundo poss\u00edvel"},"content":{"rendered":"<p>Rafael L\u00f3pez Villase\u00f1or<\/p>\n<p>O oitavo f\u00f3rum social mundial (fsm) aconteceu em Bel\u00e9m (Brasil) de 27 de Janeiro a 1\u00ba de fevereiro de 2009, reunido em torno do problema da ecologia, contou com aproximadamente cem mil participantes, vindos dos cinco continentes do mundo, todos com o objetivo de construir o sonho da pluralidade de um &#8220;outro mundo poss\u00edvel&#8221; sem desmatamentos, sem guerras, sem fome, sem discrimina\u00e7\u00e3o, sem preconceitos raciais, religiosos ou de g\u00eanero&#8230;<\/p>\n<p>A forma\u00e7\u00e3o de &#8220;outro mundo poss\u00edvel&#8221; sup\u00f5e uma recria\u00e7\u00e3o de todos os valores entre os homens e as mulheres, que permita a transforma\u00e7\u00e3o do velho sistema capitalista neoliberal de morte, que est\u00e1 em profunda crise, num novo sistema de vida, de solidariedade, de partilha. O &#8220;outro mundo poss\u00edvel&#8221; \u00e9 a utopia e sonho de um lugar maravilhoso que ainda n\u00e3o tem lugar, mas que poder\u00e1 ter lugar futuramente. As expectativas de uma situa\u00e7\u00e3o melhor no futuro, ainda sem lugar, exercem uma fun\u00e7\u00e3o cr\u00edtica ao presente existente. Lutar por &#8220;um outro mundo poss\u00edvel&#8221;, aponta para uma defasagem entre o real existente e o futuro desej\u00e1vel. Os sonhos e as utopias s\u00e3o o oxig\u00eanio e a esperan\u00e7a da vida humana.<\/p>\n<p>A Constru\u00e7\u00e3o de outro mundo ser\u00e1 que \u00e9 poss\u00edvel? Os movimentos populares pol\u00edticos e religiosos afirmaram no fsm que \u00e9 poss\u00edvel fazer acontecer um outro mundo, atrav\u00e9s da organiza\u00e7\u00e3o popular, da solidariedade, das lutas sociais, com suas diversas bandeiras de organiza\u00e7\u00e3o, que geraram novos projetos pol\u00edticos, sociais, econ\u00f4micos, raciais, ecol\u00f3gicos, etc. Uma sociedade, que gere vida para todos a partir da satisfa\u00e7\u00e3o das necessidades b\u00e1sicas, como p\u00e3o, terra, moradia, educa\u00e7\u00e3o, sa\u00fade e uma vida mais digna sem qualquer tipo de preconceitos.<\/p>\n<p>Ao longo da hist\u00f3ria foram surgindo muitas utopias, muitos sonhos, que tentaram criar e recriar um &#8220;outro mundo poss\u00edvel&#8221;, como &#8220;a terra sem males&#8221; dos Tupi Guarani, o socialismo, o comunismo, entre outros.  Elas foram surgindo como um protesto contra a ordem opressora estabelecida. Porem, nem toda utopia \u00e9 revolucion\u00e1ria, nem toda revolu\u00e7\u00e3o \u00e9 ut\u00f3pica e o triunfo de uma utopia pode ser a sua morte. Infelizmente os \u00faltimos anos est\u00e3o marcados pela perda acentuada das grandes utopias, o fsm \u00e9 uma das poucas bandeiras que ainda recria o sonho e a utopia do &#8220;outro mundo poss\u00edvel&#8221; pluralista e solid\u00e1rio.<\/p>\n<p>As utopias concretas nascem em momento de crise, de transi\u00e7\u00e3o, de agonia da hist\u00f3ria. Seu lugar de nascimento s\u00e3o as lutas, as rebeli\u00f5es, as mortes, os fracassos, as vit\u00f3rias, as lutas de classe. Revelam uma revolta contra o dom\u00ednio dos fatos, uma recria\u00e7\u00e3o da esperan\u00e7a para todos. A hist\u00f3ria \u00e9 o tempo da utopia, que alimenta e da vida \u00e0 hist\u00f3ria, porem, devemos ter cuidado, porque muitas vezes as utopias acabaram se transformando em ideologias conservadoras opressoras, perdendo sua garra transformadora e recreativa.<\/p>\n<p>A utopia e sonho de &#8220;outro mundo poss\u00edvel&#8221; deve estar unido ao profetismo, n\u00e3o podem existir por separado, porque a utopia separada do profetismo perde sua efetividade hist\u00f3rica com o perigo de virar escapismo idealista, que pode trazer apenas um consolo subjetivo individualista para o povo, no lugar de construir uma nova for\u00e7a renovadora e libertadora. Existe o perigo real em separar profetismo e utopias, desencarnando ambos, quer por reducionismo subjetivista, quer por reducionismo trascendentalista, em chave atemporal de eternidade, por\u00e9m a eternidade deve estar ligada \u00e0 temporalidade.  Para lograr a harmonia entre profetismo, utopia e sonho \u00e9 necess\u00e1rio situar-se no lugar social, pol\u00edtico, econ\u00f4mico e religioso da hist\u00f3ria.<\/p>\n<p>Diante da crise global mundial do capitalismo neoliberal baseada no consumo desmedido e na especula\u00e7\u00e3o, gerada pelos banqueiros capitalistas, os mais afetados s\u00e3o os mais fracos, os pobres, os exclu\u00eddos. Crise que leva ao crescimento do desemprego, \u00e0 diminui\u00e7\u00e3o dos sal\u00e1rios, ao aumento dos pobres, das favelas, da fome. Parece que se vive num mundo de desesperan\u00e7a, onde muitas vezes o povo busca sa\u00eddas m\u00e1gicas, espiritualistas, por isso hoje mais que nunca \u00e9 necess\u00e1rio sonhar, imaginar, criar e recriar utopias, apesar da realidade e das dificuldades vividas. A presente crise econ\u00f4mica deve nos levar a procurar um &#8220;outro mundo poss\u00edvel&#8221; no qual, os mais fracos e exclu\u00eddos n\u00e3o paguem o pre\u00e7o alto da crise econ\u00f4mica global, gerada pelo capital especulativo do sistema opressor neoliberal. Trata-se de recriar uma justi\u00e7a social, junto com \u00e0 sustentabilidade ambiental do planeta.<\/p>\n<div id=\"themify_builder_content-1725\" data-postid=\"1725\" class=\"themify_builder_content themify_builder_content-1725 themify_builder themify_builder_front\">\n\t<\/div>\n<!-- \/themify_builder_content -->","protected":false},"excerpt":{"rendered":"<p>Rafael L\u00f3pez Villase\u00f1or O oitavo f\u00f3rum social mundial (fsm) aconteceu em Bel\u00e9m (Brasil) de 27 de Janeiro a 1\u00ba de fevereiro de 2009, reunido em torno do problema da ecologia, contou com aproximadamente cem mil participantes, vindos dos cinco continentes do mundo, todos com o objetivo de construir o sonho da pluralidade de um &#8220;outro [&hellip;]<\/p>\n","protected":false},"author":5,"featured_media":0,"comment_status":"open","ping_status":"open","sticky":false,"template":"","format":"standard","meta":{"ngg_post_thumbnail":0,"footnotes":""},"categories":[8],"tags":[209,208],"yoast_head":"<!-- This site is optimized with the Yoast SEO plugin v23.5 - https:\/\/yoast.com\/wordpress\/plugins\/seo\/ -->\n<title>F\u00f3rum Social Mundial: Sonhar outro mundo poss\u00edvel - O Arcanjo no ar<\/title>\n<meta name=\"robots\" content=\"index, follow, max-snippet:-1, max-image-preview:large, max-video-preview:-1\" \/>\n<link rel=\"canonical\" href=\"https:\/\/www.oarcanjo.net\/site\/forum-social-mundial-sonhar-outro-mundo-possivel\/\" \/>\n<meta property=\"og:locale\" content=\"pt_BR\" \/>\n<meta property=\"og:type\" content=\"article\" \/>\n<meta property=\"og:title\" content=\"F\u00f3rum Social Mundial: Sonhar outro mundo poss\u00edvel - O Arcanjo no ar\" \/>\n<meta property=\"og:description\" content=\"Rafael L\u00f3pez Villase\u00f1or O oitavo f\u00f3rum social mundial (fsm) aconteceu em Bel\u00e9m (Brasil) de 27 de Janeiro a 1\u00ba de fevereiro de 2009, reunido em torno do problema da ecologia, contou com aproximadamente cem mil participantes, vindos dos cinco continentes do mundo, todos com o objetivo de construir o sonho da pluralidade de um &#8220;outro [&hellip;]\" \/>\n<meta property=\"og:url\" content=\"https:\/\/www.oarcanjo.net\/site\/forum-social-mundial-sonhar-outro-mundo-possivel\/\" \/>\n<meta property=\"og:site_name\" content=\"O Arcanjo no ar\" \/>\n<meta property=\"article:publisher\" content=\"https:\/\/www.facebook.com\/OArcanjoNoAr\/\" \/>\n<meta property=\"article:published_time\" content=\"2009-02-04T01:32:38+00:00\" \/>\n<meta property=\"og:image\" content=\"https:\/\/www.oarcanjo.net\/site\/wp-content\/uploads\/logo-o-arcanjo-no-ar-facebook.png\" \/>\n\t<meta property=\"og:image:width\" content=\"300\" \/>\n\t<meta property=\"og:image:height\" content=\"300\" \/>\n\t<meta property=\"og:image:type\" content=\"image\/png\" \/>\n<meta name=\"author\" content=\"editor\" \/>\n<meta name=\"twitter:card\" content=\"summary_large_image\" \/>\n<meta name=\"twitter:label1\" content=\"Escrito por\" \/>\n\t<meta name=\"twitter:data1\" content=\"editor\" \/>\n\t<meta name=\"twitter:label2\" content=\"Est. tempo de leitura\" \/>\n\t<meta name=\"twitter:data2\" content=\"4 minutos\" \/>\n<script type=\"application\/ld+json\" class=\"yoast-schema-graph\">{\"@context\":\"https:\/\/schema.org\",\"@graph\":[{\"@type\":\"Article\",\"@id\":\"https:\/\/www.oarcanjo.net\/site\/forum-social-mundial-sonhar-outro-mundo-possivel\/#article\",\"isPartOf\":{\"@id\":\"https:\/\/www.oarcanjo.net\/site\/forum-social-mundial-sonhar-outro-mundo-possivel\/\"},\"author\":{\"name\":\"editor\",\"@id\":\"https:\/\/www.oarcanjo.net\/site\/#\/schema\/person\/f7024d007863202483a31326673a0838\"},\"headline\":\"F\u00f3rum Social Mundial: Sonhar outro mundo poss\u00edvel\",\"datePublished\":\"2009-02-04T01:32:38+00:00\",\"dateModified\":\"2009-02-04T01:32:38+00:00\",\"mainEntityOfPage\":{\"@id\":\"https:\/\/www.oarcanjo.net\/site\/forum-social-mundial-sonhar-outro-mundo-possivel\/\"},\"wordCount\":773,\"commentCount\":0,\"publisher\":{\"@id\":\"https:\/\/www.oarcanjo.net\/site\/#organization\"},\"keywords\":[\"F\u00f3rum Social Mundial\",\"FSM\"],\"articleSection\":[\"Not\u00edcias\"],\"inLanguage\":\"pt-BR\",\"potentialAction\":[{\"@type\":\"CommentAction\",\"name\":\"Comment\",\"target\":[\"https:\/\/www.oarcanjo.net\/site\/forum-social-mundial-sonhar-outro-mundo-possivel\/#respond\"]}]},{\"@type\":\"WebPage\",\"@id\":\"https:\/\/www.oarcanjo.net\/site\/forum-social-mundial-sonhar-outro-mundo-possivel\/\",\"url\":\"https:\/\/www.oarcanjo.net\/site\/forum-social-mundial-sonhar-outro-mundo-possivel\/\",\"name\":\"F\u00f3rum Social Mundial: Sonhar outro mundo poss\u00edvel - O Arcanjo no ar\",\"isPartOf\":{\"@id\":\"https:\/\/www.oarcanjo.net\/site\/#website\"},\"datePublished\":\"2009-02-04T01:32:38+00:00\",\"dateModified\":\"2009-02-04T01:32:38+00:00\",\"breadcrumb\":{\"@id\":\"https:\/\/www.oarcanjo.net\/site\/forum-social-mundial-sonhar-outro-mundo-possivel\/#breadcrumb\"},\"inLanguage\":\"pt-BR\",\"potentialAction\":[{\"@type\":\"ReadAction\",\"target\":[\"https:\/\/www.oarcanjo.net\/site\/forum-social-mundial-sonhar-outro-mundo-possivel\/\"]}]},{\"@type\":\"BreadcrumbList\",\"@id\":\"https:\/\/www.oarcanjo.net\/site\/forum-social-mundial-sonhar-outro-mundo-possivel\/#breadcrumb\",\"itemListElement\":[{\"@type\":\"ListItem\",\"position\":1,\"name\":\"In\u00edcio\",\"item\":\"https:\/\/www.oarcanjo.net\/site\/\"},{\"@type\":\"ListItem\",\"position\":2,\"name\":\"F\u00f3rum Social Mundial: Sonhar outro mundo poss\u00edvel\"}]},{\"@type\":\"WebSite\",\"@id\":\"https:\/\/www.oarcanjo.net\/site\/#website\",\"url\":\"https:\/\/www.oarcanjo.net\/site\/\",\"name\":\"O Arcanjo no ar\",\"description\":\"Site da Par\u00f3quia S\u00e3o Miguel Arcanjo (Arquidiocese de SP)\",\"publisher\":{\"@id\":\"https:\/\/www.oarcanjo.net\/site\/#organization\"},\"potentialAction\":[{\"@type\":\"SearchAction\",\"target\":{\"@type\":\"EntryPoint\",\"urlTemplate\":\"https:\/\/www.oarcanjo.net\/site\/?s={search_term_string}\"},\"query-input\":{\"@type\":\"PropertyValueSpecification\",\"valueRequired\":true,\"valueName\":\"search_term_string\"}}],\"inLanguage\":\"pt-BR\"},{\"@type\":\"Organization\",\"@id\":\"https:\/\/www.oarcanjo.net\/site\/#organization\",\"name\":\"Par\u00f3quia S\u00e3o Miguel Arcanjo\",\"url\":\"https:\/\/www.oarcanjo.net\/site\/\",\"logo\":{\"@type\":\"ImageObject\",\"inLanguage\":\"pt-BR\",\"@id\":\"https:\/\/www.oarcanjo.net\/site\/#\/schema\/logo\/image\/\",\"url\":\"https:\/\/www.oarcanjo.net\/site\/wp-content\/uploads\/LogoOArcanjo.png\",\"contentUrl\":\"https:\/\/www.oarcanjo.net\/site\/wp-content\/uploads\/LogoOArcanjo.png\",\"width\":319,\"height\":99,\"caption\":\"Par\u00f3quia S\u00e3o Miguel Arcanjo\"},\"image\":{\"@id\":\"https:\/\/www.oarcanjo.net\/site\/#\/schema\/logo\/image\/\"},\"sameAs\":[\"https:\/\/www.facebook.com\/OArcanjoNoAr\/\"]},{\"@type\":\"Person\",\"@id\":\"https:\/\/www.oarcanjo.net\/site\/#\/schema\/person\/f7024d007863202483a31326673a0838\",\"name\":\"editor\",\"sameAs\":[\"http:\/\/www.oarcanjo.net\"]}]}<\/script>\n<!-- \/ Yoast SEO plugin. -->","yoast_head_json":{"title":"F\u00f3rum Social Mundial: Sonhar outro mundo poss\u00edvel - O Arcanjo no ar","robots":{"index":"index","follow":"follow","max-snippet":"max-snippet:-1","max-image-preview":"max-image-preview:large","max-video-preview":"max-video-preview:-1"},"canonical":"https:\/\/www.oarcanjo.net\/site\/forum-social-mundial-sonhar-outro-mundo-possivel\/","og_locale":"pt_BR","og_type":"article","og_title":"F\u00f3rum Social Mundial: Sonhar outro mundo poss\u00edvel - O Arcanjo no ar","og_description":"Rafael L\u00f3pez Villase\u00f1or O oitavo f\u00f3rum social mundial (fsm) aconteceu em Bel\u00e9m (Brasil) de 27 de Janeiro a 1\u00ba de fevereiro de 2009, reunido em torno do problema da ecologia, contou com aproximadamente cem mil participantes, vindos dos cinco continentes do mundo, todos com o objetivo de construir o sonho da pluralidade de um &#8220;outro [&hellip;]","og_url":"https:\/\/www.oarcanjo.net\/site\/forum-social-mundial-sonhar-outro-mundo-possivel\/","og_site_name":"O Arcanjo no ar","article_publisher":"https:\/\/www.facebook.com\/OArcanjoNoAr\/","article_published_time":"2009-02-04T01:32:38+00:00","og_image":[{"width":300,"height":300,"url":"https:\/\/www.oarcanjo.net\/site\/wp-content\/uploads\/logo-o-arcanjo-no-ar-facebook.png","type":"image\/png"}],"author":"editor","twitter_card":"summary_large_image","twitter_misc":{"Escrito por":"editor","Est. tempo de leitura":"4 minutos"},"schema":{"@context":"https:\/\/schema.org","@graph":[{"@type":"Article","@id":"https:\/\/www.oarcanjo.net\/site\/forum-social-mundial-sonhar-outro-mundo-possivel\/#article","isPartOf":{"@id":"https:\/\/www.oarcanjo.net\/site\/forum-social-mundial-sonhar-outro-mundo-possivel\/"},"author":{"name":"editor","@id":"https:\/\/www.oarcanjo.net\/site\/#\/schema\/person\/f7024d007863202483a31326673a0838"},"headline":"F\u00f3rum Social Mundial: Sonhar outro mundo poss\u00edvel","datePublished":"2009-02-04T01:32:38+00:00","dateModified":"2009-02-04T01:32:38+00:00","mainEntityOfPage":{"@id":"https:\/\/www.oarcanjo.net\/site\/forum-social-mundial-sonhar-outro-mundo-possivel\/"},"wordCount":773,"commentCount":0,"publisher":{"@id":"https:\/\/www.oarcanjo.net\/site\/#organization"},"keywords":["F\u00f3rum Social Mundial","FSM"],"articleSection":["Not\u00edcias"],"inLanguage":"pt-BR","potentialAction":[{"@type":"CommentAction","name":"Comment","target":["https:\/\/www.oarcanjo.net\/site\/forum-social-mundial-sonhar-outro-mundo-possivel\/#respond"]}]},{"@type":"WebPage","@id":"https:\/\/www.oarcanjo.net\/site\/forum-social-mundial-sonhar-outro-mundo-possivel\/","url":"https:\/\/www.oarcanjo.net\/site\/forum-social-mundial-sonhar-outro-mundo-possivel\/","name":"F\u00f3rum Social Mundial: Sonhar outro mundo poss\u00edvel - O Arcanjo no ar","isPartOf":{"@id":"https:\/\/www.oarcanjo.net\/site\/#website"},"datePublished":"2009-02-04T01:32:38+00:00","dateModified":"2009-02-04T01:32:38+00:00","breadcrumb":{"@id":"https:\/\/www.oarcanjo.net\/site\/forum-social-mundial-sonhar-outro-mundo-possivel\/#breadcrumb"},"inLanguage":"pt-BR","potentialAction":[{"@type":"ReadAction","target":["https:\/\/www.oarcanjo.net\/site\/forum-social-mundial-sonhar-outro-mundo-possivel\/"]}]},{"@type":"BreadcrumbList","@id":"https:\/\/www.oarcanjo.net\/site\/forum-social-mundial-sonhar-outro-mundo-possivel\/#breadcrumb","itemListElement":[{"@type":"ListItem","position":1,"name":"In\u00edcio","item":"https:\/\/www.oarcanjo.net\/site\/"},{"@type":"ListItem","position":2,"name":"F\u00f3rum Social Mundial: Sonhar outro mundo poss\u00edvel"}]},{"@type":"WebSite","@id":"https:\/\/www.oarcanjo.net\/site\/#website","url":"https:\/\/www.oarcanjo.net\/site\/","name":"O Arcanjo no ar","description":"Site da Par\u00f3quia S\u00e3o Miguel Arcanjo (Arquidiocese de SP)","publisher":{"@id":"https:\/\/www.oarcanjo.net\/site\/#organization"},"potentialAction":[{"@type":"SearchAction","target":{"@type":"EntryPoint","urlTemplate":"https:\/\/www.oarcanjo.net\/site\/?s={search_term_string}"},"query-input":{"@type":"PropertyValueSpecification","valueRequired":true,"valueName":"search_term_string"}}],"inLanguage":"pt-BR"},{"@type":"Organization","@id":"https:\/\/www.oarcanjo.net\/site\/#organization","name":"Par\u00f3quia S\u00e3o Miguel Arcanjo","url":"https:\/\/www.oarcanjo.net\/site\/","logo":{"@type":"ImageObject","inLanguage":"pt-BR","@id":"https:\/\/www.oarcanjo.net\/site\/#\/schema\/logo\/image\/","url":"https:\/\/www.oarcanjo.net\/site\/wp-content\/uploads\/LogoOArcanjo.png","contentUrl":"https:\/\/www.oarcanjo.net\/site\/wp-content\/uploads\/LogoOArcanjo.png","width":319,"height":99,"caption":"Par\u00f3quia S\u00e3o Miguel Arcanjo"},"image":{"@id":"https:\/\/www.oarcanjo.net\/site\/#\/schema\/logo\/image\/"},"sameAs":["https:\/\/www.facebook.com\/OArcanjoNoAr\/"]},{"@type":"Person","@id":"https:\/\/www.oarcanjo.net\/site\/#\/schema\/person\/f7024d007863202483a31326673a0838","name":"editor","sameAs":["http:\/\/www.oarcanjo.net"]}]}},"publishpress_future_action":{"enabled":false,"date":"2026-05-08 18:11:19","action":"category","newStatus":"draft","terms":[],"taxonomy":"category"},"publishpress_future_workflow_manual_trigger":{"enabledWorkflows":[]},"_links":{"self":[{"href":"https:\/\/www.oarcanjo.net\/site\/wp-json\/wp\/v2\/posts\/1725"}],"collection":[{"href":"https:\/\/www.oarcanjo.net\/site\/wp-json\/wp\/v2\/posts"}],"about":[{"href":"https:\/\/www.oarcanjo.net\/site\/wp-json\/wp\/v2\/types\/post"}],"author":[{"embeddable":true,"href":"https:\/\/www.oarcanjo.net\/site\/wp-json\/wp\/v2\/users\/5"}],"replies":[{"embeddable":true,"href":"https:\/\/www.oarcanjo.net\/site\/wp-json\/wp\/v2\/comments?post=1725"}],"version-history":[{"count":0,"href":"https:\/\/www.oarcanjo.net\/site\/wp-json\/wp\/v2\/posts\/1725\/revisions"}],"wp:attachment":[{"href":"https:\/\/www.oarcanjo.net\/site\/wp-json\/wp\/v2\/media?parent=1725"}],"wp:term":[{"taxonomy":"category","embeddable":true,"href":"https:\/\/www.oarcanjo.net\/site\/wp-json\/wp\/v2\/categories?post=1725"},{"taxonomy":"post_tag","embeddable":true,"href":"https:\/\/www.oarcanjo.net\/site\/wp-json\/wp\/v2\/tags?post=1725"}],"curies":[{"name":"wp","href":"https:\/\/api.w.org\/{rel}","templated":true}]}}